{"id":140447,"date":"2023-05-16T21:15:24","date_gmt":"2023-05-17T01:15:24","guid":{"rendered":"https:\/\/www.bibula.com\/?p=140447"},"modified":"2023-05-16T21:15:24","modified_gmt":"2023-05-17T01:15:24","slug":"rozmowa-z-corlnelia-stolze-autorka-ksiazki-zapomnij-o-alzheimerze-prawda-o-chorobie-ktora-nie-jest-choroba","status":"publish","type":"post","link":"https:\/\/www.bibula.com\/?p=140447","title":{"rendered":"Rozmowa z Corlneli\u0105 Stolze, autork\u0105 ksi\u0105\u017cki &#8222;Zapomnij o Alzheimerze. Prawda o chorobie, kt\u00f3ra nie jest chorob\u0105&#8221;"},"content":{"rendered":"<div class=\"post\">\r\n<p><strong><em>Z Corneli\u0105 Stolze rozmawia Tomasz Gabi\u015b (czerwiec 2013)<\/em><\/strong><\/p>\r\n<p>Cornelia Stolze jest dziennikark\u0105 medyczn\u0105, autork\u0105 ksi\u0105\u017cki <em>Zapomnij o Alzheimerze! Prawda o chorobie, kt\u00f3ra nie jest chorob\u0105<\/em> (<em>Vergiss Alzheimer! Die Wahrheit \u00fcber die Krankheit, die keine ist<\/em>).<\/p>\r\n<p>&nbsp;<\/p>\r\n<p><strong><em>Jak i dlaczego zainteresowa\u0142a si\u0119 Pani problematyk\u0105 choroby Alzheimera?<\/em><\/strong><\/p>\r\n<p>Na temat natrafi\u0142am przypadkowo. Kiedy przed kilkoma laty zbiera\u0142am materia\u0142y do artyku\u0142u \u201eHandel pr\u00f3bkami tkanek pacjent\u00f3w i tester\u00f3w\u201c, dowiedzia\u0142am si\u0119 o skandalu w USA, w kt\u00f3ry zamieszany by\u0142 niemiecki naukowiec, specjalista od \u201echoroby Alzheimera\u201d \u2013 profesor psychiatrii Harald Hampel, pracuj\u0105cy w\u00f3wczas w klinice uniwersyteckiej w Monachium (Uniwersytet im. Ludwika Maksymiliana). Okaza\u0142o si\u0119 wtedy, \u017ce pan Hampel pracowa\u0142 nad stworzeniem testu wczesnego wykrywania \u201echoroby Alzheimera\u201d i propagowa\u0142 te testy publicznie. A przecie\u017c uwa\u017cano, \u017ce tego schorzenia nie da si\u0119 udowodni\u0107 za \u017cycia. Podr\u0119cznikowa wiedza m\u00f3wi\u0142a, \u017ce to, czy cz\u0142owiek choruje t\u0119 chorob\u0119 czy te\u017c nie, mo\u017cna stwierdzi\u0107 z ca\u0142\u0105 pewno\u015bci\u0105 dopiero na podstawie mikroskopowego badania tkanki m\u00f3zgowej po jego \u015bmierci. Kiedy zapyta\u0142am pana Hampela, czy weryfikuje skuteczno\u015b\u0107 i niezawodno\u015b\u0107 swoich test\u00f3w tak\u017ce poprzez te patologiczne badania, odpowiedzia\u0142, \u017ce nie. Utrzymywa\u0142, \u017ce nie jest to konieczne. By\u0142am wtedy zdumiona, jak naukowiec mo\u017ce tak de facto nienaukowo pracowa\u0107 \u2013 bez obawy, \u017ce zostanie zdemaskowany. Poniewa\u017c z pocz\u0105tku nie by\u0142am pewna, czy czasami nie brak mi jakich\u015b informacji potrzebnych dla zrozumienia tych prac, zasi\u0119gn\u0119\u0142am opinii innych ekspert\u00f3w. Im bardziej wgryza\u0142am si\u0119 w temat, tym wi\u0119ksze bagno, odkrywa\u0142am.<\/p>\r\n<p>&nbsp;<\/p>\r\n<p><strong><em>W czym, Pani zdaniem, tkwi fundamentalny problem z obowi\u0105zuj\u0105ca definicj\u0105 \u201echoroby Alzheimera\u201d?<\/em><\/strong><\/p>\r\n<p>Zasadniczy problem polega na tym, \u017ce do dzisiaj nikt nie wie, czym dok\u0142adnie jest \u201echoroba Alzheimera\u201d. Nie istnieje de facto \u017cadna jej jasna definicja. Nikt nie zna jej przyczyn. Czo\u0142owi eksperci wyznaj\u0105 tutaj najrozmaitsze teorie i nie tylko wzajemnie sobie zaprzeczaj\u0105, ale cz\u0119\u015bciowo przecz\u0105 nawet temu, co sami publicznie g\u0142osz\u0105. Faktem jest, \u017ce nie istniej\u0105 \u017cadne jasne kryteria, pozwalaj\u0105ce odr\u00f3\u017cni\u0107 t\u0119 rzekom\u0105 chorob\u0119 od innych form demencji. Zarazem istniej\u0105 liczne, r\u00f3\u017cnorodne przyczyny powstawania demencji. W praktyce cz\u0119sto wrzuca si\u0119 wszystko do jednego worka i po prostu opatruje etykiet\u0105 \u201eAlzheimer\u201c \u2013 chocia\u017c nikt nie wie, na co pacjent naprawd\u0119 cierpi. Najbardziej fatalne jest to , \u017ce z tego powodu wielu pacjent\u00f3w nie jest poddawanych w\u0142a\u015bciwej terapii, cho\u0107 wielu z nich, po w\u0142a\u015bciwej diagnozie, mo\u017cna by pom\u00f3c w odzyskaniu poprzedniej normalnej sprawno\u015bci m\u00f3zgu.<\/p>\r\n<p>&nbsp;<\/p>\r\n<p><strong><em>Jakie si\u0142y, organizacje, \u015brodowiska, lobbies sta\u0142y za wypromowaniem \u201echoroby Alzheimera\u201d? Kto na niej najbardziej korzysta?<\/em><\/strong><\/p>\r\n<p>Istnieje wiele grup, kt\u00f3re odnosz\u0105 finansow\u0105 korzy\u015b\u0107 z \u201echoroby Alzheimera\u201d. Jedni bezpo\u015brednio, jak na przyk\u0142ad naukowcy, firmy farmaceutyczne, lekarze. Inni po\u015brednio \u2013 poniewa\u017c etykieta \u201eAlzheimer\u201c maskuje prawdziwe przyczyny wielu zachorowa\u0144 na demencj\u0119. Niech Pan we\u017amie na przyk\u0142ad producent\u00f3w alkoholu. Oni s\u0105 \u017cywotnie zainteresowani w tym, aby skutki nadu\u017cywania alkoholu, kt\u00f3re si\u0119 jak\u017ce cz\u0119sto zdarzaj\u0105, zatuszowa\u0107. A przecie\u017c wiemy od dawna, \u017ce powtarzaj\u0105ce si\u0119 alkoholowe ekscesy, co znamy na przyk\u0142adzie aktora Haralda Juhnke, (1929-2005) szkodz\u0105 nie tylko w\u0105trobie, ale i m\u00f3zgowi. Jedn\u0105 z mo\u017cliwych p\u00f3\u017anych konsekwencji picia alkoholu jest tzw. syndrom Korsakowa, kt\u00f3remu towarzysz\u0105 dok\u0142adnie takie same symptomy, jakie przypisuje si\u0119 \u201echorobie Alzheimera\u201c. Kiedy to schorzenie si\u0119 pojawi, to dla wszystkich naoko\u0142o wygodniej jest, traktowanie dotkni\u0119tej nim osoby jako ofiary , na kt\u00f3r\u0105 los zes\u0142a\u0142 chorob\u0119 \u2013 zamiast przyzna\u0107, \u017ce prawdziwe przyczyny tkwi\u0105 w nadu\u017cywaniu alkoholu. Beneficjenci s\u0105 tutaj bardzo liczni: producenci piwa, wina i w\u00f3dki, bran\u017ca reklamowa, media (np. stacje telewizyjne sponsorowane przez przemys\u0142 alkoholowy), bliscy chorych , kt\u00f3rzy latami odwracali wzrok, bo woleli nie wiedzie\u0107, jakie s\u0105 prawdziwe przyczyny ich stanu zdrowia, wreszcie sam dotkni\u0119ty chorob\u0105, poniewa\u017c w ten spos\u00f3b zwalnia si\u0119 z w\u0142asnej za ni\u0105 odpowiedzialno\u015bci itd.<\/p>\r\n<p>&nbsp;<\/p>\r\n<p><strong><em>W swojej ksi\u0105\u017cce stawia Pani tez\u0119, \u017ce ta masowo dzi\u015b diagnozowana choroba jest w du\u017cej mierze po prostu medycznym b\u0142\u0119dem. Na ile poj\u0119cie choroby Alzheimera jest produktem tego, co si\u0119 w publicystyce nazywa \u201ebad science\u201d czyli nauki nierzetelnej, manipuluj\u0105cej danymi i wynikami bada\u0144 itp. ?<\/em><\/strong><\/p>\r\n<p>Zjawisko jest konsekwencj\u0105 \u201ebad science\u201d w tym sensie, \u017ce badania, kt\u00f3re doprowadzi\u0142y do dopuszczenia znajduj\u0105cych si\u0119 na rynku medykament\u00f3w przeciwko \u201echorobie Alzheimera\u201c, cierpi\u0105 na zasadnicz\u0105 wad\u0119: jak chce si\u0119 przetestowa\u0107 dzia\u0142anie leku, je\u015bli choroby, kt\u00f3r\u0105 maj\u0105 uleczy\u0107, nie mo\u017cna wiarygodnie zdiagnozowa\u0107 ani te\u017c nie mo\u017cna zmierzy\u0107 efekt\u00f3w terapii? Obie te rzeczy s\u0105 de facto niemo\u017cliwe. Przyznaj\u0105 to nawet czo\u0142owi eksperci od \u201eAlzheimera\u201d w Niemczech, np. w tzw. wytycznych S3 \u201eDemencje\u201c, sporz\u0105dzonych przez Niemieckie Towarzystwo Neurologiczne oraz Niemieckie Towarzystwo Psychiatrii, Psychoterapii i Neurologii.<\/p>\r\n<p>&nbsp;<\/p>\r\n<p><strong><em>Zalet\u0105 Pani ksi\u0105\u017cki s\u0105 obserwacje dotycz\u0105ce dzia\u0142ania ca\u0142ego systemu medycyny i s\u0142u\u017cby zdrowia wobec ludzi starych. Jakie problemy dostrzega Pani w tym zakresie?<\/em><\/strong><\/p>\r\n<p>Zdezorientowani, niepewni starzy ludzie s\u0105 dla kompleksu medycznego niemal idealn\u0105 grup\u0105 docelow\u0105. Cz\u0119sto s\u0105 s\u0142abi, samotni i nie potrafi\u0105 \u2013 z powodu swojej dezorientacji \u2013 ani skorzysta\u0107 z niezale\u017cnych \u017ar\u00f3de\u0142 informacji, ani skutecznie si\u0119 broni\u0107. W\u0142a\u015bnie dla psychiatr\u00f3w, czuj\u0105cych si\u0119 kompetentnymi w kwestii \u201eAlzheimera\u201c, otwiera si\u0119 tutaj ogromne pole do dzia\u0142ania, bowiem prawie wszystkie diagnozy w tej dziedzinie medycyny s\u0105 m\u0119tne a definicje, kt\u00f3re stosuje psychiatria mo\u017cna dowolnie rozci\u0105ga\u0107. Raz postawion\u0105 diagnoz\u0119 trudno zakwestionowa\u0107, i bardzo rzadko si\u0119 j\u0105 rewiduje.<\/p>\r\n<p>&nbsp;<\/p>\r\n<p><strong><em>Co jaki\u015b czas s\u0142yszymy o kolejnych prze\u0142omowych odkryciach i post\u0119pach w leczeniu \u201echoroby Alzheimera\u201d. Jednak Pani pisze w swojej ksi\u0105\u017cce, \u017ce post\u0119py te s\u0105 z\u0142udzeniem. Dlaczego, pomimo wielomiliardowych nak\u0142ad\u00f3w na badania i leczeniem medycyna pozostaje bezsilna wobec \u201echoroby Alzheimera\u201d?<\/em><\/strong><\/p>\r\n<p>Moje badania wykazuj\u0105, \u017ce medycyna dlatego jest bezsilna, \u017ce w bardzo du\u017cym stopniu uprawia si\u0119 w tym przypadku niechlujne, nie poddane surowym rygorom naukowym, badania. Wielu z tych, kt\u00f3rzy dzia\u0142aj\u0105 na tym polu, w rzeczywisto\u015bci nie post\u0119puje zgodnie z naukowymi procedurami (zob. wy\u017cej moje wyja\u015bnienia na temat test\u00f3w wczesnego wykrywania). Zainteresowani badacze nie kwestionuj\u0105 w\u0142asnych hipotez \u2013 nawet w\u00f3wczas, kiedy wyniki bada\u0144 za ka\u017cdym razem trafiaj\u0105 w pr\u00f3\u017cni\u0119. Wychodz\u0105 od modelu choroby, kt\u00f3ry ju\u017c dawno okaza\u0142 si\u0119 b\u0142\u0119dny \u2013 i badaj\u0105 dalej w tym samym kierunku, zamiast przyzna\u0107, \u017ce najprawdopodobniej to sam kierunek jest fa\u0142szywy. W ka\u017cdym razie jedno jest pewne: o \u201eprze\u0142omach\u201c nie mo\u017ce by\u0107 mowy. Nawet je\u015bli tak cz\u0119sto si\u0119 o nich opowiada. Od powtarzania nie przybywa prawdy.<\/p>\r\n<p>&nbsp;<\/p>\r\n<p><strong><em>Z jakim przyj\u0119ciem spotka\u0142a si\u0119 Pani ksi\u0105\u017cka?<\/em><\/strong><\/p>\r\n<p>Od chwili ukazania si\u0119 <em>Zapomnij o Alzheimerze!<\/em> &nbsp;co\u015b si\u0119 ruszy\u0142o. Liczne gazety, czasopisma, redakcje telewizyjne i radiowe informowa\u0142y o wykrytych w ksi\u0105\u017cce nadu\u017cyciach i b\u0142\u0119dach w diagnostyce i terapii demencji. Wielu bliskich dotkni\u0119tych demencj\u0105 os\u00f3b, pracownicy socjalni, psychologowie, piel\u0119gniarze, opiekunowie i lekarze, kt\u00f3rzy na co dzie\u0144 maj\u0105 z nimi do czynienia, rozpoznaj\u0105 w tym swoje w\u0142asne do\u015bwiadczenia. Dowodz\u0105 tego liczne listy i maile od czytelnik\u00f3w, kt\u00f3re nadesz\u0142y w ostatnich miesi\u0105cach. Na przyk\u0142ad Thomas Zimmermann z kliniki uniwersyteckiej Hamburg-Eppendorf napisa\u0142 : \u201eWreszcie wiele wyja\u015bniaj\u0105ca ksi\u0105\u017cka na temat Alzheimera, kt\u00f3ra doskonale koresponduje z moimi do\u015bwiadczeniami jako badacza w \u00absieci kompetencji\u00bb (Kompetenznetz) odpowiedzialnej za degeneratywne demencje. \u017byczy\u0142bym sobie, \u017ceby otworzy\u0142a oczy wielu ludziom\u201c.<\/p>\r\n<p>Nacisk na czynniki decyzyjne, aby ukr\u00f3ci\u0107 nadu\u017cycia wzr\u00f3s\u0142 \u2013 i odnosi skutek. Niekt\u00f3rzy z wymienionych w ksi\u0105\u017cce badaczy i lekarzy nie pe\u0142ni\u0105 ju\u017c swoich funkcji. Dotyczy to m.in. wzmiankowanego wy\u017cej lekarza Haralda Hampela. Przez lata ten psychiatra uchodzi\u0142 za gwiazd\u0119 bada\u0144 nad \u201eAlzheimerem\u201d. Uniwersytet we Frankfurcie, na kt\u00f3rym od pocz\u0105tku 2010 roku Hampel pracowa\u0142 jako kierownik kliniki psychiatrii, psychoterapii i psychosomatyki, chwali\u0142 si\u0119 jego \u201epionierskimi badaniami\u201c i jego \u201emi\u0119dzynarodow\u0105 rang\u0105\u201c. Jednak 22 marca 2012 roku zosta\u0142 zwolniony w trybie natychmiastowym. Kierownictwo kliniki po\u0142o\u017cy\u0142o t\u0105 decyzj\u0105 kres kryzysowi, kt\u00f3ry od miesi\u0119cy nabrzmiewa\u0142 w plac\u00f3wce kierowanej przez Hampela. Wielu by\u0142ych pracownik\u00f3w zarzuci\u0142o psychiatrze mobbing. Mia\u0142 m.in. pozbawia\u0107 ich pomieszcze\u0144 i sprz\u0119tu oraz grozi\u0107, ze nie przed\u0142u\u017cy umowy. Systematycznie mia\u0142 szykanowa\u0107 niemi\u0142ych mu koleg\u00f3w. Zwalniaj\u0105c 47-letniego w\u00f3wczas psychiatr\u0119 kierownictwo kliniki usun\u0119\u0142o w jego osobie lekarza, kt\u00f3ry dzi\u0119ki bliskim kontaktom z przemys\u0142em wysforowa\u0142 si\u0119 na czo\u0142o badaczy nad \u201eAlzheimerem\u201d, cho\u0107 jego naukowa dzia\u0142alno\u015b\u0107 jest bardzo podejrzana.<\/p>\r\n<p>R\u00f3wnie\u017c w Niemieckim Towarzystwie Neurologicznym ro\u015bnie \u015bwiadomo\u015b\u0107 problemu. \u015awiadczy o tym niedawno powo\u0142ana do \u017cycia inicjatywa o nazwie \u201eNeurology-First\u201c. Kilkuset cz\u0142onk\u00f3w Towarzystwa wezwa\u0142o swoj\u0105 organizacj\u0119 do przeprowadzenia zasadniczych reform. Postuluj\u0105 m.in., aby wzmocni\u0107 \u201ezawodow\u0105 autonomi\u0119\u201c lekarzy poprzez oddzielenie program\u00f3w dokszta\u0142caj\u0105cych Towarzystwa od przemys\u0142u farmaceutycznego. Ponadto nale\u017cy wewn\u0105trz Towarzystwa dokona\u0107 \u201epodzia\u0142u w\u0142adz pomi\u0119dzy lekarzami wsp\u00f3\u0142pracuj\u0105cymi z przemys\u0142em a tymi, kt\u00f3rzy tworz\u0105 wytyczne\u201c. Innymi s\u0142owy: kto znajduje si\u0119 w sytuacji konfliktu interes\u00f3w nie mo\u017ce by\u0107 autorem wytycznych Towarzystwa . Idzie wszak o to, aby \u201echroni\u0107 naszych pacjent\u00f3w przed b\u0142\u0119dnymi terapiami i z g\u00f3ry zapobiec powstawaniu podejrze\u0144, ze zalecenia mog\u0105 by\u0107 motywowane finansowym interesem\u201c.<\/p>\r\n<p>Interesuj\u0105ca jest tak\u017ce inna sprawa: do dzi\u015b \u017caden z wymienionych w <em>Zapomnij o Alzheimerze!<\/em> badaczy, lekarzy i producent\u00f3w lek\u00f3w nie zakwestionowa\u0142 zarzut\u00f3w o wprowadzanie w b\u0142\u0105d, fa\u0142szywe obietnice czy stosowanie geszefciarskich trik\u00f3w w dziedzinie \u201eAlzheimera\u201d. Nikt nie podj\u0105\u0142 krok\u00f3w prawnych przeciwko tre\u015bciom zawartym w mojej ksi\u0105\u017cce. Kryj\u0105ca si\u0119 za tym strategia jest jasna: byle tylko nie robi\u0107 szumu! Jednak\u017ce jest te\u017c faktem, \u017ce czo\u0142owi eksperci odmawiaj\u0105 wypowiedzi na temat ksi\u0105\u017cki i gro\u017c\u0105 adwokatem, je\u015bli redakcje b\u0119d\u0105 o niej informowa\u0107 o niej i o zawartych w niej ustaleniach. Znamienne jest te\u017c to, i\u017c odmawiaj\u0105 uczestnictwa w dyskusjach publicznych z moim udzia\u0142em.<\/p>\r\n<p><em>Dzi\u0119kuj\u0119 &nbsp;za rozmow\u0119.<\/em><\/p>\r\n<p>&nbsp;<\/p>\r\n<p>Rozmawia\u0142 i prze\u0142o\u017cy\u0142 rozmow\u0119 na j\u0119zyk polski Tomasz Gabi\u015b, czerwiec 2013<\/p>\r\n<p>Pierwodruk: Nowa Debata, lipiec 2013<\/p>\r\n<p class=\"zrodlo\">Za: <a href=\"http:\/\/www.tomaszgabis.pl\/2023\/05\/16\/rozmowa-z-cornelia-stolze\/\">Tomasz Gabi\u015b blog (05.16.23)<\/a><\/p>\r\n<\/div>\r\n<h4>&nbsp;<\/h4>\r\n<hr style=\"background-color: #000000; border-width: 0; color: #000000; height: 2px; line-height: 0; text-align: center; width: 100%;\">\r\n<h4>&nbsp;<\/h4>\r\n<p>CZYTAJ R\u00d3WNIE\u017b:<\/p>\r\n<ul>\r\n\t<li><a href=\"https:\/\/www.bibula.com\/?p=60340\"><span style=\"text-decoration: underline;\">Zapomnij o Alzheimerze! \u2013 <\/span><em><span style=\"text-decoration: underline;\">Tomasz Gabi\u015b<\/span><\/em><\/a><\/li>\r\n<\/ul>","protected":false},"excerpt":{"rendered":"Z Corneli\u0105 Stolze rozmawia Tomasz Gabi\u015b (czerwiec 2013) Cornelia Stolze jest dziennikark\u0105 medyczn\u0105, autork\u0105 ksi\u0105\u017cki Zapomnij o Alzheimerze! Prawda o chorobie, kt\u00f3ra nie jest chorob\u0105 (Vergiss Alzheimer! Die Wahrheit \u00fcber die Krankheit, die keine ist). &nbsp; Jak i dlaczego zainteresowa\u0142a si\u0119 Pani problematyk\u0105 choroby Alzheimera? Na temat natrafi\u0142am przypadkowo. Kiedy przed kilkoma laty zbiera\u0142am materia\u0142y [&hellip;]","protected":false},"author":1,"featured_media":0,"comment_status":"closed","ping_status":"closed","sticky":false,"template":"","format":"standard","meta":{"_acf_changed":false,"_monsterinsights_skip_tracking":false,"_monsterinsights_sitenote_active":false,"_monsterinsights_sitenote_note":"","_monsterinsights_sitenote_category":0,"ngg_post_thumbnail":0,"footnotes":"","_wp_rev_ctl_limit":""},"categories":[13],"tags":[259,116,20],"acf":[],"_links":{"self":[{"href":"https:\/\/www.bibula.com\/index.php?rest_route=\/wp\/v2\/posts\/140447"}],"collection":[{"href":"https:\/\/www.bibula.com\/index.php?rest_route=\/wp\/v2\/posts"}],"about":[{"href":"https:\/\/www.bibula.com\/index.php?rest_route=\/wp\/v2\/types\/post"}],"author":[{"embeddable":true,"href":"https:\/\/www.bibula.com\/index.php?rest_route=\/wp\/v2\/users\/1"}],"replies":[{"embeddable":true,"href":"https:\/\/www.bibula.com\/index.php?rest_route=%2Fwp%2Fv2%2Fcomments&post=140447"}],"version-history":[{"count":6,"href":"https:\/\/www.bibula.com\/index.php?rest_route=\/wp\/v2\/posts\/140447\/revisions"}],"predecessor-version":[{"id":140453,"href":"https:\/\/www.bibula.com\/index.php?rest_route=\/wp\/v2\/posts\/140447\/revisions\/140453"}],"wp:attachment":[{"href":"https:\/\/www.bibula.com\/index.php?rest_route=%2Fwp%2Fv2%2Fmedia&parent=140447"}],"wp:term":[{"taxonomy":"category","embeddable":true,"href":"https:\/\/www.bibula.com\/index.php?rest_route=%2Fwp%2Fv2%2Fcategories&post=140447"},{"taxonomy":"post_tag","embeddable":true,"href":"https:\/\/www.bibula.com\/index.php?rest_route=%2Fwp%2Fv2%2Ftags&post=140447"}],"curies":[{"name":"wp","href":"https:\/\/api.w.org\/{rel}","templated":true}]}}