{"id":140108,"date":"2023-04-24T08:03:47","date_gmt":"2023-04-24T12:03:47","guid":{"rendered":"https:\/\/www.bibula.com\/?p=140108"},"modified":"2023-04-24T08:03:47","modified_gmt":"2023-04-24T12:03:47","slug":"zeby-polska-byla-polska-krzysztof-balinski","status":"publish","type":"post","link":"https:\/\/www.bibula.com\/?p=140108","title":{"rendered":"\u017beby Polska by\u0142a polska &#8211; <em>Krzysztof Bali\u0144ski<\/em>"},"content":{"rendered":"<div class=\"p_underline\">\r\n<p class=\"has-drop-cap\">Wojna na Ukrainie nie odsun\u0119\u0142a zagro\u017ce\u0144, kt\u00f3re wisz\u0105 nad Polsk\u0105. Wprost przeciwnie &#8211; zagro\u017cenia zintensyfikowa\u0142a i, jakby przy okazji, wprowadzi\u0142a zamieszanie w gradacji zagro\u017ce\u0144. Poprzez trwa\u0142e osadnictwo Ukrai\u0144c\u00f3w na terytorium RP niszczy jednolito\u015b\u0107 etniczn\u0105 Polski, wprowadza koszmar wielonarodowego tygla. Dyrektor Muzeum \u017bydowskiego w Waszyngtonie kiedy\u015b powiedzia\u0142: \u201e<em>Dzisiejsza polska to kompletna anomalia. Polska nigdy nie by\u0142a tak homogeniczna etnicznie<\/em>\u201d. Tymczasem to pa\u0144stwa z mniejszo\u015bciami etnicznymi s\u0105 anomali\u0105, a brak mniejszo\u015bci jest cech\u0105 silnego pa\u0144stwa. Mniejszo\u015bci nie wzmacniaj\u0105 pa\u0144stwa, ale je os\u0142abiaj\u0105. S\u0105 przyczyn\u0105 wojen. Gdy Angela Merkel wymusza\u0142a przyj\u0119cie imigrant\u00f3w z Afryki, \u201eNew York Times\u201d lamentowa\u0142: \u201ePolska jest w 98 procentach bia\u0142a\u201d. Gdy wyda\u0142a rozkaz \u201eUchod\u017ac\u00f3w przyjmowa\u0107!\u201d, \u017cydowska gazeta dla Polak\u00f3w szanta\u017cowa\u0142a: \u201eJe\u015bli nie, to oznacza to, \u017ce Polakom podoba si\u0119 homogeniczna Polska stworzona przez J\u00f3zefa Stalina\u201d. Tymczasem jednolito\u015b\u0107 etniczna to jedno z nielicznych dobrodziejstw, jakie sp\u0142yn\u0119\u0142y na Polak\u00f3w wraz ze zmian\u0105 granic. Przypomnijmy, jak zachowali si\u0119 Ukrai\u0144cy na Wo\u0142yniu, a pi\u0119\u0107 milion\u00f3w Ukrai\u0144c\u00f3w w Polsce to o milion wi\u0119cej ni\u017c przed wojn\u0105.<\/p>\r\n<p>Polska staje si\u0119 krajem wielorasowym, ze wszystkimi konsekwencjami dla bezpiecze\u0144stwa wewn\u0119trznego. W Polsce ju\u017c jest wszystko to, co w Berlinie i Pary\u017cu: zdrada, kolaboracja z nachod\u017acami, V kolumna i b\u0119d\u0105ca na jej us\u0142ugach totalna, nachalna i k\u0142amliwa propaganda pro imigracyjna. Wg Antoniego Macierewicza za imigrant\u00f3w przy p\u0142ocie z Bia\u0142orusi\u0105 odpowiada gen. Gerasimow. A kto odpowiada za tych z Dzikich P\u00f3l? Czy aby nie PiS, czyli sam Macierewicz? Wmawiaj\u0105 nam, \u017ce najwi\u0119ksz\u0105 zbrodni\u0105 Kiszczaka by\u0142o internowanie Michnika i Macierewicza, a nie eksodus w stanie wojennym&nbsp;2 mln Polak\u00f3w, banicja tysi\u0119cy dzia\u0142aczy \u201eS\u201d, kt\u00f3rych straszono \u015bmierci\u0105, kt\u00f3rym wr\u0119czano paszporty ze stemplem jednokrotnego przekroczenia granicy oraz likwidacja ca\u0142ej czo\u0142\u00f3wki dzia\u0142aczy \u201eS\u201d wed\u0142ug klucza rasowego.<\/p>\r\n<p>Po kilku dekadach \u017cydokomunistycznych rz\u0105d\u00f3w, Polacy ostatkiem si\u0142 utrzymuj\u0105 resztki wsp\u00f3lnoty narodowej. Obce cywilizacyjnie, agresywne i roszczeniowe mniejszo\u015bci znakomicie przyspieszaj\u0105 proces dezintegracji spo\u0142ecze\u0144stwa.&nbsp;Perturbacje wewn\u0119trzne mo\u017ce wywo\u0142a\u0107 agresywna grupa radykalnych \u201euchod\u017ac\u00f3w\u201d z Ukrainy. Tak, jak to si\u0119 sta\u0142o&nbsp;we Francji i Belgii z radykalnymi islamistami, kt\u00f3rzy od lat tocz\u0105 podjazdow\u0105 wojn\u0119 z autochtonami, wypowiedzian\u0105 tylko przez jedn\u0105&nbsp;stron\u0119. Najpierw pojawi\u0105 si\u0119 \u201eantyukrai\u0144skie prowokacje\u201d (r\u00f3wnolegle do \u201eantysemickich prowokacji\u201d). Potem znajdzie si\u0119 kilku snajper\u00f3w. Bo do Polski z \u201euchod\u017acami\u201d wjecha\u0142y z przeszmuglowan\u0105 broni\u0105 setki funkcjonariuszy ukrai\u0144skiej bezpieki i ukrai\u0144skiej mafii, a wkr\u00f3tce wjad\u0105 zdemobilizowani z frontu straumatyzowani so\u0142daci, w tym ci z pu\u0142ku Azow, i\u2026 sytuacja wymknie si\u0119 spod&nbsp;kontroli.&nbsp;<\/p>\r\n<p>Komisja Europejska forsuje ujednolicenie \u015bwiadcze\u0144 dla imigrant\u00f3w. Machinacja, opr\u00f3cz zwi\u0119kszenia atrakcyjno\u015b\u0107 Polski dla osadnik\u00f3w (bo&nbsp;2000 euro w&nbsp;Polsce to&nbsp;co&nbsp;innego ni\u017c 2000 euro w&nbsp;Niemczech), to recepta&nbsp;na konflikty spo\u0142eczne w kraju, kt\u00f3ry&nbsp;i tak ma wielkie problemy&nbsp;ze sp\u00f3jno\u015bci\u0105 spo\u0142ecze\u0144stwa. Polacy, kt\u00f3rzy tyraj\u0105 za grosze, b\u0119d\u0105 w\u015bciekli na widok uprzywilejowanych finansowo przybysz\u00f3w, tak, jak dzi\u015b do furii doprowadza ich darmowe mieszkanie i 10 tysi\u0119cy kieszonkowego dla kilkuosobowej rodziny ukrai\u0144skiej. Problemem s\u0105 tak\u017ce media dzia\u0142aj\u0105ce w Polsce, kt\u00f3re zatroszcz\u0105 si\u0119 o&nbsp;to, by ka\u017cdy, nawet najdrobniejszy incydent z&nbsp;imigrantami zosta\u0142 rozdmuchany do rozmiar\u00f3w etnicznego i religijnego konfliktu. Nietrudno te\u017c przewidzie\u0107, \u017ce TVN oskar\u017cy polski mot\u0142och o nieuleczalny \u201erasizm\u201d i \u201eksenofobi\u0119\u201d i \u017ce do\u0142\u0105czy do nich kardyna\u0142 Nycz, z wezwaniami do goszczenia uchod\u017ac\u00f3w i gotowo\u015bci\u0105 sprzedania na ich potrzeby wszystkich skarb\u00f3w katedry wawelskiej.<\/p>\r\n<p>W dzienniku \u201eRzeczpospolita\u201d ukaza\u0142a si\u0119 sygnowana przez Micha\u0142a \u0141achudrzy\u0144skiego notka: \u201ePod koniec lutego w Polsce przebywa\u0142o 3,2 mln Ukrai\u0144c\u00f3w. Ale to nie ta liczba robi najwi\u0119ksze wra\u017cenie, cho\u0107 pokazuje, \u017ce stanowi\u0105 dzi\u015b oni ponad 8 proc. mieszka\u0144c\u00f3w naszego kraju.&nbsp; (\u2026) Zar\u00f3wno w przypadku demografii, jak i rolnictwa potrzeba wi\u0119c wyczucia. Jedna iskra, hejt, g\u0142upia czy niepotrzebna wypowied\u017a &#8211; a o to w kampanii wyborczej nie b\u0119dzie trudno &#8211; mo\u017ce doprowadzi\u0107 do wzrostu napi\u0119cia mi\u0119dzy Polakami i Ukrai\u0144cami. Na szcz\u0119\u015bcie dot\u0105d &#8211; wbrew oczekiwaniom Moskwy &#8211; ta wsp\u00f3\u0142praca uk\u0142ada si\u0119 dobrze. Publicy\u015bci dywaguj\u0105 na temat r\u00f3\u017cnych przysz\u0142ych form wsp\u00f3\u0142pracy Polski z Ukrain\u0105: czy ma to by\u0107 bliski sojusz, federacja, unia czy szczeg\u00f3lne partnerstwo. Tymczasem na poziomie spo\u0142ecze\u0144stw ta unia ju\u017c dzia\u0142a. A to, \u017ce Polska sta\u0142a si\u0119 krajem dwunarodowym, jest zwyczajnie faktem\u201d.<\/p>\r\n<p>\u0141achudrzy\u0144ski g\u0142osi, \u017ce dzieci i wnuki emigrant\u00f3w ukrai\u0144skich b\u0119d\u0105 si\u0119 czu\u0142y Polakami. Tymczasem Ukrai\u0144cy maj\u0105 siln\u0105 to\u017csamo\u015b\u0107 narodow\u0105, nie asymiluj\u0105 si\u0119. Przyk\u0142adem jest bardzo dobrze zorganizowana i skonsolidowana spo\u0142eczno\u015b\u0107 ukrai\u0144ska w USA i Kanadzie (a\u017c do pozazdroszczenia, bo nasza jest sk\u0142\u00f3cona), gdzie ukrai\u0144sko\u015b\u0107 jest bardzo mocno piel\u0119gnowana, a kult OUN-UPA podtrzymywany i rozwijany. Tak\u017ce w Polsce bardzo wp\u0142ywowa mniejszo\u015b\u0107 ukrai\u0144ska, g\u0142\u00f3wnie przesiedle\u0144cy w ramach operacji \u201eWis\u0142a\u201d wybitnie wyr\u00f3\u017cnia si\u0119 solidarno\u015bci\u0105 narodow\u0105 i gloryfikacj\u0105 Bandery.<\/p>\r\n<p><em>\u201eW \u017caden spos\u00f3b uchod\u017acy nie asymiluj\u0105 si\u0119. Poruszaj\u0105 si\u0119 w zwartych grupach, cz\u0119sto w wieczornych godzinach, s\u0105 uzbrojeni, o czym si\u0119 nie m\u00f3wi, ale kto wie, ten wie. Mieszka\u0144cy boj\u0105 si\u0119 jednak porusza\u0107 temat zwi\u0105zany z tym o\u015brodkiem w obawie o swoje zdrowie i \u017cycie<\/em><em>\u201d<\/em>&nbsp;\u2013 m\u00f3wi Marcin Sawicki ze Stowarzyszenia \u201eKocham Bia\u0142ystok\u201d. Rz\u0105dz\u0105cy o tym wiedz\u0105 i podejmuj\u0105 \u015brodki zaradcze. Ale nie wobec uchod\u017ac\u00f3w, lecz\u2026 tubylc\u00f3w. W po\u0142owie listopada 2015 r. w Bucierzu odby\u0142y si\u0119 \u0107wiczenia Brygady Zmechanizowanej ze Z\u0142ocie\u0144ca zak\u0142adaj\u0105ce pacyfikacj\u0119 hipotetycznych zamieszek pod o\u015brodkiem dla uchod\u017ac\u00f3w. \u0106wiczenia przewidywa\u0142y odwet miejscowej ludno\u015bci na imigrantach, kt\u00f3rzy napadali na okoliczne sklepy. Kolejne \u0107wiczenia odby\u0142y si\u0119 20 listopada w Centrum Szkolenia Wojsk L\u0105dowych w Drawsku, gdzie w pacyfikacj\u0119 tubylczej ludno\u015bci wprawia\u0142a si\u0119 Brygada Zmechanizowana ze Szczecina. Co ciekawe, poza Polakami udzia\u0142 w \u0107wiczeniach wzi\u0119li so\u0142daci z&#8230; Ukrainy.. Decyzj\u0119 o przeprowadzeniu \u0107wicze\u0144 podj\u0105\u0142 minister obrony i cz\u0142onek w\u0142adz Zwi\u0105zku Ukrai\u0144c\u00f3w w Polsce T. Siemoniak, ale odby\u0142y si\u0119 ju\u017c po przej\u0119ciu dow\u00f3dztwa nad armi\u0105 przez A. Macierewicza. Obaj przewidywali bunt Polak\u00f3w i konieczno\u015b\u0107 ich pacyfikacji?<\/p>\r\n<p>W Kutnie dosz\u0142o do regularnej potyczki mi\u0119dzy uchod\u017acami z Gruzji i policj\u0105, przy u\u017cyciu p\u0142yt chodnikowych i broni palnej. Niejako przy okazji dowiedzieli\u015bmy si\u0119, \u017ce prowincjonalne miasteczko, ni st\u0105d ni zow\u0105d, zasiedli\u0142o 1800 \u201euchod\u017ac\u00f3w\u201d. Legalna imigracja stymuluje nielegaln\u0105. Obcokrajowcy stanowi\u0105 90 procent os\u00f3b zatrzymanych za przemyt imigrant\u00f3w. \u0141\u0105cznie zatrzymano ich 355. W statystykach SG zdecydowanie dominuj\u0105 obywatele Ukrainy i Gruzji. Tak\u017ce w\u015br\u00f3d os\u00f3b poszukiwanych przez policj\u0119 na podstawie artyku\u0142u 264 kk, tj. za organizowanie nielegalnej imigracji, zdecydowanie dominuj\u0105 te nacje. \u00c0 propos &#8211; czy na podstawie wzmiankowanego paragrafu do odpowiedzialno\u015bci nie powinien by\u0107 poci\u0105gni\u0119ty nap\u0119dzaj\u0105cy imigracj\u0119 Mateusz Morawiecki?<\/p>\r\n<p>Monoetniczno\u015b\u0107 Polski po 1945 r. sta\u0142a zawsze ko\u015bci\u0105 w gardle, nie tylko \u201euchod\u017acom\u201d z marca \u201968, ale tak\u017ce przesiedlonym w ramach Operacji Wis\u0142a. Dzi\u015b wzdychaj\u0105cy do azjatyckich step\u00f3w fanatycy pomocy dla ukrai\u0144skich oligarch\u00f3w doszli do wniosku, \u017ce Dzikich P\u00f3l nie odzyskaj\u0105, ale odzyskaj\u0105 ukrai\u0144sk\u0105 mniejszo\u015b\u0107. Tak wi\u0119c, po 80 latach wracamy do reali\u00f3w II RP, ale nie pod wzgl\u0119dem terytorium, lecz do reali\u00f3w hajdamackich rzezi w I RP i do irredenty mniejszo\u015bci ukrai\u0144skiej w II RP, kt\u00f3rej kulminacj\u0105 by\u0142y zbrodnie po wkroczeniu wojsk sowieckich we wrze\u015bniu 1939 roku i na Wo\u0142yniu, nigdy zreszt\u0105 nie ukarane.<\/p>\r\n<p>Miliony przybysz\u00f3w tworz\u0105 w\u0142asne przestrzenie bez zwi\u0105zku z autochtonami Hermetyczne dzielnice (tak, jak restauracje i lokale we Wroc\u0142awiu, do&nbsp;kt\u00f3rych nie wpuszcza si\u0119 Polak\u00f3w). To w\u0142asne partie maj\u0105ce realny wp\u0142yw na sytuacj\u0119 wewn\u0119trzn\u0105 i polityk\u0119 kraju osiedlenia. To w\u0142asne szkolnictwo. To ukrai\u0144ski, jako j\u0119zyk oficjalny. To dwuj\u0119zyczne nazwy ulic. To decyzje, jakie pomniki stawia\u0107, a jakie usuwa\u0107 z plac\u00f3w naszych miast. To w\u0142asne partie i zwi\u0105zki zawodowe (jak ten OPZZ, zajmuj\u0105cy si\u0119 wy\u0142\u0105cznie ochron\u0105 praw Ukrai\u0144c\u00f3w). To tak\u017ce \u201epi\u0105ta kolumna\u201d w wysuwanych roszczeniach terytorialnych do Przemy\u015bla. To tworzenie pa\u0144stwa w pa\u0144stwie. Problem staje si\u0119 o wiele wi\u0119kszy, gdy u\u015bwiadomimy sobie, \u017ce&nbsp;wsp\u00f3lna historia z Ukrai\u0144cami to ci\u0105g\u0142e konflikty, kt\u00f3rych wyr\u00f3\u017cniaj\u0105c\u0105 cech\u0105 jest niespotykane okrucie\u0144stwo, w kt\u00f3rych rzezie na Polakach nie s\u0105 wyj\u0105tkiem, ale regu\u0142\u0105, kiedy Taras Szewczenko, ukrai\u0144ski wieszcz, opiewa i s\u0142awi w epopei \u201eHajdamacy\u201d rzezie Polak\u00f3w, a Taras Bulba, tytu\u0142owy bohater powie\u015bci Gogola, zabija w\u0142asnego syna za zwi\u0105zki z Polakami.<\/p>\r\n<p>Bezpiecze\u0144stwu Polski zagra\u017ca pomys\u0142 utworzenia UkraPol, kt\u00f3rego jawnym or\u0119downikiem s\u0105 politycy maj\u0105cy zwi\u0105zki etniczne z ukrai\u0144skimi uchod\u017acami i z wyj\u0105tkowo silnym lobby ukrai\u0144skim. Za pomys\u0142em stoi tak\u017ce \u201eprotektor\u201d zza Wielkiej Wody, kt\u00f3ry zaszczytn\u0105 funkcj\u0119 os\u0142abienia Rosji cudzymi r\u0119kami powierzy\u0142 Ukrai\u0144com i Polakom. Naiwni Polacy uwierzyli w has\u0142o \u201eUkrai\u0144cy umieraj\u0105 za nas, my powinni\u015bmy umiera\u0107 za nich\u201d, i w apel Dudy \u201ekupuj\u0105c ukrai\u0144sk\u0105 pszenic\u0119 dajemy zarobi\u0107 bohaterskim ch\u0142opom, kt\u00f3rzy \u017cywi\u0105 i broni\u0105 Ukrainy\u201d. Ju\u017c dzi\u015b otwarcie granic z Ukrain\u0105 jest dla nas kompletn\u0105 i nieodwracaln\u0105 katastrof\u0105 ekonomiczn\u0105. A co b\u0119dzie, gdy dojdzie do UkraPol? Nasze straty si\u0119gn\u0105 rocznie setek miliard\u00f3w! &nbsp;<\/p>\r\n<p>Afera zbo\u017cowa pokazuje, \u017ce pa\u0144stwo, kt\u00f3rego instytucje dopu\u015bci\u0142y do afery, zagra\u017ca bezpiecze\u0144stwu Polak\u00f3w. Obywatele, kt\u00f3rym pa\u0144stwo nie chce albo nie potrafi gwarantowa\u0107 bezpiecze\u0144stwa, maj\u0105 prawo zadba\u0107 o nie sami, poprzez odsuni\u0119cie od w\u0142adzy. Co zrobi\u0142aby normalna, wolna, \u015bwiadoma i cho\u0107 troch\u0119 zorganizowana spo\u0142eczno\u015b\u0107, gdyby dowiedzia\u0142a si\u0119, \u017ce politycy dopu\u015bcili do podtrucia chleba, a dodatkowo zarobili na tym miliony? Co zrobiliby rolnicy, kt\u00f3rzy na samym zbo\u017cu stracili 10 miliard\u00f3w? Dni takiej w\u0142adzy by\u0142yby policzone. Problem w tym, \u017ce od czasu pandemii Polacy nie s\u0105 wolnym, \u015bwiadomym i jako tako zorganizowanym spo\u0142ecze\u0144stwem. To bezwolna masa, kt\u00f3rych w zale\u017cno\u015bci od potrzeb zastrasza si\u0119 albo przekupuje, a gdy raz po raz dostaj\u0105 po pysku, to tylko si\u0119 oblizuje.<\/p>\r\n<p>Bezpiecze\u0144stwu Polski zagra\u017ca utworzenie UkraPolin, kt\u00f3rej jawnym or\u0119downikiem s\u0105 politycy maj\u0105cy zwi\u0105zki etniczne z \u017cydowskimi uchod\u017acami i wyj\u0105tkowo silnym lobby \u017cydowskim w Polsce. Skundlony i sk\u0142\u00f3cony etnicznie kraj stanie si\u0119 obiektem rozgrywek. Na zwi\u0105zanym&nbsp;z tym chaosie skorzystaj\u0105 nie tylko s\u0105siedzi, ale tak\u017ce Izrael, z \u017c\u0105daniami odszkodowa\u0144 za maj\u0105tki po\u017cydowskie. Przypomnijmy, gdy 10 wrze\u015bnia 1952 mi\u0119dzy Izraelem i Niemcami&nbsp;zawarta zosta\u0142a umowa reparacyjna zwana Porozumieniami Luksemburskimi, \u017bydzi dostali miliardy dolar\u00f3w na \u201ezrekompensowanie koszt\u00f3w integracji w Izraelu \u017cydowskich imigrant\u00f3w&nbsp;z teren\u00f3w Niemiec i teren\u00f3w przez Niemcy okupowanych\u201d.<\/p>\r\n<p>Jest \u017ale. Rysuje si\u0119 niepokoj\u0105cy scenariusz. Bez wzgl\u0119du na to, kto wygra wybory, nadawania obywatelstwa przyspieszy, a w kolejnych wyborach we\u017amie udzia\u0142 milion Ukrai\u0144c\u00f3w. Proces ca\u0142kowicie wyj\u0119to spod kontroli Polak\u00f3w, jest przedmiotem zakulisowych rozm\u00f3w i uzgodnie\u0144 prowadzonych w konspiracji przed Polakami. To kwestia, w kt\u00f3rej w\u0142adza i totalna opozycja dzia\u0142aj\u0105 tak, jakby si\u0119 um\u00f3wi\u0142y: s\u0105 sprawy, o kt\u00f3rych nie b\u0119dziemy prostego ludu informowa\u0107, i s\u0105 takie, w kt\u00f3rych b\u0119dziemy go dezinformowa\u0107. \u015awiadczy o tym zgodne milczenie wszystkich \u201eniezale\u017cnych\u201d medi\u00f3w i cisza w mediach \u201epartyzant\u00f3w wolnego s\u0142owa\u201d oraz pogr\u00f3\u017cki Macierewicza, \u017ce m\u00f3wienie o tym to dzia\u0142anie na rzecz Putina.<\/p>\r\n<p>Cui bono? W czyim interesie? Czyja to robota? Komu potrzebni s\u0105 imigranci? Wrogom naszej cywilizacji i pa\u0144stw narodowych. W\u0119dr\u00f3wka lud\u00f3w, mieszanie ras to wyj\u0105tkowo perfidna metoda walki z Polakami. To tak\u017ce spos\u00f3b na przekazanie w\u0142adzy uchod\u017acom z poprzednich fal &#8211; rz\u0105du Tuskowi, Belwederu Trzaskowskiemu, MSZ Sznepfowi. Jest te\u017c inna opcja \u2013 powo\u0142anie rz\u0105du jedno\u015bci narodowej PiS-PO. Rozpocz\u0119\u0142a si\u0119 ostra walka wyborcza.&nbsp;Na wiecach nie poruszaj\u0105 spraw, od kt\u00f3rych zale\u017cy los Pa\u0144stwa Polskiego, podlewaj\u0105 za to obietnice wyborcze patriotycznym sosem. Powtarza si\u0119 sytuacja z lat ubieg\u0142ych, kiedy co innego m\u00f3wi\u0142 na akademiach \u201eku czci\u201d, a co innego czynili, a o ich machinacjach dowiadywali\u015bmy si\u0119 zawsze post factum. I tak z nimi b\u0119dzie ju\u017c zawsze. To nie ci ludzie. To nie na nich g\u0142osowali\u015bmy.<\/p>\r\n<p>Czas na&nbsp;samoobron\u0119. Czas na insurekcj\u0119 przeciwko naje\u017ad\u017acom i ich rodzimym kolaborantom. Czas na powiedzenie, \u017ce nie ujdzie im to na sucho. Je\u015bli istnieje jaki\u015b pow\u00f3d do wychodzenia na ulice, to jest nim utajniony zamys\u0142 osiedlenia w Polsce milion\u00f3w Ukrai\u0144c\u00f3w i setek tysi\u0119cy Azjat\u00f3w. Czas na przegonienie premiera z ponurego gmachu w Alejach Ujazdowskich. Czas na puszczenie z dymem (ma si\u0119 rozumie\u0107 z dymem \u201ewirtualnym\u201d) kwatery naczelnika PiS na Nowogrodzkiej. Czas g\u0142o\u015bno wym\u00f3wi\u0107 s\u0142owo \u201eZDRADA\u201d i przerobi\u0107 s\u0142owa Jana Pietrzaka \u201e\u017beby Polska by\u0142a Polsk\u0105\u201d na bardziej aktualne &#8211; \u201e<strong>\u017beby Polska by\u0142a polska<\/strong>\u201d.&nbsp;<\/p>\r\n<p><strong><em>Krzysztof Bali\u0144ski<\/em><\/strong><\/p>\r\n<p class=\"podpis_sz\"><span style=\"color: #808080; font-size: 10pt;\"><strong>Krzysztof Bali\u0144ski<\/strong> \u2013 dyplomata i politolog. W latach 1991-1995 ambasador RP w Syrii i Jordanii. Publicysta poruszaj\u0105cy zagadnienia polityki mi\u0119dzynarodowej i polskiej dyplomacji. Publikowa\u0142 m.in. w \u201eNasza Polska\u201d, \u201eTygodnik Solidarno\u015b\u0107\u201d, \u201eG\u0142os\u201d, \u201eWarszawska Gazeta\u201d, www.polishclub.org, wicipolskie.org, \u201eBIBU\u0141A \u2013 pismo niezale\u017cne\u201d. Autor ksi\u0105\u017cek: <em>MSZ polski czy antypolski?<\/em>; <em>Ministerstwo Spraw Obcych<\/em>; <em>Polska czy Polin? \u2013 sekrety relacji polsko-\u017cydowskich; Ministerstwo Spraw Przegranych; Judejczykowie nas podchodz\u0105<\/em>.<\/span><\/p>\r\n<\/div>","protected":false},"excerpt":{"rendered":"Wojna na Ukrainie nie odsun\u0119\u0142a zagro\u017ce\u0144, kt\u00f3re wisz\u0105 nad Polsk\u0105. Wprost przeciwnie &#8211; zagro\u017cenia zintensyfikowa\u0142a i, jakby przy okazji, wprowadzi\u0142a zamieszanie w gradacji zagro\u017ce\u0144. Poprzez trwa\u0142e osadnictwo Ukrai\u0144c\u00f3w na terytorium RP niszczy jednolito\u015b\u0107 etniczn\u0105 Polski, wprowadza koszmar wielonarodowego tygla. Dyrektor Muzeum \u017bydowskiego w Waszyngtonie kiedy\u015b powiedzia\u0142: \u201eDzisiejsza polska to kompletna anomalia. Polska nigdy nie by\u0142a [&hellip;]","protected":false},"author":1,"featured_media":0,"comment_status":"closed","ping_status":"closed","sticky":false,"template":"","format":"standard","meta":{"_acf_changed":false,"_monsterinsights_skip_tracking":false,"_monsterinsights_sitenote_active":false,"_monsterinsights_sitenote_note":"","_monsterinsights_sitenote_category":0,"ngg_post_thumbnail":0,"footnotes":"","_wp_rev_ctl_limit":""},"categories":[13],"tags":[65,92,76,53,167],"acf":[],"_links":{"self":[{"href":"https:\/\/www.bibula.com\/index.php?rest_route=\/wp\/v2\/posts\/140108"}],"collection":[{"href":"https:\/\/www.bibula.com\/index.php?rest_route=\/wp\/v2\/posts"}],"about":[{"href":"https:\/\/www.bibula.com\/index.php?rest_route=\/wp\/v2\/types\/post"}],"author":[{"embeddable":true,"href":"https:\/\/www.bibula.com\/index.php?rest_route=\/wp\/v2\/users\/1"}],"replies":[{"embeddable":true,"href":"https:\/\/www.bibula.com\/index.php?rest_route=%2Fwp%2Fv2%2Fcomments&post=140108"}],"version-history":[{"count":1,"href":"https:\/\/www.bibula.com\/index.php?rest_route=\/wp\/v2\/posts\/140108\/revisions"}],"predecessor-version":[{"id":140109,"href":"https:\/\/www.bibula.com\/index.php?rest_route=\/wp\/v2\/posts\/140108\/revisions\/140109"}],"wp:attachment":[{"href":"https:\/\/www.bibula.com\/index.php?rest_route=%2Fwp%2Fv2%2Fmedia&parent=140108"}],"wp:term":[{"taxonomy":"category","embeddable":true,"href":"https:\/\/www.bibula.com\/index.php?rest_route=%2Fwp%2Fv2%2Fcategories&post=140108"},{"taxonomy":"post_tag","embeddable":true,"href":"https:\/\/www.bibula.com\/index.php?rest_route=%2Fwp%2Fv2%2Ftags&post=140108"}],"curies":[{"name":"wp","href":"https:\/\/api.w.org\/{rel}","templated":true}]}}