{"id":139851,"date":"2023-04-13T21:45:58","date_gmt":"2023-04-14T01:45:58","guid":{"rendered":"https:\/\/www.bibula.com\/?p=139851"},"modified":"2023-04-15T16:22:34","modified_gmt":"2023-04-15T20:22:34","slug":"banderowska-wielkanoc-w-polsce","status":"publish","type":"post","link":"https:\/\/www.bibula.com\/?p=139851","title":{"rendered":"Banderowska Wielkanoc w Polsce"},"content":{"rendered":"<p><em>,,Ukraina i Niemcy s\u0105 naturalnymi sojusznikami. Opr\u00f3cz Niemc\u00f3w Ukraina nie ma na \u015bwiecie \u017cadnego naturalnego i aktywnego sojusznika przeciwko wszystkim okupantom Ukrainy\u2019\u2019.<\/em><\/p>\r\n<p><em>&nbsp;<\/em><em>Szef Prowydu Ukrai\u0144skich Nacjonalist\u00f3w OUN-M, pu\u0142kownik Andrzej Melnyk <\/em><\/p>\r\n<p><strong>&nbsp;<\/strong><\/p>\r\n<div class=\"p_underline\">\r\n<p class=\"has-drop-cap\">To najnowsze dzisiejsze wydanie banderowskiego Der St\u00fcrmer. Mialem dzi\u015b t\u0105 banderowsk\u0105 gadzin\u00f3wk\u0119 w r\u0119kach.<\/p>\r\n<p>&nbsp;<\/p>\r\n<p><img fetchpriority=\"high\" decoding=\"async\" class=\"aligncenter\" src=\"https:\/\/blogger.googleusercontent.com\/img\/b\/R29vZ2xl\/AVvXsEhunb1ViRq-e19OxhIQsjqbxvP-iFPpmvqRWf0rqVy7bNanXSq_c0bp-ncW-aYdv7r4eyRPwgG1jx79uVeqivTwUYKNex5eRcZHUHpQ6KUXqFQFM4zSLJ-pP30sRizAnVtt0038NXAh6mdbrt8i2kriJ_ZFZHksqTSOZWZMI-WvA_-sV5stQ-3Q_nF-\/w480-h640\/IMG_20230413_124047.jpg\" width=\"780\" height=\"1040\"><\/p>\r\n<p><img decoding=\"async\" class=\"aligncenter\" src=\"https:\/\/blogger.googleusercontent.com\/img\/b\/R29vZ2xl\/AVvXsEjbAp-DUCa0ajyx8wTM9ijFq9ng0CkjTJqlHvoyJqQ59qbpE5lDXQT-EJdON-dTXjB22aKjnMrrMdNhDpfsCGHSYkppVl0MADk3XYcrWnIT5r2hfGsIePaPtOqZCqkrNnL58HJp56F3hsefR9-ibEQNF_1xenWDtyFY4mbdC8rnqr4y_rhuUfQsn5PX\/w480-h640\/IMG_20230413_121919.jpg\" width=\"780\" height=\"1040\"><\/p>\r\n<p>&nbsp;<\/p>\r\n<\/div>\r\n<p>Banderowska, neonazistowska symbolika prezentowana zupe\u0142nie otwarcie w kraju, w kt\u00f3rym pono\u0107 obowi\u0105zuje zakaz propagowania nazizmu, przynajmniej teoretycznie, bo w rzeczywisto\u015bci te paragrafy obowi\u0105zuj\u0105cego w Polsce Kodeksu Karnego, s\u0105 nie tyle martw\u0105 formu\u0142\u0105, co ca\u0142kowit\u0105 fars\u0105 w zderzeniu z obecn\u0105 rzeczywisto\u015bci\u0105, obowi\u0105zuj\u0105c\u0105 na terytorium przemarszu.<\/p>\r\n<p>&nbsp;<\/p>\r\n<div class=\"p_underline\">\r\n<p style=\"padding-left: 40px;\">Art. 256. &#8211; [Propagowanie nazizmu, komunizmu, faszyzmu lub innego ustroju totalitarnego] &#8211; Kodeks karny.<\/p>\r\n<p style=\"padding-left: 40px;\">\u00a7 1. Kto publicznie propaguje faszystowski lub inny totalitarny ustr\u00f3j pa\u0144stwa lub nawo\u0142uje do nienawi\u015bci na tle r\u00f3\u017cnic narodowo\u015bciowych, etnicznych, rasowych, wyznaniowych albo ze wzgl\u0119du na bezwyznaniowo\u015b\u0107, podlega grzywnie, karze ograniczenia wolno\u015bci albo pozbawienia wolno\u015bci do lat 2.&nbsp;<\/p>\r\n<p style=\"padding-left: 40px;\">\u00a7 2. 22 Tej samej karze podlega, kto w celu rozpowszechniania produkuje, utrwala lub sprowadza, nabywa, przechowuje, posiada, prezentuje, przewozi lub przesy\u0142a druk, nagranie lub inny przedmiot, zawieraj\u0105ce tre\u015b\u0107 okre\u015blon\u0105 w \u00a7 1 albo b\u0119d\u0105ce no\u015bnikiem symboliki faszystowskiej, komunistycznej lub innej totalitarnej.<\/p>\r\n<p>&nbsp;<\/p>\r\n<p>A tu prosz\u0119 na ok\u0142adce symbolika zbrodniczej, kolaboranckkiej i wasalnej do samego ko\u0144ca w 100% wobec Adolfa Hitlera i niemieckiej III Rzeszy OUN-UPA, odpowiedzialnej za ludob\u00f3jcz\u0105, bestialsk\u0105 eksterminacj\u0119 prawie p\u00f3\u0142 miliona Polak\u00f3w na Wo\u0142yniu, Ma\u0142opolsce Wschodniej i obecnych ziemiach po\u0142udniowo-wschodniej Polski, trwaj\u0105cej nieprzerwanie od 1 wrze\u015bnia 1939 roku, a\u017c do 3 wrze\u015bnia 1949, gdy w Bieszczadach \u017co\u0142nierze Wojska Polskiego dokonali likwidacji ostatniej banderowskiej sotni UPA, a w \u015brodku tego antypolskiego szmat\u0142awca jest jeszcze lepiej i to wszystko za nasze podatki. Zupe\u0142nie otwarcie, bez cienia za\u017cenowania pluj\u0105 nam w twarz, a zdrajcy z PiS i reszty pookr\u0105g\u0142osto\u0142owych szajek zarz\u0105dzaj\u0105cy mas\u0105 upad\u0142o\u015bciow\u0105 Czeciej Erpe opowiadaj\u0105 ciemnemu ludowi jakie\u015b oderwane od wszelkiej rzeczywisto\u015bci brednie, ubli\u017caj\u0105ce inteligencji ucznia podstaw\u00f3wki, o ruskich agentach Putina, kryj\u0105cych si\u0119 wed\u0142ug nich ju\u017c nawet w ka\u017cdej lod\u00f3wce.W najbli\u017csz\u0105 sobot\u0119 b\u0119d\u0105 \u015bwi\u0119ci\u0107 banderowskie jajka, a mo\u017ce co\u015b jeszcze, by przygotowa\u0107 si\u0119 odpowiednio na drug\u0105 Wo\u0142ynk\u0119, tym razem na go\u015bcinnych wyst\u0119pach, jak to obieca\u0142 Polakom pi\u0119\u0107 lat temu ich minister obrony genera\u0142 O\u0142eksander Ku\u017amiuk, m\u00f3wi\u0105c \u017ce je\u015bli b\u0119dziemy im ci\u0105gle przypomina\u0107 o ukrai\u0144skim ludob\u00f3jstwie na Wo\u0142yniu, to p\u00f3\u0142tora miliona Ukrai\u0144c\u00f3w w Polsce, kt\u00f3rzy s\u0105 u nas, jak si\u0119 wyrazi\u0142 pi\u0105t\u0105 kolumn\u0105, mo\u017ce chwyci\u0107 za pa\u0142ki i wybi\u0107 to Polakom z g\u0142\u00f3w. To by\u0142o w\u00f3wczas takie przyjacielskie ostrze\u017cenie pod naszym adresem, \u017ce jak b\u0119dziemy dalej upomina\u0107 si\u0119 o ofiary Wo\u0142ynia, to oni tu w Polsce pewnego dnia dos\u0142ownie wybij\u0105 nam to z g\u0142\u00f3w.<br>\r\n<br>\r\nWarszawa regularnie przypomina Kijowowi o wydarzeniach rzezi wo\u0142y\u0144skiej i o dzia\u0142aniach lider\u00f3w UPA, Stepana Bandery i Romana Szuchewycza. Jednak Ukrai\u0144com te\u017c jest co przypomina\u0107 \u2013 powiedzia\u0142 Ku\u017amuk. Zaznaczy\u0142, \u017ce odnoszenie si\u0119 przez Ukrai\u0144c\u00f3w i Polak\u00f3w do kwestii historycznych mo\u017ce tylko pogorszy\u0107 sytuacj\u0119.<br>\r\n<br>\r\n\u2013 Je\u015bli przypomnie\u0107 histori\u0119, sprzed 100, 200 lat, nawet kr\u00f3la Boles\u0142awa [Chrobrego], 1000 lat temu, to tyle nazbieramy, \u017ce te milion dwie\u015bcie tysi\u0119cy Ukrai\u0144c\u00f3w, kt\u00f3rzy s\u0105 dzi\u015b w Polsce, o kt\u00f3rych dzi\u015b przypomnieli\u015bmy \u201ea mo\u017ce z nimi co\u015b b\u0119dzie\u201d. Tak, to pi\u0105ty front ukrai\u0144ski, kt\u00f3ry poszed\u0142 do Polski [nawi\u0105zanie do sowieckiego 4. Frontu Ukrai\u0144skiego z czas\u00f3w II wojny \u015bwiatowej \u2013 red.]. I niczego z nim nie b\u0119dzie. Ale on chwyci za kije, je\u015bli b\u0119dziemy przypomina\u0107 o wszystkich Kozakach powieszonych od Lwowa do Kijowa \u2013 powiedzia\u0142 ukrai\u0144ski genera\u0142.<\/p>\r\n<p>Tak w\u0142a\u015bnie wygl\u0105da ukrai\u0144ska wersja porozumienia i definicji tzw. ,,wsp\u00f3lnego interesu i przyja\u017ani z Polakami&#8221; pod nazw\u0105&#8230; ,,ZGODA BUDUJE&#8221;.<\/p>\r\n<\/div>\r\n<p>&nbsp;<\/p>\r\n<p><img decoding=\"async\" class=\"aligncenter\" src=\"https:\/\/blogger.googleusercontent.com\/img\/b\/R29vZ2xl\/AVvXsEj94RRLouQyueAtF1NgpT6nZVOUEGShF3fZNJT5ZOZIwp4SXSlco2WxsRhv8W06rq9hv_LLDMzXUGpaWHKijRNuhC_eTeYgV-HWxOWE5YRmkZIrLTC6yjeMgZSpCKTuM2JJV06DJ9wKTnlmA5ieU9E_Pl4i0I4gSPT9mWJwQq2antBjDWEixmal4uL0\/w667-h466\/IMG_20230415_183200.jpg\" width=\"790\" height=\"428\"><\/p>\r\n<p style=\"text-align: center;\"><em>To najnowsza kartka Wielkanocna, wydana przez now\u0105 prawos\u0142awn\u0105 cerkiew ukrai\u0144sk\u0105, patriarchatu Kijowskiego. Na Ukrainie mo\u017cna j\u0105 kupi\u0107 za jedyne 50 hrywien. Prawdziwa kolekcjonerska okazja. Naprawd\u0119 gustowna i jakie\u017c warto\u015bci chrze\u015bcija\u0144skie sob\u0105 prezentuje.<\/em><\/p>\r\n<p>&nbsp;<\/p>\r\n<div class=\"p_underline\">\r\n<p>&nbsp;<\/p>\r\n<\/div>\r\n<p><img loading=\"lazy\" decoding=\"async\" class=\"aligncenter\" src=\"https:\/\/yt3.ggpht.com\/xibfaqka4q-zTvTtUaMO7FwFc4kOw1qGku9OTewZ8JBSctNiPDF1YKAtxOjKPKiUIhlEGrs6Nkv_yx0=w640-h426\" width=\"780\" height=\"519\"><\/p>\r\n<p>&nbsp;<\/p>\r\n<p>Kijowski klaun podejmowany hucznie przez warszawskich \u0107wier\u0107inteligent\u00f3w z PiS, w bluzie z symbolem na ramieniu nazistowskiej, ludob\u00f3jczej OUN-M, czyli Melnykowc\u00f3w, wsp\u00f3\u0142pracuj\u0105cych tak samo jak banderowcy z hitlerowskimi Niemcami, kt\u00f3rzy byli tw\u00f3rcami ochotniczej jednostki pod nazw\u0105 Wo\u0142y\u0144skiego Legionu Samoobrony, kt\u00f3remu Niemcy nadali oficjaln\u0105 nazw\u0119 31. <em>Schutzmannschafts-Bataillon der SD<\/em>, czyli Ukrai\u0144skiego <em>Gestapo-Sicherheitsdienst<\/em>, kt\u00f3ry by\u0142 integraln\u0105 cz\u0119\u015bci\u0105 S\u0142u\u017cby Bezpiecze\u0144stwa Reichsf\u00fchrera SS Heinricha Himmlera. I warszawskie tumany z nierz\u0105du PiS i Andrej Duda nie wiedz\u0105 tego, co w PRL wiedzia\u0142 ka\u017cdy ucze\u0144 szko\u0142y podstawowej?&nbsp;<\/p>\r\n<p>&nbsp;<\/p>\r\n<p><img loading=\"lazy\" decoding=\"async\" class=\"aligncenter\" src=\"https:\/\/coollib.net\/i\/77\/249477\/i_032.jpg\" width=\"785\" height=\"483\"><\/p>\r\n<p style=\"text-align: center;\"><em>Cz\u0142onkowie Ukrai\u0144skiego, Wo\u0142y\u0144skiego Legionu Samoobrony (OUN-M) Petra Diaczenki, odpowiedzialni m.in za zbrodnie ludob\u00f3jstwa na polskiej ludno\u015bci Wo\u0142ynia i na cywilnych mieszka\u0144cach Warszawy<\/em><\/p>\r\n<p>&nbsp;<\/p>\r\n<p>Cz\u0142onkowie Ukrai\u0144skiego, Wo\u0142y\u0144skiego Legionu Samoobrony (OUN-M) Petra Diaczenki, odpowiedzialni m.in za zbrodnie ludob\u00f3jstwa na polskiej ludno\u015bci Wo\u0142ynia i na cywilnych mieszka\u0144cach Warszawy, jakich dopu\u015bcili si\u0119 w czasie pacyfikowania przez siebie Powstania Warszawskiego, a kt\u00f3rzy na ko\u0144cu swojej zbrodniczej kariery, weszli w sk\u0142ad tzw. ,,Ukrai\u0144skiej Armii Narodowej&#8221; genera\u0142a Paw\u0142o Szandruka<\/p>\r\n<p>&#8212; Ukrai\u0144ski Legion Samoobrony dowodzony przez pu\u0142kownika Petro Diaczenk\u0119 (31 <em>Schtzmannschafts-Bataillon der SD<\/em>) &#8211; 1000 ludzi, &#8222;ws\u0142awiony&#8221; w likwidacji ludno\u015bci polskiej na Wo\u0142yniu w 1943 r. i pacyfikacji powstania warszawskiego w 1944 r.<\/p>\r\n<p>&#8212; mieszany ukrai\u0144sko-rosyjski 23 batalion SD (OUN-M ) podlegaj\u0105cy &#8222;s\u0142awnemu&#8221; katu Powstania Warszawskiego Oskarowi Dirlewangerowi. Wcze\u015bniej pacyfikowa\u0142 wsie bia\u0142oruskie, potem bezpo\u015brednio podporz\u0105dkowany do 77 pu\u0142ku grenadier\u00f3w SS.<\/p>\r\n<p>Po wojnie wyrokiem Trybuna\u0142u Norymberskiego formacja SS (zar\u00f3wno jej cz\u0119\u015b\u0107 policyjna jak i wojskowa czyli Waffen SS) uznana zosta\u0142a za organizacj\u0119 zbrodnicz\u0105.<\/p>\r\n<p>&nbsp;<\/p>\r\n<p><img loading=\"lazy\" decoding=\"async\" class=\"aligncenter\" src=\"https:\/\/dzieje.pl\/sites\/default\/files\/styles\/open_article_750x0_\/public\/201307\/pic_2-1995.jpg?itok=sDUSjFgM\" width=\"788\" height=\"525\"><\/p>\r\n<p>&nbsp;<\/p>\r\n<div class=\"p_underline\">\r\n<p>Tworem OUN Melnyka by\u0142a te\u017c 14 Dywizja SS Ha\u0142yczyna \u2013 13-15 tys. ukrai\u0144skich SS-man\u00f3w, znanych z Huty Pieniackiej i Podkamienia. Chrzest bojowy pod Brodami zako\u0144czy\u0142 si\u0119 wielkimi batami jakie dostali od Armii Czerwonej. Dywizj\u0119 SS \u201eGalizien\u201d powo\u0142ano w kwietniu 1943 r. we Lwowie, na terenach Galicji Wschodniej. Inspiratorem utworzenia dywizji by\u0142 gubernator dystryktu, Gruppenfuehrer SS Otto Wachter. Patronowali temu przedsi\u0119wzi\u0119ciu politycy z Organizacji Ukrai\u0144skich Nacjonalist\u00f3w z frakcji p\u0142k. Andreja Melnyka. Inicjatyw\u0119 utworzenia dywizji popar\u0142 Ukrai\u0144ski Centralny Komitet, za\u015b ze strony ukrai\u0144skiej polityczne zaplecze stanowi\u0142 <a href=\"https:\/\/pl.wikipedia.org\/wiki\/Ukrai%C5%84ski_Komitet_Centralny\">Ukrai\u0144ski Komitet Centralny<\/a> w <a href=\"https:\/\/pl.wikipedia.org\/wiki\/Krak%C3%B3w\">Krakowie<\/a> pod przewodnictwem prof. <a href=\"https:\/\/pl.wikipedia.org\/wiki\/Wo%C5%82odymyr_Kubijowycz\">Wo\u0142odymyra Kubijowycza<\/a> i dzia\u0142acze OUN Melnyka.<strong><br>\r\n<\/strong><\/p>\r\n<\/div>\r\n<p>&nbsp;<\/p>\r\n<p><img loading=\"lazy\" decoding=\"async\" class=\"aligncenter\" src=\"https:\/\/wolnemedia.net\/obrazki2\/kubijowycz-1.jpg\" width=\"796\" height=\"398\"><\/p>\r\n<p style=\"text-align: center;\"><em>Wo\u0142odymyr Kubyjowicz w towarzystwie generalnego gubernatora Hansa Franka na balu w Krakowie<\/em><\/p>\r\n<p>&nbsp;<\/p>\r\n<p>&nbsp;<\/p>\r\n<p><img loading=\"lazy\" decoding=\"async\" class=\"aligncenter\" src=\"https:\/\/wolnemedia.net\/obrazki2\/kubijowycz-2.jpg\" width=\"790\" height=\"395\"><\/p>\r\n<p>&nbsp;<\/p>\r\n<div class=\"p_underline\">\r\n<p>Do tego dochodzi &#8222;os\u0142awiona&#8221; Ukrai\u0144ska Powsta\u0144cza Armia (40 tys. ludzi ) kt\u00f3ra NIE STOCZY\u0141A ANI JEDNEJ WALKI Z OKUPANTEM HITLEROWSKIM, a jej g\u0142\u00f3wnym zadaniem by\u0142o mordowanie Polak\u00f3w, \u017byd\u00f3w, Ukrai\u0144c\u00f3w i innych, oraz likwidacja partyzantki polskiej i sowieckiej.<\/p>\r\n<p><img decoding=\"async\" class=\"aligncenter\" src=\"https:\/\/upload.wikimedia.org\/wikipedia\/commons\/thumb\/9\/9b\/Organization_of_Ukrainian_Nationalists-M.svg\/330px-Organization_of_Ukrainian_Nationalists-M.svg.png\"><\/p>\r\n<p style=\"text-align: center;\"><em>&nbsp;Tarcza OUN &#8211; M<\/em><\/p>\r\n<p>&nbsp;<\/p>\r\n<p><img decoding=\"async\" class=\"aligncenter\" src=\"https:\/\/upload.wikimedia.org\/wikipedia\/commons\/thumb\/6\/64\/Emblem_of_the_Sicherheitsdienst_des_Reichsf%C3%BChrers-SS_(SD).svg\/330px-Emblem_of_the_Sicherheitsdienst_des_Reichsf%C3%BChrers-SS_(SD).svg.png\"><\/p>\r\n<p style=\"text-align: center;\"><em>Romb \u201eSD\u201d, noszony na r\u0119kawie munduru Funkcjonariusza Sicherheitsdienst<\/em><\/p>\r\n<p>&nbsp;<\/p>\r\n<p>A komu sk\u0142adali przysi\u0119g\u0119 wierno\u015bci do samego ko\u0144ca, wszyscy bez wyj\u0105tku cz\u0142onkowie OUN &#8211; Melnyka? Przeczytajmy sami:<\/p>\r\n<p>&nbsp;<\/p>\r\n<blockquote>\r\n<p><strong><em>,,Przysi\u0119gam by\u0107 wiernym Adolfowi Hitlerowi jako fuhrerowi oraz najwy\u017cszemu dow\u00f3dcy niemieckich si\u0142 zbrojnych. Wiernie s\u0142u\u017cy\u0107 Adolfowi Hitlerowi jako fuhrerowi Wielkich Niemiec. Na ca\u0142e \u017cycie by\u0107 wiernym Adolfowi Hitlerowi jako wielkiemu fuhrerowi Nowej Europy.\u2019\u2019<\/em><\/strong><\/p>\r\n<\/blockquote>\r\n<p>&nbsp;<\/p>\r\n<p>Troch\u0119 du\u017co tego imienia i nazwiska ,,Adolf Hitler\u2019\u2019, ale nie by\u0142o rady, i nale\u017ca\u0142o j\u0105 powtarza\u0107. Rot\u0119 przysi\u0119gi uk\u0142adali bowiem Niemcy bez liczenia si\u0119 z wol\u0105 czy pragnieniem samych Ukrai\u0144c\u00f3w, kt\u00f3rzy nie mieli w tej sprawie nic do powiedzenia.<\/p>\r\n<p>Po tym akcie orkiestra gra\u0142a nast\u0119pnie pie\u015b\u0144 wierno\u015bci ,,Deutschland, Deutschland Uber Alles\u2019\u2019, a trzykrotne ,,Sieg Heil\u2019\u2019 dla fuhrera Adolfa Hitlera dope\u0142nia\u0142o i umacnia\u0142o jeszcze bardziej przysi\u0119g\u0119 wojak\u00f3w, i ich osobiste prze\u015bwiadczenie za konieczno\u015bci\u0105 po\u015bwi\u0119cenia w\u0142asnego \u017cycia dla fuhrera i Wielkiej Niemieckiej Rzeszy, kt\u00f3rzy doprowadz\u0105 ich w ko\u0144cu, do ich wy\u015bnionej we\u0142ykiej ukrai\u0144skij, samostijnej der\u017cawy i to w momencie, gdy by\u0142o to ju\u017c kwesti\u0105 przes\u0105dzon\u0105, \u017ce deklarowanie w takiej chwili dozgonnej lojalno\u015bci wobec hitlerowskich Niemiec, powodowane by\u0142o nie przejawem przemy\u015blanych decyzji, ale brakiem jakiejkolwiek logiki i zdolno\u015bci przewidywania, wynikaj\u0105cymi z posiadania przez nich pono\u0107 ludzkiego rozumu.<\/p>\r\n<p>Twierdzenie wi\u0119c dzisiaj przez r\u00f3\u017cnych oszust\u00f3w i fa\u0142szerzy historii, \u017ce by\u0142a to wy\u0142\u0105cznie formacja ukrai\u0144ska, podlegaj\u0105ca wy\u0142\u0105cznie emigracyjnemu rz\u0105dowi ukrai\u0144skiemu, oraz walcz\u0105ca rzekomo o niepodleg\u0142o\u015b\u0107 i wolno\u015b\u0107 Ukrainy, w \u015bwietle jednoznacznych dowod\u00f3w nie wytrzymuje najmniejszej nawet krytyki i tym samym jest hucp\u0105 z nas wszystkich.<\/p>\r\n<p style=\"text-align: center;\">**********<\/p>\r\n<p>,,POLACY PAMI\u0118TAJ\u0104 O UKRAI\u0143SKIM LUDOB\u00d3JSTWIE DOKONANYM NA POLAKACH NA WO\u0141YNIU. W tym roku b\u0119dzie 80. rocznica ludob\u00f3jczej zbrodni. Zostanie ona bezczelnie i k\u0142amliwie zasypana tonami proukrai\u0144skich frazes\u00f3w, okr\u0105g\u0142ych formu\u0142ek ze strony poli\u0144skiej oraz potraktowana wzgardliwym milczeniem ze strony banderowc\u00f3w, kt\u00f3rzy nami w pe\u0142ni gardz\u0105 i gardz\u0105 nasz\u0105 pami\u0119ci\u0105 oraz histori\u0105. Gardz\u0105 i nienawidz\u0105 nas. Dlaczego? \u017beby zat\u0142uc w sobie, w tym s\u0105 dobrzy: w zat\u0142ukiwaniu na \u015bmier\u0107 w\u0142asnego poczucia winy, kt\u00f3rego po prawdzie zdecydowana wi\u0119kszo\u015b\u0107 banderowc\u00f3w w og\u00f3le nie ma. Napluli nam renegaci u niew\u0142adzy w Warszawiwie i banderowcy, ich kuratorzy, zn\u00f3w w twarze tam na Zamku Kr\u00f3lewskim i m\u00f3wi\u0105 do nas drwi\u0105co z szyderczym u\u015bmieszkiem:&nbsp;<\/p>\r\n<blockquote>\r\n<p style=\"text-align: center;\"><em><strong>\u201e I co nam, Lachy, zrobicie?\u201d<\/strong><\/em><\/p>\r\n<\/blockquote>\r\n<p><strong><em>Jacek Boki<\/em><\/strong><br>\r\n13 kwiecie\u0144 2023 r.<\/p>\r\n<p>&nbsp;<\/p>\r\n<p>\u0179r\u00f3d\u0142a:<\/p>\r\n<ul>\r\n\t<li>Der St\u00fcrmer &#8211;&nbsp; <a href=\"https:\/\/pl.wikipedia.org\/wiki\/Der_St%C3%BCrmer\">https:\/\/pl.wikipedia.org\/wiki\/Der_St%C3%BCrmer&nbsp;<\/a><\/li>\r\n\t<li>OUN &#8211; Melnyka &#8211;&nbsp;<a href=\"https:\/\/pl.wikipedia.org\/wiki\/OUN-M\">https:\/\/pl.wikipedia.org\/wiki\/OUN-M&nbsp;<\/a><\/li>\r\n\t<li>Sicherheitsdienst &#8211;&nbsp;<a href=\"https:\/\/pl.wikipedia.org\/wiki\/Sicherheitsdienst\">https:\/\/pl.wikipedia.org\/wiki\/Sicherheitsdienst&nbsp;<\/a><\/li>\r\n\t<li>14 Dywizja Grenadier\u00f3w SS (1 Ukrai\u0144ska) &#8211; <a href=\"https:\/\/pl.wikipedia.org\/wiki\/14_Dywizja_Grenadier%C3%B3w_SS_(1_ukrai%C5%84ska)\">https:\/\/pl.wikipedia.org\/wiki\/14_Dywizja_Grenadier%C3%B3w_SS_(1_ukrai%C5%84ska) <\/a><\/li>\r\n\t<li>75 lat temu ukrai\u0144scy ochotnicy do dywizji SS \u201eGalizien\u201d spacyfikowali Hut\u0119 Pieniack\u0105 &#8211;&nbsp;<a href=\"https:\/\/dzieje.pl\/aktualnosci\/dywizja-ss-galizien\">https:\/\/dzieje.pl\/aktualnosci\/dywizja-ss-galizien <\/a><\/li>\r\n\t<li>Esesmani Andersa &#8211;&nbsp;<a href=\"https:\/\/kresywekrwi.blogspot.com\/2020\/02\/esesmani-andersa.html\">https:\/\/kresywekrwi.blogspot.com\/2020\/02\/esesmani-andersa.html<\/a><\/li>\r\n\t<li>Ukrai\u0144scy lancknechci w s\u0142u\u017cbie III Rzeszy &#8211;&nbsp;<a href=\"https:\/\/kresywekrwi.blogspot.com\/2019\/07\/ukrainscy-lancknechci-w-suzbie-iii.html\">https:\/\/kresywekrwi.blogspot.com\/2019\/07\/ukrainscy-lancknechci-w-suzbie-iii.html<\/a><\/li>\r\n\t<li>Tomasz Grygu\u0107 &#8211;&nbsp;<a href=\"https:\/\/www.youtube.com\/channel\/UCep4M5G9Sadmonq1qCgL8Ag\/community?lb=Ugkx3hMtGiZ8nbCEoiIdw1GyHHpwnbRy__SZ\">https:\/\/www.youtube.com\/channel\/UCep4M5G9Sadmonq1qCgL8Ag\/community?lb=Ugkx3hMtGiZ8nbCEoiIdw1GyHHpwnbRy__SZ&nbsp;<\/a><\/li>\r\n<\/ul>\r\n<p>&nbsp;<\/p>\r\n<\/div>","protected":false},"excerpt":{"rendered":",,Ukraina i Niemcy s\u0105 naturalnymi sojusznikami. Opr\u00f3cz Niemc\u00f3w Ukraina nie ma na \u015bwiecie \u017cadnego naturalnego i aktywnego sojusznika przeciwko wszystkim okupantom Ukrainy\u2019\u2019. &nbsp;Szef Prowydu Ukrai\u0144skich Nacjonalist\u00f3w OUN-M, pu\u0142kownik Andrzej Melnyk &nbsp; To najnowsze dzisiejsze wydanie banderowskiego Der St\u00fcrmer. Mialem dzi\u015b t\u0105 banderowsk\u0105 gadzin\u00f3wk\u0119 w r\u0119kach. &nbsp; &nbsp; Banderowska, neonazistowska symbolika prezentowana zupe\u0142nie otwarcie w kraju, [&hellip;]","protected":false},"author":1,"featured_media":0,"comment_status":"closed","ping_status":"closed","sticky":false,"template":"","format":"standard","meta":{"_acf_changed":false,"_monsterinsights_skip_tracking":false,"_monsterinsights_sitenote_active":false,"_monsterinsights_sitenote_note":"","_monsterinsights_sitenote_category":0,"ngg_post_thumbnail":0,"footnotes":"","_wp_rev_ctl_limit":""},"categories":[13],"tags":[102,29,167,17],"acf":[],"_links":{"self":[{"href":"https:\/\/www.bibula.com\/index.php?rest_route=\/wp\/v2\/posts\/139851"}],"collection":[{"href":"https:\/\/www.bibula.com\/index.php?rest_route=\/wp\/v2\/posts"}],"about":[{"href":"https:\/\/www.bibula.com\/index.php?rest_route=\/wp\/v2\/types\/post"}],"author":[{"embeddable":true,"href":"https:\/\/www.bibula.com\/index.php?rest_route=\/wp\/v2\/users\/1"}],"replies":[{"embeddable":true,"href":"https:\/\/www.bibula.com\/index.php?rest_route=%2Fwp%2Fv2%2Fcomments&post=139851"}],"version-history":[{"count":10,"href":"https:\/\/www.bibula.com\/index.php?rest_route=\/wp\/v2\/posts\/139851\/revisions"}],"predecessor-version":[{"id":139884,"href":"https:\/\/www.bibula.com\/index.php?rest_route=\/wp\/v2\/posts\/139851\/revisions\/139884"}],"wp:attachment":[{"href":"https:\/\/www.bibula.com\/index.php?rest_route=%2Fwp%2Fv2%2Fmedia&parent=139851"}],"wp:term":[{"taxonomy":"category","embeddable":true,"href":"https:\/\/www.bibula.com\/index.php?rest_route=%2Fwp%2Fv2%2Fcategories&post=139851"},{"taxonomy":"post_tag","embeddable":true,"href":"https:\/\/www.bibula.com\/index.php?rest_route=%2Fwp%2Fv2%2Ftags&post=139851"}],"curies":[{"name":"wp","href":"https:\/\/api.w.org\/{rel}","templated":true}]}}