{"id":139833,"date":"2023-04-12T07:27:24","date_gmt":"2023-04-12T11:27:24","guid":{"rendered":"https:\/\/www.bibula.com\/?p=139833"},"modified":"2023-04-12T07:27:40","modified_gmt":"2023-04-12T11:27:40","slug":"wyrzut-sumienia-jesli-je-jeszcze-mamy","status":"publish","type":"post","link":"https:\/\/www.bibula.com\/?p=139833","title":{"rendered":"Wyrzut sumienia, je\u015bli je jeszcze mamy &#8211; <em>Jerzy Karwelis<\/em>"},"content":{"rendered":"<div class=\"p_underline\">\r\n<p class=\"has-drop-cap\">Ja tam pami\u0119tliwy ani wredny do ludzi staram si\u0119 nie by\u0107. Zawsz\u0119 daj\u0119 spotkanemu cz\u0142owiekowi dwie szanse: pierwsz\u0105 i ostatni\u0105. Nie mszcz\u0119 si\u0119 za krzywdy, za to raczej nie utrzymuj\u0119 stosunk\u00f3w. Uwa\u017cam si\u0119 za porz\u0105dnego go\u015bcia, za\u015b zrobienie takiemu komu\u015b krzywdy \u2013 nie tylko mnie, ale ka\u017cdemu porz\u0105dnemu \u2013 uwa\u017cam za dyskwalifikuj\u0105ce. Poza tym jestem ju\u017c w tym wieku, gdy starannie dobiera si\u0119 spo\u0142eczne otoczenie \u2013 czas si\u0119 powoli (mam nadziej\u0119, \u017ce powoli) ko\u0144czy i szkoda go na toksyczne relacje, utrzymywane nie wiadomo po co. Mam par\u0119 os\u00f3b na czarnej li\u015bcie, \u017cycz\u0119 im \u017ale, czasem jest mi to oboj\u0119tne, bo nie chc\u0119 marnowa\u0107 w\u0142asnej energii na walk\u0119 z jej czarn\u0105 postaci\u0105, wystawiaj\u0105c si\u0119 na jej emanacj\u0119.<\/p>\r\n<p>Mam na tej li\u015bcie ministra Niedzielskiego. Jego los jest mi oboj\u0119tny, pod warunkiem, \u017ce zobacz\u0119 go kiedy\u015b na \u0142awie oskar\u017conych uczciwego procesu. Nie jestem z tych licznych, co to by go zadusili go\u0142ymi r\u0119kami, bo widz\u0119, \u017ce coraz cz\u0119\u015bciej gro\u017aby te ko\u0144cz\u0105 si\u0119 nawet absencj\u0105 odwa\u017cnych w g\u0119bie, cho\u0107by na go\u015bcia spotkaniach wyborczych. Je\u015bli wznios\u0119 si\u0119 ponad w\u0142asne emocje, widz\u0119 w Niedzielskim papierek lakmusowy i rz\u0105du, i nas, jako spo\u0142ecze\u0144stwa. I to z kilku powod\u00f3w.<\/p>\r\n<p>Po pierwsze za bycie uczestnikiem i animatorem spuszczenia do do\u0142u 250.000 Polak\u00f3w, ofiar ponadnormatywnych zgon\u00f3w. To ewidentna wina dzia\u0142a\u0144 administracyjnych rz\u0105du, w kt\u00f3rym Niedzielski dowodzi\u0142 pandemi\u0105. I nie ma co si\u0119 tu zas\u0142ania\u0107, \u017ce \u201enic na pocz\u0105tku nie wiedzieli\u015bmy\u201d o wirusie i wyszywali\u015bmy po ciemku, w dobrej intencji. Niedzielski przyszed\u0142 po respiratorowym blama\u017cu poprzednika w sierpniu 2020 roku, kiedy o kowidzie wiadomo by\u0142o wszystko. A wi\u0119c ten argument odpada. Jego dorobek to w\u0142a\u015bnie hekatomba pa\u017adziernikowo-listopadowa, kiedy w <a href=\"https:\/\/dziennikzarazy.pl\/29-11-szesc-il-ow-codziennie\/\" target=\"_blank\" rel=\"noreferrer noopener\"><span style=\"text-decoration: underline;\">ci\u0105gu 30 dni zmar\u0142o<\/span><\/a> ponad 40.000 ponadnadmiarowych (w 3-5% kowidowych) Polak\u00f3w, zaraz po jego fatalnej i \u015bmiertelnej decyzji <a href=\"https:\/\/www.gov.pl\/web\/zdrowie\/jesienna-strategia-walki-z-epidemia-koronawirusa\" target=\"_blank\" rel=\"noreferrer noopener\"><span style=\"text-decoration: underline;\">ujednoimienniania szpitali<\/span>.<\/a> Tu nie szala\u0142 \u017caden kowid, bo nawet przy tak niskiej frakcji kowidowych ponadnadmiarowych ofiar i tak kwestia ich zgon\u00f3w z powodu kowida by\u0142a w\u0105tpliwa w przypadku test\u00f3w go oznaczaj\u0105cych, o 70% przek\u0142amaniu, jako wynik\u00f3w fa\u0142szywie pozytywnych. I tu nie ma si\u0119 jak wywin\u0105\u0107.<\/p>\r\n<p>To znaczy \u2013 jednak by\u0142y obrzydliwe pr\u00f3by. Niedzielski bowiem stan\u0105\u0142 przed tymi niew\u0105tpliwymi faktami dopiero wtedy, kiedy mia\u0142 odpowied\u017a co do przyczyn, czyli media go o to nie pyta\u0142y, bo jeszcze odpowiedzi nie by\u0142o. I odpowied\u017a by\u0142a najokrutniejsza z mo\u017cliwych. <span style=\"text-decoration: underline;\"><a href=\"https:\/\/www.mp.pl\/pacjent\/choroby-zakazne\/koronawirus\/koronawirus-aktualnosci\/299263,nadumieralnosc-minister-wskazal-winnych\" target=\"_blank\" rel=\"noreferrer noopener\">Zawini\u0142y\u2026 ofiary<\/a>.<\/span> Polacy, kt\u00f3rzy si\u0119 \u017ale prowadzili. Pewnie przez ca\u0142e \u017cycie, ale te wyst\u0119pki przysz\u0142o im dziwnie sp\u0142aca\u0107 nagle w ci\u0105gu 30 dni 2020 roku. Niedzielski naplu\u0142 na setki tysi\u0119cy grob\u00f3w i w twarz milionom rodzin, kt\u00f3re utraci\u0142y swoich bliskich. Rodzinom, kt\u00f3re dostawa\u0142y zaszczane <a href=\"https:\/\/dziennikzarazy.pl\/2-12-starcy-mra-niepotrzebni-swiatu\/\" target=\"_blank\" rel=\"noreferrer noopener\"><span style=\"text-decoration: underline;\">zw\u0142oki wychudzonych rodzic\u00f3w<\/span><\/a> w czarnych workach, albo tylko urenk\u0119 z prochami kogo\u015b, kto jeszcze tydzie\u0144 temu wjecha\u0142 do szpitala z przezi\u0119bieniem i pechowym wynikiem losowego testu lub pojecha\u0142 leczy\u0107 sw\u0105 zasadnicz\u0105 chorob\u0119, ale tym razem nie wr\u00f3ci\u0142. Pomacha\u0142 tylko z balkonu swej celi kwarantannej, pogada\u0142 przez telefon i tyle. I takim rodzinom Niedzielski powiedzia\u0142, \u017ce to wina ich bliskich. <a href=\"https:\/\/www.youtube.com\/watch?v=iiMtDoyK3R0\" target=\"_blank\" rel=\"noreferrer noopener\"><span style=\"text-decoration: underline;\">Nie ma w s\u0142owniku ludzi kulturalnych odpowiednich s\u0142\u00f3w, kt\u00f3re by wystarczaj\u0105co obel\u017cywie mog\u0142y okre\u015bli\u0107 takie post\u0119powanie\u2026<\/span><\/a><\/p>\r\n<p>Tyle zgony. Teraz kasiora. Nawet nie chc\u0119 podlicza\u0107 ile kolo pu\u015bci\u0142 kasy. Podam tylko jeden fakt. System rzyga\u0142 fors\u0105, a i tak okaza\u0142o si\u0119, \u017ce nie przeputa\u0142 wszystkiego, bo po pierwszym pe\u0142nym roku kowidowym zosta\u0142o <a href=\"https:\/\/www.bankier.pl\/wiadomosc\/NFZ-na-rekordowym-plusie-Bo-leczymy-sie-mniej-8370656.html\" target=\"_blank\" rel=\"noreferrer noopener\"><span style=\"text-decoration: underline;\">10 miliard\u00f3w superaty<\/span><\/a>. Tak gospodarowali\u015bmy. Dla mnie najbardziej miarodajnym przyk\u0142adem s\u0105 szczepionki. Pora wi\u0119c na bilans, bo przy szczepach Szumowskiego ju\u017c nie by\u0142o i jest to osobiste dzie\u0142o ministra. \u201eZgodnie z warunkami umowy Polska jest zobowi\u0105zana do odebrania zam\u00f3wionych szczepionek Pfizera na kwot\u0119 oko\u0142o 6 miliard\u00f3w z\u0142otych. Gdy do 6 miliard\u00f3w dodamy 2,4 miliarda zalegaj\u0105cych w magazynie, 420 miliony w zam\u00f3wieniach od Moderny i koszty magazynowania, to \u0142\u0105cznie minister Niedzielski i rz\u0105d Morawieckiego narazili Polsk\u0119 na strat\u0119 oko\u0142o 9 miliard\u00f3w z\u0142otych.\u201d I kolo, maj\u0105c taki rekord \u201eskuteczno\u015bci\u201d w gospodarowaniu publicznym groszem, jeszcze dokupuje to badziewie. A czyni to ju\u017c po okresie, kiedy \u201enic nie wiedzieli\u015bmy i o szczepionkach\u201d, a teraz co? Skoro szczepionki to by\u0142 dobry pomys\u0142, to po kiego udawa\u0107 dzielnego, \u017ce si\u0119 walczy z podpisanymi przez siebie umowami. Dawa\u0107 wszystko nas st\u00f3\u0142 i szczepi\u0107 wszystko co si\u0119 rusza i do szur\u00f3w nie ucieka. A, \u017ce to by\u0142o dobrowolne i tylko tyle uda\u0142o si\u0119 wcisn\u0105\u0107 ludowi symulowanemu rz\u0105dow\u0105 przymusow\u0105 dobrowolno\u015bci\u0105? Fig\u0119 prawda \u2013 Niedzielski zam\u00f3wi\u0142 po co najmniej cztery dawki na g\u0142ow\u0119 dwudawkowej szczepionki od razu, a wi\u0119c niech nie pitoli, \u017ce tamte si\u0119 postarza\u0142y, bo przysz\u0142y nowe warianty. Na pierwsze warianty by\u0142a ju\u017c superata. Ciekawe dlaczego?<\/p>\r\n<p>Inne kraje <span style=\"text-decoration: underline;\"><a href=\"https:\/\/twitter.com\/Margo66122891\/status\/1645163440204333060?t=scUEm-mJXpIc3KExDbUL6Q&amp;s=03\" target=\"_blank\" rel=\"noreferrer noopener\">wycofuj\u0105 si\u0119 rakiem<\/a><\/span> z b\u0142\u0119du szczepionkowego modl\u0105c si\u0119 o \u015blepot\u0119 suwerena, \u017ceby ten im \u0142ba nie urwa\u0142. A u nas tr\u0105bi si\u0119 o ponad 90-procentowej odporno\u015bci stadnej i dalej si\u0119 szczepi. Zabijaj\u0105c odporno\u015b\u0107 naturaln\u0105 t\u0105 sztuczn\u0105, co ju\u017c jest udowodnionym faktem naukowym. I u nas jedziemy z koksem. Wniosek jest jedyny \u2013 bezkarno\u015b\u0107 rozzuchwala. Na tyle, \u017ce mo\u017cna popa\u015b\u0107 w cynizm.<\/p>\r\n<p>Ale nie dajmy si\u0119 nabra\u0107 w zabaw\u0119 w Czarnego Luda. Minister nie pracuje w pr\u00f3\u017cni, ale w rz\u0105dzie. Ma co prawda znacz\u0105ce prerogatywy, nadane \u015bmiertelnym, tu pierwszym w historii, aktem \u201eporozumienia ponad podzia\u0142ami\u201d. K\u2026wa plemiona, kt\u00f3re walcz\u0105 ze sob\u0105 w medialnym widowisku na \u015bmier\u0107 i \u017cycie, tu akurat \u2013 w sprawie uruchomienia maszynki do mi\u0119sa dla Polak\u00f3w \u2013 si\u0119 zgodzili. No, bez Konfederacji, co b\u0119dzie jej pami\u0119tane przez kowidian i antykowidian. Niedzielski nie m\u00f3g\u0142by kiwn\u0105\u0107 palcem bez zgody rz\u0105du, za\u015b wszelkie decyzje firmowa\u0142 Morawiecki. Nie ma inaczej. Niedzielski robi za pajaca \u2013 no tu nie musi si\u0119 stara\u0107 za bardzo -, na kt\u00f3rego mo\u017ce wskaza\u0107 karz\u0105cy palec, kiedy zaczn\u0105 <a href=\"https:\/\/dziennikzarazy.pl\/19-03-zrzucanie-z-san\/\" target=\"_blank\" rel=\"noreferrer noopener\"><span style=\"text-decoration: underline;\">zrzuca\u0107 z sa\u0144.<\/span><\/a><\/p>\r\n<p>Moim zdaniem Niedzielski by\u0142 co prawda jastrz\u0119biem i ekscytowa\u0142 w rz\u0105dzie w g\u00f3r\u0119 sanitaryzm, co co prawda nie luzuje samego rz\u0105du ze wsp\u00f3lnych przecie\u017c decyzji. Mam na to dow\u00f3d taki, \u017ce kiedy wchodzi\u0142 jaki\u015b kolejny debilizm zrzucaj\u0105cy odpowiedzialno\u015b\u0107 za egzekwowanie \u201eprzymusowej dobrowolno\u015bci\u201d szczepie\u0144 na pracodawc\u00f3w i pracownik\u00f3w, by ci skoczyli sobie do garde\u0142, by rz\u0105d m\u00f3g\u0142 sobie zajada\u0107 popcorn, patrz\u0105c si\u0119 na to sprokurowane widowisko, to minister powiedzia\u0142, \u017ce jak to nie wejdzie, to on <a href=\"https:\/\/www.money.pl\/gospodarka\/minister-zdrowia-grozi-dymisja-postawil-warunek-6727659208055776a.html\" target=\"_blank\" rel=\"noreferrer noopener\">zrezygnuje z funkcji.<\/a> Uwa\u017cam, \u017ce jest to cz\u0142owiek pozbawiony honoru, pisz\u0119 to publicznie, gdy\u017c ustawa nie wesz\u0142a, a on dalej dzieli Polak\u00f3w i ich pieni\u0105dze. &nbsp;&nbsp;<\/p>\r\n<p>Pytanie tylko \u2013 czy zaczn\u0105 zrzuca\u0107? Wracamy wi\u0119c do punktu wyj\u015bcia, do mojej starej ju\u017c tezy, \u017ce kowidowe przygody wcale nie zale\u017ca\u0142y od walki na wyp\u0142aszczanie, fali zaka\u017ce\u0144, szpitalnej rzezi. To by\u0142y efekty uboczne. Obostrzenia w\u0142\u0105czano nie w rytmie decyzji Rad, czy analiz jakich\u015b wykres\u00f3w medycznych. Tam by\u0142y ca\u0142y czas analizy, ale nie medyczne, tylko spo\u0142eczne. Pokaza\u0142 to okres czkania przez PiS <span style=\"text-decoration: underline;\"><a href=\"https:\/\/dziennikzarazy.pl\/23-11-spotkanie-ad-hoc-u-witek\/\" target=\"_blank\" rel=\"noreferrer noopener\">hocowymi projektami <\/a><\/span>ustaw, kiedy po ich og\u0142oszeniu i szybkim badaniu akceptacji spo\u0142ecznej znika\u0142y jak zdmuchni\u0119te, pozostawiaj\u0105c na placu samotnego pos\u0142a-sprawozdawc\u0119, jak Himilsbacha z angielskim. Ale nar\u00f3d pami\u0119ta, \u017ce to nie byli soli\u015bci, co mo\u017cna sprawdzi\u0107 po podpisach na listach pos\u0142\u00f3w, wymaganych do wniesienia projektu poselskiego. Badania spo\u0142eczne weryfikowa\u0142y wszelkie tw\u00f3rcze pomys\u0142y zaciskania sanitarystycznej p\u0119tli, nie jakie\u015b tam wym\u0119drki <a href=\"https:\/\/dziennikzarazy.pl\/9-12-lze-kasandra-koronna-w-kitlu\/\" target=\"_blank\" rel=\"noreferrer noopener\"><span style=\"text-decoration: underline;\">ekspert\u00f3w od pediatrii<\/span><\/a>, obsadzonych w roli epidemiolog\u00f3w.&nbsp;&nbsp;&nbsp;&nbsp;<\/p>\r\n<p>Ale czy lud to pami\u0119ta? Moim zdaniem posta\u0107 Niedzielskiego to dow\u00f3d na upadek przyzwoito\u015bci suwerena. Gdyby op\u00f3r wobec tej postaci by\u0142 du\u017cy, to by go odstrzelili. A mo\u017ce te\u017c jest i tak, \u017ce on si\u0119 podj\u0105\u0142 pod solidnym warunkiem zapewnienia mu ochrony, czyli, \u017ce go nie zwolni\u0105, a co najmniej dostanie ochron\u0119 w postaci poselskiego immunitetu. Zobowi\u0105zanie musia\u0142o by\u0107 solidne, bo Niedzielski jest w sumie obci\u0105\u017ceniem list PiS-u, ale przy D\u2019Hondcie \u2013 pomijalnym. Ale powiem Wam dlaczego w og\u00f3le ma czelno\u015b\u0107 go\u015bciu wyst\u0119powa\u0107 publicznie, organizuje spotkania z wyborcami, gdzie nikt z rodzin poszkodowanych jego decyzjami nie pojawi si\u0119 z <span style=\"text-decoration: underline;\"><a href=\"https:\/\/dziennikzarazy.pl\/11-03-pan-minister-jedzie-w-polske-pogadac-z-ocalalymi\/\" target=\"_blank\" rel=\"noreferrer noopener\">podstawowymi pytaniami<\/a><\/span>. Ja uwa\u017cam, \u017ce gros Polak\u00f3w ma jednak kaca, \u017ce si\u0119 dali w to wrobi\u0107. A wi\u0119c nie pchaj\u0105 si\u0119 w sytuacj\u0119, kt\u00f3re mog\u0105 im o tym przypomnie\u0107, nawet w cyniczny niedzielski spos\u00f3b, \u017ce pad\u0142y dziadek sam sobie by\u0142 winny, bo nagle w wieku 90-ciu lat zacz\u0105\u0142 pi\u0107 i pali\u0107 jak szalony.<\/p>\r\n<p>Ja tam rozumiem, \u017ce sponsorowane przez Niedzielskiego instytucje i media oddaj\u0105 mu teraz co jego w postaci uznania za pomoc\u0105 przer\u00f3\u017cnych nagr\u00f3d i wyr\u00f3\u017cnie\u0144. Wizjoner s\u0142u\u017cby zdrowia z 250.000 ofiar na karku mo\u017ce by\u0107 ozdob\u0105 rzeczywi\u015bcie upiornych konwektykli. A propos \u2013 wy tam media nagradzaj\u0105ce te\u017c pami\u0119tajcie, \u017ce jest i lista waszych sponsorowanych egzemplifikacji kowidowej wersji wolno\u015bci s\u0142owa. Jednak jedna nagroda mn\u0105 wstrz\u0105sn\u0119\u0142a. Niedzielski<span style=\"text-decoration: underline;\"><a href=\"https:\/\/twitter.com\/a_niedzielski\/status\/1635288909986029571?t=I55T_NbNcffI7pt6Z-U6YA&amp;s=03\" target=\"_blank\" rel=\"noreferrer noopener\"> dosta\u0142 nagrod\u0119<\/a><\/span> od fundacji zajmuj\u0105cej si\u0119 piel\u0119gnacj\u0105 pami\u0119ci Inki. My\u015bl\u0119, \u017ce prezes tej instytucji albo zwariowa\u0142, albo jest kompletnym cynikiem. Z jednej strony Inka patrz\u0105ca si\u0119 w luf\u0119 ubeckiego pistoletu, gin\u0105ca za to, \u017ce chcia\u0142a uratowa\u0107 Polak\u00f3w przed zag\u0142ad\u0105 \u2013 z drugiej minister patrz\u0105cy w oczy Polakom, wydaj\u0105cy ukazy skazuj\u0105ce ich na \u015bmier\u0107. Inka takim gagatkom, kt\u00f3rzy spuszczali Polak\u00f3w do do\u0142\u00f3w, to raczej odpala\u0142a przy skroni pistolet. Dzi\u015b pami\u0119\u0107 zbrukana. No rzeczywi\u015bcie, prezesie, znale\u017a\u0107 sobie taki kontekst do umieszczenia obok pami\u0119ci Inki, to trzeba by\u0107 debilem. Bo je\u015bli to cynizm, to jeste\u015b Pan sko\u0144czony, bez przebaczenia. Ale dobra, niech b\u0119dzie Inka. Mam nadziej\u0119, \u017ce wobec nagrodzonego, kiedy\u015b nar\u00f3d \u201ezachowa si\u0119 porz\u0105dnie\u201d. Tyle powinno wystarczy\u0107.<\/p>\r\n<p>Ale chyba nie \u2013 mo\u017ce trzeba b\u0119dzie na niego patrze\u0107 kolejne lata, jak b\u0119dzie si\u0119 chowa\u0142 pod kamieniem poselskiego immunitetu. Wybrany przez suwerena przecie\u017c. B\u0119dzie to chodz\u0105cy wyrzut sumienia, ale tylko dla tych, co jeszcze je ocalili, a wi\u0119c pewnie niewielki.<\/p>\r\n<p>PS. Tak dla przybli\u017cenia, to 250.000 zgon\u00f3w \u2013 daje ponad 2.600 tupolew\u00f3w, jak ten co spad\u0142 w Smole\u0144sku. My\u015bl\u0119, \u017ce byli\u015bmy \u201ena \u015bcie\u017cce i na kursie\u201d. Pytanie czyim?&nbsp;<\/p>\r\n<p><strong><em>Jerzy Karwelis<\/em><\/strong><\/p>\r\n<p>11 kwietnia, dzie\u0144 1135.<br>\r\nWpis nr 1124<br>\r\nzaka\u017ce\u0144\/zgon\u00f3w 146\/0<\/p>\r\n<p><em>Wszystkie wpisy na <span style=\"text-decoration: underline;\"><a href=\"https:\/\/dziennikzarazy.pl\/\">moim blogu<\/a><\/span><\/em> \u201eDziennik zarazy\u201d.<\/p>\r\n<\/div>","protected":false},"excerpt":{"rendered":"Ja tam pami\u0119tliwy ani wredny do ludzi staram si\u0119 nie by\u0107. Zawsz\u0119 daj\u0119 spotkanemu cz\u0142owiekowi dwie szanse: pierwsz\u0105 i ostatni\u0105. Nie mszcz\u0119 si\u0119 za krzywdy, za to raczej nie utrzymuj\u0119 stosunk\u00f3w. Uwa\u017cam si\u0119 za porz\u0105dnego go\u015bcia, za\u015b zrobienie takiemu komu\u015b krzywdy \u2013 nie tylko mnie, ale ka\u017cdemu porz\u0105dnemu \u2013 uwa\u017cam za dyskwalifikuj\u0105ce. Poza tym jestem [&hellip;]","protected":false},"author":1,"featured_media":0,"comment_status":"closed","ping_status":"closed","sticky":false,"template":"","format":"standard","meta":{"_acf_changed":false,"_monsterinsights_skip_tracking":false,"_monsterinsights_sitenote_active":false,"_monsterinsights_sitenote_note":"","_monsterinsights_sitenote_category":0,"ngg_post_thumbnail":0,"footnotes":"","_wp_rev_ctl_limit":""},"categories":[13],"tags":[433,92,20],"acf":[],"_links":{"self":[{"href":"https:\/\/www.bibula.com\/index.php?rest_route=\/wp\/v2\/posts\/139833"}],"collection":[{"href":"https:\/\/www.bibula.com\/index.php?rest_route=\/wp\/v2\/posts"}],"about":[{"href":"https:\/\/www.bibula.com\/index.php?rest_route=\/wp\/v2\/types\/post"}],"author":[{"embeddable":true,"href":"https:\/\/www.bibula.com\/index.php?rest_route=\/wp\/v2\/users\/1"}],"replies":[{"embeddable":true,"href":"https:\/\/www.bibula.com\/index.php?rest_route=%2Fwp%2Fv2%2Fcomments&post=139833"}],"version-history":[{"count":2,"href":"https:\/\/www.bibula.com\/index.php?rest_route=\/wp\/v2\/posts\/139833\/revisions"}],"predecessor-version":[{"id":139840,"href":"https:\/\/www.bibula.com\/index.php?rest_route=\/wp\/v2\/posts\/139833\/revisions\/139840"}],"wp:attachment":[{"href":"https:\/\/www.bibula.com\/index.php?rest_route=%2Fwp%2Fv2%2Fmedia&parent=139833"}],"wp:term":[{"taxonomy":"category","embeddable":true,"href":"https:\/\/www.bibula.com\/index.php?rest_route=%2Fwp%2Fv2%2Fcategories&post=139833"},{"taxonomy":"post_tag","embeddable":true,"href":"https:\/\/www.bibula.com\/index.php?rest_route=%2Fwp%2Fv2%2Ftags&post=139833"}],"curies":[{"name":"wp","href":"https:\/\/api.w.org\/{rel}","templated":true}]}}