{"id":139669,"date":"2023-03-31T20:51:10","date_gmt":"2023-04-01T00:51:10","guid":{"rendered":"https:\/\/www.bibula.com\/?p=139669"},"modified":"2023-03-31T20:51:10","modified_gmt":"2023-04-01T00:51:10","slug":"bedziemy-druga-japonia-stanislaw-michalkiewicz","status":"publish","type":"post","link":"https:\/\/www.bibula.com\/?p=139669","title":{"rendered":"B\u0119dziemy drug\u0105 Japoni\u0105? &#8211; <em>Stanis\u0142aw Michalkiewicz<\/em>"},"content":{"rendered":"<div class=\"p_underline\">\r\n<p class=\"has-drop-cap\"><strong>Poniewa\u017c kampania obsrywania Jana Paw\u0142a II zosta\u0142a sprawnie wykorzystana przez \u201edobr\u0105 zmian\u0119\u201d w kampanii wyborczej, organizatorzy publicznej debaty rzucili na rynek \u2013 niczym deficytowy towar za pierwszej komuny \u2013 nowy temat w postaci wsp\u00f3lnej listy obozu zdrady i zaprza\u0144stwa. <\/strong><\/p>\r\n<p>Zar\u00f3wno Judenrat \u201eGazety Wyborczej\u201d, jak i wybitni intelektuali\u015bci i autorytety moralne, np. m\u00f3j faworyt, pan prof. Wojciech Sadurski, stoj\u0105 na nieub\u0142aganym stanowisku, \u017ce jedna lista jest warunkiem sine qua non zrobienia faszystowskiemu re\u017cymowi \u201eno pasaran\u201d \u2013 jak to by\u0142o za J\u00f3zefa Stalina, kiedy to \u201eno pasaran\u201d znienawidzonemu faszyzmowi robi\u0142y fo\u0142ksfronty.<\/p>\r\n<p><span id=\"more-112618\"><\/span>Mimo tego podobie\u0144stwa, jest i r\u00f3\u017cnica, \u017ce wtedy chodzi\u0142o o pozostaj\u0105c\u0105 pod kuratel\u0105 sowieck\u0105 lokaln\u0105 parti\u0119 komunistyczn\u0105, kt\u00f3ra miejscowym fo\u0142ksfrontem dyrygowa\u0142a, podczas gdy teraz rol\u0119 dyrygenta mia\u0142aby przej\u0105\u0107 Volksdeutsche Partei, pozostaj\u0105ca pod kuratel\u0105 niemieck\u0105.<\/p>\r\n<p>S\u0119k w tym, \u017ce Polska jako ca\u0142o\u015b\u0107 pozostaje pod kuratel\u0105 ameryka\u0144sk\u0105 i kto wie, czy ju\u017c wkr\u00f3tce nie zostanie kolejnym stanem USA, je\u015bli tylko b\u0119dzie przybywa\u0107 u nas ameryka\u0144skich garnizon\u00f3w. To by nawet by\u0142o jakie\u015b wyj\u015bcie, bo w niepodleg\u0142o\u015bci\u0105, kt\u00f3rej zreszt\u0105 i tak niewiele nam ju\u017c zosta\u0142o, mamy same zgryzoty, a tak, to martwi\u0142by si\u0119 o to rz\u0105d w Waszyngtonie, tak samo, jak on, a nie my, organizowa\u0142by pomoc dla Ukrainy, nie pchaj\u0105c nas do wojny z Rosj\u0105, bo wtedy musia\u0142yby wojowa\u0107 Stany Zjednoczone, kt\u00f3re tego ryzyka najwyra\u017aniej wol\u0105 unikn\u0105\u0107.<\/p>\r\n<p>Dlatego postulat zap\u0119dzenia ca\u0142ego obozu zdrady i zaprza\u0144stwa do wsp\u00f3lnej obory pod komend\u0119 niemieckiego oborowego, nie ma chyba wi\u0119kszych szans.<\/p>\r\n<p>W tej sytuacji obr\u00f3\u0107my oczy na Stany Zjednoczone, kt\u00f3re do niedawna by\u0142y eksporterem demokracji, co prawda z r\u00f3\u017cnym skutkiem, bo w zale\u017cno\u015bci od lokalnej specyfiki, a i m\u0105dro\u015bci etapu. Na przyk\u0142ad od ko\u0144ca lat 60-tych ukochan\u0105 dusze\u0144k\u0105 USA w Afryce by\u0142 Joseph Desire Mobutu Sese Seko Kuku Mwaza Banga, kt\u00f3ry jako w\u0142adca Zairu, czyli dawnego Konga Belgijskiego, hojnie rozdziela\u0142 ameryka\u0144skim firmom koncesje na eksploatowanie tamtejszych bogactw.<\/p>\r\n<p>\u201eP\u00f3ki goni\u0142 zaj\u0105ce, p\u00f3ki kaczki znosi\u0142, Kasztan co chcia\u0142, to u pana swojego wyprosi\u0142\u201d \u2013 pisa\u0142 pozbawiony z\u0142udze\u0144 ksi\u0105dz biskup Krasicki. I rzeczywi\u015bcie; kiedy tylko na horyzoncie pojawi\u0142 si\u0119 Wawrzyniec Kabila, kt\u00f3ry ameryka\u0144skim firmom jeszcze hojniej udost\u0119pni\u0142 wszystkie bogactwa Katangi, zaraz si\u0119 okaza\u0142o, \u017ce Mobutu \u201e\u0142amie prawa cz\u0142owiek\u00f3w\u201d, w nast\u0119pstwie czego musia\u0142 schroni\u0107 si\u0119 w Rabacie, gdzie taktownie umar\u0142.<\/p>\r\n<p>Ale i w samych Stanach Zjednoczonych rozmaicie bywa. Na przyk\u0142ad Barry Goldwater twierdzi\u0142, \u017ce za\u0142o\u017cona w roku 1973 przez Dawida Rockefellera Komisja Tr\u00f3jstronna ma na celu przej\u0119cie kontroli nad polityk\u0105 rz\u0105du USA. Co\u015b mog\u0142o by\u0107 na rzeczy, bo kiedy w Ameryce przyst\u0119powano do przygotowania w Europie \u015arodkowej s\u0142awnej transformacji ustrojowej, do Nowego Jorku zosta\u0142 we wrze\u015bniu 1985 roku zaproszony genera\u0142 Wojciech Jaruzelski. W rozmowie z nim Dawid Rockefeller udzieli\u0142 mu zbawiennego pouczenia tre\u015bci nast\u0119puj\u0105cej: \u201ety lepiej nic nie m\u00f3w, bo jak ty m\u00f3wisz, to ty tracisz, a jak ja m\u00f3wi\u0119, to ty zyskujesz\u201d.<\/p>\r\n<p><span class=\"pullquote\"><!-- Gdyby bowiem Polska zosta\u0142a \u201edrug\u0105 Japoni\u0105\u201d z dnia 6 sierpnia 1945 roku, kiedy to ameryka\u0144ska bomba atomowa spad\u0142a na Hiroszim\u0119, to mo\u017ce by\u0142oby lepiej za bardzo si\u0119 do Japonii nie upodabnia\u0107? --><\/span><\/p>\r\n<p>Tote\u017c premier-genera\u0142 by\u0142 cichy i pokornego serca, niczym resortowa \u201eStokrotka\u201d po obsztorc\u00f3wie ze strony Leszka Balcerowicza, kt\u00f3rego pr\u00f3bowa\u0142a przes\u0142uchiwa\u0107 po swojemu. Inna sprawa, \u017ce Dawid Rockefeller co\u015b tam musia\u0142 o naszym nieszcz\u0119\u015bliwym kraju wiedzie\u0107, skoro do Komisji Tr\u00f3jstronnej zaprosi\u0142 albo tajnych wsp\u00f3\u0142pracownik\u00f3w SB, jak pan Jerzy Baczy\u0144ski, Marek Belka, czy pan dr Andrzej Olechowski, albo osobisto\u015bci czynne w sektorze finans\u00f3w, b\u0119d\u0105cym, jak wiadomo, rodzajem monopolu starych kiejkut\u00f3w, albo wreszcie \u017byd\u00f3w, np. w osobie pani Wandy Rapaczy\u0144skiej.<\/p>\r\n<p>Potwierdza to w ca\u0142ej rozci\u0105g\u0142o\u015bci moj\u0105 ulubion\u0105 teori\u0119 spiskow\u0105, a obecno\u015b\u0107 w tym gronie bi\u0142gorajskiego filozofa Janusza Palikota pokazuje, \u017ce i tam nie ma rzeczy doskona\u0142ych i zdarzaj\u0105 si\u0119 wypadki przy pracy.<\/p>\r\n<p>W podobnym dysonansie poznawczym pogr\u0105\u017cy\u0142 si\u0119 uczestnicz\u0105cy w kampanii obsrywania Jana Paw\u0142a II pochodz\u0105cy z Kr\u00f3lestwa Niderland\u00f3w pan Ekke Overbek. Zwierzy\u0142 si\u0119 on reporterowi \u017cydowskiej telewizji dla Polak\u00f3w, \u017ce Polska jest \u201emarginesem Europy\u201d. Najwyra\u017aniej nie s\u0142ysza\u0142 o opinii Normana Daviesa, wed\u0142ug kt\u00f3rego Polska le\u017cy \u201ew sercu Europy\u201d. Trudno mu si\u0119 jednak dziwi\u0107, skoro sam pad\u0142 ofiar\u0105 pana Lisi\u0144skiego, kt\u00f3ry \u2013 podobnie jak Dreptak Zenek, bohater s\u0142ynnej ballady Tadeusza Chy\u0142y \u2013 okaza\u0142 si\u0119 znanym naci\u0105gaczem.<\/p>\r\n<p>Pan Lisi\u0144ski za\u0142o\u017cy\u0142 by\u0142 fundacj\u0119 \u201eNie bzykajcie si\u0119\u201d, czy jako\u015b tak i zaprezentowa\u0142 si\u0119 w charakterze ofiary ksi\u0119\u017cego molestowania nie tylko panu Overbekowi, kt\u00f3ry \u2013 niczym Kr\u00f3l ze s\u0142ynnej ballady Aleksandra Fredry \u2013 na \u0142zy ofiarne by\u0142 czu\u0142y \u2013 ale r\u00f3wnie\u017c mojej faworycie, Wielce Czcigodnej Joannie Scheuring-Wielgus, kt\u00f3ra z tego wsp\u00f3\u0142czucia zawlok\u0142a go a\u017c do Watykanu i podstawi\u0142a papie\u017cowi Franciszkowi, kt\u00f3ry poca\u0142owa\u0142 go \u2013 na szcz\u0119\u015bcie tylko w r\u0119k\u0119.<\/p>\r\n<p>Tymczasem, wbrew opinii pana Overbeka, okaza\u0142o si\u0119, \u017ce premier Japonii pan Kishida, poruszony do g\u0142\u0119bi serca gorej\u0105cego osi\u0105gni\u0119ciami, trafno\u015bci\u0105 diagnoz i pi\u0119knem wymowy pana premiera Morawieckiego, podj\u0105\u0142 decyzj\u0119 o specjalnym traktowaniu Polski, chocia\u017c formalnie \u2013 w\u0142a\u015bnie z uwagi na owe sukcesy, o kt\u00f3rych pan premier Morawiecki tak pi\u0119knie mu opowiada\u0142 \u2013 Polska nie jest zaliczana do kraj\u00f3w otrzymuj\u0105cych pomoc. Przeciwnie \u2013 jak wiadomo, Polska na podstawie umowy z 2 grudnia 2016 roku zobowi\u0105za\u0142a si\u0119 do udost\u0119pnienia zasob\u00f3w ca\u0142ego pa\u0144stwa Ukrainie i to za darmo.<\/p>\r\n<p>W tej sytuacji to mi\u0142o ze strony japo\u0144skiego premiera, \u017ce si\u0119 ulitowa\u0142 nad nami, bo dzi\u0119ki temu po 30 latach mo\u017ce spe\u0142ni\u0107 si\u0119 obietnica Kuku\u0144ka, \u017ce Polska b\u0119dzie \u201edrug\u0105 Japoni\u0105\u201d. Oczywi\u015bcie bardzo si\u0119 z tego cieszymy, bo jak\u017ce tu si\u0119 nie cieszy\u0107, chocia\u017c z ostro\u017cno\u015bci warto sprecyzowa\u0107, o jaki okres w historii Japonii nam chodzi. Gdyby bowiem Polska zosta\u0142a \u201edrug\u0105 Japoni\u0105\u201d z dnia 6 sierpnia 1945 roku, kiedy to ameryka\u0144ska bomba atomowa spad\u0142a na Hiroszim\u0119, to mo\u017ce by\u0142oby lepiej za bardzo si\u0119 do Japonii nie upodabnia\u0107?<\/p>\r\n<p>Wspominam o tym w kontek\u015bcie deklaracji pana Jana Emeryka Ro\u015bciszewskiego, ambasadora RP we Francji, kt\u00f3ry niedawno da\u0142 do zrozumienia, \u017ce je\u015bli na Ukrainie prezydentowi Ze\u0142e\u0144skiemu co\u015b p\u00f3jdzie nie tak, to Polska nie b\u0119dzie mia\u0142a innego wyj\u015bcia, jak przyst\u0105pi\u0107 do wojny z Rosj\u0105. Spotka\u0142a go za to surowa krytyka, ale nies\u0142usznie, bo dzi\u0119ki jego szczero\u015bci, lepiej wiemy, o co walczymy i za co zginiemy \u2013 jak w swoim czasie odgra\u017cali si\u0119 PPR-owcy.<\/p>\r\n<p>W tej sytuacji jedynym ratunkiem dla nas mog\u0142oby by\u0107 przy\u0142\u0105czenie Polski do USA. Po pierwsze dlatego, \u017ce Pan Nasz mi\u0142osierny z Waszyngtonu nie pozwoli\u0142by premierowi Morawieckiemu, ani panu prezydentowi Dudzie na \u017cadne samowolki tym bardziej, \u017ce w przypadku \u201ew\u0142\u0105czenia si\u0119\u201d Polski do wojny z Rosj\u0105 m\u00f3g\u0142by nie zadzia\u0142a\u0107 s\u0142ynny art. 5 traktatu waszyngto\u0144skiego. Uruchamiany jest on bowiem tylko w przypadku \u201ezbrojnej napa\u015bci\u201d na pa\u0144stwo cz\u0142onkowskie NATO, natomiast nie w przypadku, gdy pa\u0144stwo cz\u0142onkowskie samo kogo\u015b napadnie, albo tylko \u201ew\u0142\u0105czy si\u0119\u201d do cudzej wojny.<\/p>\r\n<p><strong><em>Stanis\u0142aw Michalkiewicz<\/em><\/strong><\/p>\r\n<p>Felieton &nbsp;<b>\u2022<\/b>&nbsp; Portal Informacyjny \u201eMagna Polonia\u201d (www.magnapolonia.org) &nbsp;<b>\u2022<\/b>&nbsp; 30 marca 2023<\/p>\r\n<\/div>","protected":false},"excerpt":{"rendered":"Poniewa\u017c kampania obsrywania Jana Paw\u0142a II zosta\u0142a sprawnie wykorzystana przez \u201edobr\u0105 zmian\u0119\u201d w kampanii wyborczej, organizatorzy publicznej debaty rzucili na rynek \u2013 niczym deficytowy towar za pierwszej komuny \u2013 nowy temat w postaci wsp\u00f3lnej listy obozu zdrady i zaprza\u0144stwa. Zar\u00f3wno Judenrat \u201eGazety Wyborczej\u201d, jak i wybitni intelektuali\u015bci i autorytety moralne, np. m\u00f3j faworyt, pan prof. [&hellip;]","protected":false},"author":1,"featured_media":0,"comment_status":"closed","ping_status":"closed","sticky":false,"template":"","format":"standard","meta":{"_acf_changed":false,"_monsterinsights_skip_tracking":false,"_monsterinsights_sitenote_active":false,"_monsterinsights_sitenote_note":"","_monsterinsights_sitenote_category":0,"ngg_post_thumbnail":0,"footnotes":"","_wp_rev_ctl_limit":""},"categories":[13],"tags":[92,228,51,34,221],"acf":[],"_links":{"self":[{"href":"https:\/\/www.bibula.com\/index.php?rest_route=\/wp\/v2\/posts\/139669"}],"collection":[{"href":"https:\/\/www.bibula.com\/index.php?rest_route=\/wp\/v2\/posts"}],"about":[{"href":"https:\/\/www.bibula.com\/index.php?rest_route=\/wp\/v2\/types\/post"}],"author":[{"embeddable":true,"href":"https:\/\/www.bibula.com\/index.php?rest_route=\/wp\/v2\/users\/1"}],"replies":[{"embeddable":true,"href":"https:\/\/www.bibula.com\/index.php?rest_route=%2Fwp%2Fv2%2Fcomments&post=139669"}],"version-history":[{"count":1,"href":"https:\/\/www.bibula.com\/index.php?rest_route=\/wp\/v2\/posts\/139669\/revisions"}],"predecessor-version":[{"id":139670,"href":"https:\/\/www.bibula.com\/index.php?rest_route=\/wp\/v2\/posts\/139669\/revisions\/139670"}],"wp:attachment":[{"href":"https:\/\/www.bibula.com\/index.php?rest_route=%2Fwp%2Fv2%2Fmedia&parent=139669"}],"wp:term":[{"taxonomy":"category","embeddable":true,"href":"https:\/\/www.bibula.com\/index.php?rest_route=%2Fwp%2Fv2%2Fcategories&post=139669"},{"taxonomy":"post_tag","embeddable":true,"href":"https:\/\/www.bibula.com\/index.php?rest_route=%2Fwp%2Fv2%2Ftags&post=139669"}],"curies":[{"name":"wp","href":"https:\/\/api.w.org\/{rel}","templated":true}]}}