{"id":139551,"date":"2023-03-23T11:18:13","date_gmt":"2023-03-23T15:18:13","guid":{"rendered":"https:\/\/www.bibula.com\/?p=139551"},"modified":"2023-03-23T15:35:44","modified_gmt":"2023-03-23T19:35:44","slug":"abp-carlo-maria-vigano-biden-to-kukla-nalezy-bac-sie-jego-animatorow","status":"publish","type":"post","link":"https:\/\/www.bibula.com\/?p=139551","title":{"rendered":"Abp. Carlo Maria Vigan\u00f2: &#8222;Biden to kuk\u0142a. Obecny kryzys mi\u0119dzynarodowy zosta\u0142 sprowokowany przez ameryka\u0144skie 'g\u0142\u0119bokie pa\u0144stwo'&#8221;"},"content":{"rendered":"<header class=\"post-header\"><\/header>\r\n<div class=\"post-inner\">\r\n<div class=\"post-content\">\r\n<p><em><strong>Transkrypcja wywiadu z monsignorem Carlo Maria Vigan\u00f2, przeprowadzonego przez Armando Mannocchi\u0119 dla programu Piazza Libert\u00e0.<\/strong><\/em><\/p>\r\n<p>***<\/p>\r\n<p><strong><em>Eminencjo, jaka jest Jego opinia na temat mi\u0119dzynarodowej sytuacji politycznej? Czy nie wydaje si\u0119 mu, \u017ce zmienia si\u0119 narracja dotycz\u0105ca Ukrainy?<\/em><\/strong><\/p>\r\n<p>Obecny kryzys mi\u0119dzynarodowy zosta\u0142 sprowokowany przez ameryka\u0144skie <em>g\u0142\u0119bokie pa\u0144stwo<\/em> w celu zniszczenia tkanki spo\u0142ecznej i gospodarczej pa\u0144stw europejskich. Owa destrukcja gospodarcza zacz\u0119\u0142a si\u0119 od farsy pandemicznej i lockdown\u00f3w, ale postanowiono zrobi\u0107 j\u0105 jeszcze bardziej niszcz\u0105c\u0105 poprzez sankcje na Federacj\u0119 Rosyjsk\u0105 ze strony Unii Europejskiej, po reakcji Rosji na prowokacje natowskie i prze\u015bladowanie mniejszo\u015bci rosyjskoj\u0119zycznej \u2013 od roku 2014, wraz z naruszeniem protoko\u0142\u00f3w mi\u0144skich \u2013 dokonane przez marionetkowy re\u017cim Zelenskiego. Sprawy posz\u0142y zgodnie z planem, jak widzieli\u015bmy, a narracja g\u0142\u00f3wnego nurtu natychmiast dostosowa\u0142a si\u0119.<\/p>\r\n<p>Z kryzysu ukrai\u0144skiego, ameryka\u0144skie <em>deep state<\/em> czerpie natychmiastow\u0105 korzy\u015b\u0107, na kilku frontach. Po pierwsze, europejskie pa\u0144stwa cz\u0142onkowskie NATO wysy\u0142aj\u0105 na Ukrain\u0119 uzbrojenie i amunicj\u0119, w wi\u0119kszo\u015bci z istniej\u0105cych arsena\u0142\u00f3w, a tym samym w razie konfliktu odejmuj\u0105 je z wyposa\u017cenia obrony narodowej. Prowadzi to do nowych zam\u00f3wie\u0144 do fabryk broni i kolosalnych obrot\u00f3w, nie m\u00f3wi\u0105c ju\u017c o kontyngentach najemnik\u00f3w.<\/p>\r\n<p>Po drugie, wraz z kryzysem wynikaj\u0105cym z sankcji wobec Federacji Rosyjskiej, uzale\u017cnienie gazowe Europy przesz\u0142o w r\u0119ce USA: Europa zerwa\u0142a stosunki handlowe z Moskw\u0105, kt\u00f3re gwarantowa\u0142y jej tanie dostawy gazu, aby uzale\u017cni\u0107 si\u0119 od Ameryki po dziesi\u0119ciokrotnie wy\u017cszych cenach.<\/p>\r\n<p>Po trzecie, kryzys energetyczny jest wykorzystywany jako okazja do wzmocnienia zielonej transformacji opartej na oszustwie klimatycznym, za spraw\u0105 kt\u00f3rego cz\u0142onkom \u015awiatowego Forum Ekonomicznego gwarantuje si\u0119 kolejn\u0105 ogromn\u0105 rund\u0119 pieni\u0119dzy przy pomocy zero-w\u0119glowego szale\u0144stwa. Nie trzeba dodawa\u0107, \u017ce interesy gospodarcze poddanych s\u0105 podporz\u0105dkowane celom globalistycznej elity w zakresie dominacji nad \u015bwiatem, kt\u00f3ra jest ju\u017c gotowa do zaostrzenia kontroli i do pogwa\u0142cenia praw podstawowych za pomoc\u0105 15-minutowych miast, cyfrowego dowodu to\u017csamo\u015bci i przyj\u0119cia kredytu spo\u0142ecznego powi\u0105zanego z ilo\u015bci\u0105 wyprodukowanego CO2.<\/p>\r\n<p>W tym kontek\u015bcie mi\u0119dzynarodowym dodano r\u00f3wnie\u017c kwesti\u0119 pandemii: pojawiaj\u0105 si\u0119 dowody na zaanga\u017cowanie rz\u0105d\u00f3w pa\u0144stw cz\u0142onkowskich WHO w cenzur\u0119 wiadomo\u015bci na portalach spo\u0142eczno\u015bciowych oraz operacj\u0119 propagandow\u0105 w mediach z udzia\u0142em dziennikarzy i firm informacyjnych op\u0142acanych w celu wspierania narracji: najpierw pandemia, potem szczepionka, potem wojna, potem energia.<\/p>\r\n<p>Problem polega na tym, \u017ce marionetka Bidena i Sorosa \u2013 Zelenski \u2013 zmuszony jest do lojalno\u015bci wobec dw\u00f3ch podmiot\u00f3w, kt\u00f3rym zawdzi\u0119cza sw\u00f3j polityczny awans, swoje zyski i swoj\u0105 przysz\u0142o\u015b\u0107, pocz\u0105wszy od banalnego przetrwania. Z jednej strony globalistyczne <em>deep state<\/em> domaga si\u0119 od Zelenskiego podporz\u0105dkowania si\u0119 nie tylko odno\u015bnie prowokowania Rosji i odrzucenia jakiegokolwiek porozumienia pokojowego, ale tak\u017ce wprowadzenia ma\u0142\u017ce\u0144stw os\u00f3b tej samej p\u0142ci, gender, doktryny LGBTQ: czyli czego\u015b, co robi niemal priorytetowo w stosunku do konfliktu z Federacj\u0105 Rosyjsk\u0105. Z drugiej strony, wewn\u0119trzne wsparcie Ukrainy pochodzi od batalion\u00f3w i ruch\u00f3w neonazistowskich, ale owi fanatycy szybko usun\u0105 Zelenskiego, gdy jego polityka nie b\u0119dzie kompatybilna z ich w\u0142asn\u0105. A Zelenski, jak wszystkie \u00abmuchy-stangrety\u00bb <em>(chodzi o much\u0119 z bajki La Fontaine\u2019a: \u00abDyli\u017cans i mucha\u00bb),<\/em> wierzy, \u017ce mo\u017ce gra\u0107 lidera \u2013&nbsp; podnosz\u0105c stawk\u0119, gro\u017c\u0105c uderzeniem na Federacj\u0119 Rosyjsk\u0105 \u2013 &nbsp;marzy\u0107 o zdobyciu Krymu i zniszczeniu moskiewskiego imperium na dobre. Zelenski zaczyna denerwowa\u0107 nie tylko swoich pretorian\u00f3w, ale i <em>deep state,<\/em> bo oni wszyscy lubi\u0105 straszenie wojn\u0105 \u015bwiatow\u0105, ale ma\u0142o kt\u00f3ry z nich chcia\u0142by prawdziwej wojny \u015bwiatowej.<\/p>\r\n<p>Oto dlaczego zmienia si\u0119 narracja: niekt\u00f3re pa\u0144stwa europejskie i wielu cz\u0142onk\u00f3w Kongresu USA nie chc\u0105 ca\u0142kowicie zniszczy\u0107 gospodarki narodowej i scedowa\u0107 dalszej suwerenno\u015bci na rzecz globalistycznych si\u0142 ponadnarodowych. To ka\u017ce mi s\u0105dzi\u0107, \u017ce kto\u015b \u2013 co by\u0142o powszechnie do przewidzenia \u2013 wykorzysta psychopandemiczne skandale i przest\u0119pstwa pope\u0142nione przez ich protagonist\u00f3w, by pozby\u0107 si\u0119 lider\u00f3w, kt\u00f3rzy stali si\u0119 niewygodni na arenie kryzysu mi\u0119dzynarodowego i wierno\u015bci <em>Agendzie 2030<\/em>. Je\u015bli Kongres USA postawi Joe Bidena w stan oskar\u017cenia, albo og\u0142osi go niepoczytalnym, lub je\u015bli zostanie znaleziony martwy wskutek niespodziewanego ataku choroby, wszyscy odetchn\u0105 z ulg\u0105, nawet w\u015br\u00f3d Demokrat\u00f3w. Ale upadek Bidena, opr\u00f3cz proces\u00f3w przeciwko agencjom rz\u0105dowym za \u0142amanie praw konstytucyjnych i proces\u00f3w przeciwko s\u0142ugusom <em>Big Pharmy<\/em> za wyprodukowanie w laboratorium wirusa w celu zainicjowania \u015bwiatowego przewrotu z lockdownami i masowymi szczepieniami; wszystko to powinno os\u0142abi\u0107 globalistyczn\u0105 elit\u0119, i doda\u0107 odwagi jakiemu\u015b politykowi lub s\u0119dziemu, by oskar\u017cy\u0107 George\u2019a Sorosa i Klausa Schwaba o przewr\u00f3t. Po ich kompromitacji piekielny projekt Nowego Porz\u0105dku \u015awiata powinien przynajmniej na jaki\u015b czas zosta\u0107 od\u0142o\u017cony na bok. Zelenski najprawdopodobniej sko\u0144czy jak Saddam Hussein i Kadafi, bo nie daje \u017cadnej gwarancji, \u017ce b\u0119dzie umia\u0142 zachowa\u0107 tajemnice, kt\u00f3re pozna\u0142, pocz\u0105wszy od ameryka\u0144skich bio-lab\u00f3w na Ukrainie. Nie by\u0142by to pierwszy raz, kiedy sojusznik z pierwszej godziny staje si\u0119 z dnia na dzie\u0144 niebezpiecznym dyktatorem; a wiemy, \u017ce USA nigdy nie stawia owych dyktator\u00f3w przed s\u0105dem.<\/p>\r\n<p>&nbsp;<\/p>\r\n<p><strong>Jako by\u0142y nuncjusz apostolski w Stanach Zjednoczonych, jak ocenia Eminencja zachowanie Ameryki, a administracji Bidena w szczeg\u00f3lno\u015bci?<\/strong><\/p>\r\n<p>Joe Biden jest \u017ca\u0142osn\u0105 marionetk\u0105 <em>g\u0142\u0119bokiego pa\u0144stwa<\/em> i elit globalistycznych. Jego wyb\u00f3r zosta\u0142 uzyskany przez oszustwo, i utrzymany przy \u017cyciu dzi\u0119ki inscenizacji na Kapitolu z 6 stycznia 2021 roku, kryzysowi psychopandemicznemu, a teraz kryzysowi ukrai\u0144skiemu. Jego poziom korupcji czyni go ca\u0142kowicie szanta\u017cowalnym \u2013 jak w przypadku prawie wszystkich mi\u0119dzynarodowych przyw\u00f3dc\u00f3w \u2013 ale zwyrodnienie poznawcze, na kt\u00f3re cierpi obecnie, pokazuje, \u017ce jest ca\u0142kowicie nieodpowiedni do roli, kt\u00f3r\u0105 pe\u0142ni, poniewa\u017c r\u00f3wnie\u017c Biden, podobnie jak Zelenski, mo\u017ce powiedzie\u0107 lub zrobi\u0107 co\u015b, czego nie powinien powiedzie\u0107 lub zrobi\u0107. Prawdziwie przera\u017caj\u0105cy i niebezpieczni s\u0105 w\u0142adcy marionetki Bidena, czyli demokraci z ich ideologi\u0105 <em>woke,<\/em> <em>deep state<\/em> z ich projektem globalistycznym, pro-syjonistyczni i pod\u017cegaj\u0105cy do wojny teokoni, kryminalna sie\u0107 satanistycznych pedofil\u00f3w, kt\u00f3ra przenikn\u0119\u0142a do serca pa\u0144stwa, do sektora prywatnego, informacji, Hollywood i ko\u015bcio\u0142a bergogli\u0144skiego.<\/p>\r\n<p>Joe Biden jest jak Jorge Mario Bergoglio: znajduje si\u0119 na szczycie instytucji, kt\u00f3r\u0105 ma zniszczy\u0107, nie tylko w\u0142asnymi dzia\u0142aniami rz\u0105dowymi i sieci\u0105 korupcji, kt\u00f3r\u0105 wykorzystuje, ale tak\u017ce dyskredytacj\u0105, kt\u00f3r\u0105 na ni\u0105 rzuca. Bergoglio robi to samo w Ko\u015bciele, wspierany przez <em>g\u0142\u0119boki ko\u015bci\u00f3\u0142,<\/em> kt\u00f3ry dubluje <em>g\u0142\u0119bokie pa\u0144stwo,<\/em> i kt\u00f3ry zosta\u0142 wybrany przez nie, aby nie dopu\u015bci\u0107 do tego, by obecno\u015b\u0107 Benedykta XVI udaremni\u0142a globalistyczny pucz. I tak jak Bergoglio jest ca\u0142kowicie nienadaj\u0105cy si\u0119 do roli papie\u017ca, tak samo Biden jest ca\u0142kowicie nienadaj\u0105cy si\u0119 do roli prezydenta Stan\u00f3w Zjednoczonych. Ale w\u0142a\u015bnie dlatego znajduj\u0105 si\u0119 tam. Mi\u0119dzy innymi, obaj nale\u017c\u0105 do tego \u201cpost\u0119powego katolicyzmu\u201d, kt\u00f3ry od Soboru Watyka\u0144skiego II sprzymierzy\u0142 si\u0119 z maso\u0144sk\u0105 elit\u0105 w celu realizacji synarchicznego projektu Nowego Porz\u0105dku \u015awiata. I obydwaj \u2013 podobnie jak Obama i Nancy Pelosi \u2013 nale\u017c\u0105 do tej \u201dku\u017ani\u201d, kt\u00f3ra skorzysta\u0142a z takiej postaci jak McCarrick, a kt\u00f3ra dzi\u015b korzysta z us\u0142ug nie mniej skompromitowanych pra\u0142at\u00f3w, takich jak Cupich, Gregory, Tobin, Farrell, McElroy, zawdzi\u0119czaj\u0105cych swoje kariery ko\u015bcielne McCarrickowi.<\/p>\r\n<p>&nbsp;<\/p>\r\n<p><strong>W tych dniach pojawi\u0142a si\u0119 informacja, \u017ce rz\u0105d brytyjski rzekomo celowo wywar\u0142 nacisk na ludno\u015b\u0107, aby zasia\u0107 panik\u0119 i wymusi\u0107 szczepienia. Co Eminencja s\u0105dzi na ten temat?<\/strong><\/p>\r\n<p>Od maja 2020 roku pot\u0119piam zamach stanu dokonany przez spiskowc\u00f3w z Davos, a rozpocz\u0119ty od pandemii. Od tamtego czasu by\u0142o jasne, \u017ce istnieje ten sam scenariusz realizowany pod tego samego re\u017cysera: nie zapominajmy, \u017ce w 2019 roku zorganizowali wr\u0119cz pr\u00f3b\u0119 generaln\u0105 psychopandemicznej farsy, badaj\u0105c \u015brodki masowej manipulacji, kt\u00f3re mia\u0142y by\u0107 zastosowane w obliczu mo\u017cliwych scenariuszy, mog\u0105cych pojawia\u0107 si\u0119 stopniowo. To, co zrobi\u0142 brytyjski minister zdrowia, Matt Hancock, zrobili wszyscy jego odpowiednicy w krajach cz\u0142onkowskich WHO, stosuj\u0105c te same metody, to samo finansowanie medi\u00f3w, t\u0119 sam\u0105 cenzur\u0119 informacji niezale\u017cnych, t\u0119 sam\u0105 kampani\u0119 terroryzmu medialnego, to samo ukrywanie danych, nawet t\u0119 sam\u0105 frazeologi\u0119, te same s\u0142owa: zosta\u0144cie w domu, wszystko b\u0119dzie dobrze, zr\u00f3bmy to dla starszych, zr\u00f3bmy to dla m\u0142odych.<\/p>\r\n<p>&nbsp;<\/p>\r\n<p><strong>A we W\u0142oszech? Czy jest jaka\u015b nadzieja na to, \u017ce Speranza <\/strong>(<em>w\u0142oski minister zdrowia w okresie \u00abpandemii\u00bb<\/em>)<strong> trafi do wi\u0119zienia w zwi\u0105zku z dochodzeniami s\u0105du w Bergamo i planowan\u0105 komisj\u0105 \u015bledcz\u0105?<\/strong><\/p>\r\n<p>We W\u0142oszech minister Speranza, wraz z premierem Conte, a nast\u0119pnie Draghim, realizowali ten sam scenariusz, poniewa\u017c ci, kt\u00f3rzy wydaj\u0105 im polecenia, to ci sami, kt\u00f3rzy wydaj\u0105 polecenia w innych pa\u0144stwach. Nawet protoko\u0142y przymusowej wentylacji, tachypiryny i czujnego wyczekiwania, wysy\u0142ania os\u00f3b starszych do dom\u00f3w opieki, zakazu autopsji i kremacj<em>a<\/em> zw\u0142ok by\u0142y niewolniczo podobne do tego, co dzia\u0142o si\u0119 gdzie indziej. Nie jest mo\u017cliwe, \u017ce ta synchronizacja dzia\u0142a\u0144 jest przypadkowa, poniewa\u017c podj\u0119te \u015brodki nigdy nie by\u0142y cz\u0119\u015bci\u0105 \u017cadnego wcze\u015bniejszego Planu Pandemicznego, do tego stopnia, \u017ce aby zrobi\u0107 to, co zrobili, musieli uniemo\u017cliwi\u0107 wdro\u017cenie Narodowego Planu Pandemicznego.<\/p>\r\n<p>Speranza jest niew\u0105tpliwie winny, podobnie jak cz\u0142onkowie Komitetu Naukowo-Technicznego, <em>Istituto Superiore di Sanit\u00e0<\/em>, ASL i ich personel medyczny, a przede wszystkim premierzy, Komisja Europejska, Ema, WHO, Fundacja Billa i Melindy Gates oraz \u015awiatowe Forum Ekonomiczne. Ale jak to cz\u0119sto bywa w sprawach politycznych, my\u015bl\u0119, \u017ce prawdziwi sprawcy zdo\u0142aj\u0105 si\u0119 ulotni\u0107 na czas, natomiast zap\u0142ac\u0105 podw\u0142adni. Ale w\u0142a\u015bnie dlatego, \u017ce Speranza jest podw\u0142adnym, mam powody wierzy\u0107, \u017ce s\u0105d w ko\u0144cu uzna go za winnego i ska\u017ce.<\/p>\r\n<p>Nie pok\u0142adam wielkich nadziei w parlamentarnej komisji \u015bledczej: ktokolwiek wejdzie w jej sk\u0142ad i b\u0119dzie jej przewodniczy\u0142, pochodzi z Parlamentu, kt\u00f3ry zatwierdzi\u0142 \u015brodki stanowi\u0105ce ra\u017c\u0105ce naruszenie konstytucji i praw naturalnych, r\u00f3wnie\u017c dlatego, \u017ce trudno uwierzy\u0107, \u017ce pa\u015bnik, przy kt\u00f3rym ucztowa\u0142y prywatne kliniki, firmy, sp\u00f3\u0142dzielnie i media, nie da\u0142 zarobi\u0107 tak\u017ce tak zwanej centroprawicy. Ci, kt\u00f3rzy dwa lata temu przerobili swoje fabryki, by produkowa\u0107 maski lub sprzedawa\u0107 termometry, \u015brodki dezynfekuj\u0105ce i ekrany z pleksi, dzi\u015b ju\u017c przygotowuj\u0105 si\u0119 do produkcji m\u0105ki dla owad\u00f3w: oto nisko merkantylna mentalno\u015b\u0107 w\u0142oskich libera\u0142\u00f3w, kt\u00f3rzy od Meloni, Salviniego i Berlusconiego oczekuj\u0105 koniunktury, nie martwi\u0105c si\u0119 faktem, \u017ce w mi\u0119dzyczasie Zaia (<em>zarz\u0105dzaj\u0105cy prowincj\u0105<\/em>) otwiera klinik\u0119 zmiany p\u0142ci w \u201ckatolickim\u201d Veneto. Wr\u0119cz przeciwnie, ciesz\u0105 si\u0119 z obrot\u00f3w, jakie bardzo drogie terapie zapewni\u0105 klinikom prywatnym.<\/p>\r\n<p>&nbsp;<\/p>\r\n<p><strong>Przeczytali\u015bmy dwa bardzo szczeg\u00f3\u0142owe artyku\u0142y, kt\u00f3re Wasza Ekscelencja opublikowa\u0142 w ostatnich tygodniach. M\u00f3wi\u0105 one o wydaleniu trzynastu zakonnic z klasztoru w Toskanii, w Pienzy.<\/strong><\/p>\r\n<p>Sprawa Pienzy jest, delikatnie m\u00f3wi\u0105c, groteskowa. Mamy klasztor m\u0142odych mniszek klauzurowych, kt\u00f3ry nigdy nie sprawia\u0142 \u017cadnych problem\u00f3w, ani moralnych, ani ekonomicznych, a kt\u00f3rego jedyn\u0105 win\u0105 jest to, \u017ce chcia\u0142 \u017cy\u0107 swoim kontemplacyjnym i tradycyjnym charyzmatem, cho\u0107by poprzez odprawianie od czasu do czasu antycznej Mszy przez kap\u0142ana wyznaczonego przez biskupa diecezjalnego. Klasztor ten otrzymuje niespodziewan\u0105 wizytacj\u0119 apostolsk\u0105, bez podania przyczyny i bez sprawozdania na zako\u0144czenie inspekcji. W\u0142a\u015bciwa dykasteria watyka\u0144ska podejmuje nast\u0119pnie, na podstawie wizytacji apostolskiej, decyzj\u0119 o wydaleniu opatki i przeoryszy oraz o ustanowieniu nowej prze\u0142o\u017conej, ale nie informuje o tym mniszek, lecz Kuri\u0119 Biskupi\u0105. Zakonnice oczywi\u015bcie odwo\u0142a\u0142y si\u0119 do Dykasterii, kwestionuj\u0105c dekret, poniewa\u017c brakowa\u0142o w nim regularnego powiadomienia i uzasadnienia, ale Kuria i Federacja Benedykty\u0144ska mimo to zapragn\u0119\u0142y zrealizowa\u0107 dekret \u2013 z naruszeniem prawa kanonicznego \u2013 i nawet wezwa\u0142y karabinier\u00f3w, aby sterroryzowa\u0107 i wydali\u0107 \u201czbuntowane zakonnice\u201d.<\/p>\r\n<p>Je\u015bli mog\u0119 odwa\u017cy\u0107 si\u0119 na por\u00f3wnanie z podobn\u0105 sytuacj\u0105, wydaje mi si\u0119, \u017ce to, co wydarzy\u0142o si\u0119 w Pienzy, przebiega mniej wi\u0119cej wed\u0142ug tego samego schematu, co \u201ckolorowe rewolucje\u201d. Je\u015bli pomy\u015blimy o trwaj\u0105cych protestach w Gruzji, zdamy sobie spraw\u0119, \u017ce przyj\u0119ty system jest praktycznie taki sam. Prawdziwym celem do osi\u0105gni\u0119cia jest obalenie legalnie wybranego rz\u0105du, aby narzuci\u0107 marionetkowy rz\u0105d NATO i UE w celu poszerzenia frontu antyrosyjskiego. Deklarowanym celem \u201cpokojowych demonstrant\u00f3w\u201d szturmuj\u0105cych Parlament z plakatami w j\u0119zyku angielskim oraz europejskimi i ukrai\u0144skimi flagami jest zapobie\u017cenie uchwaleniu ustawy \u2013 kt\u00f3ra istnieje r\u00f3wnie\u017c w USA \u2013 zapobiegaj\u0105cej zagranicznej ingerencji w polityk\u0119 krajow\u0105. I wiemy, \u017ce ta choreografia zosta\u0142a ju\u017c z powodzeniem wypr\u00f3bowana przy okazji Euromajdanu na Ukrainie w 2014 roku, zn\u00f3w dzi\u0119ki organizacjom pozarz\u0105dowym finansowanym przez \u201cfilantropijne\u201d Fundacje George\u2019a Sorosa, ale tak\u017ce w Kazachstanie, Iranie, na W\u0119grzech, w Mo\u0142dawii. I wiemy, \u017ce zawsze, niezmiennie, te przewroty wynosz\u0105 do w\u0142adzy premiera ze \u015awiatowego Forum Ekonomicznego i pos\u0142usznego NATO, a tak\u017ce szereg ministr\u00f3w oraz wy\u017cszych urz\u0119dnik\u00f3w pochodzenia zagranicznego.<\/p>\r\n<p>To samo dzieje si\u0119 w Pienzy, gdzie niezadeklarowanym celem jest zmiana re\u017cimu tradycyjnego klasztoru, aby zmusi\u0107 go do modernizacji i przestrzegania ideologii bergoglia\u0144skiej (a mo\u017ce nawet sprzeda\u0107 budynek lub demagogicznie uczyni\u0107 z niego o\u015brodek dla uchod\u017ac\u00f3w). Oficjalny cel jest oczywi\u015bcie fa\u0142szywy i pozorny \u2013 sprzeda\u017c d\u017cem\u00f3w, <em>Pater Noster<\/em> po \u0142acinie \u2013 i wykorzystuje choreografi\u0119 i aktor\u00f3w tak jak w Tbilisi, przy czym zamiast plakat\u00f3w w j\u0119zyku angielskim s\u0105 dekrety dykasterii, a zamiast flag europejskich \u2013 Instrukcja <em>Cor Orans<\/em>. Nie wiadomo jeszcze, czy ten oporny na nowy kurs Watykanu klasztor (podobnie jak legalny rz\u0105d Gruzji nie podporz\u0105dkowany globalistycznej elicie) zdo\u0142a obroni\u0107 swych s\u0142usznych praw, czy te\u017c przej\u0119cie go przez bergoglia\u0144ski g\u0142\u0119boki ko\u015bci\u00f3\u0142 (i ameryka\u0144skie g\u0142\u0119bokie pa\u0144stwo) uda si\u0119 bez wywo\u0142ania protest\u00f3w z powodu ra\u017c\u0105cego naruszenia przepis\u00f3w.<\/p>\r\n<p>&nbsp;<\/p>\r\n<p><strong>Jak podaje <em>Repubblica<\/em>, kardyna\u0142 Lojudice, biskup Pienzy, chcia\u0142by otworzy\u0107 o\u015brodek przyj\u0119\u0107 dla imigrant\u00f3w i uchod\u017ac\u00f3w w dawnym seminarium, gdzie obecnie mieszkaj\u0105 zakonnice. Ten rozbuchany imigracjonizm Konferencji Episkopatu W\u0142och i episkopatu wydaje si\u0119 zmierza\u0107 do zredukowania Ko\u015bcio\u0142a do humanitarnej organizacji pozarz\u0105dowej. Sk\u0105d si\u0119 bierze taka postawa wobec zakon\u00f3w, a w szczeg\u00f3lno\u015bci wobec wsp\u00f3lnot kontemplacyjnych?<\/strong><\/p>\r\n<p>Ko\u015bci\u00f3\u0142 katolicki \u2013 a raczej: sekta, kt\u00f3ra go przys\u0142ania i obsadza jego szczyty, czyli <em>ko\u015bci\u00f3\u0142 g\u0142\u0119boki<\/em> \u2013 ju\u017c teraz sta\u0142 si\u0119 organizacj\u0105 pozarz\u0105dow\u0105, wystarczy pomy\u015ble\u0107 o wprowadzeniu paradygmatu \u201cpostu energetycznego\u201d propagowanego przez <em>Osservatore Romano<\/em> na pocz\u0105tku Wielkiego Postu, w pe\u0142nej aktywnej wsp\u00f3\u0142pracy z Agend\u0105 2030. Hierarchia, kt\u00f3ra pod\u0105\u017ca za z natury maso\u0144skim i satanistycznym projektem wywrotowym, poniewa\u017c masoni i satani\u015bci s\u0105 jego autorami, nie mo\u017ce nie by\u0107 wsp\u00f3\u0142winna Nowego Porz\u0105dku \u015awiata, tak jak by\u0142a wsp\u00f3\u0142winna farsie pandemii i kryzysu ukrai\u0144skiego.<\/p>\r\n<p>Czy wydaje si\u0119 panu, doktorze Manocchia, \u017ce ci, kt\u00f3rych celem jest zniszczenie Ko\u015bcio\u0142a Chrystusowego, usuni\u0119cie odwiecznego Magisterium, zburzenie moralno\u015bci; ci, kt\u00f3rzy posun\u0119li si\u0119 tak daleko, \u017ce legitymizuj\u0105 wykorzystywanie abortowanych p\u0142od\u00f3w do produkcji eksperymentalnego serum genoweg; zakazuj\u0105 odprawiania mszy, aby zadowoli\u0107 psychopandemiczne urojenia WHO i Fauci, a tak zwan\u0105 szczepionk\u0119 nazywaj\u0105 \u201caktem mi\u0142o\u015bci\u201d; czy ci, kt\u00f3rzy celowo stworzyli synodalno\u015b\u0107, aby wprowadzi\u0107 ordynacj\u0119 kobiet, b\u0142ogos\u0142awienie zwi\u0105zk\u00f3w sodomickich i akceptacj\u0119 teorii gender w szko\u0142ach katolickich i na uniwersytetach &#8211; maj\u0105 skrupu\u0142y z deptaniem praw tej i innych wsp\u00f3lnot religijnych, je\u015bli tylko o\u015bmiel\u0105 si\u0119 stan\u0105\u0107 im na drodze, nie przez rzucenie wyzwania Bergogliowi, ale przez dostosowanie si\u0119 do jego wybryk\u00f3w?<\/p>\r\n<p>Je\u015bli chodzi o Lojudice\u2019a, wydaje mi si\u0119, \u017ce odgrywa on w tej aferze t\u0119 sam\u0105 rol\u0119, kt\u00f3r\u0105 W\u0142ochy odgrywaj\u0105 wobec NATO i g\u0142\u0119bokiego pa\u0144stwa: wykazuj\u0105c swoj\u0105 lojalno\u015b\u0107 wobec pot\u0119\u017cnych, okazuj\u0105c swoj\u0105 uleg\u0142o\u015b\u0107 nie tylko poprzez pos\u0142usze\u0144stwo, ale poprzez robienie tego z ostentacyjnym entuzjazmem tych, kt\u00f3rzy staraj\u0105 si\u0119 zyska\u0107 sobie sympati\u0119 z nadmiern\u0105 i obna\u017caj\u0105c\u0105 gorliwo\u015bci\u0105. Centrum przyj\u0119\u0107 b\u0119dzie mi\u0142\u0105 niespodziank\u0105 dla spo\u0142eczno\u015bci Pienzy, kt\u00f3rej burmistrz pocz\u0105tkowo zaanga\u017cowa\u0142 si\u0119 w oczernianie zakonnic, nie spodziewaj\u0105c si\u0119, \u017ce dawne letnie seminarium zamiast zosta\u0107 sprzedane, zostanie wykorzystane do lukratywnego biznesu, jakim jest przyjmowanie uchod\u017ac\u00f3w. Jestem ciekaw, jak zareaguj\u0105 mieszka\u0144cy Pienzy, gdy zastan\u0105 przybysz\u00f3w z Afryki P\u00f3\u0142nocnej snuj\u0105cych si\u0119 po placach, oddaj\u0105cych mocz do fontann, rozbijaj\u0105cych samochody, okradaj\u0105cych przechodni\u00f3w, handluj\u0105cych narkotykami, zamieniaj\u0105cych urocze miasteczko w Valdorcii, kt\u00f3re \u017cyje z turystyki, w ob\u00f3z dla uchod\u017ac\u00f3w. Z drugiej strony, je\u015bli pa\u0144stwo i Ko\u015bci\u00f3\u0142 wsp\u00f3\u0142pracuj\u0105 w tej akcji zast\u0119powania etnicznego na poziomie krajowym, dlaczego Pienza mia\u0142aby by\u0107 wyj\u0105tkiem w por\u00f3wnaniu z Mediolanem czy Rzymem?<\/p>\r\n<p>&nbsp;<\/p>\r\n<p><strong>\u015aledz\u0105c artyku\u0142y w lokalnej prasie, wydaje mi si\u0119, \u017ce pierwsza wersja \u2013 wed\u0142ug kt\u00f3rej zakonnice to buntowniczki zaj\u0119te sprzedawaniem d\u017cem\u00f3w i \u015bpiewaniem po \u0142acinie \u2013 nie przekonuje nawet dziennikarzy. Czy zdaniem Waszej Ekscelencji co\u015b zmienia si\u0119 r\u00f3wnie\u017c je\u015bli chodzi o mass media?<\/strong><\/p>\r\n<p>Dzisiejsze media s\u0105 w du\u017cej mierze tworzone przez profesjonalist\u00f3w, kt\u00f3rzy zrzekli si\u0119 obowi\u0105zku s\u0142u\u017cenia prawdzie, prostytuuj\u0105c si\u0119 dla tych, kt\u00f3rzy p\u0142ac\u0105 im za rozpowszechnianie oficjalnej narracji, nawet je\u015bli jest ona ra\u017c\u0105co fa\u0142szywa i tendencyjna. Widzieli\u015bmy to w przypadku farsy pandemii, wojny ukrai\u0144skiej, zielonej transformacji i \u201c15-minutowych miast\u201d. Wersja medialna by\u0142a zawsze jednomy\u015blna, poniewa\u017c \u017ar\u00f3d\u0142o propagandy by\u0142o takie samo.<\/p>\r\n<p>W tym przypadku jednak nie by\u0142o prawdziwej koordynacji wiadomo\u015bci, poniewa\u017c emisariusze Bergoglia s\u0105dzili, \u017ce wystarczy wywrze\u0107 ich autorytet, by zastraszy\u0107 zakonnice i zmusi\u0107 je do pos\u0142usze\u0144stwa, bez tworzenia odpowiednio skonstruowanej narracji. Opatrzno\u015b\u0107 sprawi\u0142a, \u017ce te m\u0142ode zakonnice maj\u0105 za sob\u0105 histori\u0119 ingerencji i wtr\u0105cania si\u0119 w ich \u017cycie jako mniszek kontemplacyjnych przez Kiko Arg\u00fcello i Drog\u0119 Neokatechumenaln\u0105, a zatem nie jest im obce bycie zastraszanymi ze strony tych, kt\u00f3rzy wierz\u0105, \u017ce mog\u0105 nad nimi panowa\u0107 i narzuca\u0107 im swoj\u0105 wol\u0119. Te zakonnice s\u0105 odwa\u017cnymi kobietami wiary, zahartowanymi przez pr\u00f3by i prze\u015bladowania. Ich niez\u0142omno\u015b\u0107 wynika r\u00f3wnie\u017c ze \u015bwiadomo\u015bci, \u017ce nie zrobi\u0142y niczego \u2013 nawet w najmniejszym stopniu \u2013 nagannego.<\/p>\r\n<p>Teraz, poniewa\u017c prasa pocz\u0105tkowo by\u0142a informowana wy\u0142\u0105cznie przez diecezj\u0119 i Federacj\u0119 Benedykty\u0144sk\u0105, kiedy zakonnice poda\u0142y mediom swoj\u0105 wersj\u0119 wydarze\u0144 \u2013 popart\u0105 dowodami i \u015bwiadectwami \u2013 dziennikarze, kt\u00f3rzy nie byli \u201cw trybie propagandowym\u201d, zorientowali si\u0119, \u017ce zakonnice s\u0105 obiektem nieuzasadnionej agresji. Z drugiej strony, trudno nie zauwa\u017cy\u0107 rozbie\u017cno\u015bci w traktowaniu na przyk\u0142adzie jezuity Rupnika, znanego z niedawnych doniesie\u0144 o potwornych zbrodniach i \u015bwi\u0119tokradztwach, kt\u00f3rego ekskomunik\u0119 zdj\u0105\u0142 Bergoglio, a kt\u00f3ry nadal mieszka w Centrum Aletti i niezak\u0142\u00f3cenie sprawuje swoj\u0105 \u201cpos\u0142ug\u0119\u201d molestatora.<\/p>\r\n<p>Musimy pami\u0119ta\u0107, \u017ce s\u0105 tacy, kt\u00f3rzy maj\u0105 wiele do zyskania poprzez milczenie i zapomnienie, kt\u00f3re mo\u017ce zst\u0105pi\u0107 na klasztor w Pienzy, przede wszystkim wys\u0142annicy Bergoglio. Konieczne jest, aby wierni publicznie wyrazili swoje poparcie dla owych zakonnic, pomna\u017caj\u0105c wysi\u0142ki duchowe i materialne, aby im pom\u00f3c, w tym czasie, gdy s\u0105 one obiektem czystek i nieuzasadnionych prze\u015bladowa\u0144. My\u015bl\u0119 tak\u017ce o przypadku mniszek dominika\u0144skich z Fognano, kt\u00f3rych Pan, doktorze Manocchia, aktywnie broni\u0142. My\u015bl\u0119 o wielu innych wsp\u00f3lnotach, kt\u00f3re cierpi\u0105 ten sam los, poniewa\u017c wiadomo\u015bci nie docieraj\u0105 do opinii publicznej. Klasztory s\u0105 oazami duchowo\u015bci na pustyni spoganizowanego \u015bwiata: musimy zrobi\u0107 wszystko, aby je wspiera\u0107 i chroni\u0107 przed furi\u0105 tych, kt\u00f3rzy ze swoich stanowisk w Stolicy Apostolskiej robi\u0105 wszystko, aby je zniszczy\u0107.<\/p>\r\n<p>&nbsp;<\/p>\r\n<p><strong>M\u00f3wi\u0142o si\u0119 o interwencji karabinier\u00f3w i przes\u0142uchaniu krewnych zakonnic. Czy nie wydaje si\u0119 nieco przesadzone, \u017ce diecezja i Federacja Benedykty\u0144ska uciekaj\u0105 si\u0119 do si\u0142 policyjnych?<\/strong><\/p>\r\n<p>To nie tylko \u201cprzesada\u201d: to skandal i ca\u0142kowite bezprawie, po pierwsze dlatego, \u017ce zaskar\u017cony dekret zawiesza jego wykonalno\u015b\u0107, a w konsekwencji mianowanie nowej opatki i odsuni\u0119cie Matki Diletty i przeoryszy. Ani diecezja, ani Federacja nie maj\u0105 \u017cadnego tytu\u0142u do zak\u0142\u00f3cania legalnego zarz\u0105dzania klasztorem.<\/p>\r\n<p>I jak stwierdzi\u0142em w moich dw\u00f3ch przem\u00f3wieniach w obronie zakonnic, jest rzecz\u0105 nies\u0142ychan\u0105, aby w\u0142adza ko\u015bcielna u\u017cywa\u0142a \u201c\u015bwieckiego ramienia\u201d do gro\u017cenia klasztorowi, a krewni zakonnic byli wzywani przez karabinier\u00f3w i przes\u0142uchiwani bez protoko\u0142u \u2013 powtarzam: bez protoko\u0142u! \u2013 w zwi\u0105zku z otwarciem domniemanych akt przez prokuratur\u0119 w Sienie.<\/p>\r\n<p>S\u0105 to ci sami biskupi, kt\u00f3rzy milczeli, wsp\u00f3\u0142winni, kiedy podczas lockdown\u00f3w si\u0142y porz\u0105dkowe w\u0142amywa\u0142y si\u0119 do ko\u015bcio\u0142\u00f3w, przerywaj\u0105c odprawianie mszy, z naruszeniem przepis\u00f3w konkordatowych. To ci sami biskupi, kt\u00f3rzy w kwestii poszanowania prawa nie maj\u0105 nic do powiedzenia, gdy Papieski Ja\u0142mu\u017cnik \u2013 dla przyjaci\u00f3\u0142 <em>\u201cDon Corrado\u201d<\/em> <em>(kardyna\u0142 Krajewski, kt\u00f3ry co tylko wyst\u0105pi\u0142 w cyrku \u2013 <a href=\"https:\/\/roma.repubblica.it\/cronaca\/2023\/02\/11\/news\/cardinale_konrad_krajewski_zampa_elefante_rony_roller_circo_roma-387556157\/\"><span style=\"text-decoration: underline;\">link<\/span><\/a>)<\/em> \u2013 udaje si\u0119 by pomajstrowa\u0107 przy licznikach pr\u0105du w skrajnie lewicowym o\u015brodku spo\u0142ecznym i proponuje op\u0142acenie zaleg\u0142ych rachunk\u00f3w pieni\u0119dzmi wiernych.<\/p>\r\n<p>&nbsp;<\/p>\r\n<p><strong>Z czego b\u0119d\u0105 \u017cy\u0142y te biedne zakonnice, nie mog\u0105c nawet pobra\u0107 swoich oszcz\u0119dno\u015bci na jedzenie i zakup lek\u00f3w? Gdzie znajduje si\u0119 owo s\u0142ynne \u201cmi\u0142osierdzie\u201d Bergoglia?<\/strong><\/p>\r\n<p>Pytam ci\u0119, drogi doktorze Manocchia, i twoich s\u0142uchaczy. Tutaj \u201cmi\u0142osierdzie\u201d Bergoglio objawia si\u0119 w ca\u0142ej okaza\u0142o\u015bci: cofni\u0119cie uprawnie\u0144 prawowitej opatki odno\u015bnie konta bankowego klasztoru, daj\u0105c je nowej prze\u0142o\u017conej, jeszcze przed powiadomieniem o dekrecie Dykasterii i apelacji zakonnic, kt\u00f3ra zawiesi\u0142aby jego wykonalno\u015b\u0107. Zakonnice nie maj\u0105 wi\u0119c z czego \u017cy\u0107; nie mog\u0105 kupi\u0107 artyku\u0142\u00f3w spo\u017cywczych ani leczy\u0107 chorych zakonnic. Mo\u017cliwe, \u017ce zostan\u0105 im zawieszone tak\u017ce us\u0142ugi komunalne i energia, i nikt nie wy\u015ble Ja\u0142mu\u017cnika, by je reaktywowa\u0107. I posun\u0119li si\u0119 do tego, \u017ce wydali komunikat, w kt\u00f3rym bez jakiejkolwiek zasadno\u015bci zach\u0119caj\u0105 wiernych, aby nie wspierali finansowo zakonnic.<\/p>\r\n<p>Wydaje mi si\u0119, \u017ce to zachowanie, kt\u00f3re obra\u017ca chrze\u015bcija\u0144skie mi\u0142osierdzie i narusza sprawiedliwo\u015b\u0107 i prawd\u0119, jest najbardziej ra\u017c\u0105cym przejawem hipokryzji tej synagogi, kt\u00f3ra s\u0142owami twierdzi, \u017ce jest go\u015bcinna i inkluzywna, ale w rzeczywisto\u015bci realizuje w Ko\u015bciele Chrystusa wy\u0142\u0105cznie te same cele, co g\u0142\u0119bokie pa\u0144stwo w spo\u0142ecze\u0144stwie obywatelskim. I dobrze znamy te cele: przygotowanie tyranii Nowego Porz\u0105dku \u015awiata i nowej Religii Ludzko\u015bci, ekumenicznej, <em>woke<\/em> i <em>green<\/em>.<\/p>\r\n<p>&nbsp;<\/p>\r\n<p><strong>Kto za tym stoi? Sk\u0105d ta furia przeciwko Tradycji?<\/strong><\/p>\r\n<p>Tradycja jest wi\u0119zi\u0105, za pomoc\u0105 kt\u00f3rej Chrystus chcia\u0142 po\u0142\u0105czy\u0107 autorytet Hierarchii z niezmiennym nauczaniem Magisterium. To, co by\u0142o prawd\u0105, gdy rodzi\u0142 si\u0119 Ko\u015bci\u00f3\u0142, to, za co zabijano m\u0119czennik\u00f3w i prze\u015bladowano chrze\u015bcijan, jest prawd\u0105 zawsze, jest prawd\u0105 dzisiaj i b\u0119dzie prawd\u0105 jutro, poniewa\u017c znajduje sw\u00f3j fundament w naszym Panu, kt\u00f3ry jest Alf\u0105 i Omeg\u0105, pocz\u0105tkiem i ko\u0144cem wszystkiego, niezmiennym w Swojej boskiej istocie, kt\u00f3ra jest przez to doskona\u0142a.<\/p>\r\n<p>Od czasu Vaticanum II, a szczeg\u00f3lnie w tych ostatnich dziesi\u0119ciu latach \u201cpontyfikatu\u201d \u2013 nazwijmy go tak \u2013 objawiona Prawda zosta\u0142a od\u0142o\u017cona na bok, poniewa\u017c uznano j\u0105 za niewygodn\u0105 i \u201cdziel\u0105c\u0105\u201d, na rzecz ekumenicznego dialogu i \u015bwiatowego konsensusu. Ale to nie jest to, co Chrystus nakaza\u0142 \u015bw. Piotrowi i Aposto\u0142om: nie nakaza\u0142 im dialogu, aby zadowoli\u0107 \u015bwiat, aby uciszy\u0107 Ewangeli\u0119 i propagowa\u0107 program globalistyczny. Nasz Pan nakaza\u0142 Aposto\u0142om g\u0142osi\u0107 Ewangeli\u0119 wszystkim narodom, chrzcz\u0105c je w imi\u0119 Ojca i Syna, i Ducha \u015awi\u0119tego, i m\u00f3wi\u0105c dobitnie, \u017ce kto uwierzy, b\u0119dzie zbawiony, a kto nie uwierzy, b\u0119dzie pot\u0119piony.<\/p>\r\n<p>Nienawi\u015b\u0107 do Tradycji jest ostatnim krokiem przed nienawi\u015bci\u0105 do Chrystusa, kt\u00f3rego bosko\u015bci neomoderni\u015bci zaprzeczaj\u0105 i kt\u00f3rego uwa\u017caj\u0105 za rodzaj \u201cpostaci symbolicznej\u201d stworzonej przez \u201cspo\u0142eczno\u015b\u0107 pierwotn\u0105\u201d. Nie my\u015blmy, \u017ce heretycy i skorumpowani, kt\u00f3rzy s\u0105 teraz na szczycie Hierarchii, to tylko umiarkowani post\u0119powcy: ci, kt\u00f3rzy manewruj\u0105 nimi od sze\u015b\u0107dziesi\u0119ciu lat, wywodz\u0105 si\u0119 z tych samych spiskowych klik, kt\u00f3re s\u0105 odpowiedzialne za globalistyczny przewr\u00f3t. Wi\u0119c by\u0142oby rzecz\u0105 dziwn\u0105, gdyby ludzie oddani z\u0142u cierpliwie znosili owe twierdze modlitwy i pokuty, kt\u00f3re staj\u0105 na drodze ich planom. Z tego samego powodu nie mog\u0105 znie\u015b\u0107 tradycyjnej Mszy: w\u0142a\u015bnie dlatego, \u017ce jest ona tradycyjna, to znaczy jest owocem harmonijnego rozwoju \u017cycia Ko\u015bcio\u0142a na przestrzeni dw\u00f3ch tysi\u0105cleci, pod przewodnictwem Ducha \u015awi\u0119tego.<\/p>\r\n<p><strong>VIDEO z wywiadem pod linkiem<\/strong>: <a href=\"https:\/\/www.byoblu.com\/2023\/03\/18\/piazza-liberta-di-armando-manocchia-puntata-40\/\"><span style=\"text-decoration: underline;\">https:\/\/www.byoblu.com\/2023\/03\/18\/piazza-liberta-di-armando-manocchia-puntata-40\/<\/span><\/a><\/p>\r\n<\/div>\r\n<\/div>","protected":false},"excerpt":{"rendered":"Transkrypcja wywiadu z monsignorem Carlo Maria Vigan\u00f2, przeprowadzonego przez Armando Mannocchi\u0119 dla programu Piazza Libert\u00e0. *** Eminencjo, jaka jest Jego opinia na temat mi\u0119dzynarodowej sytuacji politycznej? Czy nie wydaje si\u0119 mu, \u017ce zmienia si\u0119 narracja dotycz\u0105ca Ukrainy? Obecny kryzys mi\u0119dzynarodowy zosta\u0142 sprowokowany przez ameryka\u0144skie g\u0142\u0119bokie pa\u0144stwo w celu zniszczenia tkanki spo\u0142ecznej i gospodarczej pa\u0144stw europejskich. [&hellip;]","protected":false},"author":1,"featured_media":0,"comment_status":"closed","ping_status":"closed","sticky":false,"template":"","format":"standard","meta":{"_acf_changed":false,"_monsterinsights_skip_tracking":false,"_monsterinsights_sitenote_active":false,"_monsterinsights_sitenote_note":"","_monsterinsights_sitenote_category":0,"ngg_post_thumbnail":0,"footnotes":"","_wp_rev_ctl_limit":""},"categories":[13],"tags":[455,300,454,433,93,106,167,221,452,33],"acf":[],"_links":{"self":[{"href":"https:\/\/www.bibula.com\/index.php?rest_route=\/wp\/v2\/posts\/139551"}],"collection":[{"href":"https:\/\/www.bibula.com\/index.php?rest_route=\/wp\/v2\/posts"}],"about":[{"href":"https:\/\/www.bibula.com\/index.php?rest_route=\/wp\/v2\/types\/post"}],"author":[{"embeddable":true,"href":"https:\/\/www.bibula.com\/index.php?rest_route=\/wp\/v2\/users\/1"}],"replies":[{"embeddable":true,"href":"https:\/\/www.bibula.com\/index.php?rest_route=%2Fwp%2Fv2%2Fcomments&post=139551"}],"version-history":[{"count":5,"href":"https:\/\/www.bibula.com\/index.php?rest_route=\/wp\/v2\/posts\/139551\/revisions"}],"predecessor-version":[{"id":139570,"href":"https:\/\/www.bibula.com\/index.php?rest_route=\/wp\/v2\/posts\/139551\/revisions\/139570"}],"wp:attachment":[{"href":"https:\/\/www.bibula.com\/index.php?rest_route=%2Fwp%2Fv2%2Fmedia&parent=139551"}],"wp:term":[{"taxonomy":"category","embeddable":true,"href":"https:\/\/www.bibula.com\/index.php?rest_route=%2Fwp%2Fv2%2Fcategories&post=139551"},{"taxonomy":"post_tag","embeddable":true,"href":"https:\/\/www.bibula.com\/index.php?rest_route=%2Fwp%2Fv2%2Ftags&post=139551"}],"curies":[{"name":"wp","href":"https:\/\/api.w.org\/{rel}","templated":true}]}}