{"id":139499,"date":"2023-03-20T10:52:24","date_gmt":"2023-03-20T14:52:24","guid":{"rendered":"https:\/\/www.bibula.com\/?p=139499"},"modified":"2023-03-20T10:53:06","modified_gmt":"2023-03-20T14:53:06","slug":"czy-mozna-sie-modlic-na-rozancu-podczas-mszy-swietej-phillip-mericle","status":"publish","type":"post","link":"https:\/\/www.bibula.com\/?p=139499","title":{"rendered":"Czy mo\u017cna si\u0119 modli\u0107 na R\u00f3\u017ca\u0144cu podczas Mszy \u015awi\u0119tej? &#8211; <em>Phillip Mericle<\/em>"},"content":{"rendered":"<div class=\"p_underline\">\r\n<p class=\"has-drop-cap\">Wielu katolik\u00f3w uwa\u017ca, \u017ce odmawianie R\u00f3\u017ca\u0144ca podczas Mszy \u015aw. odwraca uwag\u0119 od \u015awi\u0119tej Liturgii. Ko\u015bci\u00f3\u0142 po Soborze Watyka\u0144skim II do tego stopnia zaleca aktywne uczestnictwo we Mszy \u015awi\u0119tej, \u017ce zdecydowanie odradza si\u0119 wszystko, co zach\u0119ca do indywidualnego skupienia i utrudnia&nbsp;aktywno\u015b\u0107 wsp\u00f3lnotow\u0105.<\/p>\r\n<p>Dzi\u015b fora katolickie s\u0105 za\u015bmiecane pytaniami wiernych, zazwyczaj m\u0142odszych katolik\u00f3w Novus Ordo, pytaj\u0105cych, czy naprawd\u0119 wolno starszemu parafianinowi w ich Ko\u015bciele odmawia\u0107 R\u00f3\u017caniec, zamiast aktywnie anga\u017cowa\u0107 si\u0119 w odpowiedzi, \u015bpiewy czyli by\u0107 &#8222;r\u0119cznie&#8221; prowadzonym przez ca\u0142\u0105 Msz\u0119.<\/p>\r\n<p>Jest wielu katolik\u00f3w, kt\u00f3rzy patrz\u0105 na R\u00f3\u017caniec w czasie Mszy z podejrzliwo\u015bci\u0105, jak gdyby by\u0142 on jak\u0105\u015b obc\u0105 plam\u0105 na Wierze, wynikaj\u0105c\u0105 z ignorancji niekt\u00f3rych wiernych, pomimo wysi\u0142k\u00f3w ksi\u0119\u017cy, d\u0105\u017c\u0105cych do jej wyeliminowania.<\/p>\r\n<p>To, co ten spos\u00f3b my\u015blenia ujawnia, to tyrania posoborowego Ko\u015bcio\u0142a w eliminowaniu praktyk, kt\u00f3re sprzeciwiaj\u0105 si\u0119 jego idea\u0142owi &#8222;aktywnego uczestnictwa&#8221;. Smutn\u0105 konsekwencj\u0105 jest to, \u017ce wielu katolik\u00f3w patrzy teraz z niech\u0119ci\u0105 na R\u00f3\u017caniec w czasie Mszy \u015awi\u0119tej.<\/p>\r\n<p>Cho\u0107 mo\u017ce to by\u0107 dla niekt\u00f3rych zaskoczeniem, praktyka odmawiania R\u00f3\u017ca\u0144ca podczas&nbsp; Mszy \u015aw. by\u0142a nie tylko dozwolona, ale wr\u0119cz zalecana przez papie\u017cy i Kuri\u0119 Rzymsk\u0105.<\/p>\r\n<p>&nbsp;<\/p>\r\n<h4>Tradycyjne przes\u0142anki<\/h4>\r\n<p>&nbsp;Ilu ludzi na \u015bwiecie tyle gust\u00f3w.&nbsp;Dotyczy to nie tylko jedzenia i sztuki, ale tak\u017ce pobo\u017cno\u015bci. Ze wzgl\u0119du na r\u00f3\u017cne, mocne i s\u0142abe, strony cz\u0142owieka, mo\u017ce si\u0119 okaza\u0107, \u017ce bardziej poci\u0105ga nas jeden rodzaj pobo\u017cno\u015bci ni\u017c drugi. Podczas gdy dla jednej osoby pewien rodzaj modlitwy lub medytacji mo\u017ce by\u0107 najbardziej owocny w d\u0105\u017ceniu do \u015bwi\u0119to\u015bci, inna osoba mo\u017ce uzna\u0107 t\u0119 sam\u0105 praktyk\u0119 za nudn\u0105. Charakterystyczn\u0105 cech\u0105 powszechno\u015bci Ko\u015bcio\u0142a katolickiego jest to, \u017ce istnieje wiele sposob\u00f3w medytacji, modlitw, ksi\u0105\u017cek i praktyk religijnych ustanowionych w celu zaspokojenia potrzeb wielu os\u00f3b. Ka\u017cdy, kto usilnie poszukuje modlitw i medytacji odpowiednich dla niego, odnajdzie je w niewyczerpanych bogactwach barki \u015aw. Piotra.<\/p>\r\n<p>Odmawianie R\u00f3\u017ca\u0144ca podczas Mszy \u015aw. by\u0142o traktowane jako chwalebny rodzaj pobo\u017cno\u015bci, kt\u00f3ry s\u0142u\u017cy\u0142 wielu wiernym. Przed Soborem Watyka\u0144skim II, modlitwy i nabo\u017ce\u0144stwa podczas Mszy \u015aw. by\u0142y uwa\u017cane za dobre w takim stopniu, w jakim unosi\u0142y dusz\u0119 do Boga. Ci, kt\u00f3rzy nie mieli mszalika lub nie chcieli go u\u017cywa\u0107, mogli odmawia\u0107 R\u00f3\u017caniec jako \u015brodek wznosz\u0105cy ich umys\u0142y do Boga i w ten spos\u00f3b jednoczy\u0107 si\u0119 z tajemnicami, kt\u00f3re by\u0142y odnawiane na o\u0142tarzu.<\/p>\r\n<p>Chocia\u017c dobrym zwyczajem jest pod\u0105\u017canie za Msz\u0105 \u015aw. z pomoc\u0105 mszalika, to jednak R\u00f3\u017caniec jest r\u00f3wnie\u017c dobr\u0105 praktyk\u0105 dla ka\u017cdego, kto si\u0119 na to decyduje. Niezale\u017cnie od tego, czy wynika\u0142o to z konieczno\u015bci, czy z osobistych upodoba\u0144, R\u00f3\u017caniec zawsze by\u0142 skutecznym \u015brodkiem do zebrania wielu duchowych \u0142ask, je\u015bli odmawiano go podczas uczestnictwa we Mszy \u015awi\u0119tej. M\u00f3wi si\u0119, \u017ce nie ma lepszego czasu na modlitw\u0119 ni\u017c Msza \u015awi\u0119ta i przed Soborem Watyka\u0144skim II cz\u0119sto mo\u017cna by\u0142o zobaczy\u0107 katolik\u00f3w odmawiaj\u0105cych R\u00f3\u017caniec podczas celebracji liturgicznej. R\u00f3\u017caniec w czasie Mszy \u015aw. jest do dzi\u015b powszechn\u0105 praktyk\u0105 w wielu krajach.<\/p>\r\n<p>&nbsp;<\/p>\r\n<h4>Pius XII: Podczas Mszy \u015aw., katolicy mog\u0105 odmawia\u0107 modlitwy, jakie chc\u0105<\/h4>\r\n<p>Odmawianie R\u00f3\u017ca\u0144ca podczas Mszy \u015aw. nie jest zwyczajem, kt\u00f3ry rozwin\u0105\u0142 si\u0119 jedynie organicznie. Silnego wsparcia udzieli\u0142o mu nauczanie papieskie. W 1947 r. ,papie\u017c Pius XII w encyklice Mediator Dei zatwierdzi\u0142 odmawianie R\u00f3\u017ca\u0144ca w czasie Mszy \u015aw. W dokumencie tym uznano, \u017ce te same formy uczestnictwa we Mszy \u015aw. nie przemawiaj\u0105 uniwersalnie do ka\u017cdego cz\u0142owieka.<\/p>\r\n<p>Dokument, kt\u00f3ry zezwoli\u0142 na odmawianie R\u00f3\u017ca\u0144ca podczas Mszy \u015aw.,&nbsp; wzmocni\u0142 ten stary zwyczaj, &nbsp;w\u0142a\u015bnie celem wspierania pobo\u017cno\u015bci. Swoim nauczaniem zwyczajnym, dokument ten w\u0142\u0105czy\u0142 R\u00f3\u017caniec i jego rozwa\u017canie do innych modlitw r\u00f3wnie\u017c dozwolonych i b\u0119d\u0105cych w harmonii z Msz\u0105 \u015awi\u0119t\u0105, a nie odci\u0105gaj\u0105cych od Niej uwagi:<\/p>\r\n<p>&#8222;Ponadto potrzeby i sk\u0142onno\u015bci wszystkich nie s\u0105 takie same, ani nie s\u0105 takie same przez ca\u0142y czas u tej samej jednostki. Czy\u017c kto\u015b m\u00f3g\u0142by, kieruj\u0105c si\u0119 jakim\u015b uprzedzeniem, powiedzie\u0107, \u017ce inni&nbsp; chrze\u015bcijanie nie mog\u0105 uczestniczy\u0107 we Mszy ani dzieli\u0107 si\u0119 jej owocami? Przeciwnie, mog\u0105 oni przyj\u0105\u0107 jak\u0105\u015b inn\u0105 metod\u0119, kt\u00f3ra okazuje si\u0119 \u0142atwiejsza dla niekt\u00f3rych os\u00f3b. Mog\u0105 na przyk\u0142ad z mi\u0142o\u015bci\u0105 rozwa\u017ca\u0107 tajemnice Jezusa Chrystusa lub wykonywa\u0107 inne praktyki pobo\u017cno\u015bciowe albo odmawia\u0107 modlitwy, kt\u00f3re, cho\u0107 r\u00f3\u017cni\u0105 si\u0119 od \u015bwi\u0119tych obrz\u0119d\u00f3w, pozostaj\u0105 jednak w zasadniczej z nimi harmonii.&#8221; (Encyklika Mediator Dei, 11\/20\/1947, n. 108)<\/p>\r\n<p>Te s\u0142owa Piusa XII wystarczaj\u0105co jasno wyra\u017ca\u0142y zgod\u0119 na to, by ka\u017cdy m\u00f3g\u0142 odmawia\u0107 R\u00f3\u017caniec lub inne modlitwy podczas Mszy \u015aw. Jest jednak jeszcze mocniejsza i bardziej wyra\u017ana aprobata popieraj\u0105ca ten sam zwyczaj.<\/p>\r\n<p>&nbsp;<\/p>\r\n<h4>Leon XIII zaleca odmawianie R\u00f3\u017ca\u0144ca by\u0142 podczas Mszy \u015aw.<\/h4>\r\n<p>Papie\u017c Leon XIII napisa\u0142 te s\u0142owa w1883 roku w encyklice Supremi Apostolatus:<\/p>\r\n<p>&#8222;Nie tylko gor\u0105co napominamy wszystkich chrze\u015bcijan, aby oddawali si\u0119 odmawianiu pobo\u017cnego nabo\u017ce\u0144stwa r\u00f3\u017ca\u0144cowego publicznie lub prywatnie we w\u0142asnym domu i rodzinie, i to nieustannie, ale pragniemy r\u00f3wnie\u017c, aby ca\u0142y miesi\u0105c pa\u017adziernik w tym roku zosta\u0142 po\u015bwi\u0119cony \u015awi\u0119tej Kr\u00f3lowej R\u00f3\u017ca\u0144ca. Dekretujemy i zarz\u0105dzamy, aby w ca\u0142ym \u015bwiecie katolickim w ci\u0105gu tego roku, Modlitwa R\u00f3\u017ca\u0144cowa by\u0142a pobo\u017cnie obchodzona przez specjalne i wznios\u0142e nabo\u017ce\u0144stwa.<\/p>\r\n<p>&#8222;Od pierwszego dnia pa\u017adziernika przysz\u0142ego roku, a\u017c do drugiego dnia listopada roku&nbsp; nast\u0119pnego, w ka\u017cdej parafii, a je\u015bli w\u0142adza ko\u015bcielna uzna to za stosowne i po\u017cyteczne, w ka\u017cdej kaplicy po\u015bwi\u0119conej Naj\u015bwi\u0119tszej Dziewicy &#8211; niech b\u0119dzie odmawiane pi\u0119\u0107 dziesi\u0105tek&nbsp; R\u00f3\u017ca\u0144ca z dodaniem Litanii Loreta\u0144skiej.<\/p>\r\n<p>&#8222;Pragniemy, aby lud cz\u0119sto korzysta\u0142 z tych pobo\u017cnych praktyk, czy to w czasie&nbsp; Mszy \u015aw. odprawianej przy o\u0142tarzu czy to przy wystawieniu Naj\u015bwi\u0119tszego Sakramentu , czy b\u0142ogos\u0142awie\u0144stwie \u015awi\u0119t\u0105 Hosti\u0105 . Bardzo pochwalamy bractwa R\u00f3\u017ca\u0144ca \u015awi\u0119tego Naj\u015bwi\u0119tszej Dziewicy, kt\u00f3re zgodnie ze starym zwyczajem id\u0105 w procesji przez miasto, jako publiczne wyznanie ich pobo\u017cno\u015bci. A w tych miejscach, gdzie nie jest to mo\u017cliwe, niech zast\u0105pi\u0105 to bardziej sumienne wizyty w ko\u015bcio\u0142ach, a pobo\u017cna \u017carliwo\u015b\u0107 niech przejawia si\u0119 przez jeszcze wi\u0119ksz\u0105 pilno\u015b\u0107 w praktykowaniu cn\u00f3t chrze\u015bcija\u0144skich.&#8221; (wydanie angielskie, 9\/1\/1883 n. 8)<\/p>\r\n<p>20 sierpnia 1885 roku, prefekt Kongregacji Obrz\u0119d\u00f3w wyda\u0142 kolejny dokument, dekret urbis et orbis [dla miasta i dla \u015bwiata], po\u015bwi\u0119caj\u0105cy miesi\u0105c pa\u017adziernik Matce Bo\u017cej R\u00f3\u017ca\u0144cowej. Wezwa\u0142 w nim do odmawiania R\u00f3\u017ca\u0144ca podczas obrz\u0119d\u00f3w Mszy \u015aw. \u015awi\u0119ta Kongregacja Obrz\u0119d\u00f3w wzmocni\u0142a to 16 stycznia 1886 roku, gdy odpowiedzia\u0142a na pytanie, jak konkretnie zastosowa\u0107 zalecenie papie\u017ca.<\/p>\r\n<p>W pytaniu postawionym \u015awi\u0119tej Kongregacji Obrz\u0119d\u00f3w i w odpowiedzi, jakiej udzieli\u0142a, czytamy:<\/p>\r\n<p>&#8222;W\u0105tpliwo\u015b\u0107 V &#8211;&nbsp; Dekret [Leona XIII wydany 20 sierpnia 1885 roku] orzeka, \u017ce R\u00f3\u017caniec musi by\u0107 odmawiany wraz z Litaniami w\u015br\u00f3d modlitw zanoszonych przez wiernych. Pytamy, czy s\u0142owa te nale\u017cy rozumie\u0107 w ten spos\u00f3b, \u017ce R\u00f3\u017caniec ma by\u0107 odmawiany jednocze\u015bnie z odprawianiem Mszy \u015awi\u0119tej; czy te\u017c, \u017ce Msza \u015awi\u0119ta powinna by\u0107 odprawiana przed odmawianiem R\u00f3\u017ca\u0144ca i Litanii, jak to si\u0119 zwykle dzieje w diecezji Palentina.<\/p>\r\n<p>&#8222;Odpowied\u017a: Twierdz\u0105ca dla pierwszej cz\u0119\u015bci; negatywna dla drugiej.&#8221;&nbsp;<\/p>\r\n<p>W zwi\u0105zku z tym dekret ten stwierdzi\u0142 jednoznacznie i stanowczo: R\u00f3\u017caniec ma by\u0107 odmawiany w tym samym czasie, co celebracja Mszy \u015aw.<\/p>\r\n<p>Decyzja Leona XIII i jej potwierdzenie przez Kongregacj\u0119 Obrz\u0119d\u00f3w definitywnie ustanowi\u0142y R\u00f3\u017caniec jako prawomocny dodatek do Mszy \u015awi\u0119tej. Za jego odmawianie udzielono kilku odpust\u00f3w, a \u015awi\u0119ta Kongregacja Obrz\u0119d\u00f3w potwierdzi\u0142a to stanowisko ponownie w 1887 roku.<\/p>\r\n<p>&nbsp;<\/p>\r\n<h4>Zastrze\u017cenie<\/h4>\r\n<p>Mo\u017cna by wysun\u0105\u0107 zastrze\u017cenie, \u017ce te wypowiedzi papie\u017ca Leona XIII dotyczy\u0142y konkretnie odmawiania R\u00f3\u017ca\u0144ca podczas Mszy \u015aw. w pa\u017adzierniku.<\/p>\r\n<p>&nbsp;Chocia\u017c wspomniana deklaracja ustanowi\u0142a odmawianie R\u00f3\u017ca\u0144ca w czasie Mszy \u015aw. w pa\u017adzierniku, to jednak da\u0142a do zrozumienia, \u017ce R\u00f3\u017caniec jest zasadniczo dopuszczaln\u0105 form\u0105 kultu towarzysz\u0105c\u0105 Mszy \u015aw. w og\u00f3le.<\/p>\r\n<p>Deklaracja papieska przyzna\u0142a za odmawianie R\u00f3\u017ca\u0144ca w pa\u017adzierniku specjalne odpusty, a przez to pokaza\u0142a, \u017ce nie ma konfliktu pomi\u0119dzy odmawianiem R\u00f3\u017ca\u0144ca, a&nbsp; Msz\u0105 \u015aw. Poniewa\u017c ustalono, \u017ce R\u00f3\u017caniec pozostaje w harmonii z liturgi\u0105, a nie w opozycji do niej, staje si\u0119 jasne, \u017ce R\u00f3\u017caniec jest ca\u0142kowicie dopuszczalnym nabo\u017ce\u0144stwem podczas Mszy dla ka\u017cdego, kto jest sk\u0142onny go odmawia\u0107.<\/p>\r\n<p>Papie\u017c Pius XII wzmocni\u0142 to stanowisko w Mediator Dei, w\u0142\u0105czaj\u0105c Modlitw\u0119 R\u00f3\u017ca\u0144cow\u0105 do tych nabo\u017ce\u0144stw, kt\u00f3re wsp\u00f3\u0142dzia\u0142aj\u0105 z Msz\u0105 \u015aw.<\/p>\r\n<p>&nbsp;<\/p>\r\n<h4>Wnioski<\/h4>\r\n<p>R\u00f3\u017caniec podczas Mszy \u015aw., jest nabo\u017ce\u0144stwem, kt\u00f3re pomaga prosz\u0105cemu wznie\u015b\u0107 si\u0119 duchem do Boga. Jako praktyka, stanowi on uzasadniony \u015brodek duchowy dla tych, kt\u00f3rzy s\u0105 sk\u0142onni go odmawia\u0107. Pius XII zatwierdzi\u0142 R\u00f3\u017caniec jako odpowiedni \u015brodek do asystowania&nbsp; podczas Mszy \u015aw. Leon XIII r\u00f3wnie\u017c to uczyni\u0142, zezwalaj\u0105c na jego odmawianie podczas Mszy \u015aw. oraz udzielaj\u0105c odpust\u00f3w za odmawianie go w pa\u017adzierniku.<\/p>\r\n<p>Post\u0119powi hierarchowie i duchowni gardz\u0105 dzi\u015b wszystkim, co odchodzi od ich idea\u0142u &#8222;aktywnego uczestnictwa&#8221;, jednak pomimo tej nienawi\u015bci, praktyka odmawiania R\u00f3\u017ca\u0144ca podczas Mszy \u015aw. jest mocno zakorzenion\u0105 tradycj\u0105, kt\u00f3ra posiada aprobat\u0119 poprzednich papie\u017cy i \u015awi\u0119tej Kongregacji Obrz\u0119d\u00f3w.<\/p>\r\n<p>\u0141\u0105czenie si\u0119 z Msz\u0105 \u015awi\u0119t\u0105 przez odmawianie R\u00f3\u017ca\u0144ca i rozwa\u017canie jego tajemnic pozostaje wi\u0119c nadal prawowitym, godnym pochwa\u0142y i szacunku zwyczajem \u015bwi\u0119tego Ko\u015bcio\u0142a katolickiego. Niech ci, kt\u00f3rzy chc\u0105 si\u0119 jednoczy\u0107 z Naj\u015bwi\u0119tsz\u0105 Ofiar\u0105 w ten spos\u00f3b, czcz\u0105 w ten spos\u00f3b Matk\u0119 Bo\u017c\u0105 i naszego Pana.<\/p>\r\n<p><strong><em>Philip Mericle<\/em><\/strong><\/p>\r\n<p>&nbsp;<\/p>\r\n<p><em>T\u0142um. S\u0142awomir Soja<\/em><\/p>\r\n<p class=\"zrodlo\">\u0179r\u00f3d\u0142o: <a href=\"https:\/\/www.traditioninaction.org\/religious\/d030_Rosary.htm\">TraditonInAction (January 6, 2017) &#8211; &#8222;Can One Pray the Rosary during Mass?&#8221;<\/a><\/p>\r\n<\/div>","protected":false},"excerpt":{"rendered":"Wielu katolik\u00f3w uwa\u017ca, \u017ce odmawianie R\u00f3\u017ca\u0144ca podczas Mszy \u015aw. odwraca uwag\u0119 od \u015awi\u0119tej Liturgii. Ko\u015bci\u00f3\u0142 po Soborze Watyka\u0144skim II do tego stopnia zaleca aktywne uczestnictwo we Mszy \u015awi\u0119tej, \u017ce zdecydowanie odradza si\u0119 wszystko, co zach\u0119ca do indywidualnego skupienia i utrudnia&nbsp;aktywno\u015b\u0107 wsp\u00f3lnotow\u0105. Dzi\u015b fora katolickie s\u0105 za\u015bmiecane pytaniami wiernych, zazwyczaj m\u0142odszych katolik\u00f3w Novus Ordo, pytaj\u0105cych, czy [&hellip;]","protected":false},"author":1,"featured_media":0,"comment_status":"closed","ping_status":"closed","sticky":false,"template":"","format":"standard","meta":{"_acf_changed":false,"_monsterinsights_skip_tracking":false,"_monsterinsights_sitenote_active":false,"_monsterinsights_sitenote_note":"","_monsterinsights_sitenote_category":0,"ngg_post_thumbnail":0,"footnotes":"","_wp_rev_ctl_limit":""},"categories":[13],"tags":[119,24],"acf":[],"_links":{"self":[{"href":"https:\/\/www.bibula.com\/index.php?rest_route=\/wp\/v2\/posts\/139499"}],"collection":[{"href":"https:\/\/www.bibula.com\/index.php?rest_route=\/wp\/v2\/posts"}],"about":[{"href":"https:\/\/www.bibula.com\/index.php?rest_route=\/wp\/v2\/types\/post"}],"author":[{"embeddable":true,"href":"https:\/\/www.bibula.com\/index.php?rest_route=\/wp\/v2\/users\/1"}],"replies":[{"embeddable":true,"href":"https:\/\/www.bibula.com\/index.php?rest_route=%2Fwp%2Fv2%2Fcomments&post=139499"}],"version-history":[{"count":1,"href":"https:\/\/www.bibula.com\/index.php?rest_route=\/wp\/v2\/posts\/139499\/revisions"}],"predecessor-version":[{"id":139500,"href":"https:\/\/www.bibula.com\/index.php?rest_route=\/wp\/v2\/posts\/139499\/revisions\/139500"}],"wp:attachment":[{"href":"https:\/\/www.bibula.com\/index.php?rest_route=%2Fwp%2Fv2%2Fmedia&parent=139499"}],"wp:term":[{"taxonomy":"category","embeddable":true,"href":"https:\/\/www.bibula.com\/index.php?rest_route=%2Fwp%2Fv2%2Fcategories&post=139499"},{"taxonomy":"post_tag","embeddable":true,"href":"https:\/\/www.bibula.com\/index.php?rest_route=%2Fwp%2Fv2%2Ftags&post=139499"}],"curies":[{"name":"wp","href":"https:\/\/api.w.org\/{rel}","templated":true}]}}