{"id":139426,"date":"2023-03-19T21:19:30","date_gmt":"2023-03-20T01:19:30","guid":{"rendered":"https:\/\/www.bibula.com\/?p=139426"},"modified":"2023-03-19T21:19:30","modified_gmt":"2023-03-20T01:19:30","slug":"czy-grozi-nam-pokoj","status":"publish","type":"post","link":"https:\/\/www.bibula.com\/?p=139426","title":{"rendered":"Czy grozi nam pok\u00f3j?"},"content":{"rendered":"<div class=\"p_underline\">\r\n<p class=\"has-drop-cap\">Z punktu widzenia beneficjent\u00f3w wydarze\u0144 wyj\u0105tkowych, wojna jest stanem korzystnym. Specjali\u015bci od zarz\u0105dzania zbiorow\u0105 \u015bwiadomo\u015bci\u0105 wiedz\u0105, \u017ce w czasie pokoju manipulowanie lud\u017ami jest o wiele trudniejsze. W czasie psychopandemii wyprano skutecznie m\u00f3zgi wybielaczem strachu. Pojawi\u0142y si\u0119 bia\u0142e plamy, parali\u017c woli i my\u015blenia. Z tych w\u0142a\u015bnie powod\u00f3w, nie pomijaj\u0105c aspektu finansowego, wszelkie stany chaosu powstaj\u0105ce z powodu ro\u017cnych niepokoj\u00f3w lub wojen s\u0105 dla nich korzystne, a pok\u00f3j szkodliwy.<\/p>\r\n<p>24 godziny temu odby\u0142a si\u0119 konferencja geopolityczna <em>Czy grozi nam wojna?<\/em> Prelegenci, a w\u015br\u00f3d nich m.in. prof. Miros\u0142aw Piotrowski, dr Lucyna Kuli\u0144ska na\u015bwietlili kluczowe aspekty aktualnej sytuacji geopolitycznej oraz kontekst historyczny po\u0142o\u017cenia w kt\u00f3rym znalaz\u0142a si\u0119 Polska.<\/p>\r\n<p>Na uwag\u0119 zas\u0142uguje kr\u00f3tkie, ale za to konkretne wyst\u0105pienie J\u00f3zefa Bia\u0142ka, kt\u00f3ry powiedzia\u0142 o jednej z g\u0142\u00f3wnych przyczyn aktualnej wojny na Ukrainie, wojny kt\u00f3ra zacz\u0119\u0142a si\u0119 w 2014 roku. Bia\u0142ek, wydawca kwartalnika \u201eOpcja na prawo\u201d twierdzi, \u017ce decyzja przej\u0119cia Ukrainy przez USA by\u0142a spowodowana m.in. ch\u0119ci\u0105 uniemo\u017cliwienia wybudowania <em>chi\u0144skiego jedwabnego szlaku<\/em>.<\/p>\r\n<p>Pierwszym prelegentem by\u0142 profesor Miros\u0142aw Piotrowski, o kt\u00f3rym redaktor prowadz\u0105cy konferencj\u0119, Piotr Korczarowski powiedzia\u0142: Miros\u0142aw Piotrowski obijany kijem maj\u0105cym dwa ko\u0144ce, jednym ko\u0144cem przez tzw. gazet\u0119 \u017cydowsk\u0105, a drugim ko\u0144cem przez tzw. gazet\u0119 polsk\u0105.<\/p>\r\n<p>Odpowiadaj\u0105c na g\u0142\u00f3wne pytanie \u2013 czy grozi nam wojna? Miros\u0142aw Piotrowski powiedzia\u0142:<\/p>\r\n<p>&nbsp;<\/p>\r\n<blockquote>\r\n<p><em>W\u0142adze PiS chc\u0105 wprowadzi\u0107 Polsk\u0119 do wojny, chc\u0105c r\u00f3wnocze\u015bnie wyciszy\u0107 tego typu pytania<\/em><\/p>\r\n<\/blockquote>\r\n<p>&nbsp;<\/p>\r\n<p><a href=\"https:\/\/ekspedyt.org\/2023\/03\/19\/czy-grozi-nam-pokoj\/m_piotrowski_wojna23\/\" rel=\"attachment wp-att-101812\"><img fetchpriority=\"high\" decoding=\"async\" class=\"aligncenter wp-image-101812\" src=\"https:\/\/ekspedyt.org\/wp-content\/uploads\/2023\/03\/M_Piotrowski_wojna23.jpg\" sizes=\"(max-width: 650px) 100vw, 650px\" srcset=\"https:\/\/ekspedyt.org\/wp-content\/uploads\/2023\/03\/M_Piotrowski_wojna23.jpg 1133w, https:\/\/ekspedyt.org\/wp-content\/uploads\/2023\/03\/M_Piotrowski_wojna23-300x197.jpg 300w, https:\/\/ekspedyt.org\/wp-content\/uploads\/2023\/03\/M_Piotrowski_wojna23-1024x673.jpg 1024w, https:\/\/ekspedyt.org\/wp-content\/uploads\/2023\/03\/M_Piotrowski_wojna23-768x505.jpg 768w, https:\/\/ekspedyt.org\/wp-content\/uploads\/2023\/03\/M_Piotrowski_wojna23-145x96.jpg 145w\" alt=\"\" width=\"785\" height=\"516\"><\/a><\/p>\r\n<p>W trakcie swojego wyst\u0105pienia wspomnia\u0142 r\u00f3wnie\u017c o swojej rozmowie z Jaros\u0142awem Kaczy\u0144skim, kt\u00f3ry zapowiedzia\u0142 w 2014 roku, \u017ce nie interesuje go ju\u017c wsp\u00f3\u0142praca z \u017cadnym politykiem, bo od tej pory zbiera tylko \u017co\u0142nierzy, kt\u00f3rzy maj\u0105 wykonywa\u0107 tylko rozkazy. Od tamtej pory politycy PiS porzucili polski interes narodowy w sferze zewn\u0119trznej i wewn\u0119trznej.<\/p>\r\n<p>&nbsp;<\/p>\r\n<h4>Wp\u0142yw \u201eUnii Europejskiej\u201d na suwerenno\u015b\u0107 Polski<\/h4>\r\n<p>Wi\u0119ksza cz\u0119\u015b\u0107 wyst\u0105pienia Miros\u0142awa Piotrowskiego by\u0142a po\u015bwi\u0119cona systematycznej utracie suwerenno\u015bci przez Polsk\u0119 w kontek\u015bcie relacji z UE. Prelegent przypomnia\u0142 znaczenie poj\u0119cia suwerenno\u015bci, a tak\u017ce przypomnia\u0142 umow\u0119 pomi\u0119dzy Tuskiem a&nbsp; bra\u0107mi Kaczy\u0144skimi. W wyniku jej realizacji zosta\u0142 podpisany Traktat Lizbo\u0144ski, a mo\u017cliwo\u015b\u0107 wp\u0142ywu na decyzje UE drastycznie zmala\u0142a.<\/p>\r\n<blockquote>\r\n<p><em>Wed\u0142ug wcze\u015bniej obowi\u0105zuj\u0105cego Traktu z Nicei w Radzie Europejskiej Polska mia\u0142a 27 g\u0142os\u00f3w, a dla por\u00f3wnania Niemcy 29.<\/em><\/p>\r\n<p><em>Lech Kaczy\u0144ski m\u00f3wi\u0142: Panowie \u017ceby nie by\u0142o niedom\u00f3wie\u0144 ja i tak to podpisz\u0119. On by\u0142 zdecydowany to podpisa\u0107, bo um\u00f3wi\u0142 si\u0119 na to z Donaldem Tuskiem. No i podpisa\u0142.<\/em><\/p>\r\n<\/blockquote>\r\n<p>\u201cSuwerenno\u015b\u0107 to zdolno\u015b\u0107 do samodzielnego i niezale\u017cnego od innych podmiot\u00f3w sprawowania w\u0142adzy politycznej nad okre\u015blonym terytorium rz\u0105dzenia. Atrybuty suwerenno\u015bci dzieli si\u0119 na zewn\u0119trzne (polityka zagraniczna, obronno\u015b\u0107, kontrola przep\u0142ywu os\u00f3b, kapita\u0142u, towar\u00f3w i us\u0142ug), wewn\u0119trzne (formalno- prawne \u2013 prawo i legislacja; ekonomiczne, w\u0142asna waluta, podatki)\u201d.<\/p>\r\n<p>&nbsp;<\/p>\r\n<h4>\u201cFerajna bezrefleksyjnych dyletant\u00f3w, kt\u00f3rzy nie potrafi\u0105 i nie chc\u0105 podj\u0105\u0107 r\u0119kawicy, \u017ceby po prostu gra\u0107\u201d<\/h4>\r\n<blockquote>\r\n<p><em>Ludzie zag\u0142osowali na tzw. zjednoczon\u0105 prawic\u0119, ani ona zjednoczona ani prawica, gdy\u017c ta formacja ich oszukiwa\u0142a-id\u0105c do wybor\u00f3w krajowych i europejskich zapowiada\u0142a, \u017ce b\u0119dzie walczy\u0107 o suwerenno\u015b\u0107 Polski w ramach Unii Europejskiej. Nic bardziej mylnego. Zrobi\u0142a zwrot o 180 stopni i popiera wszystkie decyzje, kt\u00f3re s\u0105 na r\u0119k\u0119 grupie Spinellego.<\/em><\/p>\r\n<\/blockquote>\r\n<p>&nbsp;<\/p>\r\n<p><strong>Jako pierwsz\u0105 cz\u0119\u015b\u0107 polecamy wideo &#8222;Czy grozi nam wojna? \u2013 wielka konferencja w Kielcach&#8221;<\/strong><\/p>\r\n<p>Link tutaj: <span style=\"text-decoration: underline;\">https:\/\/www.youtube.com\/watch?v=tQMwfJ_-KWE<\/span><\/p>\r\n<p>[<em>Z jakich\u015b powod\u00f3w w\u0142a\u015bciciel kana\u0142u, zdaje si\u0119 eMisjaTv, wy\u0142\u0105czy\u0142 mo\u017cliwo\u015b\u0107 odtwarzania video na stronach internetowych&#8230; A p\u00f3\u017aniej biadol\u0105 o cenzurze&#8230; &#8211; Red. Bibu\u0142y<\/em>]<\/p>\r\n<p>&nbsp;<\/p>\r\n<iframe title=\"YouTube video player\" src=\"https:\/\/www.youtube.com\/embed\/tQMwfJ_-KWE\" allowfullscreen=\"allowfullscreen\" width=\"560\" height=\"315\" frameborder=\"0\"><\/iframe><\/div>","protected":false},"excerpt":{"rendered":"Z punktu widzenia beneficjent\u00f3w wydarze\u0144 wyj\u0105tkowych, wojna jest stanem korzystnym. Specjali\u015bci od zarz\u0105dzania zbiorow\u0105 \u015bwiadomo\u015bci\u0105 wiedz\u0105, \u017ce w czasie pokoju manipulowanie lud\u017ami jest o wiele trudniejsze. W czasie psychopandemii wyprano skutecznie m\u00f3zgi wybielaczem strachu. Pojawi\u0142y si\u0119 bia\u0142e plamy, parali\u017c woli i my\u015blenia. Z tych w\u0142a\u015bnie powod\u00f3w, nie pomijaj\u0105c aspektu finansowego, wszelkie stany chaosu powstaj\u0105ce z [&hellip;]","protected":false},"author":1,"featured_media":0,"comment_status":"closed","ping_status":"closed","sticky":false,"template":"","format":"standard","meta":{"_acf_changed":false,"_monsterinsights_skip_tracking":false,"_monsterinsights_sitenote_active":false,"_monsterinsights_sitenote_note":"","_monsterinsights_sitenote_category":0,"ngg_post_thumbnail":0,"footnotes":"","_wp_rev_ctl_limit":""},"categories":[13],"tags":[92],"acf":[],"_links":{"self":[{"href":"https:\/\/www.bibula.com\/index.php?rest_route=\/wp\/v2\/posts\/139426"}],"collection":[{"href":"https:\/\/www.bibula.com\/index.php?rest_route=\/wp\/v2\/posts"}],"about":[{"href":"https:\/\/www.bibula.com\/index.php?rest_route=\/wp\/v2\/types\/post"}],"author":[{"embeddable":true,"href":"https:\/\/www.bibula.com\/index.php?rest_route=\/wp\/v2\/users\/1"}],"replies":[{"embeddable":true,"href":"https:\/\/www.bibula.com\/index.php?rest_route=%2Fwp%2Fv2%2Fcomments&post=139426"}],"version-history":[{"count":4,"href":"https:\/\/www.bibula.com\/index.php?rest_route=\/wp\/v2\/posts\/139426\/revisions"}],"predecessor-version":[{"id":139430,"href":"https:\/\/www.bibula.com\/index.php?rest_route=\/wp\/v2\/posts\/139426\/revisions\/139430"}],"wp:attachment":[{"href":"https:\/\/www.bibula.com\/index.php?rest_route=%2Fwp%2Fv2%2Fmedia&parent=139426"}],"wp:term":[{"taxonomy":"category","embeddable":true,"href":"https:\/\/www.bibula.com\/index.php?rest_route=%2Fwp%2Fv2%2Fcategories&post=139426"},{"taxonomy":"post_tag","embeddable":true,"href":"https:\/\/www.bibula.com\/index.php?rest_route=%2Fwp%2Fv2%2Ftags&post=139426"}],"curies":[{"name":"wp","href":"https:\/\/api.w.org\/{rel}","templated":true}]}}