{"id":139405,"date":"2023-03-17T18:23:27","date_gmt":"2023-03-17T22:23:27","guid":{"rendered":"https:\/\/www.bibula.com\/?p=139405"},"modified":"2023-03-17T18:37:35","modified_gmt":"2023-03-17T22:37:35","slug":"czy-karol-wojtyla-mogl-wiedziec-andrzej-szlezak","status":"publish","type":"post","link":"https:\/\/www.bibula.com\/?p=139405","title":{"rendered":"Czy Karol Wojty\u0142a m\u00f3g\u0142 wiedzie\u0107? &#8211; <em>Andrzej Szl\u0119zak<\/em>"},"content":{"rendered":"<div class=\"p_underline\">\r\n<p class=\"has-drop-cap\">Zaczn\u0119 p\u00f3\u0142 \u017cartem, p\u00f3\u0142 serio. W 1938 roku Sejm uchwali\u0142 ustaw\u0119, maj\u0105c\u0105 chroni\u0107 kult \u201eKomendanta\u201d, czyli J\u00f3zefa Pi\u0142sudskiego\u201d. Chodzi\u0142o o to, \u017ce za powiedzenie czego\u015b negatywnego o Pi\u0142sudskim, mo\u017cna by\u0142o trafi\u0107 do wi\u0119zienia. By\u0142a to swoista kwintesencja rz\u0105d\u00f3w sanacji oraz kulminacja lepienia bo\u017cka z Pi\u0142sudskiego.<\/p>\r\n<p>Obecna atmosfera wok\u00f3\u0142 obrony dobrego imienia papie\u017ca Jana Paw\u0142a II, zaczyna pachnie\u0107 podobnym rozwi\u0105zaniem. PiS jako na\u015bladowca sanacji jest do tego zdolny. Wprowadzane na przyk\u0142ad w mediach pa\u0144stwowych elementy \u201eochrony kultu Jana Paw\u0142a II\u201d bardzo przypominaj\u0105 to, co robi\u0142a sanacja. Mimo wszystko mam nadziej\u0119, \u017ce nie zdecyduj\u0105 si\u0119 tak bardzo skrzywdzi\u0107 Karola Wojty\u0142y.<\/p>\r\n<p>Stawiam tez\u0119, \u017ce g\u0142\u0119bok\u0105 przyczyn\u0105 obecnego konfliktu wok\u00f3\u0142 dzia\u0142a\u0144 Wojty\u0142y, gdy by\u0142 jeszcze kardyna\u0142em, jest polityczny sukces ko\u015bcio\u0142a katolickiego. Ten sukces, przechodz\u0105cy w latach 90. ubieg\u0142ego wieku w tryumf, zacz\u0105\u0142 si\u0119 z dniem wyboru kardyna\u0142a Wojty\u0142y na papie\u017ca. A teraz uzasadniam.<\/p>\r\n<p>Uwa\u017cam za prawdopodobne, \u017ce kardyna\u0142 Karol Wojty\u0142a m\u00f3g\u0142 ukrywa\u0107 pedofilskie przest\u0119pstwa podleg\u0142ych sobie ksi\u0119\u017cy. Mog\u0119 r\u00f3wnie\u017c zrozumie\u0107 motywy jego dzia\u0142ania. Trzeba zdawa\u0107 sobie spraw\u0119, \u017ce te zasz\u0142o\u015bci mia\u0142y miejsce w latach g\u0142\u0119bokiej komuny. Ko\u015bci\u00f3\u0142 by\u0142 g\u0142\u00f3wnym wrogiem komunistycznej w\u0142adzy i jego zniszczenie, albo cho\u0107by tylko ograniczenie wp\u0142yw\u00f3w w spo\u0142ecze\u0144stwie, by\u0142o jednym z najwa\u017cniejszych cel\u00f3w politycznych \u00f3wczesnych w\u0142adz PRL. Nie szcz\u0119dzono na to si\u0142 i \u015brodk\u00f3w. S\u0142u\u017cba Bezpiecze\u0144stwa ima\u0142a si\u0119 r\u00f3\u017cnych podst\u0119p\u00f3w, by skompromitowa\u0107 poszczeg\u00f3lnych ksi\u0119\u017cy i werbowa\u0107 ich jako agent\u00f3w. I trzeba przyzna\u0107, \u017ce to si\u0119 udawa\u0142o. Ubecy metody osaczania ksi\u0119\u017cy zamykali w okre\u015bleniu \u201eflaszka, worek i rozporek\u201d, czyli chodzi\u0142o o sk\u0142onno\u015bci do nadu\u017cywania alkoholu, pazerno\u015bci na pieni\u0105dze i seksualne relacje ksi\u0119\u017cy z kobietami, ale i o zboczenia, jak pedofilia.<\/p>\r\n<p>Uwa\u017cam za oczywiste, \u017ce kardyna\u0142 Wojty\u0142a mia\u0142 tego pe\u0142n\u0105 \u015bwiadomo\u015b\u0107. Zatem je\u015bli powzi\u0105\u0142 informacj\u0119, \u017ce jaki\u015b ksi\u0105dz jest pedofilem, to co mia\u0142 zrobi\u0107? Takiego ksi\u0119dza nie mo\u017cna by\u0142o wyrzuci\u0107 ze stanu kap\u0142a\u0144skiego i dzisiaj r\u00f3wnie\u017c nie jest to mo\u017cliwe. Zawiadomi\u0107 milicj\u0119 i prokuratur\u0119 o tych przest\u0119pstwach? Je\u015bli kto\u015b ma cho\u0107 minimaln\u0105 wiedz\u0119 o \u00f3wczesnych realiach, to doskonale wie, \u017ce by\u0142oby to ze strony kardyna\u0142a Wojty\u0142y czyste szale\u0144stwo. By\u0142by to z politycznego punktu widzenia dzia\u0142ania prowadz\u0105ce nawet do samozag\u0142ady Ko\u015bcio\u0142a jako instytucji. Wojty\u0142a mia\u0142 do wyboru zachowa\u0107 si\u0119 jak hierarcha \u2013 polityk albo duszpasterz, nie ogl\u0105daj\u0105cy si\u0119 na wszystkie realia, a realizuj\u0105cy swoje powo\u0142anie, czyli broni\u0105cy prawdy i skrzywdzonych przez zboczonych ksi\u0119\u017cy. W tamtych czasach o tej drugiej postawie w Ko\u015bciele nie by\u0142o mowy i chyba nawet w doktrynie katolickiej nie by\u0142o miejsca na takie zachowania. Poza tym w nastawieniu Ko\u015bcio\u0142a dominowa\u0142o prze\u015bwiadczenie, \u017ce ponad wszystko trzeba chroni\u0107 Ko\u015bci\u00f3\u0142 jako instytucj\u0119, poniewa\u017c gro\u017aba jej rozbicia czy podporz\u0105dkowania w\u0142adzy komunist\u00f3w by\u0142a realna. Przetrwania Ko\u015bcio\u0142a, jako niezale\u017cnej instytucji nale\u017ca\u0142o broni\u0107 za wszelk\u0105 cen\u0119. Za to prymas Stefan Wyszy\u0144ski zosta\u0142 uwi\u0119ziony na kilka lat. I za takie dzia\u0142ania i Wyszy\u0144ski, i Wojty\u0142a zas\u0142u\u017cyli na miano m\u0119\u017ca stanu. Tak te\u017c rozumiano heroizm w postawach duchowie\u0144stwa. W tych okoliczno\u015bciach sprawa ofiar ksi\u0119\u017cy pedofil\u00f3w po prostu nie istnia\u0142a. Przecie\u017c z powodzeniem mog\u0142a si\u0119 sta\u0107 skutecznym pretekstem do atak\u00f3w na Ko\u015bci\u00f3\u0142. Podkre\u015blam, \u017ce nie jest to z mojej strony usprawiedliwianie, ale wyja\u015bnianie, by zrozumie\u0107 wszystkie realia.<\/p>\r\n<p>I tak Ko\u015bci\u00f3\u0142 trwa\u0142, przetrwa\u0142, a od czasu wyboru kardyna\u0142a Wojty\u0142y na papie\u017ca zacz\u0105\u0142 wygrywa\u0107. R\u00f3s\u0142 jako instytucja, pot\u0119\u017cnia\u0142 jako si\u0142a moralna, ale w tym samym stopniu jako si\u0142a polityczna. Upadek PRL-u by\u0142 tryumfem Ko\u015bcio\u0142a. Mo\u017cna chyba zaryzykowa\u0107 pogl\u0105d, \u017ce od tego czasu zacz\u0119\u0142a male\u0107 si\u0142a moralna Ko\u015bcio\u0142a, a ca\u0142y czas ros\u0142a jego si\u0142a polityczna. Atmosfera tryumfu, poczucie pot\u0119gi nie sk\u0142ania\u0142y do zastanowienia nad wewn\u0119trznymi s\u0142abo\u015bciami w strukturach Ko\u015bcio\u0142a. Problemy homoseksualizmu czy pedofilii za\u0142atwiano tak, jak za PRL-u. A te problemy ros\u0142y, nabrzmiewa\u0142y i coraz cz\u0119\u015bciej dowiadywa\u0142a si\u0119 o nich opinia publiczna. Ko\u015bci\u00f3\u0142 jako instytucja, a zw\u0142aszcza hierarchia, by\u0142 kompletnie bezradny, bierny i chyba nie rozumia\u0142 zagro\u017cenia, jakie nios\u0142o ujawnianie r\u00f3\u017cnych skandalicznych spraw. A one sta\u0142y si\u0119 skuteczn\u0105 broni\u0105 w walce z Ko\u015bcio\u0142em, zar\u00f3wno jako instytucj\u0105 g\u0142osz\u0105c\u0105 okre\u015blone nauczanie moralne, jak i instytucj\u0105 wp\u0142ywaj\u0105c\u0105 i kszta\u0142tuj\u0105c\u0105 polityczne realia.<\/p>\r\n<p>W tym momencie, w sporze o postaw\u0119 Karola Wojty\u0142y, kt\u00f3ra p\u00f3ki co jest g\u0142\u00f3wn\u0105 kwesti\u0105 sporn\u0105 w polskim \u017cyciu publicznym, Ko\u015bci\u00f3\u0142 nie ma szans. Minimalna cz\u0119\u015b\u0107 zainteresowanych rozumie okoliczno\u015bci i presj\u0119 pod kt\u00f3r\u0105 dzia\u0142a\u0142 kardyna\u0142 Wojty\u0142a w latach PRL-u. Po tak wielu skandalach ujawnianych w Ko\u015bciele w ostatnich latach, po tylu kompromitacjach r\u00f3\u017cnych hierarch\u00f3w, ma\u0142o kto b\u0119dzie bra\u0142 pod uwag\u0119, \u017ce kilkadziesi\u0105t lat temu przetrwanie Ko\u015bcio\u0142a jako instytucji niezale\u017cnej, by\u0142o spraw\u0105 fundamentaln\u0105 nie tylko dla Ko\u015bcio\u0142a, ale i dla przysz\u0142ej wolnej Polski. Kto dzi\u015b zechce cho\u0107by tylko rozwa\u017cy\u0107, \u017ce hierarchowie ko\u015bcielni w czasach PRL-u stawali przed dramatycznym wyborem jakiego\u015b mniejszego z\u0142a i \u0142atwo ich os\u0105dza\u0107 z dzisiejszej perspektywy? Dzisiaj dla ogromnej wi\u0119kszo\u015bci opinii publicznej zrozumia\u0142a jest krzywda poszczeg\u00f3lnych os\u00f3b, a zw\u0142aszcza dzieci i uwa\u017ca si\u0119, \u017ce Ko\u015bci\u00f3\u0142 jest po to, \u017ceby stawa\u0107 w ich obronie. O tym si\u0119 m\u00f3wi, to si\u0119 nag\u0142a\u015bnia, to si\u0119 wr\u0119cz wt\u0142acza w \u015bwiadomo\u015b\u0107. Ko\u015bci\u00f3\u0142 z obro\u0144cy fundamentalnych warto\u015bci z wolno\u015bci\u0105 na czele, sta\u0142 si\u0119 g\u0142\u00f3wnym oskar\u017conym i albo bardzo s\u0142abo, albo nawet w og\u00f3le nie potrafi si\u0119 broni\u0107, wi\u0119c przegrywa. Przegrywa g\u0142\u00f3wnie jako instytucja, o kt\u00f3rej si\u0119 s\u0105dzi, \u017ce nie jest ju\u017c konieczna do realizacji jego misji, a za to jest miejscem przer\u00f3\u017cnych nadu\u017cy\u0107. Ko\u015bci\u00f3\u0142, jako instytucja ze swoj\u0105 hierarchi\u0105, ma udzia\u0142 w lepieniu bo\u017cka z Jana Paw\u0142a II. Z papie\u017ca zrobiono symbol politycznego tryumfu i dominacji. Niestety mam wra\u017cenie, \u017ce dop\u00f3ki Karol Wojty\u0142a b\u0119dzie politycznym or\u0119\u017cem, symbolem i czymkolwiek innym wykorzystywanym politycznie na nic zdadz\u0105 si\u0119 pr\u00f3by jego obrony, a co najwy\u017cej sko\u0144cz\u0105 si\u0119 jak\u0105\u015b ustaw\u0105 o \u201eOchronie kultu Jana Paw\u0142a II\u201d.<\/p>\r\n<p>A Pa\u0144stwo rozumiecie dramat pami\u0119ci po Karolu Wojtyle, Janie Pawle II?<\/p>\r\n<p><strong><em>Andrzej Szl\u0119zak<\/em><\/strong><\/p>\r\n<p>za: FB<\/p>\r\n<\/div>\r\n<p class=\"zrodlo\">Za: <a href=\"https:\/\/konserwatyzm.pl\/szlezak-czy-karol-wojtyla-mogl-wiedziec\/\">konserwatyzm.pl (17 marca 2023)<\/a><\/p>\r\n<h4>&nbsp;<\/h4>\r\n<hr style=\"background-color: #000000; border-width: 0; color: #000000; height: 2px; line-height: 0; text-align: center; width: 100%;\">\r\n<h4>&nbsp;<\/h4>\r\n<h2><span style=\"color: #800000;\"><strong>Overbeek \u2013 bohater liberalnych medi\u00f3w i paszkwilu TVN \u2013 w telewizji Id\u017a Pod Pr\u0105d<\/strong><\/span><\/h2>\r\n<p>Eve Overbeek, holenderski dziennikarz, autor atakuj\u0105cej \u015bw. Jana Paw\u0142a II ksi\u0105\u017cki pt. \u201eMaxima Culpa. Co ko\u015bci\u00f3\u0142 ukrywa o Janie Pawle II\u201d, w maju 2020 roku wyst\u0105pi\u0142 w prowadzonej przez pastora Paw\u0142a Chojeckiego telewizji \u201eId\u017a pod Pr\u0105d\u201d.<\/p>\r\n<p><strong>Sk\u0105d Overbeek czerpa\u0142 \u201ewiedz\u0119\u201d o polskim Ko\u015bciele? \u2013 <em>Te dane znalaz\u0142em bardzo cz\u0119sto w takich mediach dosy\u0107 marginalnych, skrajnie antyklerykalnych, takie \u201eFakty i Mity\u201d itd., kt\u00f3re po prostu maj\u0105 bardzo wyra\u017an\u0105 agend\u0119, po prostu nie lubi\u0105 Ko\u015bcio\u0142a i tyle<\/em><\/strong> \u2014 przyzna\u0142 z rozbrajaj\u0105c\u0105 szczero\u015bci\u0105 Overbeek. Przy okazji daje si\u0119 on pozna\u0107 jako totalny ignorant. Sam przyznaje, \u017ce mia\u0142 zerow\u0105 wiedz\u0119 o Ko\u015bciele Katolickim i \u017ce jest to temat dla niego egzotyczny\u2026<\/p>\r\n<p>&nbsp;<\/p>\r\n<blockquote class=\"twitter-tweet\">\r\n<p dir=\"ltr\" lang=\"pl\">To jest z\u0142oto. <a href=\"https:\/\/twitter.com\/hashtag\/Overbeek?src=hash&amp;ref_src=twsrc%5Etfw\">#Overbeek<\/a> &#8211; bohater medi\u00f3w i paszkwilu TVN &#8211; m\u00f3wi dla sekty Pastora Chojeckiego (gdzie regularnie obra\u017caj\u0105 i zniewa\u017caj\u0105 katolik\u00f3w) \u017ce on materia\u0142\u00f3w o polskim Ko\u015bciele szuka na skrajnie, skrajnie antyklerykalnych stronach, gdzie nienawidz\u0105 KK, jak Fakty i Mity. 1\/2 <a href=\"https:\/\/t.co\/WOVSRT2H51\">pic.twitter.com\/WOVSRT2H51<\/a><\/p>\r\n\r\n\u2014 Waldemar Kowal (@WaldemarKowall) <a href=\"https:\/\/twitter.com\/WaldemarKowall\/status\/1636094393684840448?ref_src=twsrc%5Etfw\">March 15, 2023<\/a><\/blockquote>\r\n<p><script async=\"\" src=\"https:\/\/platform.twitter.com\/widgets.js\" charset=\"utf-8\"><\/script><\/p>\r\n<p>&nbsp;<\/p>\r\n<p class=\"zrodlo\">Za: <a href=\"https:\/\/www.magnapolonia.org\/overbeek-bohater-liberalnych-mediow-i-paszkwilu-tvn-w-telewizji-idz-pod-prad\/\">MagnaPolonia.org (16 marca 2023)<\/a><\/p>\r\n<h4>&nbsp;<\/h4>\r\n<hr style=\"background-color: #000000; border-width: 0; color: #000000; height: 2px; line-height: 0; text-align: center; width: 100%;\">\r\n<h4>&nbsp;<\/h4>\r\n<blockquote>\r\n<p><strong>KOMENTARZ <em>BIBU\u0141Y<\/em><\/strong>: Oczywi\u015bcie nikt nie wie co wiedzia\u0142 kardyna\u0142 Karol Wojty\u0142a a p\u00f3\u017aniej Jan Pawe\u0142 II &#8211; poza nim samym, ale teraz tego nie dowiemy si\u0119. Du\u017co natomiast mo\u017ce wiedzie\u0107 jego kapciowy Stasiu, kt\u00f3ry jeszcze \u017cyje i nawet pochwali\u0142 si\u0119 niewype\u0142nieniem testamentu zatrzymuj\u0105c osobiste notatki JP2.<\/p>\r\n<p>Mo\u017cna co prawda wnioskowa\u0107 z r\u00f3\u017cnych dokument\u00f3w peerelowskich co robi\u0142 KW jako kardyna\u0142, a mo\u017ce i wcze\u015bniej jako biskup, z ksi\u0119\u017cmi maj\u0105cymi problemy z seksualno\u015bci\u0105. W tamtym klimacie wysy\u0142a\u0142o si\u0119 takiego delikwenta do odleg\u0142ych miejsc, albo w skrajnych przypadkach do zamkni\u0119tych &#8222;dom\u00f3w modlitwy&#8221;, sk\u0105d po jakim\u015b czasie jednak wraca\u0142 &#8222;do s\u0142u\u017cby&#8221;. To co m\u00f3g\u0142by robi\u0107, czy zaniedbywa\u0107 biskup\/kardyna\u0142 Wojty\u0142a w tamtym czasie z wiedz\u0105 o takich przypadkach, nie odbiega\u0142o od regu\u0142 post\u0119powania z problematycznymi ksi\u0119\u017cmi, regu\u0142 stosowanych w innych ko\u015bcio\u0142ach partykularnych w r\u00f3\u017cnych pa\u0144stwach, regionach \u015bwiata.<\/p>\r\n<p>Za\u015b w okresie papiestwa, JP2 odizolowa\u0142 si\u0119 od nadzoru nad Ko\u015bcio\u0142em, skupiaj\u0105c si\u0119 na kr\u0105\u017ceniu po \u015bwiecie i uprawianiu aktorstwa oraz &#8222;nowoczesnej ewangelizacji&#8221;. Uczyni\u0142 to \u015bwiadomie, sam rezygnuj\u0105c z dogl\u0105dania bie\u017c\u0105cych spraw Ko\u015bcio\u0142a i powierzaj\u0105c sprawy administracyjne swoim &#8222;doradcom&#8221; i &#8222;zaufanym&#8221;. Oni to g\u0142\u00f3wnie izolowali JP2 od nap\u0142ywaj\u0105cych informacji i oni s\u0105 za taki obr\u00f3t spraw odpowiedzialni, cho\u0107 odpowiedzialno\u015b\u0107 JP2 jako &#8222;prze\u0142o\u017conego&#8221; w powierzaniu obowi\u0105zk\u00f3w niew\u0142a\u015bciwym osobom, r\u00f3wnie\u017c nie ulega w\u0105tpliwo\u015bci, cho\u0107 jest innego wymiaru.<\/p>\r\n<p>Ca\u0142o\u015b\u0107 za\u015b dotyczy podstawowego zagadnienia: rozpr\u0119\u017cenia dyscypliny Ko\u015bcio\u0142a w okresie posoborowym. To wtedy mia\u0142o miejsce 99% przypadk\u00f3w molestowania, jak cho\u0107by wynika z bardzo szczeg\u00f3\u0142owych bada\u0144 w Ko\u015bciele ameryka\u0144skim, gdzie przekopywano w r\u00f3\u017cnych diecezjach tony dokument\u00f3w, znajduj\u0105c gros spraw z okresu po 1965 roku, a \u015bladowe ilo\u015bci przed tym okresem. To w\u0142a\u015bnie w okresie po Soborze Watyka\u0144skim II ksi\u0119\u017ca poczuli brak nadzoru, brak dyscypliny, brak kar za wyst\u0119pki i pozbawieni przys\u0142owiowego bata, poczuli si\u0119 bezkarni.<\/p>\r\n<p>I jeszcze drobna uwaga: w powy\u017cszym tek\u015bcie padaj\u0105 s\u0142owa: &#8222;<em>Takiego ksi\u0119dza nie mo\u017cna by\u0142o wyrzuci\u0107 ze stanu kap\u0142a\u0144skiego i dzisiaj r\u00f3wnie\u017c nie jest to mo\u017cliwe.<\/em>\u201d Oczywi\u015bcie jest to nieprawda: tak wtedy tak i teraz w\u0142adza ko\u015bcielna mo\u017ce zastosowa\u0107 r\u00f3\u017cne kary, z kt\u00f3rych usuni\u0119cie ze stanu kap\u0142a\u0144stwa jest najwy\u017csz\u0105. Nie zmienia to faktu, \u017ce \u015bwi\u0119cenia kap\u0142a\u0144skie s\u0105 wa\u017cne do ko\u0144ca \u017cycia, ale wydalenie ze stanu kap\u0142a\u0144stwa, czyli przeniesienie do stanu \u015bwieckiego, by\u0142o i jest jedn\u0105 z kar dyscyplinarnych i jedn\u0105 z mo\u017cliwych opcji. Czy wystarczaj\u0105c\u0105, to kwestia dalszej dyskusji i niestety, kiedy\u015b stosowano j\u0105 sporadycznie, a dzi\u015b nie tak cz\u0119sto jak nale\u017ca\u0142oby.<\/p>\r\n<\/blockquote>\r\n<h4>&nbsp;<\/h4>\r\n<hr style=\"background-color: #000000; border-width: 0; color: #000000; height: 2px; line-height: 0; text-align: center; width: 100%;\">\r\n<h4>&nbsp;<\/h4>\r\n<p>&nbsp;<\/p>","protected":false},"excerpt":{"rendered":"Zaczn\u0119 p\u00f3\u0142 \u017cartem, p\u00f3\u0142 serio. W 1938 roku Sejm uchwali\u0142 ustaw\u0119, maj\u0105c\u0105 chroni\u0107 kult \u201eKomendanta\u201d, czyli J\u00f3zefa Pi\u0142sudskiego\u201d. Chodzi\u0142o o to, \u017ce za powiedzenie czego\u015b negatywnego o Pi\u0142sudskim, mo\u017cna by\u0142o trafi\u0107 do wi\u0119zienia. By\u0142a to swoista kwintesencja rz\u0105d\u00f3w sanacji oraz kulminacja lepienia bo\u017cka z Pi\u0142sudskiego. Obecna atmosfera wok\u00f3\u0142 obrony dobrego imienia papie\u017ca Jana Paw\u0142a II, [&hellip;]","protected":false},"author":1,"featured_media":0,"comment_status":"closed","ping_status":"closed","sticky":false,"template":"","format":"standard","meta":{"_acf_changed":false,"_monsterinsights_skip_tracking":false,"_monsterinsights_sitenote_active":false,"_monsterinsights_sitenote_note":"","_monsterinsights_sitenote_category":0,"ngg_post_thumbnail":0,"footnotes":"","_wp_rev_ctl_limit":""},"categories":[13],"tags":[92,51,81,86],"acf":[],"_links":{"self":[{"href":"https:\/\/www.bibula.com\/index.php?rest_route=\/wp\/v2\/posts\/139405"}],"collection":[{"href":"https:\/\/www.bibula.com\/index.php?rest_route=\/wp\/v2\/posts"}],"about":[{"href":"https:\/\/www.bibula.com\/index.php?rest_route=\/wp\/v2\/types\/post"}],"author":[{"embeddable":true,"href":"https:\/\/www.bibula.com\/index.php?rest_route=\/wp\/v2\/users\/1"}],"replies":[{"embeddable":true,"href":"https:\/\/www.bibula.com\/index.php?rest_route=%2Fwp%2Fv2%2Fcomments&post=139405"}],"version-history":[{"count":7,"href":"https:\/\/www.bibula.com\/index.php?rest_route=\/wp\/v2\/posts\/139405\/revisions"}],"predecessor-version":[{"id":139412,"href":"https:\/\/www.bibula.com\/index.php?rest_route=\/wp\/v2\/posts\/139405\/revisions\/139412"}],"wp:attachment":[{"href":"https:\/\/www.bibula.com\/index.php?rest_route=%2Fwp%2Fv2%2Fmedia&parent=139405"}],"wp:term":[{"taxonomy":"category","embeddable":true,"href":"https:\/\/www.bibula.com\/index.php?rest_route=%2Fwp%2Fv2%2Fcategories&post=139405"},{"taxonomy":"post_tag","embeddable":true,"href":"https:\/\/www.bibula.com\/index.php?rest_route=%2Fwp%2Fv2%2Ftags&post=139405"}],"curies":[{"name":"wp","href":"https:\/\/api.w.org\/{rel}","templated":true}]}}