{"id":139392,"date":"2023-03-17T13:41:07","date_gmt":"2023-03-17T17:41:07","guid":{"rendered":"https:\/\/www.bibula.com\/?p=139392"},"modified":"2023-03-17T13:41:07","modified_gmt":"2023-03-17T17:41:07","slug":"amerykanski-sabotaz-przeciw-nord-stream-polska-perpektywa-konrad-rekas","status":"publish","type":"post","link":"https:\/\/www.bibula.com\/?p=139392","title":{"rendered":"Ameryka\u0144ski sabota\u017c przeciw Nord Stream \u2013 polska perpektywa &#8211; <em>Konrad R\u0119kas<\/em>"},"content":{"rendered":"<p><strong><em>M\u00f3j kraj, Polska, wydaje si\u0119 by\u0107 w na pierwszej linii agresywnej, imperialistycznej polityki sterowanej z Waszyngtonu i Londynu. Jednym z wielu dowod\u00f3w potwierdzaj\u0105cych s\u0142uszno\u015b\u0107 tego pogl\u0105du mog\u0142yby by\u0107 przecieki o co najmniej po\u015brednim polskim udziale w zamachu na Nord Stream 6 wrze\u015bnia 2022 roku.<\/em> <\/strong><\/p>\r\n<p>&nbsp;<\/p>\r\n<div class=\"p_underline\">\r\n<p class=\"has-drop-cap\">Jedna z wersji zdarzenia szeroko <a href=\"https:\/\/www.dailymail.co.uk\/news\/article-11834229\/Ukraine-denies-involvement-Nord-Stream-pipeline-blast-officials-blame-pro-Kyiv-group.html\"><span style=\"text-decoration: underline;\">omawiana<\/span><\/a> w zachodnich mediach jako sprawc\u00f3w wskazuje \u201eniezale\u017cn\u0105 grup\u0119 przyjaci\u00f3\u0142 Ukrainy\u201d, kt\u00f3ra realizuj\u0105c akt sabota\u017cu mia\u0142a przemieszcza\u0107 si\u0119 jachtem wypo\u017cyczonym z ukrai\u0144skiej firmy zarejestrowanej w Polsce. Opowie\u015b\u0107 o wolnych strzelcach nie brzmi jako\u015b szczeg\u00f3lnie wiarygodnie, nie t\u0142umaczy ani swobody ich dzia\u0142ania z masami materia\u0142\u00f3w wybuchowych niezb\u0119dnych do zainicjowania eksplozji, ani te\u017c \u017ar\u00f3de\u0142 pochodzenia reszty wysoce specjalistycznego sprz\u0119tu niezb\u0119dnego do ca\u0142ej operacji. Jest to jednak tak\u017ce wst\u0119pne przyznanie si\u0119 do winy ze strony si\u0142 prokijowskich, potwierdzenie, \u017ce wysadzenia Nord Streamu nie dokona\u0142a Rosja a przeciwnie, \u017ce by\u0142o to dzia\u0142anie jednoznacznie w interesie obecnych w\u0142adz Ukrainy i realizowanej za ich po\u015brednictwem polityki.<\/p>\r\n<p>&nbsp;<\/p>\r\n<h4>Polskie kl\u0119ski energetyczne<\/h4>\r\n<p>Tak czy inaczej, mamy do czynienia z pr\u00f3b\u0105 wmieszania w ca\u0142\u0105 afer\u0119 Polski, podobnie zreszt\u0105 jak i Niemiec (tajemniczy sabota\u017cowy jacht mia\u0142 bowiem operowa\u0107 z portu w Rostocku), czyli dw\u00f3ch kraj\u00f3w faktycznie najbardziej poszkodowanych podmorskim wybuchem na Ba\u0142tyku. A przecie\u017c Polacy s\u0105 tak\u017ce, a mo\u017ce przede wszystkim ofiarami wyj\u0105tkowo niebezpiecznej korelacji. Jako uzale\u017cniony na wszystkich p\u0142aszczyznach od Zachodu kraj peryferyjny ponosimy dotkliwe koszty obecnego globalnego kryzysu kapitalizmu, ukrywanego pod pretekstem zamierzonej i celowej transformacji energetycznej. W jej efekcie zostali\u015bmy zmuszeni do wyrzeczenia si\u0119 naszego naturalnego i dotychczas podstawowego surowca energetycznego w postaci w\u0119gla kamiennego. Z kolei uczestnicz\u0105c w koalicji antyrosyjskiej, sami odci\u0119li\u015bmy si\u0119 od dostaw rosyjskiego gazu ziemnego, czyli podstawowego surowca przej\u015bciowego, dzi\u0119ki kt\u00f3remu Europa mia\u0142a przetrwa\u0107 przej\u015bciowy okres przemian, planowany na nie mniej ni\u017c kilka dekad.&nbsp; Najpierw restrykcyjna polityka Unii Europejskiej, w postaci nierealnych za\u0142o\u017ce\u0144 programu <em>Fit for 55<\/em>, nast\u0119pnie spekulacje na rynku opcji gazowych, kt\u00f3re doprowadzi\u0142y do gwa\u0142townej zwy\u017cki cen rynkowych ju\u017c jesieni\u0105 2021 roku i finalnie konflikt na Ukrainie, po\u0142\u0105czony z blokad\u0105 energetyczn\u0105 i wojn\u0105 ekonomiczn\u0105 przeciw Rosji ostatecznie zaburzy\u0142 podstawy gospodarki Polski, bardzo silnie powi\u0105zanej z ekonomi\u0105 Niemiec, w tym tak\u017ce z wdra\u017canym przez naszego zachodniego s\u0105siada programem <em>Energiewende<\/em>, czyli swego rodzaju transformacj\u0105 energetyczn\u0105 z ludzk\u0105 twarz\u0105. Twarz\u0105, kt\u00f3r\u0105 jednakowo\u017c w\u0142a\u015bnie spoliczkowano.<\/p>\r\n<p>&nbsp;<\/p>\r\n<h4>Europie ko\u0144cz\u0105 si\u0119 czas i\u2026 energia<\/h4>\r\n<p>Mo\u017cemy dzi\u015b ju\u017c z ca\u0142\u0105 pewno\u015bci\u0105 stwierdzi\u0107, \u017ce z perspektywy dok\u0142adnie roku z za\u0142o\u017ce\u0144 os\u0142awionego <a href=\"https:\/\/www.iea.org\/reports\/a-10-point-plan-to-reduce-the-european-unions-reliance-on-russian-natural-gas\"><em><span style=\"text-decoration: underline;\">10-Point Plan to Reduce the European Union\u2019s Reliance on Russian Natural Gas<\/span><\/em><\/a> osta\u0142o si\u0119 przede wszystkim jedno, za to kluczowe: ograniczenie konsumpcji energetycznej przez gospodarstwa domowe. Uzyskano to za\u015b w drodze drako\u0144skiego zaciskania pasa i skokowych podwy\u017cek cen no\u015bnik\u00f3w energii. Pozosta\u0142e pomys\u0142y, jak zapowiadane maksymalne wykorzystanie rezerw i oczywi\u015bcie szybki zwrot w stron\u0119 energii odnawialnej okaza\u0142y si\u0119 technicznie niewykonalne i ekonomicznie nieop\u0142acalne, zw\u0142aszcza w perspektywie kr\u00f3tkoterminowej. A gdyby nawet inaczej, to i tak mog\u0142yby to by\u0107 jedynie mechanizmy wspomagaj\u0105ce i przej\u015bciowe, przy za\u0142o\u017ceniu, \u017ce zaburzenia na rynku dostaw gazu ziemnego z Rosji nie b\u0119d\u0105 trwa\u0142y d\u0142u\u017cej ni\u017c dwa lata, a obie nitki Nord Streamu b\u0119d\u0105 nadal wykorzystywane. Ostrze\u017cenia takie formu\u0142owa\u0142 m.in. oxfordzki <em>think tank<\/em> Aurora Energy Research, a rosn\u0105ce koszty tak zwanej szarej transformacji, pozbawionej zasilania gazowego, tylko potwierdza\u0142y konieczno\u015b\u0107 powrotu do obustronnie korzystnej kooperacji energetycznej Europa-Rosja. Potrzebny by\u0142 zatem radykalny krok uniemo\u017cliwiaj\u0105cy wznowienie takiej wsp\u00f3\u0142pracy.<\/p>\r\n<p>&nbsp;<\/p>\r\n<h4>Wiadomo, \u017ce to Anglosasi<\/h4>\r\n<p>Ameryka\u0144ski terrorystyczny atak przeciw Nord Stream by\u0142 niew\u0105tpliwie z polskiego punktu widzenia najbardziej tragicznym momentem obecnego konfliktu i nie jest przypadkiem, \u017ce nawet politycy polskiego g\u0142\u00f3wnego nurtu, jak by\u0142y minister spraw zagranicznych <strong>Radek Sikorski<\/strong>, jako jedni z pierwszych ujawnili informacje o ameryka\u0144skiej odpowiedzialno\u015bci za ten akt terroru energetycznego na Ba\u0142tyku. Jednym z wa\u017cnych cel\u00f3w ameryka\u0144skiego sabota\u017cu by\u0142o wszak zwi\u0119kszenie uzale\u017cnienia energetycznego, a wi\u0119c i ekonomicznego Europy \u015arodkowej, w tym Polski, od dostaw ameryka\u0144skiego i katarskiego LNG, a tak\u017ce uzyskanie rynku dla ameryka\u0144skich technologii j\u0105drowych. A musimy przecie\u017c pami\u0119ta\u0107, \u017ce m\u00f3wienie o pokojowym wykorzystaniu energii j\u0105drowej to eufemizm, nie ma bowiem w\u0105tpliwo\u015bci, \u017ce mamy do czynienia z d\u0105\u017ceniem do szybkiego wznowienia atomowego wy\u015bcigu zbroje\u0144 dzi\u0119ki produkcji znacznej ilo\u015bci materia\u0142u rozszczepialnego, tak\u017ce na terenie zak\u0142ad\u00f3w docelowo lokalizowanych w Polsce. Oznacza to, \u017ce w planach Anglosas\u00f3w Europa \u015arodkowa straci sw\u00f3j gwarantuj\u0105cy pok\u00f3j i przetrwanie status strefy bezatomowej, a przesuni\u0119cie ameryka\u0144skiej i brytyjskiej broni j\u0105drowej wprost pod granice Rosji jest tylko kwesti\u0105 czasu, raczej nied\u0142ugiego.<\/p>\r\n<p>&nbsp;<\/p>\r\n<h4>Ameryka\u0144ska agresja przeciw Europie<\/h4>\r\n<p>To wszystko r\u00f3wnie\u017c s\u0105 d\u0142ugofalowe skutki ameryka\u0144skiego terroryzmu przeciw Nord Stream. Rozprzestrzeniaj\u0105ca si\u0119 strefa wykluczenia energetyczna, drako\u0144ski wzrost koszt\u00f3w \u017cycia w Polsce i ju\u017c odczuwana recesja. Wi\u0119ksze uzale\u017cnienie od zagranicznych dostaw energetycznych, a wi\u0119c jeszcze mniejsza konkurencyjno\u015b\u0107 gospodarcza polskich firm. I przede wszystkim narastaj\u0105ce zagro\u017cenie wojenne. Dla Polak\u00f3w, jak i dla wszystkich Europejczyk\u00f3w podmorska eksplozja przeprowadzona przez ameryka\u0144skich, norweskich i brytyjskich terroryst\u00f3w ma zatem wymiar pierwszego strza\u0142u pe\u0142nowymiarowej wojny Ameryki przeciw Europie. Zostali\u015bmy napadni\u0119ci przez terroryst\u00f3w, musimy zatem prowadzi\u0107 nasz\u0105 w\u0142asn\u0105, obronn\u0105 wojn\u0119 przeciw terrorowi, w obronie naszych rodzin, dom\u00f3w i miejsc pracy. Skoro nie zawahali si\u0119 narazi\u0107 milion\u00f3w ludzi na \u015bmier\u0107 z wych\u0142odzenia \u2013 nie cofn\u0105 si\u0119 przed niczym.<\/p>\r\n<p>&nbsp;<\/p>\r\n<h4>To jeszcze nie koniec?<\/h4>\r\n<p>Co mo\u017ce by\u0107 celem kolejnych atak\u00f3w? Chocia\u017cby TurkStream, a zw\u0142aszcza projekt jego rozbudowy i rozci\u0105gni\u0119cia w ca\u0142y system zasilaj\u0105cy po\u0142udniow\u0105 Europ\u0119 w rosyjski gaz przesy\u0142any za po\u015brednictwem tureckiego hubu. Istniej\u0105ca nitka Anapa- K\u0131y\u0131k\u00f6y ju\u017c jest obj\u0119ta sankcjami, ale skoro te na przyk\u0142adzie Nord Streamu okaza\u0142y si\u0119 nieskuteczne, nie mo\u017cna wykluczy\u0107 pojawienia si\u0119 kolejnych \u201eniezale\u017cnych jacht\u00f3w\u201d z przypadkowymi komandosami i tonami materia\u0142\u00f3w wybuchowych. Ewidentnie wchodzimy w okres, w kt\u00f3rym transformacja kapitalizmu, jego przechodzenie w faz\u0119 niskokonsumpcyjnej i zerowzrostowej hibernacji b\u0119dzie dokonywane tak\u017ce przy u\u017cyciu \u015brodk\u00f3w militarnych i akt\u00f3w terroru. Skoro wiemy, \u017ce hegemonia ameryka\u0144ska, realizuj\u0105ca zadania globalistycznej finansjery za swego g\u0142\u00f3wnego konkurenta uwa\u017ca Chiny, zwi\u0105zane ze schy\u0142kowym etapem kapitalizmu przemys\u0142owo-konsumpcyjnego (modelem postfordowskim), r\u00f3wnie naturalnymi celami atak\u00f3w mog\u0142yby zatem sta\u0107 si\u0119 Kana\u0142 Sueski czy planowany przez Pekin nowy kana\u0142 nikaragua\u0144ski, pozwalaj\u0105cy omin\u0105\u0107 ameryka\u0144skie blokady w Panamie. Przypomnijmy sobie co si\u0119 sta\u0142o dwa lata temu, w marcu 2021 roku po drobnej z pozoru <a href=\"https:\/\/www.nytimes.com\/2021\/07\/17\/world\/middleeast\/suez-canal-stuck-ship-ever-given.html\"><span style=\"text-decoration: underline;\">awarii<\/span><\/a> kontenerowca \u201eEver Green\u201d p\u0142yn\u0105cego z malezyjskiego portu Tanjung Pelepas do Rotterdamu. W\u00f3wczas przerwa w komunikacji przez Suez trwa\u0142a tylko sze\u015b\u0107 dni, a tak i skutecznie zaburzy\u0142a \u0142a\u0144cuch dostaw do Europy. A gdyby dosz\u0142o do eksplozji na miar\u0119 Nord Stream i trwa\u0142ego wy\u0142\u0105czenia najszybszej morskiej drogi mi\u0119dzy Azj\u0105 i Europ\u0105, tak jak wojny na Ukrainie i w Syrii skutecznie blokuj\u0105 po\u0142\u0105czenia l\u0105dowe?<\/p>\r\n<p>Podobnie jak pozbawia si\u0119 zw\u0142aszcza Europ\u0119 \u015arodkow\u0105 energii, tak mo\u017cna sobie znakomicie wyobrazi\u0107 odci\u0119cie zachodnich konsument\u00f3w od elektroniki, podzespo\u0142\u00f3w, a wi\u0119c i m.in. motoryzacji, a tak\u017ce innych d\u00f3br konsumpcyjnych, jak tekstylia, do kt\u00f3rych nadpoda\u017cy przyzwyczai\u0142y nas kolejne dekady kapitalizmu dobrobytu. Dekady, kt\u00f3re dobiegaj\u0105 ko\u0144ca wraz z trzema g\u0142\u00f3wnymi cezurami d\u0142ugiego wieki dwudziestego: transformacj\u0105 energetyczn\u0105, pandemi\u0105 COVID-19 i wojn\u0105 na Ukrainie.<\/p>\r\n<p>Anglosaski zamach przeciw Nord Stream to dla tego prze\u0142omu tylko epizod, ale by\u0107 mo\u017ce taki o wymiarze Sarajewa i Pearl Harbor.<\/p>\r\n<p><em><strong>Konrad R\u0119kas<\/strong><\/em><\/p>\r\n<p><em>Wyst\u0105pienie na mi\u0119dzynarodowej konferencji \u201eSabotage of the Nord Stream, an economic blow to Europe\u201d, zorganizowanej przez European Platform for Dialogue and Cooperation, 16&nbsp;marca 2023 roku.<\/em><\/p>\r\n<\/div>","protected":false},"excerpt":{"rendered":"M\u00f3j kraj, Polska, wydaje si\u0119 by\u0107 w na pierwszej linii agresywnej, imperialistycznej polityki sterowanej z Waszyngtonu i Londynu. Jednym z wielu dowod\u00f3w potwierdzaj\u0105cych s\u0142uszno\u015b\u0107 tego pogl\u0105du mog\u0142yby by\u0107 przecieki o co najmniej po\u015brednim polskim udziale w zamachu na Nord Stream 6 wrze\u015bnia 2022 roku. &nbsp; Jedna z wersji zdarzenia szeroko omawiana w zachodnich mediach jako [&hellip;]","protected":false},"author":1,"featured_media":0,"comment_status":"closed","ping_status":"closed","sticky":false,"template":"","format":"standard","meta":{"_acf_changed":false,"_monsterinsights_skip_tracking":false,"_monsterinsights_sitenote_active":false,"_monsterinsights_sitenote_note":"","_monsterinsights_sitenote_category":0,"ngg_post_thumbnail":0,"footnotes":"","_wp_rev_ctl_limit":""},"categories":[13],"tags":[62,89,92,84,141,167,221],"acf":[],"_links":{"self":[{"href":"https:\/\/www.bibula.com\/index.php?rest_route=\/wp\/v2\/posts\/139392"}],"collection":[{"href":"https:\/\/www.bibula.com\/index.php?rest_route=\/wp\/v2\/posts"}],"about":[{"href":"https:\/\/www.bibula.com\/index.php?rest_route=\/wp\/v2\/types\/post"}],"author":[{"embeddable":true,"href":"https:\/\/www.bibula.com\/index.php?rest_route=\/wp\/v2\/users\/1"}],"replies":[{"embeddable":true,"href":"https:\/\/www.bibula.com\/index.php?rest_route=%2Fwp%2Fv2%2Fcomments&post=139392"}],"version-history":[{"count":1,"href":"https:\/\/www.bibula.com\/index.php?rest_route=\/wp\/v2\/posts\/139392\/revisions"}],"predecessor-version":[{"id":139393,"href":"https:\/\/www.bibula.com\/index.php?rest_route=\/wp\/v2\/posts\/139392\/revisions\/139393"}],"wp:attachment":[{"href":"https:\/\/www.bibula.com\/index.php?rest_route=%2Fwp%2Fv2%2Fmedia&parent=139392"}],"wp:term":[{"taxonomy":"category","embeddable":true,"href":"https:\/\/www.bibula.com\/index.php?rest_route=%2Fwp%2Fv2%2Fcategories&post=139392"},{"taxonomy":"post_tag","embeddable":true,"href":"https:\/\/www.bibula.com\/index.php?rest_route=%2Fwp%2Fv2%2Ftags&post=139392"}],"curies":[{"name":"wp","href":"https:\/\/api.w.org\/{rel}","templated":true}]}}