{"id":139328,"date":"2023-03-12T20:25:14","date_gmt":"2023-03-13T00:25:14","guid":{"rendered":"https:\/\/www.bibula.com\/?p=139328"},"modified":"2023-03-12T20:25:14","modified_gmt":"2023-03-13T00:25:14","slug":"12-marca-przypada-swiatowy-dzien-przeciwko-cenzurze-internetu","status":"publish","type":"post","link":"https:\/\/www.bibula.com\/?p=139328","title":{"rendered":"12 marca przypada \u015awiatowy Dzie\u0144 Przeciwko Cenzurze Internetu"},"content":{"rendered":"<div class=\"p_underline\">\r\n<p class=\"has-drop-cap\">Tak si\u0119 sk\u0142ada, \u017ce rok temu tch\u00f3rze i mi\u0119czaki z Agencji Bezpiecze\u0144stwa Wewn\u0119trznego, na zlecenie polityczne patoli z PiS, na\u0142o\u017cyli CENZUR\u0118 na moj\u0105 autorsk\u0105 stron\u0119 internetow\u0105, ograniczaj\u0105c Czytelnikom mieszkaj\u0105cym w Polsce dost\u0119p do publikowanych przeze mnie tre\u015bci. Dlaczego nazwa\u0142am ich tch\u00f3rzami? Bo robi\u0105 w gacie na sam\u0105 my\u015bl, \u017ce Polacy poznaj\u0105 prawd\u0119 o wielu sprawach zagl\u0105daj\u0105c na mojego bloga. Dlaczego s\u0105 mi\u0119czakami? Bo funkcjonariusze ABW nie potrafi\u0105 dotrze\u0107 tam gdzie ja docieram od lat. Z jednej strony cenzuruj\u0105 moj\u0105 stron\u0119 przed Czytelnikami w Polsce, a z drugiej strony sami z wypiekami na twarzy czytaj\u0105 moje artyku\u0142y, \u015bledz\u0105 ka\u017cdy m\u00f3j wpis na fejsie i relacje z podr\u00f3\u017cy o kt\u00f3rych oni mog\u0105 tylko pomarzy\u0107. Zreszt\u0105 kilka lat temu chcieli mnie zwerbowa\u0107, m.in. ze wzgl\u0119du na moje podr\u00f3\u017ce i kontakty zagraniczne. Funkcjonariusz ABW s\u0142odzi\u0142 mi tanim bajerem jakie to mam ciekawe \u017cycie i w og\u00f3le jestem taka wyj\u0105tkowa. Same ochy i achy. Powiedzia\u0142 te\u017c, \u017ce ich zdaniem mam postaw\u0119 propa\u0144stwow\u0105 (bo mam, ale liczy si\u0119 co\u015b wi\u0119cej, czego oni nie ogarniaj\u0105). Nawet kas\u0119 mi proponowali. Odm\u00f3wi\u0142am draniom.<\/p>\r\n<p>Dlaczego uwa\u017cam ich za drani? Bo nie s\u0142u\u017c\u0105 interesom pa\u0144stwa polskiego, tylko daj\u0105 si\u0119 prowadzi\u0107 na ameryka\u0144skiej smyczy. A ostatnio na banderowskiej. W tych okoliczno\u015bciach nikt kto ma rozum i cho\u0107by odrobin\u0119 przyzwoito\u015bci nie p\u00f3jdzie z nimi na wsp\u00f3\u0142prac\u0119. W zwi\u0105zku z powy\u017cszym, w swoich szeregach pozosta\u0142y im prymitywy takie jak Stanis\u0142aw \u017baryn, syn swojego ojca, kt\u00f3ry fuch\u0119 dosta\u0142 dzi\u0119ki kumoterstwu, co jest typowe za rz\u0105d\u00f3w PiS. \u017baryn Junior to najwi\u0119kszy wstyd i ha\u0144ba dla polskich s\u0142u\u017cb III RP. Natomiast facet co mnie pr\u00f3bowa\u0142 zwerbowa\u0107 nie potrafi\u0142 odr\u00f3\u017cni\u0107 Libanu o Libii. Ale przynajmniej by\u0142 mi\u0142y i \u0142adnie si\u0119 u\u015bmiecha\u0142. Musia\u0142 by\u0107 mi\u0142y, bo zrobili wcze\u015bniej m\u00f3j profil psychologiczny i im wysz\u0142o, \u017ce w\u0142a\u015bnie taki powinien mnie podchodzi\u0107. Facet kreowa\u0142 si\u0119 te\u017c na pobo\u017cnego katolika, bo wysz\u0142o im r\u00f3wnie\u017c, \u017ce z takim pr\u0119dzej pogadam. Ale ta kwestia jest ju\u017c nieaktualna. Teraz od &#8222;farbowanych katoli&#8221; jak najdalej, szczeg\u00f3lnie po do\u015bwiadczeniach z &#8222;katolickimi dewotkami&#8221;, kt\u00f3re udaj\u0105c zatroskanie o m\u00f3j los zastawia\u0142y na mnie r\u00f3\u017cne pu\u0142apki. Jak wam nie wstyd? Przecie\u017c jeste\u015bcie kobietami, same macie dzieci o kt\u00f3re bardzo si\u0119 troszczycie. Cho\u0107by z tego wzgl\u0119du pomy\u015blcie dzi\u015b przed snem jak\u0105 pod\u0142o\u015bci\u0105 by\u0142o nara\u017ca\u0107 inn\u0105 kobiet\u0119 i matk\u0119 &#8211; czyli moj\u0105 mam\u0119 &#8211; na stres, kiedy wpycha\u0142y\u015bcie jej c\u00f3rk\u0119 &#8211; czyli mnie &#8211; na r\u00f3\u017cne miny. Reasumuj\u0105c.<\/p>\r\n<p>Funkcjonariusze ABW na\u0142o\u017cyli cenzur\u0119 na mojego bloga, a jednocze\u015bnie podekscytowani wyczekuj\u0105, a\u017c sko\u0144cz\u0119 pisa\u0107 i opublikuj\u0119 reporta\u017c z mojej niedawnej podr\u00f3\u017cy do Iraku. C\u00f3\u017c, jeszcze musicie troch\u0119 poczeka\u0107. A tymczasem w zwi\u0105zku z trzeci\u0105 rocznic\u0105 og\u0142oszenia przez WHO pandemii wiadomo czego [*cenzura FB], zamie\u015bci\u0142am na ocenzurowanym przez ABW blogu przedruk mojego wywiadu z dr. Piotrem Witczakiem. Cenzur\u0119 mo\u017cna obej\u015b\u0107 \u0142\u0105cz\u0105c si\u0119 przez VPN. Szczeg\u00f3lnie polecam zwr\u00f3ci\u0107 uwag\u0119 na nast\u0119puj\u0105ce s\u0142owa mojego Rozm\u00f3wcy: \u00abzdecydowana wi\u0119kszo\u015b\u0107 Polak\u00f3w nie zmar\u0142a bezpo\u015brednio z powodu infekcji nowym koronawirusem, tylko na skutek podj\u0119tych dzia\u0142a\u0144\u00bb; \u00abwielokrotnie wi\u0119cej ludzi ponios\u0142o \u015bmier\u0107 ni\u017c zosta\u0142o uratowanych na skutek podj\u0119tych dzia\u0142a\u0144 antykowidowych\u00bb.<\/p>\r\n<p>Zapraszam na bloga, kt\u00f3rego tak boj\u0105 si\u0119 tch\u00f3rze, mi\u0119czaki i dranie z ABW oraz ich mocodawcy &#8211; patole z PiS: <span style=\"text-decoration: underline;\"><a href=\"https:\/\/agnieszkapiwar.blogspot.com\/2023\/03\/programy-szczepien-powinny-byc-juz.html?fbclid=IwAR0sylJ0jnvypjRVQYpkwU9U0662xYwqLVOEnwcLXziMYIKEMhLmKBJOLO8\">https:\/\/agnieszkapiwar.blogspot.com\/&#8230;\/programy&#8230;<\/a><\/span><\/p>\r\n<p><strong><em>Agnieszka Piwar<\/em><\/strong><\/p>\r\n<p>&nbsp;<\/p>\r\n<p><span style=\"color: #808080;\"><strong>Agnieszka Piwar<\/strong>. Ur. w 1982 r. w Pyskowicach. Absolwentka filozofii na Uniwersytecie Wroc\u0142awskim oraz Podyplomowego Studium Dziennikarskiego PAT w Krakowie. Przez lata zwi\u0105zana z kwartalnikiem &#8222;Opcja na Prawo&#8221; i tygodnikiem &#8222;My\u015bl Polska&#8221;. Obecnie publicystka w &#8222;Bibu\u0142a &#8211; pismo niezale\u017cne&#8221;. Autorka dw\u00f3ch film\u00f3w dokumentalnych o Mi\u0119dzynarodowym Motocyklowym Rajdzie Katy\u0144skim. Autorka ksi\u0105\u017cki &#8222;Widziane z Moskwy i nie tylko&#8221;, zawieraj\u0105cej zbi\u00f3r reporta\u017cy z Federacji Rosyjskiej i wywiad\u00f3w z osobami publicznymi w Rosji; wsp\u00f3\u0142autor ksi\u0105\u017cek: &#8222;Bia\u0142oru\u015b. Anatomia kryzysu&#8221;, &#8222;Ukraina w ogniu &#8211; komu potrzebna jest ta wojna?&#8221; (Wyd. Biblioteczka My\u015bli Polskiej) oraz &#8222;Przegrana wojna. Konflikt na Ukrainie, beneficjenci i bankruci&#8221; (Wyd. Wektory). KONTAKT: agnieszka.piwar@gmail.com<\/span><\/p>\r\n<p>Za: <a href=\"https:\/\/www.facebook.com\/agnieszka.piwar\/\">https:\/\/www.facebook.com\/agnieszka.piwar\/<\/a><\/p>\r\n<p>&nbsp;<\/p>\r\n<\/div>","protected":false},"excerpt":{"rendered":"Tak si\u0119 sk\u0142ada, \u017ce rok temu tch\u00f3rze i mi\u0119czaki z Agencji Bezpiecze\u0144stwa Wewn\u0119trznego, na zlecenie polityczne patoli z PiS, na\u0142o\u017cyli CENZUR\u0118 na moj\u0105 autorsk\u0105 stron\u0119 internetow\u0105, ograniczaj\u0105c Czytelnikom mieszkaj\u0105cym w Polsce dost\u0119p do publikowanych przeze mnie tre\u015bci. Dlaczego nazwa\u0142am ich tch\u00f3rzami? Bo robi\u0105 w gacie na sam\u0105 my\u015bl, \u017ce Polacy poznaj\u0105 prawd\u0119 o wielu sprawach [&hellip;]","protected":false},"author":1,"featured_media":0,"comment_status":"closed","ping_status":"closed","sticky":false,"template":"","format":"standard","meta":{"_acf_changed":false,"_monsterinsights_skip_tracking":false,"_monsterinsights_sitenote_active":false,"_monsterinsights_sitenote_note":"","_monsterinsights_sitenote_category":0,"ngg_post_thumbnail":0,"footnotes":"","_wp_rev_ctl_limit":""},"categories":[13],"tags":[16,155,92],"acf":[],"_links":{"self":[{"href":"https:\/\/www.bibula.com\/index.php?rest_route=\/wp\/v2\/posts\/139328"}],"collection":[{"href":"https:\/\/www.bibula.com\/index.php?rest_route=\/wp\/v2\/posts"}],"about":[{"href":"https:\/\/www.bibula.com\/index.php?rest_route=\/wp\/v2\/types\/post"}],"author":[{"embeddable":true,"href":"https:\/\/www.bibula.com\/index.php?rest_route=\/wp\/v2\/users\/1"}],"replies":[{"embeddable":true,"href":"https:\/\/www.bibula.com\/index.php?rest_route=%2Fwp%2Fv2%2Fcomments&post=139328"}],"version-history":[{"count":3,"href":"https:\/\/www.bibula.com\/index.php?rest_route=\/wp\/v2\/posts\/139328\/revisions"}],"predecessor-version":[{"id":139331,"href":"https:\/\/www.bibula.com\/index.php?rest_route=\/wp\/v2\/posts\/139328\/revisions\/139331"}],"wp:attachment":[{"href":"https:\/\/www.bibula.com\/index.php?rest_route=%2Fwp%2Fv2%2Fmedia&parent=139328"}],"wp:term":[{"taxonomy":"category","embeddable":true,"href":"https:\/\/www.bibula.com\/index.php?rest_route=%2Fwp%2Fv2%2Fcategories&post=139328"},{"taxonomy":"post_tag","embeddable":true,"href":"https:\/\/www.bibula.com\/index.php?rest_route=%2Fwp%2Fv2%2Ftags&post=139328"}],"curies":[{"name":"wp","href":"https:\/\/api.w.org\/{rel}","templated":true}]}}