{"id":139325,"date":"2023-03-12T08:44:49","date_gmt":"2023-03-12T12:44:49","guid":{"rendered":"https:\/\/www.bibula.com\/?p=139325"},"modified":"2023-03-12T08:44:49","modified_gmt":"2023-03-12T12:44:49","slug":"elblascy-radni-murem-za-romanem-szuchewyczem","status":"publish","type":"post","link":"https:\/\/www.bibula.com\/?p=139325","title":{"rendered":"Elbl\u0105scy radni murem za&#8230; Romanem Szuchewyczem!"},"content":{"rendered":"<h4>Sesja Rady Miejskiej Elbl\u0105ga<\/h4>\r\n<p>9 stycznia tego roku, Pan Jacek Zbrze\u017any z Elbl\u0105skiej Konfederacji Korony Polskiej Grzegorza Brauna z\u0142o\u017cy\u0142 w Radzie Miasta Elbl\u0105ga, petycj\u0119 swojego autorstwa dotycz\u0105c\u0105 zawieszenia relacji partnerskich z obecnymi, banderowskimi w\u0142adzami Tarnopola po tym, jak Rada Obwodowa tego miasta podj\u0119\u0142a jednog\u0142o\u015bn\u0105 uchwa\u0142\u0119 o postawieniu w tym mie\u015bcie pomnika zwyrodnia\u0142ego ludob\u00f3jcy Narodu Polskiego, kata Wo\u0142ynia i Ma\u0142opolski Wschodniej, kt\u00f3ry obok Dmytro K\u0142aczkiw\u015bkiego i Myko\u0142y \u0141ebiedia, wyda\u0142 rozkaz ludob\u00f3jczej, totalnej eksterminacji polskiej ludno\u015bci Wo\u0142ynia i Ma\u0142opolski Wschodniej. Rada Obwodowa Tarnopola zobowi\u0105za\u0142a 21 grudnia 2022 roku lokalne w\u0142adze tego partnerskiego miasta Elbl\u0105ga, by projekt okaza\u0142ego pomnika dow\u00f3dcy ludob\u00f3jczej UPA, by\u0142 gotowy i przedstawiony Radzie Obwodowej najp\u00f3\u017aniej do dnia dnia rocznicy \u015bmierci tego mordercy Polak\u00f3w, czyli 5 marca 2023 roku, za\u015b sam <strong>pomnik Czuprynki ma stan\u0105\u0107 na centralnym placu miasta, obok pomnika Stepana Bandery, przed budynkiem Rady Obwodowej Tarnopola do 30 czerwca bie\u017c\u0105cego roku, to jest do dnia urodzin Romana Szuchewycza.<\/strong><\/p>\r\n<p>9 marca na sesji rady miejskiej Elbl\u0105ga, radni ,,pochylili si\u0119&#8221; nad petycj\u0105 Pana Jacka Zbrze\u017anego i po niezbyt d\u0142ugiej debacie na jej temat g\u0142osami 22 przeciw przyj\u0119ciu petycji, wobec g\u0142osu dw\u00f3jki radnych kt\u00f3rzy wstrzymali si\u0119 od g\u0142osu, odrzucili petycj\u0119 o zawieszeniu relacji partnerskich z nazistowsko &#8211; banderowskimi w\u0142adzami Tarnopola. T\u0105 dw\u00f3jk\u0105 radnych, kt\u00f3rzy wstrzymali si\u0119 od g\u0142osu, nie chc\u0105c mie\u0107 nic wsp\u00f3lnego z t\u0105 haniebn\u0105 decyzj\u0105 pozosta\u0142ego grona elbl\u0105skich radnych, byli Pani El\u017cbieta Banasiewicz i Pan Janusz Hajdukowski z pochodzenia&#8230; Ukrainiec! Oboje z Klubu Radnych PiS, kt\u00f3rzy wy\u0142amali si\u0119 cho\u0107 w taki spos\u00f3b z grona pozosta\u0142ych swoich skundlonych koleg\u00f3w partyjnych, nie chc\u0105c by\u0107 zapami\u0119tanymi, jako wyj\u0105tkowi zaprza\u0144cy wtedy, kiedy nale\u017ca\u0142o zachowa\u0107 si\u0119 jak trzeba. Dodatkowego smaczku w tym wszystkim nabiera tutaj fakt, \u017ce jednym z dw\u00f3jki radnych, kt\u00f3rzy nie chcieli mie\u0107 nic wsp\u00f3lnego z decyzj\u0105 swoich pozosta\u0142ych tch\u00f3rzliwych koleg\u00f3w i kole\u017canek, jest Pan radny pochodzenia ukrai\u0144skiego, kt\u00f3ry pokaza\u0142 tym gestem, \u017ce nie zamierza identyfikowa\u0107 si\u0119 ze swoimi kolegami i kole\u017cankami ,,polakami&#8221;, kt\u00f3rzy t\u0105 decyzj\u0105 po raz kolejny napluli na setki tysi\u0119cy swoich rodak\u00f3w, bestialsko wymordowanych przez ludob\u00f3jcze kolaboracyjne wobec III Rzeszy, ukrai\u0144skie formacje zag\u0142ady, kt\u00f3rzy do dzi\u015b, dzi\u0119ki im podobnym decydentom z (nie)rz\u0105du warszawskiego, nie maj\u0105 nawet swoich grob\u00f3w. Tak wi\u0119c jedn\u0105 z dw\u00f3jki radnych, kt\u00f3rzy zachowali si\u0119 jak trzeba, by\u0142 radny pochodzenia ukrai\u0144skiego. Jakie wystawia to \u015bwiadectwo pozosta\u0142ym elbl\u0105skim radnym, mieni\u0105cych si\u0119 polakami, m\u00f3wi to dos\u0142ownie wszystko! Kr\u00f3tko m\u00f3wi\u0105c Elbl\u0105scy radni w swojej ogromnej wi\u0119kszo\u015bci po raz ju\u017c kolejny stan\u0119li murem za Romanem Szuchewyczem i pozosta\u0142ymi zbrodniarzami z UPA, oraz za przes\u0142aniem rasistowskiej ideologii nienawi\u015bci Dmytro Doncowa, Stepana Bandery, Stepana \u0141enkaw\u015bkiego i innych potwor\u00f3w spod znaku tryzuba. Zapami\u0119tajmy ich nazwiska i przypominajmy przy ka\u017cdej nadarzaj\u0105cej si\u0119 po temu okazji, ze szczeg\u00f3lnym uwzgl\u0119dnieniem, najbli\u017cszej kampanii wyborczej, by ci ludzie znikn\u0119li wreszcie raz na zawsze z lokalnej sceny politycznej i nie tylko!<\/p>\r\n<p>Podsumowuj\u0105c. Najwi\u0119ksz\u0105 ironi\u0105 losu w tym akurat przypadku jest to, \u017ce ci sami elbl\u0105scy radni, w sk\u0142adzie prawie niezmienionym, z niewielkimi tylko kosmetycznymi przetasowaniami, w kwietniu 2010 roku, za przyk\u0142adem swoich \u00f3wczesnych partyjnych szef\u00f3w, Tuska, Pawlaka, Napieralskiego, a poniek\u0105d r\u00f3wnie\u017c i samego Jaros\u0142awa Kaczy\u0144skiego, prosz\u0119 sobie od\u015bwie\u017cy\u0107 jego pierwsze publiczne wyst\u0105pienie telewizyjne po 10 kwietnia 2010 roku, namawiali nas niemal na wy\u015bcigi, aby\u015bmy ra\u017anym krokiem, bez dyskusji maszerowali wszyscy na cmentarze \u017co\u0142nierzy Armii Czerwonej, zapala\u0107 znicze na ich grobach, w ramach odg\u00f3rnie zarz\u0105dzonego wtedy ad hoc, nowego etapu m\u0105dro\u015bci w postaci nag\u0142ego przyp\u0142ywu mi\u0142o\u015bci i pojednania z Rosj\u0105, a szczeg\u00f3lnie z w\u0142adzami na Kremlu.&nbsp;<\/p>\r\n<p>Min\u0119\u0142o trzyna\u015bcie lat od tamtej chwili i dos\u0142ownie ci sami ludzie, przekonuj\u0105 nas ponownie, z gorliwo\u015bci\u0105 nawr\u00f3conych na now\u0105 wiar\u0119 neofit\u00f3w, tym razem do tego, \u017ce Rosja dzi\u015b jest ju\u017c niedobra, pod\u017cegaj\u0105c jednocze\u015bnie do wojny z ni\u0105 i marszu na Moskw\u0119, i \u017ce teraz mamy kocha\u0107 ze wszystkich si\u0142 banderowsk\u0105 Ukrain\u0119 i jej rizun\u00f3w z OUN &#8211; UPA i SS Galizien, oraz dw\u00f3ch najbardziej znanych ukrai\u0144skich zbrodniarzy wojennych, kolaborant\u00f3w Adolfa Hitlera i III Rzeszy, zwyrodnia\u0142ych morderc\u00f3w naszych rodak\u00f3w &#8211; Stepana Bander\u0119 i dow\u00f3dc\u0119 UPA Romana Szuchewycza, jako niez\u0142omnych bohater\u00f3w ich niemal\u017ce herkulesowych zmaga\u0144 z wra\u017c\u0105 komun\u0105, no i rzecz jasna ich, a jak\u017ce, walki r\u00f3wnie\u017c o wolno\u015b\u0107 Polski, z czego najwyra\u017aniej ich zdaniem, jako Polacy, nie zdawali\u015bmy sobie do tej pory sprawy. A wyr\u017cni\u0119cie w pie\u0144 prawie p\u00f3\u0142 miliona naszych rodak\u00f3w przez ukrai\u0144skie formacje zag\u0142ady na Kresach Najja\u015bniejszej Rzeczypospolitej, zdaniem tych farmazon\u00f3w z elbl\u0105skiego ratusza, zosta\u0142o dokonane dla naszego wsp\u00f3lnego dobra.<\/p>\r\n<p>To szyderstwo i kolejne pluni\u0119cie przez nich nam wszystkim w twarz, to prawdziwy chichot historii i zarazem miara upadku naszego spo\u0142ecze\u0144stwa, \u017ce co\u015b takiego tolerujemy.<\/p>\r\n<p><strong><em>Jacek Boki<\/em><\/strong><br>\r\n11 Marzec 2023 r.<\/p>\r\n<p>&nbsp;<\/p>\r\n<p style=\"text-align: center;\">&#8212;&#8212; \u25ca &#8212;&#8212;<\/p>\r\n<p>&nbsp;<\/p>\r\n<h3>&nbsp;<a href=\"https:\/\/m.wm.pl\/2017\/10\/z9\/img-9934-images-stories-2017-10-thumb-large800-800-425266.jpg\"><img fetchpriority=\"high\" decoding=\"async\" class=\"aligncenter\" src=\"https:\/\/m.wm.pl\/2017\/10\/z9\/img-9934-images-stories-2017-10-thumb-large800-800-425266.jpg\" data-original-height=\"356\" data-original-width=\"800\" width=\"755\" height=\"335\" border=\"0\"><\/a><\/h3>\r\n<p style=\"text-align: center;\"><em>Czterech wielbicieli zbrodniczej UPA i jej zwyrodnia\u0142ego komandyra Romana Szuchewycza, ods\u0142ania Rondo Tarnopol 30 pa\u017adziernika 2017 r.<\/em><\/p>\r\n<p>&nbsp;<\/p>\r\n<p>,,Nie wstyd\u017amy si\u0119 grabie\u017cy i podpale\u0144, nie wstyd\u017amy si\u0119 mord\u00f3w. Na wojnie nie ma etyki. Etyka na wojnie to pozosta\u0142o\u015b\u0107 niewolnictwa.\u2019\u2019<\/p>\r\n<p><em>Dmytro Doncow \u2013 g\u0142\u00f3wny ideolog zbrodniczego, rasistowskiego ukrai\u0144skiego szowinizmu. Autor ,,Biblii\u2019\u2019 banderowc\u00f3w \u2013 ksi\u0105\u017cki pt. Nacjonalizm<\/em><\/p>\r\n<p style=\"text-align: center;\">&#8212;&#8212; \u25ca &#8212;&#8212;<\/p>\r\n<p>&nbsp;<\/p>\r\n<p>,,Nie mo\u017ce by\u0107 mowy o wyp\u0119dzeniu Polak\u00f3w. Chodzi o fizyczn\u0105 eksterminacj\u0119, czyli totalne unicestwienie ich na miejscu, bez ogl\u0105dania si\u0119 na cokolwiek i bez r\u00f3\u017cnicy p\u0142ci i wieku. Maj\u0105tek ca\u0142y spali\u0107, cenno\u015bci zrabowane przekazywa\u0107 na fundusz wyzwolenia Ukrainy.\u2019\u2019&nbsp;<\/p>\r\n<p><em>Uchwa\u0142a prowydu OUN \u2013 Grudzie\u0144 1942 rok. Podpisa\u0142 j\u0105 osobi\u015bcie Myko\u0142a \u0141ebied \u2013 Maksym, Ruban &#8211; Szef straszliwej S\u0142u\u017cby Bezpeky OUN \u2013 Bandery, ulubieniec poli\u0144skich pseudo elit, goszcz\u0105cych na swoich salonach tego ludob\u00f3jc\u0119 narodu polskiego, po tzw. ,,przemianach&#8221; w latach 1991 &#8211; 1992, z honorami nale\u017cnymi jedynie g\u0142ow\u0105 cywilizowanych pa\u0144stw, a nie zwyrodnia\u0142emu bandycie, maj\u0105cemu na swoich brudnych \u0142apach, niewinn\u0105 krew setek tysi\u0119cy polskich mieszka\u0144c\u00f3w Wo\u0142ynia i Ma\u0142opolski Wschodniej.<\/em><\/p>\r\n<p style=\"text-align: center;\">&#8212;&#8212; \u25ca &#8212;&#8212;<\/p>\r\n<p>,,Ukraino oskar\u017cam ci\u0119 o ludob\u00f3jstwo, nigdy nie b\u0119dziesz szcz\u0119\u015bliwym narodem, z t\u0105 ha\u0144b\u0105 b\u0119dziesz \u017cy\u0107 na wieki.\u2019\u2019&nbsp;<\/p>\r\n<p><em>Stanis\u0142awa Mogielnicka \u2013 cudem ocalona z ukrai\u0144skiego ludob\u00f3jstwa 12 lipca 1943 roku, we wsi Zagaje, powiat Horoch\u00f3w.&nbsp;<\/em><\/p>\r\n<p style=\"text-align: center;\">&#8212;&#8212; \u25ca &#8212;&#8212;<\/p>\r\n<p>&#8222;Na narodzie ukrai\u0144skim nadal ci\u0105\u017cy grzech ludob\u00f3jstwa, do kt\u00f3rego trudno mu si\u0119 do tej pory przyzna\u0107 i z kt\u00f3rego trudno si\u0119 oczy\u015bci\u0107, cho\u0107 by\u0142o kilka pr\u00f3b takich postaw&#8221;. Wyra\u017cam przekonanie, \u017ce dop\u00f3ki ten nar\u00f3d nie wyzna swej winy, nie stanie w prawdzie i nie oczy\u015bci si\u0119 z tego grzechu, nie b\u0119dzie m\u00f3g\u0142 cieszy\u0107 si\u0119 b\u0142ogos\u0142awie\u0144stwem. Mam jednak nadziej\u0119, \u017ce rok fatimski przyczyni si\u0119 do u\u015bwiadomienia, i\u017c brak pokoju na Ukrainie domaga si\u0119 tego gestu, na kt\u00f3ry czekamy z mi\u0142o\u015bci i z mi\u0142o\u015bci\u0105. Potrzeba przeproszenia i przebaczenia za ten wielki grzech ludob\u00f3jstwa.&#8221;(1)<u><br>\r\n<\/u><\/p>\r\n<p><em>Metropolita Lwowski &#8211; Arcybiskup Mieczys\u0142aw Mokrzycki &#8211; 2017 r.<\/em><\/p>\r\n<p style=\"text-align: center;\">&#8212;&#8212; \u25ca &#8212;&#8212;<\/p>\r\n<p>,,Wielu chce t\u0119 prawd\u0119 ukry\u0107, wymaza\u0107 z pami\u0119ci, bo przeszkadza w obecnych stosunkach, uk\u0142adach i sojuszach. Naiwni s\u0105dz\u0105, \u017ce na k\u0142amstwie o przesz\u0142o\u015bci b\u0119d\u0105 w stanie zbudowa\u0107 bezpieczn\u0105 tera\u017aniejszo\u015b\u0107 i przysz\u0142o\u015b\u0107. Tak si\u0119 jednak nie da. Cienie przesz\u0142o\u015bci pozostaj\u0105.<\/p>\r\n<p>Nie wolno ziarna prawdy miesza\u0107 z plewami chwast\u00f3w, maj\u0105cych zag\u0142uszy\u0107 g\u0142os historii. Nie pozw\u00f3lmy si\u0119 oszuka\u0107. Nie dajmy si\u0119 zastraszy\u0107 pogl\u0105dom, \u017ce to niemodne, niebezpieczne, zacofane, oszo\u0142omskie, niepopularne. To my znamy prawd\u0119 i ona stanie si\u0119 podstaw\u0105 do budowania naszej przysz\u0142o\u015bci, i przysz\u0142o\u015bci naszej Ojczyzny, dumnej, niepodleg\u0142ej, wolnej.\u2019\u2019<\/p>\r\n<p><em>Fragment z kazania ks. Krzysztofa Bojko \u2013 duszpasterza Kresowian diecezji legnickiej, wyg\u0142oszone 10 lipca 2011 roku w Legnicy, w ko\u015bciele pw. \u015aw. Jana&nbsp;<\/em><\/p>","protected":false},"excerpt":{"rendered":"Sesja Rady Miejskiej Elbl\u0105ga 9 stycznia tego roku, Pan Jacek Zbrze\u017any z Elbl\u0105skiej Konfederacji Korony Polskiej Grzegorza Brauna z\u0142o\u017cy\u0142 w Radzie Miasta Elbl\u0105ga, petycj\u0119 swojego autorstwa dotycz\u0105c\u0105 zawieszenia relacji partnerskich z obecnymi, banderowskimi w\u0142adzami Tarnopola po tym, jak Rada Obwodowa tego miasta podj\u0119\u0142a jednog\u0142o\u015bn\u0105 uchwa\u0142\u0119 o postawieniu w tym mie\u015bcie pomnika zwyrodnia\u0142ego ludob\u00f3jcy Narodu Polskiego, [&hellip;]","protected":false},"author":1,"featured_media":0,"comment_status":"closed","ping_status":"closed","sticky":false,"template":"","format":"standard","meta":{"_acf_changed":false,"_monsterinsights_skip_tracking":false,"_monsterinsights_sitenote_active":false,"_monsterinsights_sitenote_note":"","_monsterinsights_sitenote_category":0,"ngg_post_thumbnail":0,"footnotes":"","_wp_rev_ctl_limit":""},"categories":[13],"tags":[92,29,17],"acf":[],"_links":{"self":[{"href":"https:\/\/www.bibula.com\/index.php?rest_route=\/wp\/v2\/posts\/139325"}],"collection":[{"href":"https:\/\/www.bibula.com\/index.php?rest_route=\/wp\/v2\/posts"}],"about":[{"href":"https:\/\/www.bibula.com\/index.php?rest_route=\/wp\/v2\/types\/post"}],"author":[{"embeddable":true,"href":"https:\/\/www.bibula.com\/index.php?rest_route=\/wp\/v2\/users\/1"}],"replies":[{"embeddable":true,"href":"https:\/\/www.bibula.com\/index.php?rest_route=%2Fwp%2Fv2%2Fcomments&post=139325"}],"version-history":[{"count":1,"href":"https:\/\/www.bibula.com\/index.php?rest_route=\/wp\/v2\/posts\/139325\/revisions"}],"predecessor-version":[{"id":139326,"href":"https:\/\/www.bibula.com\/index.php?rest_route=\/wp\/v2\/posts\/139325\/revisions\/139326"}],"wp:attachment":[{"href":"https:\/\/www.bibula.com\/index.php?rest_route=%2Fwp%2Fv2%2Fmedia&parent=139325"}],"wp:term":[{"taxonomy":"category","embeddable":true,"href":"https:\/\/www.bibula.com\/index.php?rest_route=%2Fwp%2Fv2%2Fcategories&post=139325"},{"taxonomy":"post_tag","embeddable":true,"href":"https:\/\/www.bibula.com\/index.php?rest_route=%2Fwp%2Fv2%2Ftags&post=139325"}],"curies":[{"name":"wp","href":"https:\/\/api.w.org\/{rel}","templated":true}]}}