{"id":139302,"date":"2023-03-11T21:04:08","date_gmt":"2023-03-12T03:04:08","guid":{"rendered":"https:\/\/www.bibula.com\/?p=139302"},"modified":"2023-03-11T21:04:08","modified_gmt":"2023-03-12T03:04:08","slug":"czy-jest-cos-takiego-jak-polski-kapitalizm-andrzej-szlezak","status":"publish","type":"post","link":"https:\/\/www.bibula.com\/?p=139302","title":{"rendered":"Czy jest co\u015b takiego jak polski\u00a0kapitalizm? &#8211; <em>Andrzej Szl\u0119zak<\/em>"},"content":{"rendered":"<div class=\"p_underline\">\r\n<p class=\"has-drop-cap\"><strong>Chyba tak. Warto by\u0142oby go opisa\u0107. Na razie jestem na to za s\u0142abo przygotowany, ale kilka istotnych przemy\u015ble\u0144 mog\u0119 przedstawi\u0107 teraz. Dobrym polem obserwacji do tego jest to, co dzieje si\u0119 w gospodarce wojew\u00f3dztwa podkarpackiego.<\/strong><\/p>\r\n<p>Okre\u015blenie \u201epolski kapitalizm\u201d mo\u017ce by\u0107 myl\u0105ce. Zapewne nale\u017cy si\u0119 zgodzi\u0107, je\u015bli okre\u015blimy tak system gospodarczy funkcjonuj\u0105cy na obszarze okre\u015blanym obecnie jako Polska. Myl\u0105ce jest to okre\u015blenie przy s\u0142owie \u201ekapitalizm\u201d, poniewa\u017c polski kapita\u0142 prywatny jest s\u0142aby.<\/p>\r\n<p><span id=\"more-111867\"><\/span>Ot\u00f3\u017c o istocie polskiego kapitalizmu decyduje kapita\u0142 du\u017cych i wielkich zagranicznych korporacji oraz kapita\u0142 du\u017cych, pa\u0144stwowych przedsi\u0119biorstw. Wysun\u0119 \u015bmia\u0142\u0105 <em>[chyba oczywist\u0105! \u2013 admin]<\/em> tez\u0119, \u017ce w obu przypadkach ten kapita\u0142 nie buduje przede wszystkim si\u0142y pa\u0144stwa polskiego.<\/p>\r\n<p>W przypadku zagranicznych korporacji mo\u017cna powiedzie\u0107, \u017ce mamy do czynienia z drastyczn\u0105 dysproporcj\u0105 mi\u0119dzy tym, co zyskuj\u0105 te korporacje w Polsce, a tym, co zyskuj\u0105, a bardziej trac\u0105, ich polscy pracownicy, a g\u0142\u00f3wnie pa\u0144stwo polskie. Wida\u0107 to cho\u0107by na przyk\u0142adzie rezygnacji rz\u0105du PiS-u ze \u015bci\u0105gania podatk\u00f3w z ameryka\u0144skich korporacji z bran\u017cy informatycznej.<\/p>\r\n<p>Z kolei du\u017ce sp\u00f3\u0142ki skarbu pa\u0144stwa, to siedlisko partyjnych interes\u00f3w, \u017ar\u00f3d\u0142o ogromnych dochod\u00f3w partyjnych nominat\u00f3w w zarz\u0105dach i radach nadzorczych oraz podporz\u0105dkowanie politycznym decyzjom, niejednokrotnie sprzecznym z zasadami ekonomii. Obecne rz\u0105dy PiS-u pokazuj\u0105 dodatkowo, \u017ce zarz\u0105dzanie sp\u00f3\u0142kami skarbu pa\u0144stwa, to \u017ar\u00f3d\u0142o rozlicznych patologii.<\/p>\r\n<p>A teraz powr\u00f3t do sytuacji w wojew\u00f3dztwie podkarpackim. Koncern Heineken zdecydowa\u0142 o zako\u0144czeniu produkcji piwa w browarze w Le\u017cajsku. To smutny fakt i zapewne bolesny dla Le\u017cajska, ale w skali wojew\u00f3dztwa ma wi\u0119ksze znaczenie propagandowe ni\u017c ekonomiczne. Piwo \u201eLe\u017cajsk\u201d jest rozpoznawaln\u0105 mark\u0105 w Polsce. Jednak ta marka jest w\u0142asno\u015bci\u0105 prywatn\u0105 i w\u0142a\u015bciciel ma prawo zrobi\u0107 z ni\u0105, co uwa\u017ca, nawet je\u015bli to nie podoba si\u0119 lokalnej spo\u0142eczno\u015bci.<\/p>\r\n<p>W tym przypadku podni\u00f3s\u0142 si\u0119 jednak sprzeciw, polityczny sprzeciw. \u015amiem twierdzi\u0107, \u017ce jego przyczyny s\u0105 w\u0142a\u015bnie bardziej polityczne ni\u017c ekonomiczne. Jako od zawsze mieszkaniec Stalowej Woli przypomn\u0119, \u017ce r\u00f3wnie\u017c rozpoznawaln\u0105 w Polsce mark\u0119 maszyn budowlanych ze Stalowej Woli, przed kilkunastu laty sprzedano Chi\u0144czykom i ta marka znikn\u0119\u0142a. Z chi\u0144skim koncernem wi\u0105zali\u015bmy w Stalowej Woli du\u017ce nadzieje, ale to nie sko\u0144czy\u0142o si\u0119 sukcesem. Ani wtedy, ani teraz politycy kt\u00f3rejkolwiek opcji nie protestowali i nie protestuj\u0105.<\/p>\r\n<p>Rozdzieranie szat przy okazji browaru w Le\u017cajsku trzeba uzna\u0107 za przede wszystkim demonstracj\u0119 polityczn\u0105, kt\u00f3r\u0105 t\u0142umacz\u0105 zbli\u017caj\u0105ce si\u0119 wybory parlamentarne. Politycy, kt\u00f3rzy protestuj\u0105 przeciw decyzji koncernu Heineken nic nie wsk\u00f3raj\u0105. <strong>Nie ma takiej si\u0142y w Polsce, kt\u00f3ra zmusi\u0142aby siln\u0105, zachodni\u0105 korporacj\u0119 do liczenia si\u0119 z g\u0142osem lokalnej spo\u0142eczno\u015bci<\/strong>. W ostateczno\u015bci Unia Europejska albo kt\u00f3re\u015b silniejsze pa\u0144stwo z Unii pogrozi palcem, a rz\u0105d i w\u0142adze lokalne pokornie podporz\u0105dkuj\u0105 si\u0119 woli tych si\u0142.<\/p>\r\n<p>Je\u015bli jakie\u015b dzia\u0142anie w tej sprawie ma sens, to zastanowienie si\u0119 nad prawnymi, ekonomicznymi i politycznymi regu\u0142ami, kt\u00f3re pozwalaj\u0105 zagranicznym korporacjom robi\u0107 co im si\u0119 podoba, co bywa, \u017ce nie ma nic wsp\u00f3lnego z zasadami wolnego rynku. Tak ju\u017c dzia\u0142aj\u0105 globalne korporacje, \u017ce wraz ze swoj\u0105 ekspansja staj\u0105 si\u0119 wr\u0119cz wrogami wolnego rynku i konkurencji. W takiej sytuacji protest polityk\u00f3w, zw\u0142aszcza tych z PiS-u, jest czyst\u0105 korzy\u015bci\u0105 polityczn\u0105. Wiadomo, \u017ce nic nie zmieni, wi\u0119c za nic nie trzeba b\u0119dzie bra\u0107 odpowiedzialno\u015bci, a \u0142atwo zyska\u0107 poklask wyborc\u00f3w.<\/p>\r\n<p>W tym samym czasie, co problem w Le\u017cajsku, na przeciwleg\u0142ym kra\u0144cu wojew\u00f3dztwa w Sanoku, dogorywa firma z dwustuletni\u0105 tradycj\u0105 i o wa\u017cniejszym znaczeniu ekonomicznym ni\u017c le\u017cajski browar. Mam na my\u015bli sanocki \u201eAutosan\u201d. T\u0119 firm\u0119, kt\u00f3ra ju\u017c upada\u0142a, chcia\u0142 uratowa\u0107 rz\u0105d PiS-u, wi\u0119c j\u0105 upa\u0144stwowiono i w\u0142\u0105czono w struktury organizacyjne Huty Stalowa Wola. W tym przypadku wysz\u0142y na jaw u\u0142omno\u015bci pa\u0144stwa, jako w\u0142a\u015bciciela i zarz\u0105dzaj\u0105cego gospodark\u0105.<\/p>\r\n<p>Trzeba zada\u0107 sobie pytanie, co wsp\u00f3lnego mieli tradycyjny producent autobus\u00f3w z producentem sprz\u0119tu artyleryjskiego. Je\u015bli nawet co\u015b mieli, to dla HSW \u201eAutosan\u201d okaza\u0142 si\u0119 pi\u0105tym ko\u0142em u wozu. Prawdopodobnie \u201eAutosanu\u201d nie da si\u0119 ju\u017c uratowa\u0107, cho\u0107 takie szanse by\u0142y. Co ciekawe, w HSW raczej z tego powodu nie b\u0119d\u0105 p\u0142aka\u0107. To w tym wypadku bardziej potrzebna by\u0142a i chyba jeszcze jest jaka\u015b interwencja polityczna.<\/p>\r\n<p>W\u0142\u0105czenie \u201eAutosanu\u201d w struktury HSW by\u0142o decyzj\u0105 czysto polityczn\u0105, bez g\u0142\u0119bszego uzasadnienia ekonomicznego. Jak zdecydowana wi\u0119kszo\u015b\u0107 takich decyzji nie mog\u0142a sko\u0144czy\u0107 si\u0119 dobrze. \u201eAutosan\u201d to teraz gor\u0105cy kartofel, wi\u0119c nikt \u2013 zw\u0142aszcza z rz\u0105dz\u0105cej partii \u2013 nie chce poparzy\u0107 sobie palc\u00f3w. W obliczu wybor\u00f3w wi\u0119cej tu mo\u017cna politycznie przegra\u0107. \u201eAutosan\u201d wymaga decyzji, za kt\u00f3re trzeba wzi\u0105\u0107 odpowiedzialno\u015b\u0107. Do tego w polskiej polityce zazwyczaj brakuje ch\u0119tnych. Czy zatem ta zas\u0142u\u017cona i potrzebna polskiej gospodarce firma zdechnie? Je\u015bli patrze\u0107 na dotychczasowe mechanizmy polskiego pa\u0144stwowego kapitalizmu, to niestety nie ma dla niej ratunku. Szkoda.<\/p>\r\n<p><strong><em>Andrzej Szl\u0119zak<\/em><\/strong><br>\r\n<em><a href=\"https:\/\/myslpolska.info\/2023\/03\/09\/szlezak-czy-jest-cos-takiego-jak-polski-kapitalizm\/\" target=\"_blank\" rel=\"noopener\">https:\/\/myslpolska.info<\/a><\/em><\/p>\r\n<\/div>","protected":false},"excerpt":{"rendered":"Chyba tak. Warto by\u0142oby go opisa\u0107. Na razie jestem na to za s\u0142abo przygotowany, ale kilka istotnych przemy\u015ble\u0144 mog\u0119 przedstawi\u0107 teraz. Dobrym polem obserwacji do tego jest to, co dzieje si\u0119 w gospodarce wojew\u00f3dztwa podkarpackiego. Okre\u015blenie \u201epolski kapitalizm\u201d mo\u017ce by\u0107 myl\u0105ce. Zapewne nale\u017cy si\u0119 zgodzi\u0107, je\u015bli okre\u015blimy tak system gospodarczy funkcjonuj\u0105cy na obszarze okre\u015blanym obecnie [&hellip;]","protected":false},"author":1,"featured_media":0,"comment_status":"closed","ping_status":"closed","sticky":false,"template":"","format":"standard","meta":{"_acf_changed":false,"_monsterinsights_skip_tracking":false,"_monsterinsights_sitenote_active":false,"_monsterinsights_sitenote_note":"","_monsterinsights_sitenote_category":0,"ngg_post_thumbnail":0,"footnotes":"","_wp_rev_ctl_limit":""},"categories":[13],"tags":[92,52,81],"acf":[],"_links":{"self":[{"href":"https:\/\/www.bibula.com\/index.php?rest_route=\/wp\/v2\/posts\/139302"}],"collection":[{"href":"https:\/\/www.bibula.com\/index.php?rest_route=\/wp\/v2\/posts"}],"about":[{"href":"https:\/\/www.bibula.com\/index.php?rest_route=\/wp\/v2\/types\/post"}],"author":[{"embeddable":true,"href":"https:\/\/www.bibula.com\/index.php?rest_route=\/wp\/v2\/users\/1"}],"replies":[{"embeddable":true,"href":"https:\/\/www.bibula.com\/index.php?rest_route=%2Fwp%2Fv2%2Fcomments&post=139302"}],"version-history":[{"count":2,"href":"https:\/\/www.bibula.com\/index.php?rest_route=\/wp\/v2\/posts\/139302\/revisions"}],"predecessor-version":[{"id":139304,"href":"https:\/\/www.bibula.com\/index.php?rest_route=\/wp\/v2\/posts\/139302\/revisions\/139304"}],"wp:attachment":[{"href":"https:\/\/www.bibula.com\/index.php?rest_route=%2Fwp%2Fv2%2Fmedia&parent=139302"}],"wp:term":[{"taxonomy":"category","embeddable":true,"href":"https:\/\/www.bibula.com\/index.php?rest_route=%2Fwp%2Fv2%2Fcategories&post=139302"},{"taxonomy":"post_tag","embeddable":true,"href":"https:\/\/www.bibula.com\/index.php?rest_route=%2Fwp%2Fv2%2Ftags&post=139302"}],"curies":[{"name":"wp","href":"https:\/\/api.w.org\/{rel}","templated":true}]}}