{"id":139283,"date":"2023-03-07T10:30:40","date_gmt":"2023-03-07T15:30:40","guid":{"rendered":"https:\/\/www.bibula.com\/?p=139283"},"modified":"2023-03-07T10:30:40","modified_gmt":"2023-03-07T15:30:40","slug":"polska-nierzadem-stoi-stanislaw-michalkiewicz","status":"publish","type":"post","link":"https:\/\/www.bibula.com\/?p=139283","title":{"rendered":"Polska nierz\u0105dem stoi &#8211; <em>Stanis\u0142aw Michalkiewicz<\/em>"},"content":{"rendered":"<div class=\"p_underline\">\r\n<p class=\"has-drop-cap\">\u017byj\u0105 jeszcze ludzie pami\u0119taj\u0105cy klangor, jaki wyda\u0142o z siebie stado autorytet\u00f3w moralnych, po wyg\u0142oszeniu przeze mnie na antenie Radia Maryja w roku 2006 opinii, \u017ce podczas kiedy my jeste\u015bmy zaj\u0119ci instalowaniem demokracji na Ukrainie i Bia\u0142orusi, od ty\u0142u zachodz\u0105 nas Judejczykowie, pragn\u0105cy wymusi\u0107 na Polsce zap\u0142acenie im haraczu pod pretekstem tak zwanych \u201e<i>roszcze\u0144 maj\u0105tkowych<\/i>\u201d, odnosz\u0105cych si\u0119 do tzw. \u201e<i>w\u0142asno\u015bci bezdziedzicznej<\/i>\u201d. Podnoszenie tych \u201e<i>roszcze\u0144<\/i>\u201d przez stron\u0119 \u017cydowsk\u0105 w ca\u0142ej rozci\u0105g\u0142o\u015bci potwierdza ustalenie Feliksa Konecznego o specyfice cywilizacji \u017cydowskiej. Feliks Koneczny twierdzi\u0142, \u017ce ka\u017cda cywilizacja ma unikalny stosunek do \u2013 jak to nazywa\u0142 &#8211; \u201e<i>quincunxa cywilizacyjnego<\/i>\u201d, czyli pi\u0119ciu kategorii: dobra, prawdy, pi\u0119kna, zdrowia i dobrobytu. W sk\u0142ad kategorii \u201e<i>dobrobytu<\/i>\u201d wchodz\u0105 m.in. stosunki w\u0142asno\u015bciowe. I na tym w\u0142a\u015bnie tle zaznacza si\u0119 zasadnicza r\u00f3\u017cnica mi\u0119dzy cywilizacj\u0105 \u0142aci\u0144sk\u0105 i \u017cydowsk\u0105. Na przyk\u0142ad Polska nale\u017cy do cywilizacji \u0142aci\u0144skiej, chocia\u017c jej nieprzyjaciele nie ustaj\u0105 w wysi\u0142kach, by j\u0105 cywilizacyjnie zbastardyzowa\u0107, jak nie przez \u201e<i>judeochrze\u015bcija\u0144stwo<\/i>\u201d, to przez \u201e<i>multi-kulti<\/i>\u201d. Ale prawo, podobnie jak zwyczaje, jeszcze opieraj\u0105 si\u0119 na zasadach prawa rzymskiego. Tote\u017c \u017cadnemu Polakowi nie przyjdzie do g\u0142owy my\u015bl, \u017ce je\u015bli w Chicago umrze jaki\u015b Polak-obywatel ameryka\u0144ski,, a nie zostawi ani testamentu, ani spadkobierc\u00f3w ustawowych, to jakie\u015b bli\u017cej nieokre\u015blone prawa do tego maj\u0105tku maj\u0105 wszyscy Polacy \u2013 bo to by\u0142 Polak. Tymczasem \u017bydzi maj\u0105 do stosunk\u00f3w w\u0142asno\u015bciowych podej\u015bcie trybalistyczne \u2013 \u017ce je\u015bli umrze gdzie\u015b jaki\u015b \u017byd, to do pozostawionego przeze\u0144 maj\u0105tku maj\u0105 jakie\u015b bli\u017cej nieokre\u015blone prawa wszyscy inni \u017bydzi \u2013 bo wprawdzie on by\u0142 de nomine jego w\u0142a\u015bcicielem, ale przecie\u017c to mienie by\u0142o jednocze\u015bnie \u201e<i>\u017cydowskie<\/i>\u201d, czyli plemienne. Na tym w\u0142a\u015bnie opieraj\u0105 si\u0119 wysuwane wobec Polski tak zwane \u201e<i>roszczenia<\/i>\u201d dotycz\u0105ce \u201e<i>w\u0142asno\u015bci bezdziedzicznej<\/i>\u201d, kt\u00f3ra by\u0142a \u201e<i>\u017cydowska<\/i>\u201d. To, \u017ce \u017bydzi tak my\u015bl\u0105 i tak do tych zagadnie\u0144 podchodz\u0105, mo\u017cna zrozumie\u0107, bo przecie\u017c s\u0105 dzie\u0107mi tej cywilizacji. Tymczasem Amerykanie, kt\u00f3rzy teoretycznie stoj\u0105 na nieub\u0142aganym gruncie zasad prawa rzymskiego, zgodnie z kt\u00f3rymi spadek bez dziedzica ustawowego lub testamentowego przypada pa\u0144stwu, kt\u00f3rego zmar\u0142y by\u0142 obywatelem \u2013 przeforsowali w Kongresie ustaw\u0119 nr 447, zgodnie z kt\u00f3r\u0105 Polska ma zwr\u00f3ci\u0107 mienie po \u017bydach \u2013 obywatelach polskich, wymordowanych na terenie Polski przez Niemc\u00f3w \u2013 \u017cydowskim organizacjom \u201e<i>przemys\u0142u holokaustu<\/i>\u201d, kt\u00f3re nawet nie twierdz\u0105, \u017ce s\u0105 sukcesorami tego maj\u0105tku, tylko zwyczajnie \u2013 chc\u0105 go zagarn\u0105\u0107. Ze strony Naszego Najwa\u017cniejszego Sojusznika jest to \u0142ajdactwo zupe\u0142nie wyj\u0105tkowe, ale widocznie kongresmani uwa\u017caj\u0105, \u017ce na tym w\u0142a\u015bnie maj\u0105 polega\u0107 braterskie stosunki sojusznicze, \u017ce brat brata w d&#8230; harata.<\/p>\r\n<p>Wracaj\u0105c tedy do wspomnianego felietonu, to klangor stada autorytet\u00f3w moralnych nie by\u0142 niczym zaskakuj\u0105cym \u2013 bo nic tak nie gorszy, jak prawda. Inna rzecz, \u017ce stado, bez o\u015bmieszenia, nie mog\u0142o tego powiedzie\u0107 wprost, wi\u0119c uczepi\u0142o si\u0119 \u201e<i>Judejczyk\u00f3w<\/i>\u201d &#8211; \u017ce to okre\u015blenie \u201e<i>obra\u017ca nar\u00f3d \u017cydowski<\/i>\u201d &#8211; jak uzna\u0142a delatorska organizacja \u201e<i>Otwarta Rzeczpospolita<\/i>\u201d \u2013 a nawet jest \u201e<i>zaprzeczeniem holokaustu<\/i>\u201d &#8211; jak wydedukowa\u0142 sobie pan Bia\u0142ek, przewodnicz\u0105cy mikroskopijnemu stowarzyszeniu filosemickiemu im. Jana Karskiego z Kielc. Na szcz\u0119\u015bcie prokuratura w Toruniu nie da\u0142a si\u0119 zwariowa\u0107 i umorzy\u0142a spraw\u0119 wyja\u015bniaj\u0105c, \u017ce \u201e<i>Judejczykowie<\/i>\u201d to mieszka\u0144cy Judei, w czym nie ma niczego obra\u017aliwego, a na temat holokaustu nawet nie fatygowa\u0142a si\u0119 odpowiada\u0107. Ale teraz s\u0105 inne czasy; teraz niezawis\u0142e s\u0105dy padaj\u0105 na twarz przed delatorami, nawet je\u015bli s\u0105 na azylu z powodu kondemnatki. Inaczej zreszt\u0105 by\u0107 nie mo\u017ce w sytuacji, gdy bezpieka podzieli\u0142a si\u0119 na zwalczaj\u0105ce si\u0119 nawzajem partie polityczne, inspirowane przez zagraniczne centrale, do kt\u00f3rych bezpieczniacy przewerbowali si\u0119 w okresie transformacji ustrojowej. Skoro bezpieczniacy si\u0119 podzielili, to musieli te\u017c podzieli\u0107 si\u0119 konfidenci, a skoro konfidenci \u2013 to i rozmaici szermierze praworz\u0105dno\u015bci, co to my\u015bl\u0105 zgodnie ze sloganami tworzonymi przez pierwszorz\u0119dnych fachowc\u00f3w. Podobnie by\u0142o w wieku XVIII, kiedy jedni magnaci brali jurgielt od jednego ambasadora, inni \u2013 od drugiego, a jeszcze inni \u2013 od trzeciego i tak viribus unitis doprowadzili pa\u0144stwo do ca\u0142kowitej bezw\u0142adno\u015bci i likwidacji. Bo skoro magnaci wys\u0142ugiwali si\u0119 obcym dworom, to tak samo post\u0119powali ich klienci \u2013 a w Polsce bardzo wielu dygnitarzy, je\u015bli nie wi\u0119kszo\u015b\u0107, to \u201e<i>klienci<\/i>\u201d jak nie jednej, to innej bezpieczniackiej watahy, kt\u00f3ra akurat ich zwerbowa\u0142a a potem \u2013 wystruga\u0142a na dygnitarzy. Tote\u017c s\u0142u\u017c\u0105 gorliwie, ka\u017cdy wed\u0142ug swoich mo\u017cliwo\u015bci, a w rezultacie pa\u0144stwo jest stopniowo doprowadzane do stanu bezw\u0142adno\u015bci, kt\u00f3ra mo\u017ce poprzedza\u0107 likwidacj\u0119.<\/p>\r\n<p>Nawi\u0105zuj\u0105c do wspomnianego felietonu z roku 2006, dzisiaj m\u00f3g\u0142bym powiedzie\u0107 na antenie, \u017ce kiedy my, na polecenie Naszego Najwa\u017cniejszego Sojusznika, prowadzimy zwyci\u0119skie boje z Putinem, od ty\u0142u zachodz\u0105 nas Niemcy, cierpliwie i metodycznie doprowadzaj\u0105c pa\u0144stwo do bezw\u0142adu, kt\u00f3remu w\u0142a\u015bciwie nikt si\u0119 nie przeciwstawia. Czy to jest rezultat nieudolno\u015bci, czy z\u0142ej woli \u2013 mo\u017ce kiedy\u015b si\u0119 tego dowiemy, ale tak czy owak pan premier Mateusz Morawiecki, kt\u00f3ry w roku 1989 by\u0142 zarejestrowany w aktach STASI jako tajny wsp\u00f3\u0142pracownik, pod os\u0142on\u0105 tromtadrackiej retoryki, w podskokach zgodzi\u0142 si\u0119 na wszystkie niemieckie \u017c\u0105dania, kt\u00f3re Polsk\u0119 doprowadzaj\u0105 do parali\u017cu. Na to nak\u0142adaj\u0105 si\u0119 dzia\u0142ania opozycji, kt\u00f3ra przy pomocy konfident\u00f3w z KOD-u, czy rozmaitych diabelskich \u201e<i>bab\u0107<\/i>\u201d, no i oczywi\u015bcie \u2013 niezawis\u0142ych s\u0119dzi\u00f3w, albo konfident\u00f3w, albo nawet \u201e<i>cywil\u00f3w<\/i>\u201d, kt\u00f3rzy tylko chcieliby \u2013 podobnie jak kiedy\u015b \u201e<i>liberum veto<\/i>\u201d &#8211; utrzyma\u0107 i utrwali\u0107 stan ca\u0142kowitej nieodpowiedzialno\u015bci przed kimkolwiek \u2013 co jak wiadomo \u2013 uto\u017csamiane jest z praworz\u0105dno\u015bci\u0105.<\/p>\r\n<p>Korzystaj\u0105c z tego, \u017ce nie tylko rz\u0105d i opozycja, ale i wi\u0119kszo\u015b\u0107 doprowadzonego do stanu onieprzytomnienia przez niezale\u017cne media g\u0142\u00f3wnego nurtu spo\u0142ecze\u0144stwa, oczekuje z niepokojem, kiedy to Polsk\u0119 zaatakuje Putin, Niemcy spokojnie wymuszaj\u0105 na naszym nieszcz\u0119\u015bliwym kraju zachowania, jakie s\u0105 po\u017c\u0105dane z punktu widzenia potrzeb IV Rzeszy. Sztandarow\u0105 spraw\u0105 jest finansowy szanta\u017c jakiemu poddana zosta\u0142a Polska pod pretekstem praworz\u0105dno\u015bci. Rywalizuj\u0105ce ze sob\u0105 obozy \u201e<i>dobrej zmiany<\/i>\u201d oraz zdrady i zaprza\u0144stwa dochowa\u0142y si\u0119 w\u0142asnych p\u0142omiennych szermierzy praworz\u0105dno\u015bci, wskutek czego ta dziedzina \u017cycia publicznego sta\u0142a si\u0119 rodzajem \u201e<i>karczmy zajezdnej<\/i>\u201d, w kt\u00f3rej panosz\u0105 si\u0119 agenci \u201e<i>sascy, pruscy i rakuscy<\/i>\u201d &#8211; jak by\u0142o w wieku XVIII.<\/p>\r\n<p>Poniewa\u017c rz\u0105dowi forsa jest potrzebna cho\u0107by po to, by dzi\u0119ki niej mo\u017cna by\u0142o dogodzi\u0107 Ukrainie zgodnie z umow\u0105 z 2 grudnia 2016 roku, Komisja Europejska podyktowa\u0142a panu ministrowi Szynkowskiemu (vel S\u0119kowi), kt\u00f3ry podobno my\u015bla\u0142, \u017ce prowadzi \u201e<i>negocjacje<\/i>\u201d, formu\u0142\u0119 bezwarunkowej kapitulacji Polski w sprawie organizacji najwy\u017cszych organ\u00f3w w\u0142adzy s\u0105downiczej. Rz\u0105dowa wi\u0119kszo\u015b\u0107, pod komend\u0105 Naczelnika Pa\u0144stwa, kt\u00f3ry pod os\u0142on\u0105 patriotycznych frazes\u00f3w, przeforsowa\u0142 wcze\u015bniej ratyfikacj\u0119 ustawy o zasobach w\u0142asnych UE, stanowi\u0105cej milowy krok na drodze \u201e<i>pog\u0142\u0119biania integracji<\/i>\u201d, czyli budowy IV Rzeszy, nada\u0142a tej formule kapitulacyjnej posta\u0107 ustawy, kt\u00f3r\u0105 pan prezydent Duda skierowa\u0142 przed podpisaniem do Trybuna\u0142u Konstytucyjnego. Tymczasem Trybuna\u0142 Konstytucyjny ju\u017c wcze\u015bniej zosta\u0142 doprowadzony do stanu bezw\u0142adno\u015bci z powodu konfliktu mi\u0119dzy dwiema s\u0119dziowskimi partiami, z kt\u00f3rych jedna uwa\u017ca, \u017ce pani Przy\u0142\u0119bska ju\u017c nie jest jego prezesem, a druga \u2013 \u017ce jest. Poniewa\u017c stwierdzenie zgodno\u015bci lub niezgodno\u015bci ustawy skierowanej do TK przed jej podpisaniem przez prezydenta mo\u017ce nast\u0105pi\u0107 tylko w pe\u0142nym sk\u0142adzie Trybuna\u0142u, te\u017c prawdopodobnie nie b\u0119dzie m\u00f3g\u0142 \u017cadnego orzeczenia w tej sprawie wyda\u0107, bo posiedzenie TK w pe\u0142nym sk\u0142adzie musi zwo\u0142a\u0107 prezes \u2013 a nie wiadomo, kto nim jest. Jestem przekonany, \u017ce skoro my o tym wiemy, to pan prezydent te\u017c nie mo\u017ce o tym nie wiedzie\u0107 i wydaje mi si\u0119, \u017ce w\u0142a\u015bnie dlatego tak post\u0105pi\u0142 z ustaw\u0105 \u2013 \u017ceby nie zmusza\u0107 Komisji Europejskiej do znajdowania nowego pretekstu dla dalszego blokowania pieni\u0119dzy dla Polski \u2013 co by\u0107 mo\u017ce za dwa lata, kiedy b\u0119dzie szuka\u0142 sobie posady, zostanie mu policzone, a poza tym \u2013 \u017ceby unikn\u0105\u0107 oskar\u017cenia, \u017ce \u201e<i>dzia\u0142a na szkod\u0119 Polak\u00f3w<\/i>\u201d &#8211; jakim ok\u0142adaj\u0105 si\u0119 nawzajem obydwa obozy. Ale Komisja Europejska wie, \u017ce na panu prezydencie do ko\u0144ca polega\u0107 nie mo\u017cna, wi\u0119c na wszelki wypadek Europejski Trybuna\u0142 Sprawiedliwo\u015bci wytoczy\u0142 polskiemu Trybuna\u0142owi Konstytucyjnemu proces, nie tylko o to, czy pani Julia Przy\u0142\u0119bska jest prezesem, czy nie, ale i o to, czy wszyscy s\u0119dziowie tego Trybuna\u0142u s\u0105 naprawd\u0119 s\u0119dziami, czy te\u017c ustrojonymi w togi przebiera\u0144cami. No i najwa\u017cniejsze. Chodzi o to, \u017ce TK wyda\u0142 przed kilkoma laty orzeczenie, i\u017c konstytucja Rzeczypospolitej ma charakter nadrz\u0119dny nad prawem unijnym. S\u0119k w tym, \u017ce Europejski Trybuna\u0142 Sprawiedliwo\u015bci jeszcze w 1964 roku, w sprawie Flaminio Costa przeciw E.N.E.L. sformu\u0142owa\u0142 obowi\u0105zuj\u0105c\u0105 po dzi\u015b dzie\u0144 zasad\u0119, \u017ce \u201e<i>prawo wsp\u00f3lnotowe<\/i>\u201d (bo w 1964 roku Unii Europejskiej jeszcze nie by\u0142o, a tylko \u201e<i>Wsp\u00f3lnoty<\/i>\u201d) ma charakter nadrz\u0119dny nad prawem kraj\u00f3w cz\u0142onkowskich bez wzgl\u0119du na rang\u0119 ustawy. Tote\u017c pani s\u0119dzia Ma\u0142gorzata Jungnikiel, podczas dyskusji na Uniwersytecie Warszawskim nad ewentualnym wej\u015bciem Polski do unii walutowej (do czego Polska zobowi\u0105za\u0142a si\u0119 w traktacie akcesyjnym, chocia\u017c na szcz\u0119\u015bcie \u2013 bez okre\u015blania terminu) powiedzia\u0142a, \u017ce s\u0105dy w Polsce b\u0119d\u0105 stosowa\u0142y prawo unijne nawet w sytuacji jego sprzeczno\u015bci z polsk\u0105 konstytucj\u0105. Jestem tedy pewien, \u017ce dop\u00f3ki ETS b\u0119dzie si\u0119 t\u0105 spraw\u0105 zajmowa\u0142, jest pewne, \u017ce Trybuna\u0142 nie tylko nie wyda \u017cadnego orzeczenia, ale w og\u00f3le nie b\u0119dzie w stanie si\u0119 zebra\u0107. Jak widzimy, przynajmniej ten segment pa\u0144stwa zosta\u0142 ju\u017c skutecznie zablokowany na jaki\u015b czas, a je\u015bli ten pretekst ustanie, to z pewno\u015bci\u0105 konfidenci zwerbowani przez ABW w ramach \u201e<i>Operacji Temida<\/i>\u201d wymy\u015bl\u0105 jaki\u015b kolejny. S\u0142owem \u2013 podobnie jak w wieku XVIII \u201e<i>Polska nierz\u0105dem stoi<\/i>\u201d.<\/p>\r\n<p>Czy jednak stoi? Jak powiedzia\u0142by Kukuniek, ta sytuacja ma oczywi\u015bcie wiele plus\u00f3w ujemnych, ale i jeden plus dodatni \u2013 \u017ce przyj\u0119cie formu\u0142y bezwarunkowej kapitulacji Polski, jak\u0105 Komisja Europejska podyktowa\u0142a gwie\u017adzie naszej dyplomacji, czyli panu ministrowi Szynkowskiemu (vel S\u0119kowi), zaczyna w odleg\u0142\u0105 przysz\u0142o\u015b\u0107 si\u0119 oddala\u0107. To mo\u017ce jednak by\u0107 zwyci\u0119stwo pozorne, a w dodatku \u2013 pyrrusowe \u2013 bo jego cen\u0105 b\u0119dzie dalsze post\u0119puj\u0105ce obezw\u0142adnianie pa\u0144stwa, kt\u00f3re w ko\u0144cu jeszcze raz mo\u017ce zosta\u0107 rozebrane; z jednej strony przez pragn\u0105ce doko\u0144czenia procesu zjednoczenia Niemcy, a z drugiej \u2013 przez \u201e<i>Judejczyk\u00f3w<\/i>\u201d, kt\u00f3rzy przecie\u017c a\u017c przebieraj\u0105 nogami, by zrealizowa\u0107 swoje \u201e<i>roszczenia<\/i>\u201d &#8211; co obieca\u0142 im dopilnowa\u0107 Nasz Najwa\u017cniejszy Sojusznik, kt\u00f3ry przecie\u017c nie dla \u017cart\u00f3w przyj\u0105\u0142 ustaw\u0119 nr 447.<\/p>\r\n<\/div>\r\n<p class=\"podpis_tekst\"><strong><em>Stanis\u0142aw Michalkiewicz<\/em><\/strong><\/p>\r\n<p class=\"informacje\"><i>Sta\u0142y komentarz Stanis\u0142awa Michalkiewicza ukazuje si\u0119 w ka\u017cdym numerze tygodnika \u201eNajwy\u017cszy Czas!\u201d.<\/i><\/p>\r\n<p>Artyku\u0142 &nbsp;<b>\u2022<\/b>&nbsp; tygodnik \u201eNajwy\u017cszy Czas!\u201d &nbsp;<b>\u2022<\/b>&nbsp; 7 marca 2023<\/p>","protected":false},"excerpt":{"rendered":"\u017byj\u0105 jeszcze ludzie pami\u0119taj\u0105cy klangor, jaki wyda\u0142o z siebie stado autorytet\u00f3w moralnych, po wyg\u0142oszeniu przeze mnie na antenie Radia Maryja w roku 2006 opinii, \u017ce podczas kiedy my jeste\u015bmy zaj\u0119ci instalowaniem demokracji na Ukrainie i Bia\u0142orusi, od ty\u0142u zachodz\u0105 nas Judejczykowie, pragn\u0105cy wymusi\u0107 na Polsce zap\u0142acenie im haraczu pod pretekstem tak zwanych \u201eroszcze\u0144 maj\u0105tkowych\u201d, odnosz\u0105cych [&hellip;]","protected":false},"author":1,"featured_media":0,"comment_status":"closed","ping_status":"closed","sticky":false,"template":"","format":"standard","meta":{"_acf_changed":false,"_monsterinsights_skip_tracking":false,"_monsterinsights_sitenote_active":false,"_monsterinsights_sitenote_note":"","_monsterinsights_sitenote_category":0,"ngg_post_thumbnail":0,"footnotes":"","_wp_rev_ctl_limit":""},"categories":[13],"tags":[166,22,92,53,34],"acf":[],"_links":{"self":[{"href":"https:\/\/www.bibula.com\/index.php?rest_route=\/wp\/v2\/posts\/139283"}],"collection":[{"href":"https:\/\/www.bibula.com\/index.php?rest_route=\/wp\/v2\/posts"}],"about":[{"href":"https:\/\/www.bibula.com\/index.php?rest_route=\/wp\/v2\/types\/post"}],"author":[{"embeddable":true,"href":"https:\/\/www.bibula.com\/index.php?rest_route=\/wp\/v2\/users\/1"}],"replies":[{"embeddable":true,"href":"https:\/\/www.bibula.com\/index.php?rest_route=%2Fwp%2Fv2%2Fcomments&post=139283"}],"version-history":[{"count":2,"href":"https:\/\/www.bibula.com\/index.php?rest_route=\/wp\/v2\/posts\/139283\/revisions"}],"predecessor-version":[{"id":139285,"href":"https:\/\/www.bibula.com\/index.php?rest_route=\/wp\/v2\/posts\/139283\/revisions\/139285"}],"wp:attachment":[{"href":"https:\/\/www.bibula.com\/index.php?rest_route=%2Fwp%2Fv2%2Fmedia&parent=139283"}],"wp:term":[{"taxonomy":"category","embeddable":true,"href":"https:\/\/www.bibula.com\/index.php?rest_route=%2Fwp%2Fv2%2Fcategories&post=139283"},{"taxonomy":"post_tag","embeddable":true,"href":"https:\/\/www.bibula.com\/index.php?rest_route=%2Fwp%2Fv2%2Ftags&post=139283"}],"curies":[{"name":"wp","href":"https:\/\/api.w.org\/{rel}","templated":true}]}}