{"id":139259,"date":"2023-03-06T21:01:11","date_gmt":"2023-03-07T02:01:11","guid":{"rendered":"https:\/\/www.bibula.com\/?p=139259"},"modified":"2023-03-06T21:02:23","modified_gmt":"2023-03-07T02:02:23","slug":"kuria-kielce-przestrzega-przed-lefebrystami","status":"publish","type":"post","link":"https:\/\/www.bibula.com\/?p=139259","title":{"rendered":"Kuria Kielce \u201eprzestrzega przed lefebrystami\u201d"},"content":{"rendered":"<header class=\"entry-header\"><\/header>\r\n<div class=\"entry-content\">\r\n<p><em>&lt;&lt;<\/em><em>Msze przez nich sprawowane s\u0105 \u201eniegodziwe\u201d, sakramenty \u2013 \u201eniewa\u017cne\u201d <\/em><em>&gt;&gt; <\/em><em>\u2013<\/em> przestrzega w specjalnym komunikacie kuria w Kielcach. To reakcja na pojawienia si\u0119 w przestrzeni medialnej na terenie Kielc, zaprosze\u0144 do udzia\u0142u w wydarzeniach organizowanych przez kap\u0142an\u00f3w Bractwa \u015aw. Piusa X, tzw. lefebryst\u00f3w.<\/p>\r\n<p>Kuria przestrzega przed pope\u0142nieniem przest\u0119pstwa schizmy, co grozi ekskomunik\u0105.<\/p>\r\n<figure class=\"wp-block-image size-full\"><\/figure>\r\n<p>Komunikat podpisa\u0142 <strong>bp Andrzej Kaleta. <\/strong>\u201e<em>Przypominamy Czcigodnym Ksi\u0119\u017com oraz wiernym Diecezji Kieleckiej, \u017ce kap\u0142ani b\u0119d\u0105cy cz\u0142onkami Bractwa \u015aw. Piusa X (tzw. lefebry\u015bci) nie nale\u017c\u0105 do Ko\u015bcio\u0142a Katolickiego. Msza \u015awi\u0119ta sprawowana przez tych kap\u0142an\u00f3w jest niegodziwa. Spowied\u017a i rozgrzeszenie jest niewa\u017cne, a przyj\u0119cie Komunii \u015awi\u0119tej jest niegodziwe i \u015bwi\u0119tokradcze<\/em>\u201d \u2013 napisano w komunikacie.<\/p>\r\n<p>Kuria przestrzega tym samym pope\u0142nieniem przest\u0119pstwa schizmy. \u201ePonadto informujemy, \u017ce udzia\u0142 w jakiejkolwiek formie kultu mo\u017ce wi\u0105za\u0107 si\u0119 z pope\u0142nieniem przest\u0119pstwa schizmy i w konsekwencji zaci\u0105gni\u0119cia kary ekskomuniki latae sententiae, czyli zaci\u0105ganej moc\u0105 samego fakt uczestnictwa i przyjmowania sakrament\u00f3w we wsp\u00f3lnotach nie maj\u0105cym \u0142\u0105czno\u015bci z Ko\u015bcio\u0142em Katolickim (por. Kan. 1364 KPK)\u201d \u2013 czytamy w kurialnym [<em><strong>kuriozalnym<\/strong><\/em> \u2026 md] komunikacie.<\/p>\r\n<p>[na podst.: <a href=\"https:\/\/opoka.org.pl\/News\/Polska\/2023\/kielce-kuria-przestrzega-przed-lefebrystami\">opoka<\/a>]<\/p>\r\n<p>============================<\/p>\r\n<figure class=\"wp-block-image size-large\"><img fetchpriority=\"high\" decoding=\"async\" class=\"wp-image-14641 aligncenter\" src=\"https:\/\/www.dakowski.pl\/wp-content\/uploads\/2023\/03\/image-92-605x1024.png\" sizes=\"(max-width: 605px) 100vw, 605px\" srcset=\"https:\/\/dakowski.pl\/wp-content\/uploads\/2023\/03\/image-92-605x1024.png 605w, https:\/\/dakowski.pl\/wp-content\/uploads\/2023\/03\/image-92-177x300.png 177w, https:\/\/dakowski.pl\/wp-content\/uploads\/2023\/03\/image-92-768x1300.png 768w, https:\/\/dakowski.pl\/wp-content\/uploads\/2023\/03\/image-92-908x1536.png 908w, https:\/\/dakowski.pl\/wp-content\/uploads\/2023\/03\/image-92.png 1210w\" alt=\"\" width=\"689\" height=\"1166\"><\/figure>\r\n<p><strong>&nbsp;<\/strong><\/p>\r\n<p>[<strong>wszystko, co te \u0142obuzy pisza o Bractwie \u015bw Piusa X \u2013 jest jawnym k\u0142amstwem. <em>Miros\u0142aw Dakowski<\/em><\/strong>]<\/p>\r\n<\/div>\r\n<p class=\"zrodlo\">Za: <a href=\"https:\/\/dakowski.pl\/kuria-kielce-opoka-klamstwa-przestrzega-przed-lefebrystami\/\">Strona prof. Miros\u0142awa Dakowskiego<\/a> &#8211; [Org. tytu\u0142: \u00abKuria Kielce: Cytadela na OPOCE K\u0141AMSTWA \u201eprzestrzega przed lefebrystami\u201d.\u00bb]<\/p>\r\n<h4>&nbsp;<\/h4>\r\n<hr style=\"background-color: #000000; border-width: 0; color: #000000; height: 2px; line-height: 0; text-align: center; width: 100%;\">\r\n<h4>&nbsp;<\/h4>\r\n<blockquote>\r\n<p><strong>KOMENTARZ <em>BIBU\u0141Y<\/em><\/strong>: My ze swojej strony dodamy jeszcze, \u017ce nie tylko &#8222;wszystko, co te \u0142obuzy pisza o Bractwie \u015bw Piusa X jest jawnym k\u0142amstwem&#8221; &#8211; bo jest! &#8211; ale na dodatek te \u0142obuzy z kieleckiej Kurii s\u0105 diab\u0142ami przebranymi w ornat parodiuj\u0105cymi Msz\u0119 \u015bwi\u0119t\u0105. St\u0105d ich z\u0142o\u015b\u0107 wymiotowana na tych co przechowuj\u0105 Tradycj\u0119 i przekazuj\u0105 najwi\u0119kszy dar w postaci nieska\u017conej Mszy \u015bwi\u0119tej Wszech czas\u00f3w!<\/p>\r\n<p>Przypomnijmy zatem: Msze \u015bwi\u0119te i sakramenty sprawowane przeez kap\u0142an\u00f3w Bractwa \u015bw. Piusa X s\u0105 w pe\u0142ni wa\u017cne i godziwe. Natomiast msze zaliczane przez duchownych sekty ko\u015bcio\u0142a posoborowego s\u0105 niegodne, a mo\u017ce nawet &#8211; na co wskazuj\u0105 liczni teologowie &#8211; ca\u0142kowicie niewa\u017cne. I to jest w\u0142a\u015bnie najwi\u0119ksza tragedia Ko\u015bcio\u0142a i wiernych \u017cyj\u0105cych w czasach posoborowych!<\/p>\r\n<\/blockquote>","protected":false},"excerpt":{"rendered":"&lt;&lt;Msze przez nich sprawowane s\u0105 \u201eniegodziwe\u201d, sakramenty \u2013 \u201eniewa\u017cne\u201d &gt;&gt; \u2013 przestrzega w specjalnym komunikacie kuria w Kielcach. To reakcja na pojawienia si\u0119 w przestrzeni medialnej na terenie Kielc, zaprosze\u0144 do udzia\u0142u w wydarzeniach organizowanych przez kap\u0142an\u00f3w Bractwa \u015aw. Piusa X, tzw. lefebryst\u00f3w. Kuria przestrzega przed pope\u0142nieniem przest\u0119pstwa schizmy, co grozi ekskomunik\u0105. Komunikat podpisa\u0142 bp [&hellip;]","protected":false},"author":1,"featured_media":0,"comment_status":"closed","ping_status":"closed","sticky":false,"template":"","format":"standard","meta":{"_acf_changed":false,"_monsterinsights_skip_tracking":false,"_monsterinsights_sitenote_active":false,"_monsterinsights_sitenote_note":"","_monsterinsights_sitenote_category":0,"ngg_post_thumbnail":0,"footnotes":"","_wp_rev_ctl_limit":""},"categories":[13],"tags":[32,92,33],"acf":[],"_links":{"self":[{"href":"https:\/\/www.bibula.com\/index.php?rest_route=\/wp\/v2\/posts\/139259"}],"collection":[{"href":"https:\/\/www.bibula.com\/index.php?rest_route=\/wp\/v2\/posts"}],"about":[{"href":"https:\/\/www.bibula.com\/index.php?rest_route=\/wp\/v2\/types\/post"}],"author":[{"embeddable":true,"href":"https:\/\/www.bibula.com\/index.php?rest_route=\/wp\/v2\/users\/1"}],"replies":[{"embeddable":true,"href":"https:\/\/www.bibula.com\/index.php?rest_route=%2Fwp%2Fv2%2Fcomments&post=139259"}],"version-history":[{"count":4,"href":"https:\/\/www.bibula.com\/index.php?rest_route=\/wp\/v2\/posts\/139259\/revisions"}],"predecessor-version":[{"id":139276,"href":"https:\/\/www.bibula.com\/index.php?rest_route=\/wp\/v2\/posts\/139259\/revisions\/139276"}],"wp:attachment":[{"href":"https:\/\/www.bibula.com\/index.php?rest_route=%2Fwp%2Fv2%2Fmedia&parent=139259"}],"wp:term":[{"taxonomy":"category","embeddable":true,"href":"https:\/\/www.bibula.com\/index.php?rest_route=%2Fwp%2Fv2%2Fcategories&post=139259"},{"taxonomy":"post_tag","embeddable":true,"href":"https:\/\/www.bibula.com\/index.php?rest_route=%2Fwp%2Fv2%2Ftags&post=139259"}],"curies":[{"name":"wp","href":"https:\/\/api.w.org\/{rel}","templated":true}]}}