{"id":139158,"date":"2023-03-01T07:43:41","date_gmt":"2023-03-01T12:43:41","guid":{"rendered":"https:\/\/www.bibula.com\/?p=139158"},"modified":"2023-03-01T07:44:36","modified_gmt":"2023-03-01T12:44:36","slug":"wojny-rzymu-z-kosciolem-ciag-dalszy-o-gorliwosci-saula-faryzeusza-arkadiusz-jakubczyk","status":"publish","type":"post","link":"https:\/\/www.bibula.com\/?p=139158","title":{"rendered":"Wojny Rzymu z Ko\u015bcio\u0142em ci\u0105g dalszy. O gorliwo\u015bci Saula faryzeusza &#8211; <em>Arkadiusz Jakubczyk<\/em>"},"content":{"rendered":"<div class=\"p_underline\">\r\n<p class=\"has-drop-cap\"><strong>We wtorek 21 lutego 2023 r. Biuro Prasowe Stolicy Apostolskiej opublikowa\u0142o Reskrypt potwierdzaj\u0105cy, czy te\u017c raczej \u0142ataj\u0105cy luki prawne w interpretacji&nbsp;listu apostolskiego papie\u017ca Franciszka Traditionis Custodes. <\/strong><\/p>\r\n<p>&nbsp;<\/p>\r\n<p><img fetchpriority=\"high\" decoding=\"async\" class=\"aligncenter\" src=\"https:\/\/myslkonserwatywna.pl\/wp-content\/uploads\/2023\/02\/Messe_mit_Wandlungskerze_Beuron-294x400.jpg\" width=\"697\" height=\"948\"><\/p>\r\n<p>&nbsp;<\/p>\r\n<p>Bez wnikania w szczeg\u00f3\u0142y, kluczowym jest w nim fakt, \u017ce od tej pory zezwolenie na u\u017cytkowanie ko\u015bcio\u0142\u00f3w parafialnych do sk\u0142adania Naj\u015bwi\u0119tszej Ofiary wed\u0142ug&nbsp;Msza\u0142u z 1962 r., mo\u017ce by\u0107 udzielane wy\u0142\u0105cznie bezpo\u015brednio przez dykasteri\u0119 ds. Kultu Bo\u017cego. Kanon&nbsp;87.1, kt\u00f3ry stwierdza, \u017ce biskupi mog\u0105 znie\u015b\u0107 obowi\u0105zki prawa powszechnego dla dobra dusz w swojej diecezji, nie ma ju\u017c zastosowania, poniewa\u017c sprawa jest \u201ezastrze\u017cona dla Stolicy Apostolskiej\u201d.<\/p>\r\n<p>W praktyce, efekt tego orzeczenia b\u0119dzie zale\u017ca\u0142 od tego, w jakim stopniu obecne przepisy dotycz\u0105ce celebracji Msza\u0142u z 1962 r. s\u0105 uzale\u017cnione od wykorzystania ko\u015bcio\u0142\u00f3w parafialnych w danej miejscowo\u015bci,&nbsp;gotowo\u015bci biskup\u00f3w do uzyskania zgody dykasterii na kontynuacj\u0119 celebracji w takich ko\u015bcio\u0142ach&nbsp;oraz odpowied\u017a dykasterii na te pro\u015bby.<\/p>\r\n<p>Je\u015bli biskupi na ca\u0142ym \u015bwiecie wyst\u0105pi\u0105 o zgod\u0119 na wszystkie celebracje Mszy \u015bw. z 1962 r., kt\u00f3re mia\u0142y do tej pory miejsce w ko\u015bcio\u0142ach parafialnych w ich diecezjach, dykasteria stanie przed setkami spraw do rozwa\u017cenia, podnosz\u0105c kwesti\u0119 wykonalno\u015bci swojej roli. Z uszczypliwo\u015bci\u0105 zapytam czy sam kardyna\u0142 Roche podr\u00f3\u017cowa\u0107 b\u0119dzie z parafii do parafii aby wyp\u0119dza\u0107 tradycyjnych katolik\u00f3w z ich \u015bwi\u0105ty\u0144? Tak czy inaczej, najbardziej zadziwiaj\u0105cym jest \u017ce Rzym, w tak delikatnej materii duszpasterskiej, postanowi\u0142 a\u017c tak scentralizowa\u0107 swoj\u0105 polityk\u0119. Gdzie podzia\u0142a si\u0119 franciszkowa kolegialno\u015b\u0107? Synodalno\u015b\u0107?<\/p>\r\n<p>Traditionis Custodes jak i nowy reskrypt, s\u0105 oczywistymi objawami watyka\u0144skiego prze\u015bladowania katolik\u00f3w tradycji. I nie mo\u017cna tego usprawiedliwia\u0107 stwierdzeniem, \u017ce ich wprowadzanie pomaga w zachowniu jedno\u015bci Ko\u015bcio\u0142a. Wr\u0119cz przeciwnie. Przera\u017caj\u0105ce&nbsp;s\u0105 zw\u0142aszcza ostatnie raporty, g\u0142osz\u0105ce, \u017ce ksi\u0105dz prefekt de facto zabiega\u0142 o Konstytucj\u0119 Apostolsk\u0105 zawieraj\u0105c\u0105 jeszcze bardziej radykalne \u015brodki przeciwko Rytowi Rzymskiemu. Czas poka\u017ce, czy ten ostatni akt jest bardziej ograniczon\u0105 odpowiedzi\u0105 na t\u0119 rzekom\u0105 pro\u015bb\u0119, czy te\u017c przedsmakiem kolejnych. Ale innym i by\u0107 mo\u017ce bardziej pal\u0105cym pytaniem jest, dlaczego kardyna\u0142 Roche musi wywiera\u0107 tak\u0105 presj\u0119 na biskup\u00f3w diecezjalnych, skoro wi\u0119kszo\u015b\u0107 by\u0142a \u2013 rzekomo \u2013 niezadowolona z zastosowania Summorum Pontificum Benedykta XVI.<\/p>\r\n<p>Przecie\u017c papie\u017c Franciszek napisa\u0142 w Traditionis Custodes, \u017ce \u201e\u017cyczenia wyra\u017cone przez episkopaty\u201d podczas konsultacji z biskupami,&nbsp;przeprowadzonej w 2020 r. przez Kongregacj\u0119 Nauki Wiary, wzywa\u0142y do rozprawienia si\u0119 z tradycyjn\u0105 liturgi\u0105 \u0142aci\u0144sk\u0105. A w za\u0142\u0105czonym li\u015bcie do motu proprio napisa\u0142, \u017ce \u201eodpowiada na [ich] pro\u015bby\u201d.<\/p>\r\n<p>Jednak Watykan nigdy nie ujawni\u0142 wynik\u00f3w tych konsultacji, co\u015b, co \u201epozosta\u0142o tajemnic\u0105\u201d nawet dla samego \u015bp. papie\u017ca \u2013 emeryta Benedykta.<\/p>\r\n<p>Tym samym, pojawi\u0142y si\u0119 obszerne przecieki z tych\u017ce konsultacji. I wydaj\u0105 si\u0119 one nakresla\u0107 raczej inn\u0105 histori\u0119 na temat reakcji biskup\u00f3w wzgl\u0119dem motu proprio Benedykta XVI z 2007 r., z wieloma \u015bwiadectwami jego owocno\u015bci i osi\u0105gni\u0119tego pokoju duchowego. <strong>W rzeczywisto\u015bci zatem ujawni\u0142y, \u017ce zdaniem wi\u0119kszo\u015bci biskup\u00f3w wskazanym by\u0142o kontynuowanie rozwa\u017cnego i starannego stosowania Summorum Pontificum.<\/strong><\/p>\r\n<p>Dla mnie sprawa jest prosta. Pisa\u0142em ju\u017c o tym. Wrogowie rytu rzymskiego, op\u0119tani moderni\u015bci, wiedz\u0105 \u017ce ich czas na tym padole dobiega ko\u0144ca i \u017ce musz\u0105 dzia\u0142a\u0107 szybko. Do\u015bwiadczamy w\u0142a\u015bnie ich (przed?) ostatni desperacki kontratak na \u015bwi\u0119t\u0105, apostolsk\u0105 i zdrow\u0105 (po prostu) katolick\u0105 mentalno\u015b\u0107. Nadbud\u00f3wka przez nich wznoszona od mniej wi\u0119cej pontyfikatu Piusa XII i encykliki Humani generis, musi si\u0119 zawali\u0107 w swoim autodestrukcyjnym po\u015bpiechu i z\u0142o\u015bliwo\u015bci. Kiedy ju\u017c Pan B\u00f3g wezwie ich na s\u0105d, kiedy ju\u017c ich laiccy r\u00f3wie\u015bnicy, kurczowo trzymaj\u0105cy si\u0119 nowego nabo\u017ce\u0144stwa swojej m\u0142odo\u015bci, odejd\u0105 wraz z nimi, otwarte zostanie pole manewru dla m\u0142odszego pokolenia katolik\u00f3w (tradycjonalist\u00f3w). Katolik\u00f3w kt\u00f3rzy pragn\u0105 piotrowej ska\u0142y a nie zniewie\u015bcia\u0142ej synodalnej synodalno\u015bci.<\/p>\r\n<p>B\u0105d\u017amy silni. B\u0105d\u017amy wierni. Wspierajmy swoich ksi\u0119\u017cy. M\u00f3dlmy si\u0119 za swoich biskup\u00f3w. Kwestie roztropno\u015bci ko\u015bcielnej nie s\u0105 dla ludzi o s\u0142abych nerwach, ale w tym przypadku warto Papie\u017cowi i Jego \u015bwicie przypomnie\u0107 ostrze\u017cenie Gamaliela, nauczyciela Saula,&nbsp;skierowane do Sanhedrynu w Dziejach Apostolskich 5, 38-39: \u201eWi\u0119c i teraz wam m\u00f3wi\u0119: Odst\u0105pcie od tych ludzi i pu\u015b\u0107cie ich! Je\u017celi bowiem od ludzi pochodzi ta my\u015bl czy sprawa, rozpadnie si\u0119, a je\u017celi rzeczywi\u015bcie od Boga pochodzi, nie potraficie ich zniszczy\u0107 i mo\u017ce si\u0119 czasem okaza\u0107, \u017ce walczycie z Bogiem\u00bb. Us\u0142uchali go.<\/p>\r\n<p><strong>W swej roztropno\u015bci powinni\u015bmy st\u0105pa\u0107 ostro\u017cnie. Wiedzmy te\u017c, \u017ce ka\u017cdy pontyfikat dobiega ko\u0144ca, a jak naucza\u0142 \u015bw. Augustyn \u2013 \u201eCierpliwo\u015b\u0107 jest towarzyszem m\u0105dro\u015bci\u201d.<\/strong><\/p>\r\n<p><strong><em>Arkadiusz Jakubczyk<\/em><\/strong><\/p>\r\n<\/div>","protected":false},"excerpt":{"rendered":"We wtorek 21 lutego 2023 r. Biuro Prasowe Stolicy Apostolskiej opublikowa\u0142o Reskrypt potwierdzaj\u0105cy, czy te\u017c raczej \u0142ataj\u0105cy luki prawne w interpretacji&nbsp;listu apostolskiego papie\u017ca Franciszka Traditionis Custodes. &nbsp; &nbsp; Bez wnikania w szczeg\u00f3\u0142y, kluczowym jest w nim fakt, \u017ce od tej pory zezwolenie na u\u017cytkowanie ko\u015bcio\u0142\u00f3w parafialnych do sk\u0142adania Naj\u015bwi\u0119tszej Ofiary wed\u0142ug&nbsp;Msza\u0142u z 1962 r., mo\u017ce [&hellip;]","protected":false},"author":1,"featured_media":0,"comment_status":"closed","ping_status":"closed","sticky":false,"template":"","format":"standard","meta":{"_acf_changed":false,"_monsterinsights_skip_tracking":false,"_monsterinsights_sitenote_active":false,"_monsterinsights_sitenote_note":"","_monsterinsights_sitenote_category":0,"ngg_post_thumbnail":0,"footnotes":"","_wp_rev_ctl_limit":""},"categories":[13],"tags":[24,41,33],"acf":[],"_links":{"self":[{"href":"https:\/\/www.bibula.com\/index.php?rest_route=\/wp\/v2\/posts\/139158"}],"collection":[{"href":"https:\/\/www.bibula.com\/index.php?rest_route=\/wp\/v2\/posts"}],"about":[{"href":"https:\/\/www.bibula.com\/index.php?rest_route=\/wp\/v2\/types\/post"}],"author":[{"embeddable":true,"href":"https:\/\/www.bibula.com\/index.php?rest_route=\/wp\/v2\/users\/1"}],"replies":[{"embeddable":true,"href":"https:\/\/www.bibula.com\/index.php?rest_route=%2Fwp%2Fv2%2Fcomments&post=139158"}],"version-history":[{"count":2,"href":"https:\/\/www.bibula.com\/index.php?rest_route=\/wp\/v2\/posts\/139158\/revisions"}],"predecessor-version":[{"id":139161,"href":"https:\/\/www.bibula.com\/index.php?rest_route=\/wp\/v2\/posts\/139158\/revisions\/139161"}],"wp:attachment":[{"href":"https:\/\/www.bibula.com\/index.php?rest_route=%2Fwp%2Fv2%2Fmedia&parent=139158"}],"wp:term":[{"taxonomy":"category","embeddable":true,"href":"https:\/\/www.bibula.com\/index.php?rest_route=%2Fwp%2Fv2%2Fcategories&post=139158"},{"taxonomy":"post_tag","embeddable":true,"href":"https:\/\/www.bibula.com\/index.php?rest_route=%2Fwp%2Fv2%2Ftags&post=139158"}],"curies":[{"name":"wp","href":"https:\/\/api.w.org\/{rel}","templated":true}]}}