{"id":1391,"date":"2007-11-22T18:49:34","date_gmt":"2007-11-22T18:49:34","guid":{"rendered":""},"modified":"2017-08-11T13:20:38","modified_gmt":"2017-08-11T17:20:38","slug":"floryda-aron-jeden-z-legendarnych-braci-bielskich-aresztowany-za-kradziez-cwierc-miliona-dolarow-93-letniej-polce","status":"publish","type":"post","link":"https:\/\/www.bibula.com\/?p=1391","title":{"rendered":"Floryda: Aron, jeden z &#8222;legendarnych braci Bielskich&#8221; aresztowany za kradzie\u017c \u0107wier\u0107 miliona dolar\u00f3w 93-letniej Polce"},"content":{"rendered":"<p><strong>Najm\u0142odszy z czworga braci Bielskich, wys\u0142awianych jako bohaterowie II Wojny \u015awiatowej i ukazywanych jako organizatorzy &#8222;najwi\u0119kszego zbrojnego wysi\u0142ku dokonanego przez \u017byd\u00f3w celem ocalenia \u017byd\u00f3w z Holokaustu&#8221;, zosta\u0142 aresztowany i oskar\u017cony o oszukanie i zagrabienie maj\u0105tku 93-letniej Polki.<\/strong><\/p>\r\n<p>80-letni Aron Bielski (obecnie nazywaj\u0105cy si\u0119 &#8222;Aron Bell&#8221;), wraz z 58-letni\u0105 \u017con\u0105 Henryk\u0105, oskar\u017ceni zostali przez policj\u0119 w Palm Beach (Floryda) o oszukanie staruszki, kt\u00f3rej obiecali zorganizowanie wakacji w Polsce oraz o dokonanie kradzie\u017cy 250 tysi\u0119cy dolar\u00f3w z jej kont bankowych. Aron Bielski vel Bell wraz ze swoj\u0105 \u017con\u0105 przewie\u017ali pani\u0105 Zaniewsk\u0105 do Polski, gdzie jednak zamiast obiecanych i zaplanowanych wakacji, porzucili j\u0105 zostawiaj\u0105c j\u0105 w domu starc\u00f3w, a sami powr\u00f3cili do Palm Beach. &#8222;Dzi\u0119kuj\u0119 Bogu, \u017ce znale\u017ali\u015bcie mnie&#8221; &#8211; powiedzia\u0142a pani Zaniewska, gdy w ko\u0144cu uda\u0142o si\u0119 j\u0105 zlokalizowa\u0107 w jednym z domu starc\u00f3w.<\/p>\r\n<p>Wed\u0142ug obowi\u0105zuj\u0105cego prawa, za uknucie spisku i kradzie\u017c pieni\u0119dzy, Aronowi Bielskiemu vel Bell i jej \u017conie grozi kara do 90 lat wi\u0119zienia. Adwokat Steven Gomberg broni\u0105cy pa\u0144stwa Bell zni\u017cy\u0142 si\u0119 jednak do najni\u017cszego poziomu oczerniaj\u0105c pani\u0105 Zaniewsk\u0105 o &#8222;zniedo\u0142\u0119\u017cnia\u0142o\u015b\u0107&#8221;, a co za tym idzie o konfabulacje i demencj\u0119 starcz\u0105. &#8222;Ta ca\u0142a historia o tym, \u017ce pa\u0144stwo Bielscy wys\u0142ali t\u0119 biedn\u0105 pani\u0105 do Polski celem wykradzenie jej pieni\u0119dzy, jest niedorzeczno\u015bci\u0105. [&#8230;] Nic nie zosta\u0142o ukradzione. Nie utraci\u0142a ona oni centa.&#8221; &#8211; powiedzia\u0142 adwokat Gomberg i doda\u0142, \u017ce to w\u0142a\u015bnie pa\u0144stwo Bielscy, b\u0119d\u0105cy przecie\u017c w komfortowej sytuacji finansowej, pragn\u0119li jedynie pom\u00f3c pani Zaniewskiej w ogarni\u0119ciu jej finans\u00f3w.<\/p>\r\n<p>Pani Ewa Chyra, dyrektorka domu starc\u00f3w w Polsce powiedzia\u0142a, \u017ce pani Zaniewska ca\u0142y czas doskonale zdawa\u0142a sobie spraw\u0119 gdzie jest, co si\u0119 wok\u00f3\u0142 niej dzieje, kto j\u0105 tu przywi\u00f3z\u0142. Robert Montgomery, adwokat pani Zaniewskiej stwierdzi\u0142 jasno, \u017ce &#8222;Bez dw\u00f3ch zda\u0144, ukradli jej pieni\u0105dze&#8221;.<\/p>\r\n<p>&nbsp;<\/p>\r\n<p>Aron Bielski jest najm\u0142odszym z braci Bielskich &#8211; Asael (1908 &#8211; zm. w 1944 r. w szeregach Armii Czerwonej), Tewje (1912 &#8211; zm. w 1987 r. w USA) i Zus (1906 -zm. w 1995 w USA) &#8211; kt\u00f3rych dzia\u0142alno\u015b\u0107 militarna na terenach p\u00f3\u0142nocno-wschodniej cz\u0119\u015bci Polski okupowanej przez Armi\u0119 Czerwon\u0105 mia\u0142a &#8222;uratowa\u0107 1200 \u017byd\u00f3w&#8221;. Liczne ksi\u0105\u017cki i akademie ku czci braci Bielskich nie wspominaj\u0105 jednak ciemnych stron ich dzia\u0142alno\u015bci. Dopiero kilka lat temu Instytut Pami\u0119ci Narodowej rozpocz\u0105\u0142 wyja\u015bnianie, znanego z wielu \u017ar\u00f3de\u0142 i dobrze udokumentowanego zarzutu o udzia\u0142 w likwidacji wioski Naliboki 8 maja 1943 roku przez bandy (&#8222;oddzia\u0142y wojskowe&#8221;) Tewje (Tuwii) Bielskiego. Wyja\u015bnienia wymaga te\u017c udzia\u0142 band braci Bielskich, kt\u00f3rzy wraz z Armi\u0105 Czerwon\u0105 dokonali likwidacji 600-osobowego ugrupowania partyzant\u00f3w Armii Krajowej w Puszczy Nalibockiej.<\/p>\r\n<p>Zamiast poznania prawdy, \u015bwiat b\u0119dzie nied\u0142ugo \u015bwiadkiem festiwalu medialnego k\u0142amstwa, gdy\u017c w\u0142a\u015bnie za oko\u0142o 6-8 miesi\u0119cy Hollywood ma wypu\u015bci\u0107 swoj\u0105 kolejn\u0105 superprodukcj\u0119 &#8211; film pt <em>Defiance <\/em>(&#8222;Op\u00f3r&#8221;) o braciach Bielskich w re\u017cyserii Edwarda Zwick. Film ju\u017c reklamuje \u015brodowisko \u017cydowskie i prosyjonistyczne w Polsce poprzez swoj\u0105 tub\u0119 propagandow\u0105 &#8211; polskoj\u0119zyczne pismo <em>Gazeta Wyborcza<\/em>, gdzie pisze si\u0119 o jak\u017ce wspania\u0142ej dzia\u0142alno\u015bci braci Bielskich, kt\u00f3rzy podczas wojny &#8222;pilnuj\u0105 przestrzegania prawa i porz\u0105dku, przyjmuj\u0105 wszystkich, kt\u00f3rym uda si\u0119 do nich dotrze\u0107.\u201d Tak w scenariuszu powstaj\u0105cego filmu jak i w artyku\u0142ach Gazety Wyborczej nie znajdziemy jednak ca\u0142o\u015bci bogatej dzia\u0142alno\u015bci braci Bielskich i ich interpretacji &#8222;przestrzegania prawa&#8221;, gdy ich bandy atakowa\u0142y miasteczka, wsie i osady polskie, dokonuj\u0105c masakry Polak\u00f3w.<\/p>\r\n<p>&nbsp;<\/p>\r\n<p><strong>ZOB. R\u00d3WNIE\u017b:<\/strong><\/p>\r\n<ul>\r\n\t<li><a class=\"content_sz\" href=\"http:\/\/www.jerzyrobertnowak.com\/artykuly\/Nasz_Dziennik\/2003\/przemilczane_zbrodnie_na_polakach.htm\" target=\"_blank\" rel=\"noopener\">Przemilczane zbrodnie na Polakach<\/a><\/li>\r\n\t<li><a class=\"content_sz\" href=\"http:\/\/www.jerzyrobertnowak.com\/artykuly\/Nasza_Polska\/Przemilczane_Zbrodnie_1.htm\" target=\"_blank\" rel=\"noopener\">Antypolska dywersja<\/a><\/li>\r\n\t<li><a class=\"content_sz\" href=\"http:\/\/www.naszawitryna.pl\/jedwabne_968.html\" target=\"_blank\" rel=\"noopener\">Om\u00f3wienie dotychczasowych ustale\u0144 w \u015bledztwach w sprawach o zbrodnie w Nalibokach i Koniuchach<\/a><\/li>\r\n\t<li><a class=\"content_sz\" href=\"http:\/\/www.polskiejutro.com\/art.php?p=11164\">Wcielenie Bonda w Nalibokach<\/a><\/li>\r\n\t<li><a class=\"content_sz\" title=\"Sta\u0142y link do \"Tewjego Bielskiego - prawdziwa&nbsp;histora\"\" href=\"http:\/\/7dni.wordpress.com\/2007\/06\/30\/tewjego-bielskiego-prawdziwa-histora\/\" rel=\"bookmark\">Tewjego Bielskiego &#8211; prawdziwa&nbsp;historia<\/a><\/li>\r\n<\/ul>\r\n<p>&nbsp;<\/p>","protected":false},"excerpt":{"rendered":"Najm\u0142odszy z czworga braci Bielskich, wys\u0142awianych jako bohaterowie II Wojny \u015awiatowej i ukazywanych jako organizatorzy &#8222;najwi\u0119kszego zbrojnego wysi\u0142ku dokonanego przez \u017byd\u00f3w celem ocalenia \u017byd\u00f3w z Holokaustu&#8221;, zosta\u0142 aresztowany i oskar\u017cony o oszukanie i zagrabienie maj\u0105tku 93-letniej Polki. 80-letni Aron Bielski (obecnie nazywaj\u0105cy si\u0119 &#8222;Aron Bell&#8221;), wraz z 58-letni\u0105 \u017con\u0105 Henryk\u0105, oskar\u017ceni zostali przez policj\u0119 w [&hellip;]","protected":false},"author":1,"featured_media":0,"comment_status":"closed","ping_status":"open","sticky":false,"template":"","format":"standard","meta":{"_acf_changed":false,"_monsterinsights_skip_tracking":false,"_monsterinsights_sitenote_active":false,"_monsterinsights_sitenote_note":"","_monsterinsights_sitenote_category":0,"ngg_post_thumbnail":0,"footnotes":"","_wp_rev_ctl_limit":""},"categories":[6],"tags":[22,197,50,221,59],"acf":[],"_links":{"self":[{"href":"https:\/\/www.bibula.com\/index.php?rest_route=\/wp\/v2\/posts\/1391"}],"collection":[{"href":"https:\/\/www.bibula.com\/index.php?rest_route=\/wp\/v2\/posts"}],"about":[{"href":"https:\/\/www.bibula.com\/index.php?rest_route=\/wp\/v2\/types\/post"}],"author":[{"embeddable":true,"href":"https:\/\/www.bibula.com\/index.php?rest_route=\/wp\/v2\/users\/1"}],"replies":[{"embeddable":true,"href":"https:\/\/www.bibula.com\/index.php?rest_route=%2Fwp%2Fv2%2Fcomments&post=1391"}],"version-history":[{"count":0,"href":"https:\/\/www.bibula.com\/index.php?rest_route=\/wp\/v2\/posts\/1391\/revisions"}],"wp:attachment":[{"href":"https:\/\/www.bibula.com\/index.php?rest_route=%2Fwp%2Fv2%2Fmedia&parent=1391"}],"wp:term":[{"taxonomy":"category","embeddable":true,"href":"https:\/\/www.bibula.com\/index.php?rest_route=%2Fwp%2Fv2%2Fcategories&post=1391"},{"taxonomy":"post_tag","embeddable":true,"href":"https:\/\/www.bibula.com\/index.php?rest_route=%2Fwp%2Fv2%2Ftags&post=1391"}],"curies":[{"name":"wp","href":"https:\/\/api.w.org\/{rel}","templated":true}]}}