{"id":138998,"date":"2023-02-21T20:06:55","date_gmt":"2023-02-22T01:06:55","guid":{"rendered":"https:\/\/www.bibula.com\/?p=138998"},"modified":"2023-02-21T20:06:55","modified_gmt":"2023-02-22T01:06:55","slug":"co-matka-boska-ma-na-glowie-stanislaw-michalkiewicz","status":"publish","type":"post","link":"https:\/\/www.bibula.com\/?p=138998","title":{"rendered":"Co Matka Boska ma na g\u0142owie? &#8211; <em>Stanis\u0142aw Michalkiewicz<\/em>"},"content":{"rendered":"<div class=\"p_underline\">\r\n<p class=\"has-drop-cap\">Ca\u0142a Polska zastyga w oczekiwaniu na zst\u0105pienie na nasz\u0105 prastar\u0105 ziemi\u0119 ameryka\u0144skiego prezydenta J\u00f3zia Bidena. Zst\u0119puj\u0105c na nasz\u0105 prastar\u0105 ziemi\u0119, uczyni\u0142 on nam wszystkim wielki zaszczyt \u2013 o czym poinformowa\u0142 nas w rz\u0105dowej telewizji pan ambasador Marek Brzezi\u0144ski. Chodzi o to, \u017ce ameryka\u0144ski prezydent bardzo rzadko, a by\u0107 mo\u017ce w og\u00f3le nigdy, nie odwiedza tego samego kraju dwukrotnie w odst\u0119pie roku. Dlaczego ameryka\u0144scy prezydenci maj\u0105 takie gus\u0142o \u2013 tajemnica to wielka. Zreszt\u0105 nie jedyna, bo w\u0142a\u015bnie okaza\u0142o si\u0119, \u017ce naziemi\u0119zst\u0105pienie prezydenta Bidena nast\u0105pi nie w poniedzia\u0142ek 20 lutego, tylko dopiero we wtorek, 21 lutego. My\u015bleli\u015bmy ju\u017c, \u017ce b\u0119dziemy si\u0119 radowa\u0107 obecno\u015bci\u0105 na naszej prastarej ziemi prezydenta Bidena a\u017c przez 3 dni, ale jak si\u0119 nie ma, co si\u0119 lubi, to si\u0119 lubi, co si\u0119 ma; dwa dni to te\u017c dobrze.<\/p>\r\n<p>Skoro jednak prezydent Biden czyni nam ten zaszczyt zst\u0119puj\u0105c na nasz\u0105 prastar\u0105 ziemi\u0119 po raz drugi w odst\u0119pie roku, to najwyra\u017aniej czego\u015b b\u0119dzie od nas chcia\u0142. \u201e<i>Zachodzim w um z Podgornym Kol\u0105<\/i>\u201d, co to mo\u017ce by\u0107 takiego, bo akurat pojawi\u0142y si\u0119 fa\u0142szywe pog\u0142oski, \u017ce ka\u017ce Polsce udzieli\u0107 Ukrainie jakich\u015b \u201e<i>gwarancji<\/i>\u201d. Gdyby te fa\u0142szywe pog\u0142oski by\u0142y prawdziwe, to by\u0142by to powr\u00f3t do \u201e<i>koncepcji<\/i>\u201d wcze\u015bniejszej \u2013 bo o tych \u201e<i>gwarancjach<\/i>\u201d Polski dla Ukrainy m\u00f3wi\u0142o si\u0119 r\u00f3wnie\u017c \u201e<i>w odst\u0119pie roku<\/i>\u201d. Udzielenie takich \u201e<i>gwarancji<\/i>\u201d Ukrainie przez Polsk\u0119 teraz by\u0142oby jeszcze bardziej niebezpieczne, ni\u017c wtedy. Po pierwsze dlatego, \u017ce Polska gwarantuj\u0105c co\u015b tam Ukrainie, nie ma najmniejszego wp\u0142ywu na to, co tamtejsi m\u0119\u017cykowie stanu wymy\u015bl\u0105, a po drugie \u2013 \u017ce bez wzgl\u0119du na to, co oni wymy\u015bl\u0105, Polska b\u0119dzie musia\u0142a to \u017cyrowa\u0107. To jeszcze gorsze, ni\u017c umowa z 2 grudnia 2016 roku, na mocy kt\u00f3rej Polska zobowi\u0105za\u0142a si\u0119 zosta\u0107 \u201e<i>s\u0142ug\u0105 narodu ukrai\u0144skiego<\/i>\u201d, to znaczy \u2013 nieodp\u0142atnie udost\u0119pnia\u0107 Ukrainie zasoby ca\u0142ego pa\u0144stwa \u2013 co zreszt\u0105 od roku robi. Udzielenie Ukrainie jakich\u015b dodatkowych gwarancji teraz oznacza\u0142oby granicz\u0105ce z pewno\u015bci\u0105 ryzyko wci\u0105gni\u0119cia nas do bezpo\u015brednich dzia\u0142a\u0144 militarnych w tej wojnie. Z punktu widzenia USA to by\u0142by prawdziwy dar Niebios tym bardziej, \u017ce pan prezydent Duda pr\u00f3buje montowa\u0107 z pa\u0144stw Europy \u015arodkowej jak\u0105\u015b \u201e<i>ma\u0142\u0105 koalicj\u0119<\/i>\u201d, w ramach polityki supermocarstwowej. Dla Stan\u00f3w Zjednoczonych pojawienie si\u0119 takiej koalicji by\u0142oby bardzo wygodne, bo przy pomocy \u201e<i>gwarancji<\/i>\u201d mo\u017cna by j\u0105 wepchn\u0105\u0107 do wojny, t\u0142umacz\u0105c, \u017ce to nie jest inicjatywa NATO, a tylko suwerenna decyzja pa\u0144stw narwanych, z kt\u00f3r\u0105 USA nie maj\u0105 nic wsp\u00f3lnego. Ale nie uprzedzajmy fakt\u00f3w; jak tam b\u0119dzie, tak tam b\u0119dzie i pr\u0119dzej czy p\u00f3\u017aniej zostanie nam to objawione, cho\u0107by przy pomocy ruskich rakiet, kt\u00f3re zaczn\u0105 spada\u0107 nam na g\u0142owy. Na razie, zanim ta salwa padnie \u2013 radujmy si\u0119 zst\u0105pieniem prezydenta Bidena na nasz\u0105 prastar\u0105 ziemi\u0119, bo kto wie, kiedy znowu spotka nas podobny zaszczyt?<\/p>\r\n<p>Tymczasem zajmijmy si\u0119 kwesti\u0105, mo\u017cna powiedzie\u0107 \u2013 teologiczn\u0105, kt\u00f3ra pojawi\u0142a si\u0119 na tle wymiany zda\u0144 mi\u0119dzy pochodz\u0105c\u0105 ze \u015bwi\u0119tej rodziny pani\u0105 Dominik\u0105 Wielowieysk\u0105, obecnie w s\u0142u\u017cbie udenratu \u201e<i>Gazety Wyborczej<\/i>\u201d, a Wielce Czcigodnym europos\u0142em Joachimem Brudzi\u0144skim, zes\u0142anym do luksusowego przytu\u0142ku dla \u201e<i>by\u0142ych ludzi<\/i>\u201d, czyli Parlamentu Europejskiego, \u017ce stanowiska ministra spraw wewn\u0119trznych w rz\u0105dzie premiera Morawieckiego. Posz\u0142o o to, \u017ce pan Brudzi\u0144ski wyst\u0105pi\u0142 na forum Parlamentu Europejskiego w stroju, nazwijmy to, sportowym, kt\u00f3ry pani Dominice, najwyra\u017aniej wytresowanej w respekcie wobec Unii Europejskiej i wszystkich jej spraw, wyda\u0142 si\u0119 nonszalancki. Nieub\u0142aganym tedy palcem wytkn\u0119\u0142a t\u0119 nonszalancj\u0119 panu Brudzi\u0144skiemu, niefortunnie argumentuj\u0105c, \u017ce on na tym forum reprezentuje Polsk\u0119. To oczywi\u015bcie nieprawda, bo w tym luksusowym przytu\u0142ku dla \u201e<i>by\u0142ych ludzi<\/i>\u201d, \u017caden pose\u0142 nie reprezentuje kraju swojego pochodzenia, tylko \u201e<i>frakcj\u0119<\/i>\u201d do kt\u00f3rej nale\u017cy. Nawiasem m\u00f3wi\u0105c ta okoliczno\u015b\u0107 u\u0142atwia\u0142a dzia\u0142aczom obozu zdrady i zaprza\u0144stwa w Parlamencie Europejskim obsrywanie Polski i dzia\u0142anie na jej szkod\u0119. Szczerze m\u00f3wi\u0105c, troch\u0119 si\u0119 dziwi\u0119 pani Dominice, \u017ce nieub\u0142aganym palcem wytkn\u0119\u0142a panu Brudzi\u0144skiemu jego nonszalancki str\u00f3j, bo nie przypominam sobie, by w podobny spos\u00f3b odwa\u017cy\u0142a si\u0119 ofukn\u0105\u0107 pana redaktora Michnika, kt\u00f3ry wyst\u0119puj\u0105c publicznie i reprezentuj\u0105c przed cudzoziemcami s\u00f3l naszej prastarej ziemi czarnej, niekiedy sprawia wra\u017cenie, jakby od dawna si\u0119 nie my\u0142 \u2013 ale rozumiem, \u017ce wedle stawu grobla; co wolno wojewodzie, to nie tobie smrodzie.<\/p>\r\n<p>Wracaj\u0105c do pana Brudzi\u0144skiego, to wyja\u015bni\u0142 on pani Dominice, \u017ce nie kupuje nowych garnitur\u00f3w z powodu troski o planet\u0119, a na \u0142a\u0144cuszku nosi krzy\u017c i Matk\u0119 Bosk\u0105 Niepokalan\u0105. Okazuje si\u0119, \u017ce panna Greta Thunberg, kt\u00f3ra pewnie dostanie pokojow\u0105 Nagrod\u0119 Nobla, bo w mi\u0119dzyczasie sta\u0142a si\u0119 dam\u0105 i pisark\u0105, jako\u015b przeborowa\u0142a sobie dost\u0119p do g\u0142owy pana Joachima Brudzi\u0144skiego \u2013 ale mniejsza z tym; gdy wejdziesz mi\u0119dzy wrony, musisz kraka\u0107, jak i one, a wiadomo, ze w Parlamencie Europejskim, zaludnionym przez \u201e<i>by\u0142ych ludzi<\/i>\u201d troska o \u201e<i>planet\u0119<\/i>\u201d wybija si\u0119 na czo\u0142o problematyki. Na wzmiank\u0119 o Masce Boskiej pani Dominika, kt\u00f3ra, chocia\u017c w s\u0142u\u017cbie Judenratu, to przecie\u017c \u2013 przypominam \u2013 pochodzi ze \u015bwi\u0119tej rodziny, da\u0142a wyraz swemu \u201e<i>zniesmaczeniu<\/i>\u201d, wyra\u017caj\u0105c przy tym przypuszczenie, \u017ce Matka Boska ma \u201e<i>wa\u017cniejsze sprawy na g\u0142owie<\/i>\u201d ni\u017c garderoba pana Brudzi\u0144skiego. To oczywi\u015bcie mo\u017cliwe, bo nie tylko Matka Boska, ale i Pan B\u00f3g ma na g\u0142owie mn\u00f3stwo spraw. Tak w ka\u017cdym razie t\u0142umaczy\u0142 te sprawy pewien rabin kapitanowi Mamertowi Stankiewiczowi, do kt\u00f3rego przysz\u0142a delegacja \u017byd\u00f3w pragn\u0105cych za 10 groszy kupi\u0107 transatlantyk \u201e<i>Polonia<\/i>\u201d. Poniewa\u017c kapitan nie bardzo rozumia\u0142, dlaczego delegacja \u017cydowskich pasa\u017cer\u00f3w chce kupi\u0107 statek tym bardziej, \u017ce poinformowali go, i\u017c oni \u201e<i>zawsze<\/i>\u201d kupuj\u0105 statek. Rabin wyja\u015bni\u0142, \u017ce \u017bydom w szabas nie wolno podr\u00f3\u017cowa\u0107, wi\u0119c jak oni kupi\u0105 statek, to oni b\u0119d\u0105 u siebie, tak, jakby nie podr\u00f3\u017cowali. Oburzony kapitan Stankiewicz zauwa\u017cy\u0142, \u017ce delegacja chce go wci\u0105gn\u0105\u0107 do oszukiwania Pana Boga, na co zniecierpliwiony rabin odpar\u0142, \u017ce Pan B\u00f3g akurat nie ma nic lepszego do roboty, ni\u017c patrze\u0107, co kapitan Stankiewicz o Nim my\u015bli, dodaj\u0105c przy tym, \u017ce takiego zarozumia\u0142ego cz\u0142owieka, to on jeszcze nie widzia\u0142. Na takie dictum kapitan wywali\u0142 ca\u0142\u0105 delegacj\u0119 za drzwi: (\u201e<i>Znaczy prosz\u0119 wyj\u015b\u0107! Znaczy natychmiast!<\/i>\u201d). Ca\u0142a sprawa zako\u0144czy\u0142a si\u0119 zreszt\u0105 weso\u0142ym oberkiem, bo okaza\u0142o si\u0119, \u017ce delegacja pomyli\u0142a drzwi i zamiast do intendenta, trafi\u0142a do kapitana.<\/p>\r\n<p>No dobrze \u2013 ale tym bardziej interesuj\u0105ce jest, jakie to \u201e<i>wa\u017cniejsze sprawy<\/i>\u201d ma na g\u0142owie Matka Boska? Pewne \u015bwiat\u0142o na t\u0119 spraw\u0119 rzuca afera z samolotami MIG-29, jakie Polska, z b\u0142ogos\u0142awie\u0144stwem Departamentu Stanu, na podstawie swojej \u201e<i>suwerennej decyzji<\/i>\u201d mia\u0142a przekaza\u0107 Ukrainie. Jak pami\u0119tamy, pan minister Rau zaproponowa\u0142, \u017ce Polska dostarczy te samoloty do ameryka\u0144skiej bazy lotniczej w Ramstein w Niemczech, a tam niech Amerykanie podejm\u0105 \u201e<i>suwerenn\u0105 decyzj\u0119<\/i>\u201d co dalej z nimi zrobi\u0107. Ludzie pobo\u017cni doszli do wniosku, \u017ce nic, tylko Matka Boska, jako Kr\u00f3lowa Polski, natchn\u0119\u0142a pana ministra Rau do tego pomys\u0142u, bo nie byli pewni, czy on sam by\u0142by w stanie co\u015b takiego samodzielnie wymy\u015bli\u0107. No to teraz przed Matk\u0105 Bosk\u0105 stoi wa\u017cniejsze zadanie \u2013 w jaki spos\u00f3b odci\u0105gn\u0105\u0107 pana prezydenta Dud\u0119 od pomys\u0142u udzielania Ukrainie jakich\u015b gwarancji i w og\u00f3le \u2013 natchn\u0105\u0107 go odwag\u0119, by sprzeciwi\u0142 si\u0119 \u017c\u0105daniom prezydenta Bidena. To trudne, a nawet bardzo trudne zadanie, wi\u0119c by\u0107 mo\u017ce Matka Boska b\u0119dzie musia\u0142a zasi\u0119gn\u0105\u0107 innych niebia\u0144skich auxili\u00f3w, co mo\u017ce wzbudzi\u0107 w Niej irytacj\u0119 do tego stopnia, \u017ce \u2013 jak m\u00f3wi\u0142 pan Zag\u0142oba &#8211; \u201e<i>w s\u0142uszn\u0105 choler\u0119 wpa\u015b\u0107 mo\u017ce<\/i>\u201d.<\/p>\r\n<\/div>\r\n<p class=\"podpis_tekst\"><strong><em>Stanis\u0142aw Michalkiewicz<\/em><\/strong><\/p>\r\n<p>Felieton &nbsp;<b>\u2022<\/b>&nbsp; Portal Informacyjny \u201eMagna Polonia\u201d (www.magnapolonia.org) &nbsp;<b>\u2022<\/b>&nbsp; 21 lutego 2023<\/p>","protected":false},"excerpt":{"rendered":"Ca\u0142a Polska zastyga w oczekiwaniu na zst\u0105pienie na nasz\u0105 prastar\u0105 ziemi\u0119 ameryka\u0144skiego prezydenta J\u00f3zia Bidena. Zst\u0119puj\u0105c na nasz\u0105 prastar\u0105 ziemi\u0119, uczyni\u0142 on nam wszystkim wielki zaszczyt \u2013 o czym poinformowa\u0142 nas w rz\u0105dowej telewizji pan ambasador Marek Brzezi\u0144ski. Chodzi o to, \u017ce ameryka\u0144ski prezydent bardzo rzadko, a by\u0107 mo\u017ce w og\u00f3le nigdy, nie odwiedza tego [&hellip;]","protected":false},"author":1,"featured_media":0,"comment_status":"closed","ping_status":"closed","sticky":false,"template":"","format":"standard","meta":{"_acf_changed":false,"_monsterinsights_skip_tracking":false,"_monsterinsights_sitenote_active":false,"_monsterinsights_sitenote_note":"","_monsterinsights_sitenote_category":0,"ngg_post_thumbnail":0,"footnotes":"","_wp_rev_ctl_limit":""},"categories":[13],"tags":[454,23,92,84,34,167],"acf":[],"_links":{"self":[{"href":"https:\/\/www.bibula.com\/index.php?rest_route=\/wp\/v2\/posts\/138998"}],"collection":[{"href":"https:\/\/www.bibula.com\/index.php?rest_route=\/wp\/v2\/posts"}],"about":[{"href":"https:\/\/www.bibula.com\/index.php?rest_route=\/wp\/v2\/types\/post"}],"author":[{"embeddable":true,"href":"https:\/\/www.bibula.com\/index.php?rest_route=\/wp\/v2\/users\/1"}],"replies":[{"embeddable":true,"href":"https:\/\/www.bibula.com\/index.php?rest_route=%2Fwp%2Fv2%2Fcomments&post=138998"}],"version-history":[{"count":1,"href":"https:\/\/www.bibula.com\/index.php?rest_route=\/wp\/v2\/posts\/138998\/revisions"}],"predecessor-version":[{"id":138999,"href":"https:\/\/www.bibula.com\/index.php?rest_route=\/wp\/v2\/posts\/138998\/revisions\/138999"}],"wp:attachment":[{"href":"https:\/\/www.bibula.com\/index.php?rest_route=%2Fwp%2Fv2%2Fmedia&parent=138998"}],"wp:term":[{"taxonomy":"category","embeddable":true,"href":"https:\/\/www.bibula.com\/index.php?rest_route=%2Fwp%2Fv2%2Fcategories&post=138998"},{"taxonomy":"post_tag","embeddable":true,"href":"https:\/\/www.bibula.com\/index.php?rest_route=%2Fwp%2Fv2%2Ftags&post=138998"}],"curies":[{"name":"wp","href":"https:\/\/api.w.org\/{rel}","templated":true}]}}