{"id":138543,"date":"2023-01-30T20:24:41","date_gmt":"2023-01-31T01:24:41","guid":{"rendered":"https:\/\/www.bibula.com\/?p=138543"},"modified":"2023-01-30T20:26:03","modified_gmt":"2023-01-31T01:26:03","slug":"bialorus-wypowiedziala-szeroka-umowe-z-francja","status":"publish","type":"post","link":"https:\/\/www.bibula.com\/?p=138543","title":{"rendered":"Bia\u0142oru\u015b wypowiedzia\u0142a obszern\u0105 umow\u0119 z Francj\u0105"},"content":{"rendered":"<div class=\"p_underline\">\r\n<p class=\"has-drop-cap\">Parlamentarzy\u015bci bia\u0142oruscy uchwalili 30 stycznia br. podczas dziesi\u0105tej sesji Rady Republiki Zgromadzenia Narodowego Bia\u0142orusi, projekt ustawy &#8222;O wypowiedzeniu umowy mi\u0119dzy rz\u0105dem Republiki Bia\u0142oru\u015b i rz\u0105dem Republiki Francuskiej o wsp\u00f3\u0142pracy w dziedzinie kultury, o\u015bwiaty, nauki i techniki oraz \u015brodk\u00f3w masowego przekazu&#8221; &#8211; poda\u0142a bia\u0142oruska agencja informacyjna <span style=\"text-decoration: underline;\"><a href=\"https:\/\/eng.belta.by\/society\/view\/belarus-upper-house-approves-termination-of-agreement-with-france-156325-2023\/\">Bie\u0142TA<\/a><\/span>.<\/p>\r\n<p>&#8222;Umowa zosta\u0142a podpisana w Pary\u017cu 20 stycznia 2010 roku, ratyfikowana ustaw\u0105 Bia\u0142orusi z 2 grudnia 2010 roku i wesz\u0142a w \u017cycie 31 lipca 2011 roku&#8221; &#8211; powiedzia\u0142a cz\u0142onek Rady Republiki Jekaterina Serafimowicz.<\/p>\r\n<p>Wed\u0142ug niej, analiza wykaza\u0142a, \u017ce projekty, kt\u00f3re by\u0142y zawarte w tej umowie w ostatnich latach, nie zosta\u0142y zrealizowane. &#8222;<strong><em>W tej chwili nie ma sensu kontynuowa\u0107 tej umowy. To po pierwsze. Po drugie Republika Francuska prowadzi ostatnio nieprzyjazn\u0105 polityk\u0119 wobec naszego kraju. To wszystko sk\u0142oni\u0142o nas do rewizji tej umowy i podj\u0119cia decyzji o jej rozwi\u0105zaniu.<\/em><\/strong>\u201c<\/p>\r\n<p>Zgodnie z art. 14 umowy pomi\u0119dzy Bia\u0142orusi\u0105 a Francj\u0105, jest ona zawarta na pi\u0119\u0107 lat i automatycznie przed\u0142u\u017cana na taki sam okres, chyba \u017ce kt\u00f3ra\u015b ze stron powiadomi drug\u0105 stron\u0119 na pi\u015bmie o zamiarze jej zmiany lub wypowiedzenia nie p\u00f3\u017aniej ni\u017c trzy miesi\u0105ce przed jej wyga\u015bni\u0119ciem.<\/p>\r\n<p>Zgodnie z art. 62 Konwencji wiede\u0144skiej o prawie traktat\u00f3w traktat mi\u0119dzynarodowy mo\u017ce zosta\u0107 rozwi\u0105zany w przypadku zasadniczej zmiany okoliczno\u015bci, kt\u00f3ra nast\u0105pi\u0142a w stosunku do okoliczno\u015bci istniej\u0105cych w chwili zawarcia traktatu.<\/p>\r\n<p class=\"zrodlo\">Oprac. www.bibula.com<br>\r\n2023-01-30<\/p>\r\n<\/div>","protected":false},"excerpt":{"rendered":"Parlamentarzy\u015bci bia\u0142oruscy uchwalili 30 stycznia br. podczas dziesi\u0105tej sesji Rady Republiki Zgromadzenia Narodowego Bia\u0142orusi, projekt ustawy &#8222;O wypowiedzeniu umowy mi\u0119dzy rz\u0105dem Republiki Bia\u0142oru\u015b i rz\u0105dem Republiki Francuskiej o wsp\u00f3\u0142pracy w dziedzinie kultury, o\u015bwiaty, nauki i techniki oraz \u015brodk\u00f3w masowego przekazu&#8221; &#8211; poda\u0142a bia\u0142oruska agencja informacyjna Bie\u0142TA. &#8222;Umowa zosta\u0142a podpisana w Pary\u017cu 20 stycznia 2010 roku, [&hellip;]","protected":false},"author":1,"featured_media":0,"comment_status":"closed","ping_status":"closed","sticky":false,"template":"","format":"standard","meta":{"_acf_changed":false,"_monsterinsights_skip_tracking":false,"_monsterinsights_sitenote_active":false,"_monsterinsights_sitenote_note":"","_monsterinsights_sitenote_category":0,"ngg_post_thumbnail":0,"footnotes":"","_wp_rev_ctl_limit":""},"categories":[13],"tags":[168,191],"acf":[],"_links":{"self":[{"href":"https:\/\/www.bibula.com\/index.php?rest_route=\/wp\/v2\/posts\/138543"}],"collection":[{"href":"https:\/\/www.bibula.com\/index.php?rest_route=\/wp\/v2\/posts"}],"about":[{"href":"https:\/\/www.bibula.com\/index.php?rest_route=\/wp\/v2\/types\/post"}],"author":[{"embeddable":true,"href":"https:\/\/www.bibula.com\/index.php?rest_route=\/wp\/v2\/users\/1"}],"replies":[{"embeddable":true,"href":"https:\/\/www.bibula.com\/index.php?rest_route=%2Fwp%2Fv2%2Fcomments&post=138543"}],"version-history":[{"count":6,"href":"https:\/\/www.bibula.com\/index.php?rest_route=\/wp\/v2\/posts\/138543\/revisions"}],"predecessor-version":[{"id":138549,"href":"https:\/\/www.bibula.com\/index.php?rest_route=\/wp\/v2\/posts\/138543\/revisions\/138549"}],"wp:attachment":[{"href":"https:\/\/www.bibula.com\/index.php?rest_route=%2Fwp%2Fv2%2Fmedia&parent=138543"}],"wp:term":[{"taxonomy":"category","embeddable":true,"href":"https:\/\/www.bibula.com\/index.php?rest_route=%2Fwp%2Fv2%2Fcategories&post=138543"},{"taxonomy":"post_tag","embeddable":true,"href":"https:\/\/www.bibula.com\/index.php?rest_route=%2Fwp%2Fv2%2Ftags&post=138543"}],"curies":[{"name":"wp","href":"https:\/\/api.w.org\/{rel}","templated":true}]}}