{"id":138490,"date":"2023-01-29T21:01:51","date_gmt":"2023-01-30T02:01:51","guid":{"rendered":"https:\/\/www.bibula.com\/?p=138490"},"modified":"2023-01-29T21:01:51","modified_gmt":"2023-01-30T02:01:51","slug":"zloczyncy-u-wladzy","status":"publish","type":"post","link":"https:\/\/www.bibula.com\/?p=138490","title":{"rendered":"Z\u0142oczy\u0144cy u w\u0142adzy"},"content":{"rendered":"<h2><span style=\"color: #800000;\"><strong>Polska przekazuje sprz\u0119t Ukrainie. Media: Odtworzenie zdolno\u015bci polskich wojsk pancernych potrwa kilka lat<\/strong><\/span><\/h2>\r\n<div class=\"p_underline\">\r\n<p>&nbsp;<\/p>\r\n<p class=\"has-drop-cap\">Odtworzenie zdolno\u015bci wojsk pancernych potrwa kilka lat \u2013 uwa\u017ca Mariusz Cielma, redaktor naczelny miesi\u0119cznika Nowa Technika Wojskowa.<\/p>\r\n<p>Mariusz Cielma, redaktor naczelny miesi\u0119cznika Nowa Technika Wojskowa podkre\u015bla, \u017ce odtworzenie zdolno\u015bci wojsk pancernych po przekazaniu kilkuset sztuk czo\u0142g\u00f3w Ukrainie, potrwa kilka lat. Zwraca uwag\u0119, \u017ce czo\u0142gi T-72 oraz T-91 w du\u017cym stopniu znajdowa\u0142y si\u0119 jednak w jednostkach, kt\u00f3re w czasie pokoju nie by\u0142y rozwini\u0119te, nie by\u0142y w pe\u0142ni skadrowane i funkcjonowa\u0142y w okrojonym sk\u0142adzie. \u201eWiele z nich by\u0142o traktowanych jako wozy pomocnicze w Wojsku Polskim\u201d \u2013 zaznacza, cytowany w sobot\u0119 przez Rzeczpospolit\u0105.<\/p>\r\n<p>Do Polski trafiaj\u0105 ju\u017c pierwsze korea\u0144skie czo\u0142gi K2 i Abramsy (do zwrotu). Trzeba jednak przeszkoli\u0107 na nich \u017co\u0142nierzy. \u201eNie chodzi tylko o opanowanie techniczne czo\u0142gu, ale te\u017c taktyki dzia\u0142ania\u201d \u2013 podkre\u015bla Mariusz Cielma. Zwraca uwag\u0119, \u017ce przeszkolenie batalionu czo\u0142g\u00f3w trwa oko\u0142o 3 lat.<\/p>\r\n<p>Premier Mateusz Morawiecki zadeklarowa\u0142 w tym tygodniu, \u017ce opr\u00f3cz 14 czo\u0142g\u00f3w Leopard 2, Polska wy\u015ble na Ukrain\u0119 jeszcze 60 \u201ezmodernizowanych czo\u0142g\u00f3w\u201d, w tym 30 PT-91 Twardy.<\/p>\r\n<p>\u201eWedle zapowiedzi w przeka\u017cemy Ukrainie: 14 Leo 2, 30 PT-91, 30 T-72. Wozy te w 2023 bilansowa\u0107 b\u0119dzie 58 M1A1 i 18 K2. Bilans za 2022 to 10 K2 + 20 M1A2 (do zwrotu) na +, ale co najmniej 240 woz\u00f3w T-72 na -. W mi\u0119dzyczasie w\u0142adza powo\u0142a\u0142a nowy batalion czo\u0142g\u00f3w w Ostr\u00f3dzie\u201d \u2013 podkre\u015bla na Twitterze Pawe\u0142 K. Malicki, tw\u00f3rca kana\u0142u YouTube #gdziewojsko.<\/p>\r\n<p>\u201eWi\u0119c mamy do czynienia z sytuacj\u0105, \u017ce liczba czo\u0142g\u00f3w spada, a liczba batalion\u00f3w czo\u0142g\u00f3w ro\u015bnie\u201d \u2013 dodaje. [&#8230;]<\/p>\r\n<p>&nbsp;<\/p>\r\n<blockquote class=\"twitter-tweet\">\r\n<p dir=\"ltr\" lang=\"pl\">Wedle zapowiedzi w przeka\u017cemy Ukrainie:<br>\r\n14 Leo 2 <br>\r\n30 PT-91<br>\r\n30 T-72 <br>\r\nWozy te w 2023 bilansowa\u0107 b\u0119dzie 58 M1A1 i 18 K2<br>\r\n<br>\r\nBilans za 2022 to 10 K2 + 20 M1A2 (do zwrotu) na +, ale co najmniej 240 woz\u00f3w T-72 na -.<br>\r\n<br>\r\nW mi\u0119dzyczasie w\u0142adza powo\u0142a\u0142a nowy batalion czo\u0142g\u00f3w w Ostr\u00f3dzie. <a href=\"https:\/\/t.co\/Tkk5nB4j0i\">pic.twitter.com\/Tkk5nB4j0i<\/a><\/p>\r\n\r\n\u2014 Pawe\u0142 K. Malicki (@gdziewojsko) <a href=\"https:\/\/twitter.com\/gdziewojsko\/status\/1618956481092784128?ref_src=twsrc%5Etfw\">January 27, 2023<\/a><\/blockquote>\r\n<p><script async=\"\" src=\"https:\/\/platform.twitter.com\/widgets.js\" charset=\"utf-8\"><\/script><\/p>\r\n<p>&nbsp;<\/p>\r\n<p class=\"zrodlo\">Ca\u0142o\u015b\u0107: <a href=\"https:\/\/kresy.pl\/wydarzenia\/polska-przekazuje-sprzet-ukrainie-media-odtworzenie-zdolnosci-polskich-wojsk-pancernych-potrwa-kilka-lat\/\">Kresy.pl (29 stycznia 2023)<\/a><\/p>\r\n<h4>&nbsp;<\/h4>\r\n<hr style=\"background-color: #000000; border-width: 0; color: #000000; height: 2px; line-height: 0; text-align: center; width: 100%;\">\r\n<h4>&nbsp;<\/h4>\r\n<h2><span style=\"color: #800000;\"><strong>Prezydent ujawni\u0142, \u017ce PiS totalnie rozbroi\u0142 polsk\u0105 armi\u0119<\/strong><\/span><\/h2>\r\n<p>&nbsp;<\/p>\r\n<p>\u201eDali\u015bmy wi\u0119cej, ni\u017c mogli\u015bmy sobie na to pozwoli\u0107\u201d \u2013 pochwali\u0142 si\u0119 prezydent Andrzej Duda w Davos, ujawniaj\u0105c tajemnic\u0119 wojskow\u0105, \u017ce polska armia zosta\u0142a rozbrojona przez PiS. Po co maj\u0105 to ustala\u0107 rosyjscy agenci?<\/p>\r\n<p>&nbsp;<\/p>\r\n<p><iframe id=\"ivplayer\" style=\"border: none;\" src=\"https:\/\/invidious.baczek.me\/embed\/pplNceql46U?quality=dash&amp;dash_quality=360p&amp;player_style=youtube&amp;subtitles=pl\" width=\"640\" height=\"360\"><\/iframe><\/p>\r\n<p>&nbsp;<\/p>\r\n<p>Trzeba przyzna\u0107, \u017ce jest jeden z nielicznych dobrych aspekt\u00f3w sp\u0119d\u00f3w globalist\u00f3w knuj\u0105cych jak si\u0119 pozby\u0107 zb\u0119dnych ludzi. W trakcie spotka\u0144 mo\u017cna wys\u0142ucha\u0107 szczerych wypowiedzi pacynek globalist\u00f3w spowodowanych stresem i ch\u0119ci\u0105 przypodobania si\u0119. Prezydent Andrzej Duda przyzna\u0142 w Davos, \u017ce \u015bwiadomie rozbroi\u0142 Wojsko Polskie ze sprz\u0119tu, kt\u00f3ry by\u0142 w u\u017cyciu, mimo \u017ce na horyzoncie jawi si\u0119 ryzyko wojny z Rosj\u0105. Duda przyzna\u0142, \u017ce uczyni\u0142 Polsk\u0119 s\u0142absz\u0105, a wsp\u00f3\u0142uczestnicy panelu g\u0142o\u015bno \u015bmiali si\u0119 z niego, a on \u015bmia\u0142 si\u0119 z nimi, zapewne nie zdaj\u0105c sobie sprawy, \u017ce to publiczne przyznanie si\u0119 do dzia\u0142ania wbrew obronno\u015bci Polski w obliczu rzekomo realnego zagro\u017cenia.<\/p>\r\n<p>Prezydent Andrzej Duda w Davos \u0142amanym angielskim potwierdzi\u0142 to, co wiedziano od dawna nieoficjalnie. Wcale nie oddali\u015bmy polskich czo\u0142g\u00f3w z rezerw, tylko rozbroili\u015bmy w\u0142asn\u0105 armi\u0119, wysy\u0142aj\u0105c na Ukrain\u0119 wozy bojowe z jednostek wojskowych. Duda publicznie pochwali\u0142 si\u0119 zatem czym\u015b, za co chyba powinien stan\u0105\u0107 przed Trybuna\u0142em Stanu.<\/p>\r\n<p>Wymienia nawet rodzaje broni, kt\u00f3rych Polska z tego powodu praktycznie ju\u017c nie ma. Rozm\u00f3wcy Dudy \u015bmiali si\u0119 z tego, jak Andrzej Duda opowiada\u0142, \u017ce Polacy oddali wszystko Ukrai\u0144com, a on zacz\u0105\u0142 im przytakiwa\u0107 i te\u017c si\u0119 zabawi\u0142, dodaj\u0105c, \u017ce oddali\u015bmy Ukrainie te\u017c wszystkie nasze r\u0119czne zestawy przeciwlotnicze, jakie mieli\u015bmy, w tym typu Stinger i Piorun.<\/p>\r\n<p>W sumie, po co maj\u0105 to ustala\u0107 rosyjscy agenci, skoro prezydent Duda mo\u017ce sam publicznie og\u0142osi\u0107 takie informacje? I pomy\u015ble\u0107, \u017ce kiedy\u015b \u015bmiali\u015bmy si\u0119 z prezydenta Bronis\u0142awa Komorowskiego.<\/p>\r\n<p>&nbsp;<\/p>\r\n<p><iframe id=\"ivplayer\" style=\"border: none;\" src=\"https:\/\/invidious.baczek.me\/embed\/iwhWEAqbajA?quality=dash&amp;dash_quality=360p&amp;player_style=youtube&amp;subtitles=pl\" width=\"640\" height=\"360\"><\/iframe><\/p>\r\n<p>&nbsp;<\/p>\r\n<p>T\u0142umacz, kt\u00f3ry dokonywa\u0142 przek\u0142adu z \u0142amanego angielskiego Dudy na polski, zda\u0142 sobie spraw\u0119, co opowiada, i z\u0142agodzi\u0142 przekaz do Polak\u00f3w, bo zrozumia\u0142, \u017ce Duda si\u0119 wysypa\u0142, m\u00f3wi\u0105c, \u017ce pomogli\u015bmy \u201emore than we afford\u201d \u2013 t\u0142umacz\u0105c to na \u201ebardzo wiele\u201d, cho\u0107 oznacza to \u201edali\u015bmy wi\u0119cej, ni\u017c mogli\u015bmy sobie na to pozwoli\u0107\u201d. Radosny Duda obwie\u015bci\u0142, \u017ce rozbrojenie Wojska Polskiego jeszcze si\u0119 nie zako\u0144czy\u0142o i doda\u0142, \u017ce ma nadzieje, \u017ce Niemcy wyra\u017c\u0105 zgod\u0119 na oddanie Ukrai\u0144com resztek polskich czo\u0142g\u00f3w w tym nowoczesne Leopardy 2, kt\u00f3re potem p\u00f3jd\u0105 na przemia\u0142 na front tak jak polskie armatohaubice Krab.<\/p>\r\n<p>&nbsp;<\/p>\r\n<p><img fetchpriority=\"high\" decoding=\"async\" class=\"aligncenter\" src=\"https:\/\/wolnemedia.net\/obrazki2\/mem-ossowiecki-1.jpg\" width=\"764\" height=\"382\" border=\"0\"><\/p>\r\n<p>&nbsp;<\/p>\r\n<p>W tym samym czasie, kiedy w Davos wysypa\u0142 si\u0119 Andrzej Duda, do Berlina polecia\u0142 premier Mateusz Morawiecki, kt\u00f3ry zamiast zabiega\u0107 o reparacje dla Polski za II wojn\u0119 \u015bwiatow\u0105, albo \u017c\u0105da\u0107 odblokowania pieni\u0119dzy z KPO, zacz\u0105\u0142 b\u0142aga\u0107 Niemc\u00f3w o zgod\u0119 na oddanie Ukrai\u0144com wspomnianych polskich czo\u0142g\u00f3w Leopard 2. Niemcy jako producent zastrzegli sobie tak\u0105 akceptacj\u0119 i gdyby nie to, zapewne ju\u017c by\u015bmy tych czo\u0142g\u00f3w nie mieli.<\/p>\r\n<p class=\"zrodlo\">\u0179r\u00f3d\u0142o: <a href=\"https:\/\/zmianynaziemi.pl\/wiadomosc\/prezydent-andrzej-duda-przyznal-w-davos-ze-polska-armia-zostala-rozbrojona-przez-pis\">ZmianyNaZiemi.pl<\/a><\/p>\r\n<p class=\"zrodlo\">Za: <a href=\"https:\/\/wolnemedia.net\/prezydent-ujawnil-ze-pis-totalnie-rozbroil-polska-armie\/\">WolneMedia.net (18.01.2023)<\/a><\/p>\r\n<h4>&nbsp;<\/h4>\r\n<hr style=\"background-color: #000000; border-width: 0; color: #000000; height: 2px; line-height: 0; text-align: center; width: 100%;\">\r\n<h4>&nbsp;<\/h4>\r\n<h2><span style=\"color: #800000;\"><strong>Bundeswehra w Polsce. Duda wyrazi\u0142 zgod\u0119 na stacjonowanie niemieckich \u017co\u0142nierzy<\/strong><\/span><\/h2>\r\n<p>&nbsp;<\/p>\r\n<div class=\"p_underline\">\r\n<p class=\"has-drop-cap\">JE Andrzej Duda podpisa\u0142 dokument, kt\u00f3ry daje zgod\u0119 na stacjonowanie w Polsce \u017co\u0142nierzy Bundeswehry maj\u0105cych obs\u0142ugiwa\u0107 system Patriot.<\/p>\r\n<p>Planowana polsko-niemiecka wsp\u00f3\u0142praca w zakresie obrony polskiej przestrzeni powietrznej nie zak\u0142ada przekazania Polsce niemieckich Patriot\u00f3w, tylko <strong>czasowe stacjonowanie tych wyrzutni razem z niemieck\u0105 za\u0142og\u0105<\/strong>. [&#8230;]<\/p>\r\n<p>Niemieccy \u017co\u0142nierze maj\u0105 dotrze\u0107 do polski po weekendzie i b\u0119d\u0105 stacjonowa\u0107 na Lubelszczy\u017anie. Dok\u0142adna lokalizacja rozmieszczenia sprz\u0119tu zosta\u0142a uzgodniona z Dow\u00f3dztwem Operacyjnym Si\u0142 Zbrojnych. [&#8230;]<\/p>\r\n<p class=\"zrodlo\">Ca\u0142o\u015b\u0107: <a href=\"https:\/\/nczas.com\/2023\/01\/23\/bundeswehra-w-polsce-duda-wyrazil-zgode-na-stacjonowanie-niemieckich-zolnierzy\/\">NCzas.com (<span class=\"td-post-date\">23 stycznia 2023<\/span>)<\/a><\/p>\r\n<\/div>\r\n<\/div>","protected":false},"excerpt":{"rendered":"Polska przekazuje sprz\u0119t Ukrainie. Media: Odtworzenie zdolno\u015bci polskich wojsk pancernych potrwa kilka lat &nbsp; Odtworzenie zdolno\u015bci wojsk pancernych potrwa kilka lat \u2013 uwa\u017ca Mariusz Cielma, redaktor naczelny miesi\u0119cznika Nowa Technika Wojskowa. Mariusz Cielma, redaktor naczelny miesi\u0119cznika Nowa Technika Wojskowa podkre\u015bla, \u017ce odtworzenie zdolno\u015bci wojsk pancernych po przekazaniu kilkuset sztuk czo\u0142g\u00f3w Ukrainie, potrwa kilka lat. Zwraca [&hellip;]","protected":false},"author":1,"featured_media":0,"comment_status":"closed","ping_status":"closed","sticky":false,"template":"","format":"standard","meta":{"_acf_changed":false,"_monsterinsights_skip_tracking":false,"_monsterinsights_sitenote_active":false,"_monsterinsights_sitenote_note":"","_monsterinsights_sitenote_category":0,"ngg_post_thumbnail":0,"footnotes":"","_wp_rev_ctl_limit":""},"categories":[13],"tags":[65,92,84,167],"acf":[],"_links":{"self":[{"href":"https:\/\/www.bibula.com\/index.php?rest_route=\/wp\/v2\/posts\/138490"}],"collection":[{"href":"https:\/\/www.bibula.com\/index.php?rest_route=\/wp\/v2\/posts"}],"about":[{"href":"https:\/\/www.bibula.com\/index.php?rest_route=\/wp\/v2\/types\/post"}],"author":[{"embeddable":true,"href":"https:\/\/www.bibula.com\/index.php?rest_route=\/wp\/v2\/users\/1"}],"replies":[{"embeddable":true,"href":"https:\/\/www.bibula.com\/index.php?rest_route=%2Fwp%2Fv2%2Fcomments&post=138490"}],"version-history":[{"count":5,"href":"https:\/\/www.bibula.com\/index.php?rest_route=\/wp\/v2\/posts\/138490\/revisions"}],"predecessor-version":[{"id":138495,"href":"https:\/\/www.bibula.com\/index.php?rest_route=\/wp\/v2\/posts\/138490\/revisions\/138495"}],"wp:attachment":[{"href":"https:\/\/www.bibula.com\/index.php?rest_route=%2Fwp%2Fv2%2Fmedia&parent=138490"}],"wp:term":[{"taxonomy":"category","embeddable":true,"href":"https:\/\/www.bibula.com\/index.php?rest_route=%2Fwp%2Fv2%2Fcategories&post=138490"},{"taxonomy":"post_tag","embeddable":true,"href":"https:\/\/www.bibula.com\/index.php?rest_route=%2Fwp%2Fv2%2Ftags&post=138490"}],"curies":[{"name":"wp","href":"https:\/\/api.w.org\/{rel}","templated":true}]}}