{"id":138421,"date":"2023-01-27T13:38:36","date_gmt":"2023-01-27T18:38:36","guid":{"rendered":"https:\/\/www.bibula.com\/?p=138421"},"modified":"2023-01-27T13:38:36","modified_gmt":"2023-01-27T18:38:36","slug":"orban-kraje-ktore-wysylaja-ukrainie-bron-staja-sie-uczestnikami-konfliktu","status":"publish","type":"post","link":"https:\/\/www.bibula.com\/?p=138421","title":{"rendered":"Orb\u00e1n: kraje, kt\u00f3re wysy\u0142aj\u0105 Ukrainie bro\u0144, staj\u0105 si\u0119 uczestnikami konfliktu"},"content":{"rendered":"<div class=\"p_underline\">\r\n<p class=\"has-drop-cap\">W\u0119gry prowadz\u0105 m\u0105dr\u0105 i ostro\u017cn\u0105 polityk\u0119, pr\u00f3buj\u0105c w miar\u0119 mo\u017cliwo\u015bci zdystansowa\u0107 si\u0119 od konfliktu na Ukrainie i ochroni\u0107 sw\u00f3j kraj przed nadci\u0105gaj\u0105cymi katastrofalnymi skutkami wik\u0142ania si\u0119 w konflikt o obce interesy.<\/p>\r\n<p>&nbsp;<\/p>\r\n<p>W odpowiedzi na wypowied\u017a niemieckiej minister spraw zagranicznych, Annaleny Burbock, kt\u00f3ra m\u00f3wi\u0142a, \u017ce \u200b\u200bkraje europejskie \u201eprowadz\u0105 wojn\u0119 z Rosj\u0105\u201d, a jednocze\u015bnie z niemieckiego MSZ wysz\u0142o zaprzeczaj\u0105ce o\u015bwiadczenie m\u00f3wi\u0105ce, \u017ce poparcie Ukrainy nie czyni Niemiec jedn\u0105 ze stron konfliktu, g\u0142os zabra\u0142 w\u0119gierski przyw\u00f3dca.<\/p>\r\n<p>&#8222;<em>Kraje, kt\u00f3re wysy\u0142aj\u0105 bro\u0144 na Ukrain\u0119, staj\u0105 si\u0119 stronami konfliktu, bez wzgl\u0119du na to, co m\u00f3wi\u0105 ich politycy<\/em>&#8221; &#8211; <span style=\"text-decoration: underline;\"><a href=\"https:\/\/pl.sputniknews.com\/20230127\/wegry-nie-zgodza-sie-na-sankcje-ue-wobec-rosyjskiej-energetyki-jadrowej-18652299.html\">powiedzia\u0142<\/a><\/span> premier Viktor Orb\u00e1n.<\/p>\r\n<p>\u201e<em>Kto z kim jest w stanie wojny, nie jest kwesti\u0105 o\u015bwiadcze\u0144. Je\u015bli wysy\u0142asz bro\u0144, je\u015bli finansujesz roczny bud\u017cet jednej z walcz\u0105cych stron, w perspektywie wysy\u0142asz now\u0105, jeszcze nowocze\u015bniejsz\u0105 bro\u0144, to mo\u017cesz m\u00f3wi\u0107, co chcesz, ale bierzesz udzia\u0142 w wojnie<\/em>\u201d \u2013 powiedzia\u0142 Orb\u00e1n na antenie radia Kossuth.<\/p>\r\n<p>Prowadz\u0105c m\u0105dr\u0105, stabilizuj\u0105c\u0105 i pokojow\u0105 polityk\u0119, W\u0119gry r\u00f3wnocze\u015bnie stwierdzi\u0142y, \u017ce zawetuj\u0105 unijne sankcje przeciwko rosyjskiej energetyce atomowej.<\/p>\r\n<p>\u201e<em>Nie pozwolimy na realizacj\u0119 planu obj\u0119cia sankcjami energetyki j\u0105drowej. To nie wchodzi w gr\u0119<\/em>\u201d \u2013 powiedzia\u0142 w\u0119gierski premier.<\/p>\r\n<p>Wed\u0142ug doniesie\u0144, dwa najbardziej podburzaj\u0105ce do rozszerzenia si\u0119 konfliktu zbrojnego pa\u0144stwa &#8211; Polska i Litwa, chcia\u0142yby na\u0142o\u017cenia przez Uni\u0119 Europejsk\u0105 sankcji na rosyjski sektor nuklearny.<\/p>\r\n<p>Trze\u017awo patrz\u0105c na globalne przyczyny konfliktu na Ukrainie, premier Orb\u00e1n powiedzia\u0142 r\u00f3wnie\u017c w radiu Kossuth, \u017ce na konflikcie na Ukrainie zdecydowanie skorzysta\u0142y Stany Zjednoczone, natomiast Europejczycy s\u0105 g\u0142\u00f3wnymi przegranymi w sensie ekonomicznym.<\/p>\r\n<p>&#8222;<em>Ofiarami z\u0142ej polityki sankcji i wojny s\u0105 Europejczycy. Ameryka zdecydowanie wygrywa wojn\u0119, Europa zdecydowanie j\u0105 przegrywa. Dla Rosji wci\u0105\u017c jest dyskusyjne, czy teraz wygrywaj\u0105, czy przegrywaj\u0105, ale je\u015bli chodzi o pieni\u0105dze, to nie trac\u0105 a\u017c tak wiele&#8230; W og\u00f3le, w sensie ekonomicznym, mo\u017cna \u015bmia\u0142o powiedzie\u0107, \u017ce jedynym, a raczej najwi\u0119kszym przegranym w tym ca\u0142ym konflikcie, kt\u00f3ry si\u0119 toczy, jest Europa<\/em>.&#8221; &#8211; powiedzia\u0142 Orb\u00e1n.<\/p>\r\n<p>Poszerzaj\u0105c wypowied\u017a premiera Orb\u00e1na o przegrywaj\u0105cej Europie, nale\u017cy z wielkim b\u00f3lem, lecz w pe\u0142ni obiektywnie doda\u0107, \u017ce najwi\u0119kszym przegranym w przegrywaj\u0105cej Europie jest Polska, kt\u00f3rej kierownictwo &#8211; oraz niemal ca\u0142e zdezorientowane propagand\u0105 spo\u0142ecze\u0144stwo &#8211; d\u0105\u017cy do samozag\u0142ady w imi\u0119 obcych interes\u00f3w.<\/p>\r\n<p class=\"zrodlo\">Oprac. www.bibula.com<br>\r\n2023-01-27<br>\r\nna podstawie <span style=\"text-decoration: underline;\"><a href=\"https:\/\/pl.sputniknews.com\/20230127\/orban-kraje-ktore-wysylaja-ukrainie-bron-staja-sie-uczestnikami-konfliktu-18652435.html\">1<\/a><\/span>, <span style=\"text-decoration: underline;\"><a href=\"https:\/\/kresy.pl\/wydarzenia\/wegry-zawetuja-unijne-sankcje-przeciwko-rosyjskiej-energetyce-atomowej\/\">2<\/a><\/span>, <a href=\"https:\/\/pl.sputniknews.com\/20230113\/orban-wymienil-kraje-ktore-skorzystaja-na-konflikcie-w-ukrainie-18616061.html\"><span style=\"text-decoration: underline;\">3<\/span><\/a><\/p>\r\n<\/div>","protected":false},"excerpt":{"rendered":"W\u0119gry prowadz\u0105 m\u0105dr\u0105 i ostro\u017cn\u0105 polityk\u0119, pr\u00f3buj\u0105c w miar\u0119 mo\u017cliwo\u015bci zdystansowa\u0107 si\u0119 od konfliktu na Ukrainie i ochroni\u0107 sw\u00f3j kraj przed nadci\u0105gaj\u0105cymi katastrofalnymi skutkami wik\u0142ania si\u0119 w konflikt o obce interesy. &nbsp; W odpowiedzi na wypowied\u017a niemieckiej minister spraw zagranicznych, Annaleny Burbock, kt\u00f3ra m\u00f3wi\u0142a, \u017ce \u200b\u200bkraje europejskie \u201eprowadz\u0105 wojn\u0119 z Rosj\u0105\u201d, a jednocze\u015bnie z niemieckiego [&hellip;]","protected":false},"author":1,"featured_media":0,"comment_status":"closed","ping_status":"closed","sticky":false,"template":"","format":"standard","meta":{"_acf_changed":false,"_monsterinsights_skip_tracking":false,"_monsterinsights_sitenote_active":false,"_monsterinsights_sitenote_note":"","_monsterinsights_sitenote_category":0,"ngg_post_thumbnail":0,"footnotes":"","_wp_rev_ctl_limit":""},"categories":[13],"tags":[84,179,141,167,221],"acf":[],"_links":{"self":[{"href":"https:\/\/www.bibula.com\/index.php?rest_route=\/wp\/v2\/posts\/138421"}],"collection":[{"href":"https:\/\/www.bibula.com\/index.php?rest_route=\/wp\/v2\/posts"}],"about":[{"href":"https:\/\/www.bibula.com\/index.php?rest_route=\/wp\/v2\/types\/post"}],"author":[{"embeddable":true,"href":"https:\/\/www.bibula.com\/index.php?rest_route=\/wp\/v2\/users\/1"}],"replies":[{"embeddable":true,"href":"https:\/\/www.bibula.com\/index.php?rest_route=%2Fwp%2Fv2%2Fcomments&post=138421"}],"version-history":[{"count":4,"href":"https:\/\/www.bibula.com\/index.php?rest_route=\/wp\/v2\/posts\/138421\/revisions"}],"predecessor-version":[{"id":138425,"href":"https:\/\/www.bibula.com\/index.php?rest_route=\/wp\/v2\/posts\/138421\/revisions\/138425"}],"wp:attachment":[{"href":"https:\/\/www.bibula.com\/index.php?rest_route=%2Fwp%2Fv2%2Fmedia&parent=138421"}],"wp:term":[{"taxonomy":"category","embeddable":true,"href":"https:\/\/www.bibula.com\/index.php?rest_route=%2Fwp%2Fv2%2Fcategories&post=138421"},{"taxonomy":"post_tag","embeddable":true,"href":"https:\/\/www.bibula.com\/index.php?rest_route=%2Fwp%2Fv2%2Ftags&post=138421"}],"curies":[{"name":"wp","href":"https:\/\/api.w.org\/{rel}","templated":true}]}}