{"id":138419,"date":"2023-01-27T11:09:37","date_gmt":"2023-01-27T16:09:37","guid":{"rendered":"https:\/\/www.bibula.com\/?p=138419"},"modified":"2023-01-27T11:09:37","modified_gmt":"2023-01-27T16:09:37","slug":"siergiej-andriejew-jestesmy-przygotowani-na-kazdy-scenariusz","status":"publish","type":"post","link":"https:\/\/www.bibula.com\/?p=138419","title":{"rendered":"Siergiej Andriejew: Jeste\u015bmy przygotowani na ka\u017cdy scenariusz"},"content":{"rendered":"<div class=\"p_underline\">\r\n<p class=\"has-drop-cap\"><strong>Czy polskie w\u0142adze zaprosi\u0142y przedstawicieli Federacji Rosyjskiej na uroczysto\u015bci upami\u0119tniaj\u0105ce rocznic\u0119 wyzwolenia obozu koncentracyjnego Auschwitz przez Armi\u0119 Czerwon\u0105?<\/strong><\/p>\r\n<p><strong>\u2013 <\/strong>Ambasada nie otrzyma\u0142a takiego zaproszenia. Jak wynika z informacji zamieszczonych na stronie internetowej Muzeum Auschwitz-Birkenau, liczba miejsc na sali, w kt\u00f3rej odb\u0119d\u0105 si\u0119 g\u0142\u00f3wne uroczysto\u015bci, jest ograniczona i przeznaczone s\u0105 one przede wszystkim dla zaproszonych by\u0142ych wi\u0119\u017ani\u00f3w obozu zag\u0142ady. Do 2021 roku w programie takich uroczysto\u015bci znajdowa\u0142y si\u0119 wyst\u0105pienia szef\u00f3w izraelskich i rosyjskich plac\u00f3wek dyplomatycznych w Polsce. Od 2022 roku nie udzielono nam g\u0142osu, wi\u0119c pod nieobecno\u015b\u0107 ambasadora Rosji, nie b\u0119dzie, jak to bywa\u0142o w ostatnich latach, komu przypomnie\u0107, \u017ce Auschwitz zosta\u0142o wyzwolone przez Armi\u0119 Czerwon\u0105.<\/p>\r\n<p>Od maja 2022 r. rosyjska ekspozycja w muzeum jest zamkni\u0119ta, poniewa\u017c jej kurator Muzeum Zwyci\u0119stwa w Moskwie z powodu zachodnich sankcji nie mo\u017ce przekazywa\u0107 Polsce op\u0142at za jej utrzymanie, a dyrekcja polskiego muzeum odmawia uzgodnienia alternatywnych rozwi\u0105zania tej kwestii. W zwi\u0105zku z tym tre\u015b\u0107 ekspozycji w formacie wirtualnym jest zamieszczona na stronach internetowych Ambasady i Konsulatu Generalnego Rosji w Krakowie. 27 stycznia Konsul Generalny Rosji w Krakowie S.G. Linjewicz z\u0142o\u017cy wie\u0144ce pod pomnikiem poleg\u0142ych radzieckich wi\u0119\u017ani\u00f3w Auschwitz na terenie by\u0142ego obozu oraz na mogi\u0142ach \u017co\u0142nierzy radzieckich poleg\u0142ych w czasie wyzwolenia Auschwitz na cmentarzu miejskim.<\/p>\r\n<p><strong>Wcze\u015bniej rz\u0105d Polski og\u0142osi\u0142 ch\u0119\u0107 dostarczenia Ukrainie niemieckich czo\u0142g\u00f3w Leopard. Czy w przypadku dostawy Federacja Rosyjska uzna Warszaw\u0119 za stron\u0119 konfliktu? Jak wp\u0142ynie to na stosunki mi\u0119dzy Federacj\u0105 Rosyjsk\u0105 a Polsk\u0105?<\/strong><\/p>\r\n<p><strong>\u2013 <\/strong>Polski rz\u0105d oznajmi\u0142, \u017ce ich kraj przekaza\u0142 w zesz\u0142ym roku Ukrainie oko\u0142o 300 czo\u0142g\u00f3w (radzieckich T-72 i ich zmodernizowanych wersji). Dodanie do nich 14 niemieckich woz\u00f3w zasadniczo niczego nie zmieni. De facto kolektywny Zach\u00f3d, w tym Polska od dawna prowadzi przeciwko Rosji na Ukrainie wojn\u0119 \u201ez pe\u0142nomocnictwa\u201d r\u0119kami Ukrai\u0144c\u00f3w. Wiadomo, \u017ce w naszych stosunkach z Polsk\u0105 zasadniczo nic si\u0119 nie zmieni.<\/p>\r\n<p><strong>Pa\u0144stwa G7 i ich sojusznicy, w tym Polska, zgodzi\u0142y si\u0119 na ograniczenie ceny rosyjskiej ropy do 60 dolar\u00f3w za bary\u0142k\u0119. W odpowiedzi prezydent Rosji W\u0142adimir Putin podpisa\u0142 dekret zakazuj\u0105cy dostaw ropy naftowej i produkt\u00f3w ropopochodnych do kraj\u00f3w, kt\u00f3re przyst\u0105pi\u0142y do \u200b\u200bogranicze\u0144 od 1 lutego na okres pi\u0119ciu miesi\u0119cy. Czy Polska nadal b\u0119dzie teraz kupowa\u0107 rosyjskie surowce energetyczne? Czy Warszawa b\u0119dzie w stanie ca\u0142kowicie odm\u00f3wi\u0107 dostaw energii z Rosji?<\/strong><\/p>\r\n<p><strong>\u2013 <\/strong>Polska nadal kupuje rosyjsk\u0105 rop\u0119 p\u0142yn\u0105c\u0105 ruroci\u0105giem \u201ePrzyja\u017a\u0144\u201d \u2013 cena maksymalna nie dotyczy dostaw ruroci\u0105gowych \u2013 a tak\u017ce rosyjskie produkty naftowe, na kt\u00f3re embargo na\u0142o\u017cone przez UE wchodzi w \u017cycie 5 lutego br. Polska oczywi\u015bcie mo\u017ce ca\u0142kowicie zrezygnowa\u0107 z rosyjskich surowc\u00f3w energii \u2013 kosztem znacznych nadp\u0142at za ich zakup u alternatywnych dostawc\u00f3w, w my\u015bl zasady \u201ena z\u0142o\u015b\u0107 tym cholernym Moskalom odmrozimy sobie uszy\u201d. Ale, jak to u nas si\u0119 mawia, by\u0142oby pragnienie, to g\u0142upie post\u0119powanie \u2013 nie jest trudn\u0105 spraw\u0105.<\/p>\r\n<p><strong>By\u0142a ambasador RP w Federacji Rosyjskiej Katarzyna Pe\u0142czy\u0144ska-Na\u0142\u0119cz o\u015bwiadczy\u0142a, \u017ce \u200b\u200bwszystkie kraje UE i Stany Zjednoczone powinny \u201ewydali\u0107\u201d rosyjskich ambasador\u00f3w. Tym samym zasugerowa\u0142a obni\u017cenie poziomu stosunk\u00f3w dyplomatycznych. Na ile realistyczna jest ta perspektywa? Czy Rosja zamierza jako pierwsza obni\u017cy\u0107 poziom relacji z Warszaw\u0105?<\/strong><\/p>\r\n<p><strong>\u2013 <\/strong>W zasadzie nie inicjujemy zerwania ani obni\u017cenia poziomu stosunk\u00f3w dyplomatycznych, a jedynie adekwatnie i ostro reagujemy na nieprzyjazne dzia\u0142ania naszych zachodnich nie-partner\u00f3w. Wszystkiego mo\u017cna si\u0119 spodziewa\u0107 po ich stronie w obecnej sytuacji, ale od dawna jeste\u015bmy gotowi na ka\u017cdy scenariusz.<\/p>\r\n<p><strong>O ile zmniejszy\u0142a si\u0119 wymiana handlowa mi\u0119dzy Federacj\u0105 Rosyjsk\u0105 a Polsk\u0105 w 2022 roku? Kt\u00f3re obszary zosta\u0142y najbardziej dotkni\u0119te sankcjami?<\/strong><\/p>\r\n<p><strong>\u2013 <\/strong>Nie ma jeszcze pe\u0142nych danych za 2022 rok, za pierwsze trzy kwarta\u0142y nasz import z Polski spad\u0142 o ponad 40%, eksport wzr\u00f3s\u0142 o 8,5%, g\u0142\u00f3wnie za spraw\u0105 wzrostu cen rosyjskiej ropy i dostarczanych tam produkt\u00f3w ropopochodnych, a tak\u017ce, do kwietnia, gazu.<\/p>\r\n<p><strong>Czy s\u0105 obszary, w kt\u00f3rych Federacja Rosyjska i Polska utrzymuj\u0105 wsp\u00f3\u0142prac\u0119?<\/strong><\/p>\r\n<p><strong>\u2013 <\/strong>Wchodzimy w interakcje, gdy jest to konieczne, gdy wymagaj\u0105 tego okoliczno\u015bci.<\/p>\r\n<p>Za: Izwiestia\u201d, 25 stycznia 2023 r.<\/p>\r\n<\/div>","protected":false},"excerpt":{"rendered":"Czy polskie w\u0142adze zaprosi\u0142y przedstawicieli Federacji Rosyjskiej na uroczysto\u015bci upami\u0119tniaj\u0105ce rocznic\u0119 wyzwolenia obozu koncentracyjnego Auschwitz przez Armi\u0119 Czerwon\u0105? \u2013 Ambasada nie otrzyma\u0142a takiego zaproszenia. Jak wynika z informacji zamieszczonych na stronie internetowej Muzeum Auschwitz-Birkenau, liczba miejsc na sali, w kt\u00f3rej odb\u0119d\u0105 si\u0119 g\u0142\u00f3wne uroczysto\u015bci, jest ograniczona i przeznaczone s\u0105 one przede wszystkim dla zaproszonych by\u0142ych [&hellip;]","protected":false},"author":1,"featured_media":0,"comment_status":"closed","ping_status":"closed","sticky":false,"template":"","format":"standard","meta":{"_acf_changed":false,"_monsterinsights_skip_tracking":false,"_monsterinsights_sitenote_active":false,"_monsterinsights_sitenote_note":"","_monsterinsights_sitenote_category":0,"ngg_post_thumbnail":0,"footnotes":"","_wp_rev_ctl_limit":""},"categories":[13],"tags":[92,84,141],"acf":[],"_links":{"self":[{"href":"https:\/\/www.bibula.com\/index.php?rest_route=\/wp\/v2\/posts\/138419"}],"collection":[{"href":"https:\/\/www.bibula.com\/index.php?rest_route=\/wp\/v2\/posts"}],"about":[{"href":"https:\/\/www.bibula.com\/index.php?rest_route=\/wp\/v2\/types\/post"}],"author":[{"embeddable":true,"href":"https:\/\/www.bibula.com\/index.php?rest_route=\/wp\/v2\/users\/1"}],"replies":[{"embeddable":true,"href":"https:\/\/www.bibula.com\/index.php?rest_route=%2Fwp%2Fv2%2Fcomments&post=138419"}],"version-history":[{"count":1,"href":"https:\/\/www.bibula.com\/index.php?rest_route=\/wp\/v2\/posts\/138419\/revisions"}],"predecessor-version":[{"id":138420,"href":"https:\/\/www.bibula.com\/index.php?rest_route=\/wp\/v2\/posts\/138419\/revisions\/138420"}],"wp:attachment":[{"href":"https:\/\/www.bibula.com\/index.php?rest_route=%2Fwp%2Fv2%2Fmedia&parent=138419"}],"wp:term":[{"taxonomy":"category","embeddable":true,"href":"https:\/\/www.bibula.com\/index.php?rest_route=%2Fwp%2Fv2%2Fcategories&post=138419"},{"taxonomy":"post_tag","embeddable":true,"href":"https:\/\/www.bibula.com\/index.php?rest_route=%2Fwp%2Fv2%2Ftags&post=138419"}],"curies":[{"name":"wp","href":"https:\/\/api.w.org\/{rel}","templated":true}]}}