{"id":138314,"date":"2023-01-20T18:48:58","date_gmt":"2023-01-20T23:48:58","guid":{"rendered":"https:\/\/www.bibula.com\/?p=138314"},"modified":"2023-01-21T13:44:31","modified_gmt":"2023-01-21T18:44:31","slug":"rzad-niemiec-spala-miliony-kowidowych-maseczek","status":"publish","type":"post","link":"https:\/\/www.bibula.com\/?p=138314","title":{"rendered":"Rz\u0105d Niemiec spala miliony kowidowych maseczek"},"content":{"rendered":"<div class=\"p_underline\">\r\n<p class=\"has-drop-cap\">Niemieckie rz\u0105dy zwi\u0105zkowe i federalny zmuszone zosta\u0142y do spalenia maseczek kowidowych, kt\u00f3re zalegaj\u0105 magazyny.<\/p>\r\n<p>Nawet w zakresie tak prozaicznej czynno\u015bci jak zwyk\u0142e spalenie maseczek, polityczna poprawno\u015b\u0107 wyworzy\u0142a nowotw\u00f3r j\u0119zykowy i pozbycie si\u0119 tych bezu\u017cytecznych rekwizyt\u00f3w zwie sie teraz &#8222;termicznym przetworzeniem&#8221; (niem. \u201eThermische Verwertungen\u201c, ang. &#8222;thermal reprocessing&#8221;).<\/p>\r\n<p>Poszczeg\u00f3lne landy spali\u0142y dotychczas dziesi\u0105tki milion\u00f3w maseczek (np. Badenia-Wirtembergia zniszczy\u0142a 6,1 mln masek, Saksonia 5,5 mln, Nadrenia P\u00f3\u0142nocna-Westfalia 5 mln) i chcia\u0142yby pozby\u0107 si\u0119 ich jeszcze wi\u0119cej, lecz w praktyce wiele z tych zasob\u00f3w jest w\u0142asno\u015bci\u0105 federaln\u0105.<\/p>\r\n<p>Na pocz\u0105tku tzw. pandemii przyw\u00f3dcy niemal wszystkich kraj\u00f3w &#8211; og\u0142upieni przez media i sterroryzowani przez \u015bwiatowe si\u0142y z\u0142a &#8211; zam\u00f3wili ogromne ilo\u015bci maseczek maj\u0105cych &#8222;chroni\u0107 przed koronawirusem&#8221;, pomimo tego, \u017ce wszystkie dotychczasowe dane medyczno-techniczno-epidemiologiczne jednoznacznie pokazywa\u0142y, \u017ce nie nadaj\u0105 si\u0119 one do tego celu. Jednak d\u0105\u017c\u0105c do rozniecenia paniki, media i &#8222;eksperci medyczni&#8221; doprowadzili do rewolty nauki i to co dotychczas by\u0142o oczywiste, sta\u0142o si\u0119 nagle &#8222;dezinformacj\u0105&#8221;, a to co uwa\u017cano za bzdur\u0119 sta\u0142o si\u0119 &#8222;wiedz\u0105 naukow\u0105&#8221;.<\/p>\r\n<p>Wspieraj\u0105c si\u0119 radami &#8222;medycznych autorytet\u00f3w&#8221;, politycy dokonali zakup\u00f3w maseczek, &#8222;przy\u0142bic&#8221;, \u017celi, fartuszk\u00f3w i innych komediowych rekwizyt\u00f3w, ku uciesze g\u0142\u00f3wnie chi\u0144skich producent\u00f3w. Wed\u0142ug danych niemieckiego Ministerstwa Zdrowia, rz\u0105d federalny posiada jeszcze 3,7 miliarda maseczek, a landy niemal 200 milion\u00f3w.<\/p>\r\n<p>Jak na razie, rz\u0105d federalny planuje pozby\u0107 si\u0119 790 milion\u00f3w maseczek, kt\u00f3rych min\u0105\u0142 &#8222;termin wa\u017cno\u015bci&#8221;.<\/p>\r\n<\/div>\r\n<p>Tak wi\u0119c niemieckie rz\u0105dy pozbywaj\u0105 si\u0119 nowych, <em>nieu\u017cywanych<\/em> maseczek, spalaj\u0105c je w kontrolowanych warunkach w specjalnych procesach termicznego przekszta\u0142cania odpad\u00f3w, co rodzi pytanie: <strong>a jak zaplanowano i przeprowadzono pozbywanie si\u0119 <em>u\u017cywanych<\/em> maseczek<\/strong>, tych, kt\u00f3re wszak <strong>realnie by\u0142y siedliskiem bakterii, grzyb\u00f3w i wszelkich patoge\u00f3w<\/strong>? Odpowied\u017a jest jedna: nikt nie planowa\u0142 i w \u017cadnym pa\u0144stwie nie by\u0142o procedur utylizacji tych odpad\u00f3w medycznych. (Wed\u0142ug <span style=\"text-decoration: underline;\"><a href=\"https:\/\/news.mit.edu\/2021\/covid-masks-environment-0720\">MIT<\/a><\/span> codziennie wyrzucano oko\u0142o 7 tysi\u0119cy ton maseczek; pomn\u00f3\u017cmy to przez 2 lata i otrzymamy 5 milion\u00f3w ton! Ile\u017c to niepotrzebnie zu\u017cyto materia\u0142u, energii, wody, pracy ludzkiej, pieni\u0119dzy&#8230;) Wyrzucano maseczki gdzie popadnie i potem wala\u0142y si\u0119 one po trawnikach, na wysypiskach \u015bmieci, w lasach, jeziorach, morzach i oceanach. Oczywi\u015bcie nie wp\u0142yn\u0119\u0142o to w \u017caden spos\u00f3b na ekosystem, o kt\u00f3rym kretyni w rz\u0105dach tak ha\u0142a\u015bliwie gard\u0142uj\u0105.<\/p>\r\n<div class=\"p_underline\">\r\n<p>A czy kto\u015b jeszcze przypomnina sobie <span style=\"text-decoration: underline;\"><a href=\"https:\/\/www.bibula.com\/?p=113443\">\u015bmieszn\u0105 hucp\u0119 w Polsce<\/a><\/span>, kiedy to zaanga\u017cowano do cel\u00f3w propagandowych najwi\u0119kszy samolot \u015bwiata &#8211; radziecki kolos An-225 Mrija, u\u017cywany przez ukrai\u0144sk\u0105 firm\u0119 &#8211; aby przywie\u017a\u0107 z Chin 96 ton bezu\u017cytecznego towaru (\u201e76 ton kombinezon\u00f3w medycznych, 11 ton os\u0142on na twarz i 9 ton masek ochronnych\u201d)? Ach, jak potrzebne by\u0142o to pisowskim politykom, a potem t\u0119 panik\u0119 sprzedano rozgor\u0105czkowanej gawiedzi, kt\u00f3ra ch\u0119tnie kupi\u0142a jedno k\u0142amstwo (&#8222;koronawirus&#8221;, &#8222;maseczki chroni\u0105&#8221;), a potem jeszcze wi\u0119ksze, szczepi\u0105c si\u0119 eksperymentalnymi produktami (&#8222;bezpieczne i skuteczne&#8221;).<\/p>\r\n<p>Pora na rozliczenie tej szumowiny politycznej, kt\u00f3ra teraz anga\u017cuje si\u0119 w Davos szufluj\u0105c spo\u0142ecze\u0144stwom kolejne k\u0142amstwa.<\/p>\r\n<p class=\"zrodlo\">Oprac. www.bibula.com<br>\r\n2023-01-20<br>\r\nna podstawie <a href=\"https:\/\/www.welt.de\/politik\/deutschland\/plus243311929\/Massenverbrennung-von-ueber-17-Millionen-Corona-Masken-in-Deutschland.html\">Die Welt (20-01-2023)<\/a>, <a href=\"https:\/\/www.faz.net\/aktuell\/politik\/inland\/corona-800-millionen-masken-sollen-entsorgt-werden-18371008.html\">FAZ<\/a><\/p>\r\n<\/div>","protected":false},"excerpt":{"rendered":"Niemieckie rz\u0105dy zwi\u0105zkowe i federalny zmuszone zosta\u0142y do spalenia maseczek kowidowych, kt\u00f3re zalegaj\u0105 magazyny. Nawet w zakresie tak prozaicznej czynno\u015bci jak zwyk\u0142e spalenie maseczek, polityczna poprawno\u015b\u0107 wyworzy\u0142a nowotw\u00f3r j\u0119zykowy i pozbycie si\u0119 tych bezu\u017cytecznych rekwizyt\u00f3w zwie sie teraz &#8222;termicznym przetworzeniem&#8221; (niem. \u201eThermische Verwertungen\u201c, ang. &#8222;thermal reprocessing&#8221;). Poszczeg\u00f3lne landy spali\u0142y dotychczas dziesi\u0105tki milion\u00f3w maseczek (np. Badenia-Wirtembergia [&hellip;]","protected":false},"author":1,"featured_media":0,"comment_status":"closed","ping_status":"closed","sticky":false,"template":"","format":"standard","meta":{"_acf_changed":false,"_monsterinsights_skip_tracking":false,"_monsterinsights_sitenote_active":false,"_monsterinsights_sitenote_note":"","_monsterinsights_sitenote_category":0,"ngg_post_thumbnail":0,"footnotes":"","_wp_rev_ctl_limit":""},"categories":[13],"tags":[433,166,20],"acf":[],"_links":{"self":[{"href":"https:\/\/www.bibula.com\/index.php?rest_route=\/wp\/v2\/posts\/138314"}],"collection":[{"href":"https:\/\/www.bibula.com\/index.php?rest_route=\/wp\/v2\/posts"}],"about":[{"href":"https:\/\/www.bibula.com\/index.php?rest_route=\/wp\/v2\/types\/post"}],"author":[{"embeddable":true,"href":"https:\/\/www.bibula.com\/index.php?rest_route=\/wp\/v2\/users\/1"}],"replies":[{"embeddable":true,"href":"https:\/\/www.bibula.com\/index.php?rest_route=%2Fwp%2Fv2%2Fcomments&post=138314"}],"version-history":[{"count":10,"href":"https:\/\/www.bibula.com\/index.php?rest_route=\/wp\/v2\/posts\/138314\/revisions"}],"predecessor-version":[{"id":138354,"href":"https:\/\/www.bibula.com\/index.php?rest_route=\/wp\/v2\/posts\/138314\/revisions\/138354"}],"wp:attachment":[{"href":"https:\/\/www.bibula.com\/index.php?rest_route=%2Fwp%2Fv2%2Fmedia&parent=138314"}],"wp:term":[{"taxonomy":"category","embeddable":true,"href":"https:\/\/www.bibula.com\/index.php?rest_route=%2Fwp%2Fv2%2Fcategories&post=138314"},{"taxonomy":"post_tag","embeddable":true,"href":"https:\/\/www.bibula.com\/index.php?rest_route=%2Fwp%2Fv2%2Ftags&post=138314"}],"curies":[{"name":"wp","href":"https:\/\/api.w.org\/{rel}","templated":true}]}}