{"id":138262,"date":"2023-01-19T21:02:15","date_gmt":"2023-01-20T02:02:15","guid":{"rendered":"https:\/\/www.bibula.com\/?p=138262"},"modified":"2023-01-20T14:42:52","modified_gmt":"2023-01-20T19:42:52","slug":"szef-moderny-juz-w-styczniu-2020-roku-pracowalismy-nad-szczepionka-ale-wtedy-covid-19-tak-naprawde-nie-istnial-nawet-w-naszych-umyslach","status":"publish","type":"post","link":"https:\/\/www.bibula.com\/?p=138262","title":{"rendered":"Szef Moderny: Ju\u017c w styczniu 2020 roku pracowali\u015bmy nad szczepionk\u0105&#8230; Ale wtedy COVID-19 tak naprawd\u0119 nie istnia\u0142 nawet w naszych umys\u0142ach&#8230;"},"content":{"rendered":"<div class=\"p_underline\">\r\n<p class=\"has-drop-cap\">Dyrektor generalny Moderny zachwyca coraz bardziej. Wczoraj, podczas panelu globalist\u00f3w na \u015awiatowym Forum Ekonomicznym (WEF), <span style=\"text-decoration: underline;\"><a href=\"https:\/\/www.bibula.com\/?p=138227\">powiedzia\u0142<\/a><\/span>, \u017ce chcia\u0142by mie\u0107 fabryk\u0119 produkuj\u0105c\u0105 &#8222;szczepionki&#8221; na bazie technologii genetycznej mRNA &#8222;na ka\u017cdym kontynencie&#8221;.<\/p>\r\n<p>&nbsp;<\/p>\r\n<p>Kontynuuj\u0105c sw\u00f3j owocny pobyt w Davos, szef Moderny, Stephane Bancel, pojawi\u0142 si\u0119 nast\u0119pnie w telewizji CNBC, aby porozmawia\u0107 o ostatnich sukcesach firmy i maj\u0105cej si\u0119 ukaza\u0107 na rynku szczepionce &#8222;przeciwko RSV&#8221;, r\u00f3wnie\u017c na bazie technologii mRNA. [RSV to tzw. <em>syncytialny wirus oddechowy<\/em>, kolejny wymys\u0142 wirusolog\u00f3w, kt\u00f3rzy nie potrafili do tej pory wyizolowa\u0107 ani jednego wirusa, cho\u0107 s\u0105 doskonali w wirtualnym, komputerowym ich tworzeniu, a wakcynolodzy &#8211; kolejne plemi\u0119 szaman\u00f3w &#8211; tworz\u0105 \u015bmierciono\u015bne produkty maj\u0105ce &#8222;chroni\u0107 przed wirusami&#8221;&#8230;]<\/p>\r\n<p>Podczas dyskusji z prowadz\u0105c\u0105 program niespodziewanie pojawi\u0142 si\u0119 zgrzyt. Oto pani Rebecca Quick, gospodarz programu, ujawni\u0142a, \u017ce podczas spotkania z ni\u0105 na Forum Ekonomicznym WEF w 2020 roku, szef Moderny Bancel powiedzia\u0142, \u017ce &#8222;firma ju\u017c pracuje nad szczepionk\u0105 COVID-19&#8221;. Jednak w tym czasie&#8230; ta choroba jeszcze nie istnia\u0142a i pani Quick by\u0142a zdumiona, \u017ce Moderna tak wcze\u015bnie zacz\u0119\u0142a prace nad &#8222;szczepionk\u0105&#8221; maj\u0105c\u0105 &#8222;chroni\u0107 przed COVID-19&#8243;&#8230;<\/p>\r\n<p>&#8222;<em>Ostatni raz byli\u015bmy tu zim\u0105 w Davos w styczniu 2020 roku. I widzia\u0142am wtedy Ciebie, poszli\u015bmy w\u0142a\u015bnie tutaj na \u015bniadanie. Pami\u0119tam, \u017ce podszed\u0142e\u015b do mnie w tym ma\u0142ym pokoju, i m\u00f3wi\u0142e\u015b o tym, \u017ce pracujesz nad szczepionk\u0105 na COVID. <strong>A przecie\u017c w tamtym czasie COVID-19 tak naprawd\u0119 nie istnia\u0142 nawet w naszych umys\u0142ach<\/strong><\/em><strong>.<\/strong>&#8221; &#8211; powiedzia\u0142a Quick do Bancela. [org. &#8222;<em>You were talking about how you had actually you were working on a vaccine for COVID. And at that point, COVID-19 didn\u2019t even really exist in our minds.<\/em>\u201d]<\/p>\r\n<p>Bancel odpowiedzia\u0142 rozbrajajaco: &#8222;My\u015bl\u0119, \u017ce wtedy nie by\u0142o jeszcze nazwy&#8221;, na co pani Quick z dziennikarskim polotem odpowiedzia\u0142a, \u017ce &#8222;To niesamowite, jak wiele uda\u0142o wam si\u0119 osi\u0105gn\u0105\u0107 w tak kr\u00f3tkim czasie&#8221;.<\/p>\r\n<p>&nbsp;<\/p>\r\n<blockquote class=\"twitter-tweet\">\r\n<p dir=\"ltr\" lang=\"en\">Moderna CEO Explains How Their Vaccine Has Your Cells Produce a &#8222;Key Protein of the RSV Virus&#8221;<br>\r\n<br>\r\n&#8222;We started the Phase 1 for the RSV vaccine in Jan 2021. And we are just 24 months after announcing Phase 3 positive data. So think about how we have [reduced that] from 6-8 years.&#8221; <a href=\"https:\/\/t.co\/SCpn1a4Yov\">pic.twitter.com\/SCpn1a4Yov<\/a><\/p>\r\n\r\n\u2014 Chief Nerd (@TheChiefNerd) <a href=\"https:\/\/twitter.com\/TheChiefNerd\/status\/1615847202651344896?ref_src=twsrc%5Etfw\">January 18, 2023<\/a><\/blockquote>\r\n<script async=\"\" src=\"https:\/\/platform.twitter.com\/widgets.js\" charset=\"utf-8\"><\/script><\/div>\r\n<p>&nbsp;<\/p>\r\n<p>A wi\u0119c w najwi\u0119kszych firmach farmaceutycznych pracowano &#8211; a jak wiemy z innych \u017ar\u00f3de\u0142, pracowano od lat &#8211; nad czym\u015b, czego nie zdefiniowano, nawet nie dano nazwy temu nad czym pracowano? To jest prawdziwe osi\u0105gni\u0119cie naukowe!<\/p>\r\n<p>A mo\u017ce&#8230; mo\u017ce jednak materia\u0142y przedstawione np. przez dr. Davida Martina s\u0105 bardziej przekonywuj\u0105ce, a pokazuj\u0105 one, \u017ce firma Moderna to owoc Narodowych Instytut\u00f3w Zdrowia (<em>National Institutes of Health<\/em> &#8211; NIH), a szczeg\u00f3lnie pana lekarza Anthoniego Fauci, szefa Narodowego Instytutu Alergii i Chor\u00f3b Zaka\u017anych, wieloletniego, bezwzgl\u0119dnego biurokraty i arcygro\u017anego cz\u0142owieka. To Fauci zleca\u0142 badania nad tzw. <em>gain-of-function<\/em>, czyli manipulacjami genetycznymi, co przeradza\u0142o si\u0119 w tworzenie gro\u017anych patogen\u00f3w do wykorzystywania do cel\u00f3w militarnych (tak, tak, z kilkudziesi\u0119cioma ameryka\u0144skimi biolaboratoriami m.in. na terenie Ukrainy).<\/p>\r\n<p>A Moderna od lat wiedzia\u0142a doskonale nad czym pracuje, wszak zlecone prace nad patogenami militarnymi i antidotum id\u0105 w parze. [Co w \u017cadnym przypadku nie \u015bwiadczy, \u017ce podczas plandemii mieli\u015bmy do czynienia z &#8222;koronawirusem&#8221; jako przyczyn\u0105 &#8222;COVID-19&#8221;.]<\/p>\r\n<div class=\"p_underline\">\r\n<p class=\"zrodlo\">Oprac. www.bibula.com<br>\r\n2023-01-19<br>\r\nna podstawie <a href=\"https:\/\/www.thegatewaypundit.com\/2023\/01\/must-see-cnbc-host-congratulates-moderna-ceo-developing-covid-vaccine-name-disease\/\">Gateway Pundit<\/a><\/p>\r\n<\/div>\r\n<h4>&nbsp;<\/h4>\r\n<hr style=\"background-color: #000000; border-width: 0; color: #000000; height: 2px; line-height: 0; text-align: center; width: 100%;\">\r\n<h4>&nbsp;<\/h4>\r\n<h2><span style=\"color: #800000;\"><strong>Departament Obrony podpisa\u0142 kontrakt na &#8222;badanie COVID-19&#8221; w listopadzie 2019 r.<\/strong><\/span><\/h2>\r\n<p>&nbsp;<\/p>\r\n<div class=\"p_underline\">\r\n<p class=\"has-drop-cap\">Dodajmy r\u00f3wnie\u017c, \u017ce &#8211; jak <span style=\"text-decoration: underline;\"><a href=\"https:\/\/expose-news.com\/2022\/12\/18\/us-dod-pre-pandemic-covid-research-contract\/\">informuje <em>The Expos\u00e9<\/em><\/a><\/span> (czyli brytyjska strona, kt\u00f3r\u0105 Wikipedia okre\u015bla jak &#8222;konspiracyjn\u0105&#8221;, a wi\u0119c tym bardziej zas\u0142uguj\u0105c\u0105 na uwag\u0119) &#8211; ameryka\u0144ski Departament Obrony (DoD) podpisa\u0142 kontrakt na &#8222;badanie COVID-19&#8243;&#8230; zanim ten\u017ce COVID-19 zacz\u0105\u0142 oficjalnie istnie\u0107.<\/p>\r\n<\/div>\r\n<p>DoD przyzna\u0142 kontrakt firmie <em>Labyrinth Global Health<\/em> w dniu <strong>12 listopada 2019 r.<\/strong>, na &#8222;Badania COVID-19&#8221;.<\/p>\r\n<p>Jak twierdzi oficjalna narracja &#8211; i cytujemy za niezawodn\u0105 w dziedzinie manipulacji Wikipedi\u0105 &#8211; tzw. pacjent zero z tzw. Covid-19 (pacjent, kt\u00f3ry zreszt\u0105 nie mia\u0142 objaw\u00f3w i nikogo nie zarazi\u0142&#8230;) pojawi\u0142 si\u0119 w Chinach 1 grudnia 2019 roku.<\/p>\r\n<p>Za\u015b kontrakt DoD podpisa\u0142 12 listopada 2019 r., i by\u0142 on cz\u0119\u015bci\u0105 wi\u0119kszego projektu nad &#8222;programem redukcji zagro\u017cenia biologicznego na Ukrainie&#8221;. (Czy zn\u00f3w nie budzi to zdziwienia dlaczego Rosja s\u0142usznie obawia\u0142a si\u0119 ameryka\u0144skich biolaboratori\u00f3w na Ukrainie?&#8230;)<\/p>\r\n<p>W materiale \u017ar\u00f3d\u0142owym zamieszczone s\u0105 kopie dokument\u00f3w DoD dotycz\u0105ce tego tajemniczego kontraktu.<\/p>\r\n<div class=\"p_underline\">\r\n<h4>&nbsp;<\/h4>\r\n<\/div>","protected":false},"excerpt":{"rendered":"Dyrektor generalny Moderny zachwyca coraz bardziej. Wczoraj, podczas panelu globalist\u00f3w na \u015awiatowym Forum Ekonomicznym (WEF), powiedzia\u0142, \u017ce chcia\u0142by mie\u0107 fabryk\u0119 produkuj\u0105c\u0105 &#8222;szczepionki&#8221; na bazie technologii genetycznej mRNA &#8222;na ka\u017cdym kontynencie&#8221;. &nbsp; Kontynuuj\u0105c sw\u00f3j owocny pobyt w Davos, szef Moderny, Stephane Bancel, pojawi\u0142 si\u0119 nast\u0119pnie w telewizji CNBC, aby porozmawia\u0107 o ostatnich sukcesach firmy i maj\u0105cej [&hellip;]","protected":false},"author":1,"featured_media":0,"comment_status":"closed","ping_status":"closed","sticky":false,"template":"","format":"standard","meta":{"_acf_changed":false,"_monsterinsights_skip_tracking":false,"_monsterinsights_sitenote_active":false,"_monsterinsights_sitenote_note":"","_monsterinsights_sitenote_category":0,"ngg_post_thumbnail":0,"footnotes":"","_wp_rev_ctl_limit":""},"categories":[13],"tags":[433,20],"acf":[],"_links":{"self":[{"href":"https:\/\/www.bibula.com\/index.php?rest_route=\/wp\/v2\/posts\/138262"}],"collection":[{"href":"https:\/\/www.bibula.com\/index.php?rest_route=\/wp\/v2\/posts"}],"about":[{"href":"https:\/\/www.bibula.com\/index.php?rest_route=\/wp\/v2\/types\/post"}],"author":[{"embeddable":true,"href":"https:\/\/www.bibula.com\/index.php?rest_route=\/wp\/v2\/users\/1"}],"replies":[{"embeddable":true,"href":"https:\/\/www.bibula.com\/index.php?rest_route=%2Fwp%2Fv2%2Fcomments&post=138262"}],"version-history":[{"count":10,"href":"https:\/\/www.bibula.com\/index.php?rest_route=\/wp\/v2\/posts\/138262\/revisions"}],"predecessor-version":[{"id":138313,"href":"https:\/\/www.bibula.com\/index.php?rest_route=\/wp\/v2\/posts\/138262\/revisions\/138313"}],"wp:attachment":[{"href":"https:\/\/www.bibula.com\/index.php?rest_route=%2Fwp%2Fv2%2Fmedia&parent=138262"}],"wp:term":[{"taxonomy":"category","embeddable":true,"href":"https:\/\/www.bibula.com\/index.php?rest_route=%2Fwp%2Fv2%2Fcategories&post=138262"},{"taxonomy":"post_tag","embeddable":true,"href":"https:\/\/www.bibula.com\/index.php?rest_route=%2Fwp%2Fv2%2Ftags&post=138262"}],"curies":[{"name":"wp","href":"https:\/\/api.w.org\/{rel}","templated":true}]}}