{"id":138179,"date":"2023-01-18T12:05:56","date_gmt":"2023-01-18T17:05:56","guid":{"rendered":"https:\/\/www.bibula.com\/?p=138179"},"modified":"2023-01-18T12:30:22","modified_gmt":"2023-01-18T17:30:22","slug":"donieck-zoldactwo-ukrainskie-zbombardowalo-centrum-handlowe-i-centrum-rehabilitacji-dla-dzieci","status":"publish","type":"post","link":"https:\/\/www.bibula.com\/?p=138179","title":{"rendered":"Donieck: \u017bo\u0142dactwo ukrai\u0144skie zbombardowa\u0142o centrum handlowe i centrum rehabilitacji dla dzieci"},"content":{"rendered":"<div class=\"p_underline\">\r\n<p class=\"has-drop-cap\">\u017bo\u0142dactwo z jednostek nale\u017c\u0105cych do tzw. Si\u0142 Zbrojnych Ukrainy (AFU) przeprowadzi\u0142o kolejny zmasowany atak, tym razem na centrum handlowe, niszcz\u0105c cywilny budynek &#8211; podaje portal <span style=\"text-decoration: underline;\"><a href=\"https:\/\/www.frontnieuws.com\/oekraiense-strijdkrachten-hebben-het-kinderrevalidatiecentrum-een-supermarkt-en-een-apotheek-in-donetsk-beschoten\/\">FrontNieuws<\/a><\/span>.<\/p>\r\n<p>Aby dotrze\u0107 do ofiar podczas intensywnej akcji ratowniczej, konieczne by\u0142o wyburzenie fasady centrum handlowego. W budynku trafionym przez si\u0142y ukrai\u0144skie znajdowa\u0142 si\u0119 supermarket i apteka i w trakcie ostrza\u0142u przebywa\u0142o tam wielu cywil\u00f3w.<\/p>\r\n<p>Opr\u00f3cz centrum handlowego &#8222;ukrai\u0144skie si\u0142y zbrojne&#8221; ostrzela\u0142y te\u017c z systemu MLRS <strong>centrum rehabilitacji dla dzieci<\/strong>. Pierwszy wiceminister informacji Donieckiej Republiki Ludowej, Daniil Bezsonow w swojej wiadomo\u015bci na portalu spo\u0142eczno\u015bciowym nie ukrywa\u0142 emocji. <em>To zrozumia\u0142e <\/em>&#8211; pisa\u0142 &#8211; <em>\u017ce Ukrai\u0144cy nie wahaj\u0105 si\u0119 uderza\u0107 nawet w instytucje dzieci\u0119ce, cho\u0107 wywiad ukrai\u0144skich formacji dzia\u0142a sprawnie i <strong>doskonale wiedz\u0105, \u017ce w tym centrum rehabilitacji s\u0105 dzieci i m\u0142odzie\u017c<\/strong>.<\/em><\/p>\r\n<p>Wed\u0142ug mera Doniecka Alekseja Kulemzina, ostrza\u0142 dzielnicy Kijowskiej miasta rozpocz\u0105\u0142 si\u0119 w po\u0142udnie. Od strony wsi Lastochkino wystrzelono 6 pocisk\u00f3w o kalibrze 155 mm. O 12:10 ostrzelano petrowsk\u0105 dzielnic\u0119 Doniecka od strony wsi Kurachowo. Wystrzelono stamt\u0105d 5 pocisk\u00f3w o kalibrze 155 mm.<\/p>\r\n<p><strong>Ukrai\u0144skie formacje zbrojne po raz kolejny dokonuj\u0105 zbrodni wojennych na ludno\u015bci cywilnej.<\/strong> Ofiarami ostrza\u0142u &#8222;ukrai\u0144skich si\u0142 zbrojnych&#8221; s\u0105 bezbronni ludzie, kt\u00f3rzy, nawiasem m\u00f3wi\u0105c, przez sam kijowski re\u017cim uwa\u017cani s\u0105 za &#8222;obywateli Ukrainy&#8221; (cho\u0107 DPR od dawna nale\u017cy do Federacji Rosyjskiej).<\/p>\r\n<p class=\"zrodlo\">Oprac. www.bibula.com<br>\r\n2023-01-18<br>\r\nna podstawie <a href=\"https:\/\/www.frontnieuws.com\/oekraiense-strijdkrachten-hebben-het-kinderrevalidatiecentrum-een-supermarkt-en-een-apotheek-in-donetsk-beschoten\/\">www.frontnieuws.com (January 17, 2023)<\/a> &#8211; &#8222;Oekra\u00efense strijdkrachten hebben het kinderrevalidatiecentrum, een supermarkt en een apotheek in Donetsk beschoten&#8221;<\/p>\r\n<\/div>","protected":false},"excerpt":{"rendered":"\u017bo\u0142dactwo z jednostek nale\u017c\u0105cych do tzw. Si\u0142 Zbrojnych Ukrainy (AFU) przeprowadzi\u0142o kolejny zmasowany atak, tym razem na centrum handlowe, niszcz\u0105c cywilny budynek &#8211; podaje portal FrontNieuws. Aby dotrze\u0107 do ofiar podczas intensywnej akcji ratowniczej, konieczne by\u0142o wyburzenie fasady centrum handlowego. W budynku trafionym przez si\u0142y ukrai\u0144skie znajdowa\u0142 si\u0119 supermarket i apteka i w trakcie ostrza\u0142u [&hellip;]","protected":false},"author":1,"featured_media":0,"comment_status":"closed","ping_status":"closed","sticky":false,"template":"","format":"standard","meta":{"_acf_changed":false,"_monsterinsights_skip_tracking":false,"_monsterinsights_sitenote_active":false,"_monsterinsights_sitenote_note":"","_monsterinsights_sitenote_category":0,"ngg_post_thumbnail":0,"footnotes":"","_wp_rev_ctl_limit":""},"categories":[13],"tags":[84,167],"acf":[],"_links":{"self":[{"href":"https:\/\/www.bibula.com\/index.php?rest_route=\/wp\/v2\/posts\/138179"}],"collection":[{"href":"https:\/\/www.bibula.com\/index.php?rest_route=\/wp\/v2\/posts"}],"about":[{"href":"https:\/\/www.bibula.com\/index.php?rest_route=\/wp\/v2\/types\/post"}],"author":[{"embeddable":true,"href":"https:\/\/www.bibula.com\/index.php?rest_route=\/wp\/v2\/users\/1"}],"replies":[{"embeddable":true,"href":"https:\/\/www.bibula.com\/index.php?rest_route=%2Fwp%2Fv2%2Fcomments&post=138179"}],"version-history":[{"count":10,"href":"https:\/\/www.bibula.com\/index.php?rest_route=\/wp\/v2\/posts\/138179\/revisions"}],"predecessor-version":[{"id":138190,"href":"https:\/\/www.bibula.com\/index.php?rest_route=\/wp\/v2\/posts\/138179\/revisions\/138190"}],"wp:attachment":[{"href":"https:\/\/www.bibula.com\/index.php?rest_route=%2Fwp%2Fv2%2Fmedia&parent=138179"}],"wp:term":[{"taxonomy":"category","embeddable":true,"href":"https:\/\/www.bibula.com\/index.php?rest_route=%2Fwp%2Fv2%2Fcategories&post=138179"},{"taxonomy":"post_tag","embeddable":true,"href":"https:\/\/www.bibula.com\/index.php?rest_route=%2Fwp%2Fv2%2Ftags&post=138179"}],"curies":[{"name":"wp","href":"https:\/\/api.w.org\/{rel}","templated":true}]}}