{"id":138092,"date":"2023-01-13T15:20:09","date_gmt":"2023-01-13T20:20:09","guid":{"rendered":"https:\/\/www.bibula.com\/?p=138092"},"modified":"2023-01-13T15:21:23","modified_gmt":"2023-01-13T20:21:23","slug":"koniec-z-wywieszaniem-obrzydliwych-flag-w-amerykanskich-placowkach-dyplomatycznych","status":"publish","type":"post","link":"https:\/\/www.bibula.com\/?p=138092","title":{"rendered":"Koniec z wywieszaniem obrzydliwych flag w ameryka\u0144skich plac\u00f3wkach dyplomatycznych?"},"content":{"rendered":"<div class=\"p_underline\">\r\n<p class=\"has-drop-cap\">Kongresmeni republika\u0144scy przedstawili w tym tygodniu projekt przepis\u00f3w maj\u0105cych zabrania\u0107 wywieszania w ameryka\u0144skich plac\u00f3wkach dyplomatycznych i konsularnych na ca\u0142ym \u015bwiecie, innych flag ni\u017c oficjalna flaga USA.<\/p>\r\n<p>Nowy projekt, zainicjowany przez Jeffa Duncana z Po\u0142udniowej Karoliny, gdyby uzyska\u0142 aprobat\u0119, zatrzyma\u0142by szale\u0144stwo wywieszania flag rasistowskiego ruchu <em>Black Lives Matter <\/em>oraz flag odra\u017caj\u0105cego ruchu gejowskiego LGBT++<\/p>\r\n<p>Podczas administracji prezydenta Donalda Trumpa, sekretarz stanu Mike Pompeo zakaza\u0142 wywieszania tego typu flag, lecz re\u017cim uzurpatora prezydenckiego Joe Bidena zmieni\u0142 przepisy, upowa\u017cniaj\u0105c ambasady do wywieszania flag BLM i &#8222;dumy gejowskiej&#8221;.<\/p>\r\n<p>Z Departamentu Stanu wyciek\u0142a te\u017c nota, kt\u00f3ra wprost nawo\u0142uje do &#8222;popierania u\u017cywania terminu <em>Black Lives Matter<\/em> i do wywieszania flag BLM na zewn\u0119trznym maszcie&#8221; plac\u00f3wek dyplomatycznych.<\/p>\r\n<p class=\"zrodlo\">Oprac. www.bibula.com<br>\r\n2023-01-13<br>\r\nna podstawie <a href=\"https:\/\/www.foxnews.com\/politics\/gop-bill-says-only-american-flag-can-fly-us-embassies-no-more-pride-blm-flags\">Fox News<\/a><\/p>\r\n<\/div>","protected":false},"excerpt":{"rendered":"Kongresmeni republika\u0144scy przedstawili w tym tygodniu projekt przepis\u00f3w maj\u0105cych zabrania\u0107 wywieszania w ameryka\u0144skich plac\u00f3wkach dyplomatycznych i konsularnych na ca\u0142ym \u015bwiecie, innych flag ni\u017c oficjalna flaga USA. Nowy projekt, zainicjowany przez Jeffa Duncana z Po\u0142udniowej Karoliny, gdyby uzyska\u0142 aprobat\u0119, zatrzyma\u0142by szale\u0144stwo wywieszania flag rasistowskiego ruchu Black Lives Matter oraz flag odra\u017caj\u0105cego ruchu gejowskiego LGBT++ Podczas administracji [&hellip;]","protected":false},"author":1,"featured_media":0,"comment_status":"closed","ping_status":"closed","sticky":false,"template":"","format":"standard","meta":{"_acf_changed":false,"_monsterinsights_skip_tracking":false,"_monsterinsights_sitenote_active":false,"_monsterinsights_sitenote_note":"","_monsterinsights_sitenote_category":0,"ngg_post_thumbnail":0,"footnotes":"","_wp_rev_ctl_limit":""},"categories":[13],"tags":[26,31,20,221],"acf":[],"_links":{"self":[{"href":"https:\/\/www.bibula.com\/index.php?rest_route=\/wp\/v2\/posts\/138092"}],"collection":[{"href":"https:\/\/www.bibula.com\/index.php?rest_route=\/wp\/v2\/posts"}],"about":[{"href":"https:\/\/www.bibula.com\/index.php?rest_route=\/wp\/v2\/types\/post"}],"author":[{"embeddable":true,"href":"https:\/\/www.bibula.com\/index.php?rest_route=\/wp\/v2\/users\/1"}],"replies":[{"embeddable":true,"href":"https:\/\/www.bibula.com\/index.php?rest_route=%2Fwp%2Fv2%2Fcomments&post=138092"}],"version-history":[{"count":2,"href":"https:\/\/www.bibula.com\/index.php?rest_route=\/wp\/v2\/posts\/138092\/revisions"}],"predecessor-version":[{"id":138094,"href":"https:\/\/www.bibula.com\/index.php?rest_route=\/wp\/v2\/posts\/138092\/revisions\/138094"}],"wp:attachment":[{"href":"https:\/\/www.bibula.com\/index.php?rest_route=%2Fwp%2Fv2%2Fmedia&parent=138092"}],"wp:term":[{"taxonomy":"category","embeddable":true,"href":"https:\/\/www.bibula.com\/index.php?rest_route=%2Fwp%2Fv2%2Fcategories&post=138092"},{"taxonomy":"post_tag","embeddable":true,"href":"https:\/\/www.bibula.com\/index.php?rest_route=%2Fwp%2Fv2%2Ftags&post=138092"}],"curies":[{"name":"wp","href":"https:\/\/api.w.org\/{rel}","templated":true}]}}