{"id":137960,"date":"2023-01-07T19:44:21","date_gmt":"2023-01-08T00:44:21","guid":{"rendered":"https:\/\/www.bibula.com\/?p=137960"},"modified":"2023-01-07T19:44:21","modified_gmt":"2023-01-08T00:44:21","slug":"chocholi-taniec-wokol-bandery-stanislaw-lewicki","status":"publish","type":"post","link":"https:\/\/www.bibula.com\/?p=137960","title":{"rendered":"Chocholi taniec wok\u00f3\u0142 Bandery &#8211; <em>Stanis\u0142aw Lewicki<\/em>"},"content":{"rendered":"<div class=\"p_underline\">\r\n<p class=\"has-drop-cap\">W tym roku, jak i poprzednio, na Ukrainie obchodzono pierwszego stycznia rocznic\u0119 urodzin Stepana Bandery. Jednak za ka\u017cdym nast\u0119pnym razem, ta nies\u0142awna rocznica obejmuje coraz wy\u017csze kr\u0119gi w\u0142adzy w Kijowie.<\/p>\r\n<p>Gdy na pocz\u0105tku, te obchody mia\u0142y charakter raczej regionalny i odbywa\u0142y si\u0119 g\u0142\u00f3wnie we Lwowie, czy Tarnopolu, za\u015b w\u0142adze centralnie stroni\u0142y od udzia\u0142u w tych imprezach, &nbsp;tak obecnie, ten zwyczaj okazywania czci Banderze, powo\u0142ywanie si\u0119 na jego \u201edorobek\u201d i deklarowanie wype\u0142niania jego dyrektyw, przenika coraz wy\u017cej.<\/p>\r\n<p>W tym roku, na Twitterze Werchownej Rady Ukrainy opublikowano zdj\u0119cie genera\u0142a dowodz\u0105cego ukrai\u0144sk\u0105 armi\u0105 \u2013 Za\u0142u\u017cnego \u2013 pod portretem Bandery. Ca\u0142o\u015b\u0107 przyozdobiono jeszcze cytatami zaczerpni\u0119tymi z &nbsp;Bandery, jak tym m\u00f3wi\u0105cym, \u017ce \u201eca\u0142kowite i ostateczne zwyci\u0119stwo ukrai\u0144skiego nacjonalizmu nast\u0105pi w\u00f3wczas, gdy imperium rosyjskie przestanie istnie\u0107\u201d, jak te\u017c wyja\u015bnieniem wskazuj\u0105cym, \u017ce \u201ete zalecenia Stepana Bandery s\u0105 dobrze znane naczelnemu dow\u00f3dcy si\u0142 zbrojnych\u201d.<br>\r\nTakie postawienie sprawy, \u017ce alternatyw\u0105 dla zwyci\u0119stwa imperium rosyjskiego jest zwyci\u0119stwo ukrai\u0144skiego nacjonalizmu, w Polsce, ze wzgl\u0119du na do\u015bwiadczenie Rzezi Wo\u0142y\u0144skiej, musia\u0142o wywo\u0142a\u0107 szok. Wielu Polak\u00f3w, postawionych wobec takiej, diabelskiej alternatywy, mia\u0142oby du\u017ce w\u0105tpliwo\u015bci, co jest gorsze.<\/p>\r\n<p>Tymczasem pierwsze reakcje ze strony polskiego MSZ by\u0142y jakie\u015b niezdecydowane. Rzecznik MSZ, Jasina, pytany o spraw\u0119 odpowiedzia\u0142: \u201eNasz stosunek do zbrodni pope\u0142nionych przez UPA pozostaje niezmienny. Liczymy, \u017ce zbli\u017cenie narod\u00f3w polskiego i ukrai\u0144skiego doprowadzi do lepszego zrozumienia wsp\u00f3lnej historii\u201d.<br>\r\nTego rodzaju mi\u0119kka reakcja wydaje si\u0119 bardziej zrozumia\u0142a, gdy przypomnimy, \u017ce wyg\u0142osi\u0142 j\u0105 ten sam rzecznik, kt\u00f3ry w marcu tego roku powiedzia\u0142, \u017ce \u201ejeste\u015bmy s\u0142ugami narodu ukrai\u0144skiego\u201d.<br>\r\nNa szcz\u0119\u015bcie sytuacj\u0119, w jaki\u015b spos\u00f3b, uratowa\u0142 sam premier Morawiecki, kt\u00f3ry &nbsp;na konferencji prasowej&nbsp; zapowiedzia\u0142 interwencj\u0119 w tej sprawie podczas najbli\u017cej rozmowy z premierem rz\u0105du Ukrainy Denysem Szmyhalem.&nbsp; Po tym o\u015bwiadczeniu polskiego premiera, rzeczony &nbsp;wpis z Twittera Werchownej Rady znikn\u0105\u0142.<\/p>\r\n<p>Czy jednak powinni\u015bmy si\u0119 cieszy\u0107 z tego drobnego zwyci\u0119stwa? Niesmak pozosta\u0142, gdy\u017c ka\u017cdy, kto mia\u0142 jeszcze w\u0105tpliwo\u015bci, dowiedzia\u0142 si\u0119, \u017ce g\u0142\u00f3wnodowodz\u0105cy si\u0142 zbrojnych Ukrainy ma w obecnej wojnie wype\u0142nia\u0107 dyrektywy Stepana Bandery.<br>\r\nTak\u017ce ci, kt\u00f3rych chyba by\u0142o sporo, a kt\u00f3rzy uwa\u017cali, \u017ce teraz banderyzm na Ukrainie, b\u0119dzie szed\u0142 w odstawk\u0119, gdy\u017c Ukrai\u0144cy, w toku obecnej wojny, uzyskali pewno\u015b\u0107 siebie i nowych bohater\u00f3w, mog\u0105cych zast\u0105pi\u0107 banderowc\u00f3w, b\u0119d\u0105 mocno rozczarowani, gdy\u017c nic takiego si\u0119 nie sta\u0142o, a banderyzm nadal si\u0119 umacnia.<\/p>\r\n<p>Nie jest to tak\u017ce tylko moja subiektywna opinia powsta\u0142a na podstawie oceny&nbsp; powy\u017cszego incydentu. Niestety, w tej sprawie, istniej\u0105 badania, kt\u00f3re potwierdzaj\u0105 szybkie szerzenie si\u0119 sympatii probanderowskich na Ukrainie, szczeg\u00f3lnie w ostatnim czasie.<br>\r\nI tak, Kijowski Mi\u0119dzynarodowy Instytut Socjologii, opublikowa\u0142 niedawno wyniki bada\u0144, przeprowadzonych w dniach 7-13 wrze\u015bnia tego roku, na temat oceny dzia\u0142alno\u015bci OUN-UPA w czasie II wojny \u015bwiatowej. Podkre\u015blam: w czasie II wojny \u015bwiatowej, czyli w\u00f3wczas, gdy ukrai\u0144scy nacjonali\u015bci dokonali ludob\u00f3jstwa na Polakach.<br>\r\nPor\u00f3wnano stan obecny z wynikiem takiego samego badania w roku 2013.<br>\r\nWyniki s\u0105 pora\u017caj\u0105ce. \u201eOd 2013 roku liczba os\u00f3b negatywnie oceniaj\u0105cych dzia\u0142alno\u015b\u0107 OUN-UPA spad\u0142a ponad 5-krotnie \u2013 z 42% do 8%. Jednocze\u015bnie udzia\u0142 pozytywnie oceniaj\u0105cych dzia\u0142alno\u015b\u0107 OUN-UPA wzr\u00f3s\u0142 z 22% do 43%. R\u00f3wnie\u017c z 27% do 37% wzros\u0142a liczba os\u00f3b, kt\u00f3re wybra\u0142y opcj\u0119 \u201etrudno powiedzie\u0107 na pewno, negatywnie czy pozytywnie\u201d.<br>\r\nCo gorsza, gdy jeszcze w 2013 roku we wszystkich regionach, z wyj\u0105tkiem Zachodu (Galicji), by\u0142o wi\u0119cej os\u00f3b negatywnie oceniaj\u0105cych dzia\u0142alno\u015b\u0107 OUN-UPA ni\u017c tych, kt\u00f3rzy oceniali j\u0105 pozytywnie, to ju\u017c w 2022 r. we wszystkich regionach odsetek oceniaj\u0105cych pozytywnie przewy\u017csza odsetek oceniaj\u0105cych negatywnie.<\/p>\r\n<p>Obraz jest klarowny i nie pozostawia wielu z\u0142udze\u0144 co do tego, jaka dzi\u015b jest Ukraina \u2013 bardziej \u017c\u00f3\u0142to-niebieska, czy czerwono-czarna.&nbsp; Mo\u017cna si\u0119 pociesza\u0107, \u017ce by\u0107 mo\u017ce sytuacja nie jest tak ca\u0142kiem z\u0142a, i cze\u015b\u0107 odpowiedzi pochwalaj\u0105cych OUN-UPA wynika z mimikry, czy zwyczajnego strachu, \u017ce dzisiejsza w\u0142adza, w warunkach wojny, takich odpowiedzi w sonda\u017cu w\u0142a\u015bnie oczekuje, \u017ce ten, kto by wyrazi\u0142 dezaprobat\u0119 wobec OUN-UPA, m\u00f3g\u0142by mie\u0107 do czynienia ze S\u0142u\u017cb\u0105 Bezpeky.<br>\r\nJednak s\u0142aba to nadzieja i nie oparta na \u017cadnych mocnych podstawach.<br>\r\nZa to nie ma w\u0105tpliwo\u015bci i jest bardzo zadowolony z powszechnej akceptacji OUN-UPA na Ukrainie pan Wiatrowycz, by\u0142y szef ukrai\u0144skiego IPN, kt\u00f3ry odegra\u0142 g\u0142\u00f3wn\u0105 rol\u0119 w nakr\u0119caniu heroizacji OUN-UPA. W rocznic\u0119 urodzin Bandery, pisze on z satysfakcj\u0105 na swoim FB:&nbsp; \u201e\u0411\u0430\u043d\u0434\u0435\u0440\u0438\u0437\u0430\u0446\u0456\u0454\u044e \u0423\u043a\u0440\u0430\u0457\u043d\u0438 \u0437\u0430\u0434\u043e\u0432\u043e\u043b\u0435\u043d\u0438\u0439 \u2013 jestem zadowolony z banderyzacji Ukrainy\u201d.<br>\r\nMy\u015bl\u0119, \u017ce nie tylko on jest zadowolony z banderyzacji Ukrainy. Mo\u017ce jeszcze bardziej zadowolony jest prezydent Putin, gdy\u017c to uwiarygadnia twierdzenia jego propagandy, o tym, \u017ce na Ukrainie maj\u0105 oni do czynienia z banderowcami.<\/p>\r\n<p>W jednym z poprzednich post\u00f3w pisa\u0142em o zjawisku, nazwanym, przez mnie, syndromem Ko\u0142odzi\u0144skiego, a polegaj\u0105cym na zupe\u0142nym braku zdolno\u015bci realnej oceny sytuacji i podejmowania racjonalnych dzia\u0142a\u0144 przez przyw\u00f3dc\u00f3w ukrai\u0144skich nacjonalist\u00f3w, co prowadzi\u0142o ich, w nast\u0119pstwie, do zupe\u0142nej kl\u0119ski.<br>\r\nWspomniany Wiatrowycz \u015bwietnie t\u0142umaczy jak zgodnie z tym syndromem dzia\u0142a\u0142, i zaleca\u0142 innym dzia\u0142a\u0107, Stepan Bandera: \u201eBanderze chodzi o to, aby Ukrai\u0144cy stawili op\u00f3r nawet w pozornie, zdawa\u0142oby si\u0119, &nbsp;beznadziejnej sytuacji. Banderze chodzi o ogromny potencja\u0142 dzia\u0142ania na w\u0142asn\u0105 r\u0119k\u0119 (\u2026)\u201d.<br>\r\nTakie dzia\u0142anie prawie zawsze, na d\u0142u\u017csz\u0105 met\u0119, ko\u0144czy si\u0119 tym samym. Ale skoro Ukrai\u0144cy tak wybieraj\u0105, to ich sprawa. Je\u015bli nadal chc\u0105 wype\u0142nia\u0107, jak deklarowa\u0142 \u00f3w kontrowersyjny wpis na portalu Werchownej Rady, \u201ezalecenia Bandery\u201d \u2013 to b\u0119d\u0105 te\u017c ponosi\u0107 tego konsekwencje.<br>\r\nTylko co my mamy z tym zrobi\u0107?<\/p>\r\n<p><strong><em>Stanis\u0142aw Lewicki<\/em><\/strong><\/p>\r\n<\/div>","protected":false},"excerpt":{"rendered":"W tym roku, jak i poprzednio, na Ukrainie obchodzono pierwszego stycznia rocznic\u0119 urodzin Stepana Bandery. Jednak za ka\u017cdym nast\u0119pnym razem, ta nies\u0142awna rocznica obejmuje coraz wy\u017csze kr\u0119gi w\u0142adzy w Kijowie. Gdy na pocz\u0105tku, te obchody mia\u0142y charakter raczej regionalny i odbywa\u0142y si\u0119 g\u0142\u00f3wnie we Lwowie, czy Tarnopolu, za\u015b w\u0142adze centralnie stroni\u0142y od udzia\u0142u w tych [&hellip;]","protected":false},"author":1,"featured_media":0,"comment_status":"closed","ping_status":"closed","sticky":false,"template":"","format":"standard","meta":{"_acf_changed":false,"_monsterinsights_skip_tracking":false,"_monsterinsights_sitenote_active":false,"_monsterinsights_sitenote_note":"","_monsterinsights_sitenote_category":0,"ngg_post_thumbnail":0,"footnotes":"","_wp_rev_ctl_limit":""},"categories":[13],"tags":[92,29,167,17],"acf":[],"_links":{"self":[{"href":"https:\/\/www.bibula.com\/index.php?rest_route=\/wp\/v2\/posts\/137960"}],"collection":[{"href":"https:\/\/www.bibula.com\/index.php?rest_route=\/wp\/v2\/posts"}],"about":[{"href":"https:\/\/www.bibula.com\/index.php?rest_route=\/wp\/v2\/types\/post"}],"author":[{"embeddable":true,"href":"https:\/\/www.bibula.com\/index.php?rest_route=\/wp\/v2\/users\/1"}],"replies":[{"embeddable":true,"href":"https:\/\/www.bibula.com\/index.php?rest_route=%2Fwp%2Fv2%2Fcomments&post=137960"}],"version-history":[{"count":1,"href":"https:\/\/www.bibula.com\/index.php?rest_route=\/wp\/v2\/posts\/137960\/revisions"}],"predecessor-version":[{"id":137961,"href":"https:\/\/www.bibula.com\/index.php?rest_route=\/wp\/v2\/posts\/137960\/revisions\/137961"}],"wp:attachment":[{"href":"https:\/\/www.bibula.com\/index.php?rest_route=%2Fwp%2Fv2%2Fmedia&parent=137960"}],"wp:term":[{"taxonomy":"category","embeddable":true,"href":"https:\/\/www.bibula.com\/index.php?rest_route=%2Fwp%2Fv2%2Fcategories&post=137960"},{"taxonomy":"post_tag","embeddable":true,"href":"https:\/\/www.bibula.com\/index.php?rest_route=%2Fwp%2Fv2%2Ftags&post=137960"}],"curies":[{"name":"wp","href":"https:\/\/api.w.org\/{rel}","templated":true}]}}