{"id":137953,"date":"2023-01-07T19:44:33","date_gmt":"2023-01-08T00:44:33","guid":{"rendered":"https:\/\/www.bibula.com\/?p=137953"},"modified":"2023-01-07T19:44:33","modified_gmt":"2023-01-08T00:44:33","slug":"podle-serce-franciszka-bergoglio","status":"publish","type":"post","link":"https:\/\/www.bibula.com\/?p=137953","title":{"rendered":"Pod\u0142e serce Franciszka-Bergoglio"},"content":{"rendered":"<div class=\"p_underline\">\r\n<p class=\"has-drop-cap\">Miernoty otaczaj\u0105 si\u0119 lud\u017ami jeszcze bardziej miernymi od siebie, aby m\u00f3c nimi kierowa\u0107 wedle w\u0142asnego uznania i ukry\u0107 w\u0142asn\u0105 mierno\u015b\u0107. To w\u0142a\u015bnie zrobi\u0142 Bergoglio zaraz po obj\u0119ciu tronu papieskiego. I powt\u00f3rzy\u0142 to po raz enty z chwil\u0105 \u015bmierci papie\u017ca Benedykta XVI.<\/p>\r\n<p>&nbsp;<\/p>\r\n<\/div>\r\n<figure class=\"post-image clear-fix\"><img fetchpriority=\"high\" decoding=\"async\" class=\"attachment-rowling-post-image  wp-post-image aligncenter\" src=\"https:\/\/babylonianempire.files.wordpress.com\/2023\/01\/100512848-5b405481-3367-4ea1-b25b-b564e90718b1.jpg?w=816\" sizes=\"(max-width: 816px) 100vw, 816px\" srcset=\"https:\/\/babylonianempire.files.wordpress.com\/2023\/01\/100512848-5b405481-3367-4ea1-b25b-b564e90718b1.jpg?w=816 816w, https:\/\/babylonianempire.files.wordpress.com\/2023\/01\/100512848-5b405481-3367-4ea1-b25b-b564e90718b1.jpg?w=150 150w, https:\/\/babylonianempire.files.wordpress.com\/2023\/01\/100512848-5b405481-3367-4ea1-b25b-b564e90718b1.jpg?w=300 300w, https:\/\/babylonianempire.files.wordpress.com\/2023\/01\/100512848-5b405481-3367-4ea1-b25b-b564e90718b1.jpg?w=768 768w, https:\/\/babylonianempire.files.wordpress.com\/2023\/01\/100512848-5b405481-3367-4ea1-b25b-b564e90718b1.jpg?w=1024 1024w, https:\/\/babylonianempire.files.wordpress.com\/2023\/01\/100512848-5b405481-3367-4ea1-b25b-b564e90718b1.jpg 1200w\" alt=\"\" data-attachment-id=\"8595\" data-permalink=\"https:\/\/babylonianempire.wordpress.com\/100512848-5b405481-3367-4ea1-b25b-b564e90718b1\/\" data-orig-file=\"https:\/\/babylonianempire.files.wordpress.com\/2023\/01\/100512848-5b405481-3367-4ea1-b25b-b564e90718b1.jpg\" data-orig-size=\"1200,630\" data-comments-opened=\"1\" data-image-meta=\"{&quot;aperture&quot;:&quot;0&quot;,&quot;credit&quot;:&quot;&quot;,&quot;camera&quot;:&quot;&quot;,&quot;caption&quot;:&quot;&quot;,&quot;created_timestamp&quot;:&quot;0&quot;,&quot;copyright&quot;:&quot;&quot;,&quot;focal_length&quot;:&quot;0&quot;,&quot;iso&quot;:&quot;0&quot;,&quot;shutter_speed&quot;:&quot;0&quot;,&quot;title&quot;:&quot;&quot;,&quot;orientation&quot;:&quot;0&quot;}\" data-image-title=\"100512848-5b405481-3367-4ea1-b25b-b564e90718b1\" data-image-description=\"\" data-image-caption=\"\" data-medium-file=\"https:\/\/babylonianempire.files.wordpress.com\/2023\/01\/100512848-5b405481-3367-4ea1-b25b-b564e90718b1.jpg?w=300\" data-large-file=\"https:\/\/babylonianempire.files.wordpress.com\/2023\/01\/100512848-5b405481-3367-4ea1-b25b-b564e90718b1.jpg?w=616\" width=\"799\" height=\"420\"><\/figure>\r\n<p>&nbsp;<\/p>\r\n<p>Streszczam tu niekt\u00f3re wydarzenia z ostatnich dni, w wi\u0119kszo\u015bci anegdotyczne, ale ujawniaj\u0105ce wredn\u0105 i ma\u0142ostkow\u0105 dusz\u0119 papie\u017ca Franciszka. Niekt\u00f3re z nich s\u0105 jawne; inne natomiast zosta\u0142y mi powierzone przez dyskretne \u017ar\u00f3d\u0142a, kt\u00f3re st\u0105paj\u0105 po korytarzach \u015awi\u0119tego Pa\u0142acu.<\/p>\r\n<p>Jeszcze zanim pojawi\u0142a si\u0119 wiadomo\u015b\u0107 o \u015bmierci Benedykta XVI, z Domu \u015awi\u0119tej Marty rozesz\u0142y si\u0119 dyspozycje: w Watykanie b\u0119dzie si\u0119 pracowa\u0142o jak w ka\u017cdy inny dzie\u0144. Innymi s\u0142owy \u2013 \u201cnic si\u0119 tu nie wydarzy\u0142o\u201d. Wi\u0119c, ci kt\u00f3rzy pracuj\u0105 w Stolicy Apostolskiej \u2013 duchowni i \u015bwieccy \u2013 dali do zrozumienia, \u017ce je\u015bli biura nie zawiesz\u0105 dzia\u0142alno\u015bci, tak by mogli uczestniczy\u0107 we Mszy Pogrzebowej, to wezm\u0105 dzie\u0144 wolny. Dom \u015awi\u0119tej Marty musia\u0142 wi\u0119c p\u00f3j\u015b\u0107 na kompromis: zatrudnieni w Watykaanie b\u0119d\u0105 mogli uczestniczy\u0107 w Mszy, ale wy\u0142\u0105cznie do godziny 13. Potem b\u0119d\u0105 musieli wr\u00f3ci\u0107 do pracy.<\/p>\r\n<p>W Watykanie, w jego biurach zagranicznych i nuncjaturach nie og\u0142oszono oficjalnej \u017ca\u0142oby. Nie kazano bi\u0107 w dzwony i nie spuszczono flag do po\u0142owy masztu. Ten ostatni szczeg\u00f3\u0142 by\u0142 zaskakuj\u0105cy. Ka\u017cdy kraj stosuje ten \u015brodek, gdy umiera stosunkowo wa\u017cna osoba. Dla Watykanu oraz dworu papie\u017ca Franciszka \u2013 w przypadku \u015bmierci papie\u017ca Benedykta XVI, nie zrobiono tego. Co ciekawe, 31 grudnia pa\u0144stwo w\u0142oskie i Wielka Brytania nakaza\u0142y wywieszenie flag do po\u0142owy masztu.<\/p>\r\n<p>W \u015bwi\u0119tych pa\u0142acach powtarzano to ze zdumieniem: zarz\u0105dzono, by sprawy toczy\u0142y si\u0119 tak, jakby nic si\u0119 nie wydarzy\u0142o. Dlatego w \u015brod\u0119, jak zwykle, papie\u017c Franciszek odby\u0142 audiencj\u0119 generaln\u0105, podczas gdy kilka metr\u00f3w dalej le\u017ca\u0142o niepochowane cia\u0142o jego poprzednika. Za\u015b Bergoglio wspomnia\u0142 o nim jedynie jako o \u201cwielkim nauczycielu katechizmu\u201d.<\/p>\r\n<p>Wielu kardyna\u0142\u00f3w i biskup\u00f3w by\u0142o zawiedzionych, \u017ce nie mogli do\u0142\u0105czy\u0107 do procesji, podczas kt\u00f3rej zw\u0142oki zmar\u0142ego papie\u017ca zosta\u0142y przeniesione z klasztoru Mater Ecclesiae do bazyliki \u015bw. Piotra. W ka\u017cdym kraju, w ka\u017cdej monarchii, procesja ta nabiera szczeg\u00f3lnej i surowej powagi, nawet gdy nie jest to \u015bmier\u0107 panuj\u0105cego monarchy (przypomnijcie sobie przypadek Jana z Burbon\u00f3w, czy Kr\u00f3lowej Matki z Anglii, albo ksi\u0119cia Filipa z Edynburga). Doczesne szcz\u0105tki Benedykta XVI zosta\u0142y przewiezione szar\u0105 furgonetk\u0105.<\/p>\r\n<p>&nbsp;<\/p>\r\n<figure class=\"wp-block-image size-large\"><img decoding=\"async\" class=\"aligncenter\" src=\"https:\/\/blogger.googleusercontent.com\/img\/b\/R29vZ2xl\/AVvXsEgy893x36tZsu3HHe-O92brhcThjpe-T4X_7Lt8-msDcvbcKYZjHYjDGiNFpww5yT6RZPogaZm03ABIdB2X-EfLPmYBNRH3cQh0xB3jBSh8sxL2hVph3GtE6TMXpnUZOd8sLyw9ACPNQypUJvBRQlS5y3pibvAb8HfYkdZSy-uuQ84--kb1uzDpW_2s0A\/w400-h260\/RIS4383-755x491.jpg\" alt=\"\" width=\"780\" height=\"507\"><\/figure>\r\n<p>&nbsp;<\/p>\r\n<p>Procesji nie przewodniczy\u0142 Franciszek ani kardyna\u0142 wikariusz. Po prostu, za furgonetk\u0105 stali monsignor Georg G\u00e4nswein i <em>memores,<\/em> tj. kobiety, kt\u00f3re przez lata opiekowa\u0142y si\u0119 nimi. W kurii prze\u017cyto to bardzo \u017ale.<\/p>\r\n<p>Jednym z aspekt\u00f3w, kt\u00f3re najbardziej przyku\u0142y uwag\u0119 cz\u0142onk\u00f3w Domu Papieskiego i innych urz\u0119d\u00f3w Kurii, kt\u00f3rzy znajdowali si\u0119 w kaplicy pogrzebowej, by\u0142a liczba m\u0142odych ksi\u0119\u017cy \u2013 kilkuset \u2013 kt\u00f3rzy przyszli po\u017cegna\u0107 papie\u017ca Benedykta \u2013 ubranych w sutanny. Jeden z nich, \u015bciszonym g\u0142osem, skomentowa\u0142: <em>\u201cPozna\u0142em papie\u017ca Benedykta, gdy by\u0142em klerykiem, razem z kolegami z klasy. S\u0142owa, kt\u00f3re powtarza\u0142 nam w k\u00f3\u0142ko brzmia\u0142y: \u201cUcz si\u0119 wytrwale i m\u00f3dl si\u0119 wytrwale\u201d.<\/em> Nie do pomy\u015blenia by\u0142o, \u017ceby powiedzia\u0142 nam: <em>\u201cKsi\u0119\u017ca s\u0105 m\u0119\u017cczyznami i dlatego wielu z nich ogl\u0105da pornografi\u0119\u201d<\/em> (to s\u0142owa, papie\u017c Franciszek skierowa\u0142 niedawno do seminarzyst\u00f3w archidiecezji barcelo\u0144skiej). Podobnie zaskakuj\u0105ca by\u0142a liczba m\u0142odych ludzi i rodzin z dzie\u0107mi, kt\u00f3rzy przyszli po\u017cegna\u0107 papie\u017ca Benedykta.<\/p>\r\n<p>Jedn\u0105 z rzeczy, kt\u00f3ra najbardziej zirytowa\u0142a zgromadzonych biskup\u00f3w i kardyna\u0142\u00f3w, by\u0142a indolentna postawa kardyna\u0142a Gambettiego, arcykap\u0142ana Bazyliki \u015bw. Piotra. Jego zimna i mechaniczna postawa w trakcie pierwszej uroczysto\u015bci (wraz z g\u0142osem kogo\u015b, kto co tylko si\u0119 obudzi\u0142) oraz brak dba\u0142o\u015bci o wiele szczeg\u00f3\u0142\u00f3w nie pozosta\u0142y niezauwa\u017cone. Odra\u017caj\u0105ca by\u0142a r\u00f3wnie\u017c obecno\u015b\u0107 cz\u0142owieka, kt\u00f3rego ten sam kardyna\u0142 mianowa\u0142 dyrektorem bazyliki \u2013 Ettore Valzania, z zawodu technika dentystycznego, kt\u00f3ry przez trzy dni chodzi\u0142 po bazylice w d\u017cinsach, przyjmuj\u0105c kardyna\u0142\u00f3w i g\u0142owy pa\u0144stw. Osoba ta by\u0142a odpowiedzialna m.in. za podj\u0119cie decyzji o tym, \u017ce wiernym pozwolono zatrzyma\u0107 si\u0119 nie d\u0142u\u017cej ni\u017c dwie, trzy sekundy przed wystawionym cia\u0142em zmar\u0142ego papie\u017ca, bez mo\u017cliwo\u015bci odm\u00f3wienia przed nim modlitwy.<\/p>\r\n<p>Papie\u017c Franciszek mia\u0142 zamiar uda\u0107 si\u0119 do swojego mieszkania w Domu \u015awi\u0119tej Marty zaraz po zako\u0144czeniu Mszy Pogrzebowej. Dw\u00f3ch jego najbli\u017cszych wsp\u00f3\u0142pracownik\u00f3w musia\u0142o stanowczo nalega\u0107, by tego nie robi\u0142. Ostatecznie zgodzi\u0142 si\u0119 na po\u017cegnanie trumny papie\u017ca Benedykta w atrium Bazyliki \u015bw. Piotra, pozbawionej ornament\u00f3w pontyfikalnych. Kategorycznie odm\u00f3wi\u0142 jednak towarzyszenia konduktowi do krypty i celebrowania tam ostatnich obrz\u0119d\u00f3w, kt\u00f3re sprawowa\u0142 kardyna\u0142 Re, dziekan \u015awi\u0119tego Kolegium.<\/p>\r\n<p>Wielu biskup\u00f3w i kardyna\u0142\u00f3w z ca\u0142ego \u015bwiata, kt\u00f3rzy przybyli po\u017cegna\u0107 papie\u017ca emeryta, by\u0142o zdumionych \u2013 i da\u0142o temu wyraz \u2013 indolencj\u0105 gest\u00f3w i s\u0142\u00f3w papie\u017ca Franciszka w odniesieniu do jego poprzednika. Jeden z nich skomentowa\u0142 dos\u0142ownie: <em>\u201cKarmi\u0107 dusze, a nie g\u0119by, oto misja Ko\u015bcio\u0142a\u201d.<\/em><\/p>\r\n<p>Gdy tylko pojawi\u0142a si\u0119 informacja o \u015bmierci Benedykta XVI, Dom \u015awi\u0119tej Marty szybko poinformowa\u0142, \u017ce ze wzgl\u0119du na rzekome \u017cyczenie zmar\u0142ego, w pogrzebie powinni wzi\u0105\u0107 udzia\u0142 wy\u0142\u0105cznie oficjalne delegacje z W\u0142och i Niemiec. Problem pojawi\u0142 si\u0119 w \u015brod\u0119, gdy sekretarz stanu odkry\u0142 ku swemu zdumieniu, \u017ce wiele delegacji rz\u0105dowych z r\u00f3\u017cnych kraj\u00f3w b\u0119dzie uczestniczy\u0107 we Mszy jako osoby prywatne. Wiadomo\u015b\u0107 by\u0142a tak niespodziewana, \u017ce dopiero p\u00f3\u017anym wieczorem gubernatorstwo poinstruowa\u0142o odpowiedzialnych, by zapewnili miejsca parkingowe dla pojazd\u00f3w s\u0142u\u017cbowych, kt\u00f3re mia\u0142y przetransportowa\u0107 przyw\u00f3dc\u00f3w i ministr\u00f3w.<\/p>\r\n<p>Sekretarz stanu oficjalnie poinformowa\u0142 kraje, kt\u00f3re planowa\u0142y wysy\u0142a\u0107 delegacje, \u017ce ich przedstawiciele powstrzymali si\u0119 od za\u0142o\u017cenia stroj\u00f3w galowych. By\u0142o to zaskoczeniem, gdy\u017c nawet w przypadku pogrzeb\u00f3w kardyna\u0142\u00f3w stosuje si\u0119 tego typu ubiory. W przypadku \u015bmierci papie\u017ca Ratzingera odm\u00f3wiono r\u00f3wnie\u017c odznacze\u0144.<\/p>\r\n<p>&nbsp;<\/p>\r\n<figure class=\"wp-block-embed is-type-rich is-provider-handler-delloggetto-incorporato wp-block-embed-handler-delloggetto-incorporato\">\r\n<p><a href=\"https:\/\/www.aldomariavalli.it\/wp-content\/uploads\/2023\/01\/ff.jpg\"><img decoding=\"async\" class=\"aligncenter\" src=\"https:\/\/www.aldomariavalli.it\/wp-content\/uploads\/2023\/01\/ff.jpg\" width=\"716\" height=\"830\"><\/a><\/p>\r\n<\/figure>\r\n<p style=\"text-align: center;\"><em>Twarz papie\u017ca Franciszka podczas Mszy Pogrzebowej, kt\u00f3ra ilustruje ten artyku\u0142, jest do\u015b\u0107 wymowna dla odzwierciedlenia ciemno\u015bci jego duszy: wydaje si\u0119, \u017ce uczestniczy w swoim w\u0142asnym pogrzebie.<\/em><\/p>\r\n<p class=\"zrodlo\">\u0179r\u00f3d\u0142o: <a href=\"http:\/\/caminante-wanderer.blogspot.com\/2023\/01\/el-mezquino-corazon-del-papa-francisco.html\">http:\/\/caminante-wanderer.blogspot.com\/2023\/01\/el-mezquino-corazon-del-papa-francisco.html<\/a> <a href=\"https:\/\/www.aldomariavalli.it\/2023\/01\/07\/laddio-a-benedetto-xvi-e-le-meschinita-di-santa-marta\/\">https:\/\/www.aldomariavalli.it\/2023\/01\/07\/laddio-a-benedetto-xvi-e-le-meschinita-di-santa-marta\/<\/a><\/p>\r\n<p>\u2026\u2026\u2026\u2026\u2026\u2026\u2026<\/p>\r\n<figure class=\"wp-block-embed is-type-rich is-provider-handler-delloggetto-incorporato wp-block-embed-handler-delloggetto-incorporato\">\r\n<p><a href=\"https:\/\/ilsegnodigiona.files.wordpress.com\/2023\/01\/psx_20230105_191939.jpg\"><img loading=\"lazy\" decoding=\"async\" class=\"aligncenter\" src=\"https:\/\/ilsegnodigiona.files.wordpress.com\/2023\/01\/psx_20230105_191939.jpg?w=616\" width=\"713\" height=\"873\"><\/a><\/p>\r\n<\/figure>\r\n<p style=\"text-align: center;\"><em><strong>Zdj\u0119cie zrobione podczas porzebu papie\u017ca Benedykta XVI: Krzy\u017c przedzieraj\u0105cy si\u0119 przez chmury i niezwyk\u0142\u0105 w Rzymie, mg\u0142\u0119.<\/strong><\/em><\/p>\r\n<p style=\"text-align: center;\"><a href=\"https:\/\/ilsegnodigiona.com\/2023\/01\/05\/strani-segni-nel-cielo-una-croce-di-luce-squarcia-le-nuvole-durante-i-funerali-di-benedetto-xvi\/\">https:\/\/ilsegnodigiona.com\/2023\/01\/05\/strani-segni-nel-cielo-una-croce-di-luce-squarcia-le-nuvole-durante-i-funerali-di-benedetto-xvi\/<\/a><\/p>\r\n<p>&nbsp;<\/p>\r\n<p class=\"zrodlo\">Za: <a href=\"https:\/\/babylonianempire.wordpress.com\/2023\/01\/07\/podle-serce-papieza-franciszka\/\">Uczta Baltazara &#8211; (<span class=\"post-meta-date\">7 gennaio 2023<\/span>) | [Org. tytu\u0142: \u00abPod\u0142e serce papie\u017ca&nbsp;Franciszka\u00bb]<\/a><\/p>\r\n<h4>&nbsp;<\/h4>\r\n<hr style=\"background-color: #000000; border-width: 0; color: #000000; height: 2px; line-height: 0; text-align: center; width: 100%;\">\r\n<h4>&nbsp;<\/h4>\r\n<blockquote>\r\n<p><strong>KOMENTARZ <\/strong><em><strong>BIBU\u0141Y<\/strong><\/em>: Obecny g\u0142\u00f3wny administrator Watykanu, kt\u00f3ry nie jest godzien u\u017cywania \u017cadnego bardziej szacownego tytu\u0142u, jest postaci\u0105 ohydn\u0105, odra\u017caj\u0105c\u0105 i s\u0142u\u017cy jedynie jako dopust Bo\u017cy w oczyszczeniu stajni Augiasza jak\u0105 jest obecny Watykan i posoborowy Ko\u015bci\u00f3\u0142. Nie \u0142ud\u017amy si\u0119: lepiej nie b\u0119dzie dop\u00f3ki nie rozpadn\u0105 si\u0119 obecne struktury, budynki zostan\u0105 przez samych hierarch\u00f3w przekazane na &#8222;humanitarne cele&#8221;, a sko\u0142owani wierni odsun\u0105 si\u0119 od oszust\u00f3w trac\u0105c wiar\u0119 i dusze. Garstka przetrwa w jakich\u015b potajemnych grupach, zagro\u017cona prze\u015bladowaniami ze strony oficjalnej hierarchii i w\u0142adz cywilnych.<\/p>\r\n<\/blockquote>\r\n<h4>&nbsp;<\/h4>\r\n<hr style=\"background-color: #000000; border-width: 0; color: #000000; height: 2px; line-height: 0; text-align: center; width: 100%;\">\r\n<h4>&nbsp;<\/h4>","protected":false},"excerpt":{"rendered":"Miernoty otaczaj\u0105 si\u0119 lud\u017ami jeszcze bardziej miernymi od siebie, aby m\u00f3c nimi kierowa\u0107 wedle w\u0142asnego uznania i ukry\u0107 w\u0142asn\u0105 mierno\u015b\u0107. To w\u0142a\u015bnie zrobi\u0142 Bergoglio zaraz po obj\u0119ciu tronu papieskiego. I powt\u00f3rzy\u0142 to po raz enty z chwil\u0105 \u015bmierci papie\u017ca Benedykta XVI. &nbsp; &nbsp; Streszczam tu niekt\u00f3re wydarzenia z ostatnich dni, w wi\u0119kszo\u015bci anegdotyczne, ale ujawniaj\u0105ce [&hellip;]","protected":false},"author":1,"featured_media":0,"comment_status":"closed","ping_status":"closed","sticky":false,"template":"","format":"standard","meta":{"_acf_changed":false,"_monsterinsights_skip_tracking":false,"_monsterinsights_sitenote_active":false,"_monsterinsights_sitenote_note":"","_monsterinsights_sitenote_category":0,"ngg_post_thumbnail":0,"footnotes":"","_wp_rev_ctl_limit":""},"categories":[13],"tags":[393,301,41,33],"acf":[],"_links":{"self":[{"href":"https:\/\/www.bibula.com\/index.php?rest_route=\/wp\/v2\/posts\/137953"}],"collection":[{"href":"https:\/\/www.bibula.com\/index.php?rest_route=\/wp\/v2\/posts"}],"about":[{"href":"https:\/\/www.bibula.com\/index.php?rest_route=\/wp\/v2\/types\/post"}],"author":[{"embeddable":true,"href":"https:\/\/www.bibula.com\/index.php?rest_route=\/wp\/v2\/users\/1"}],"replies":[{"embeddable":true,"href":"https:\/\/www.bibula.com\/index.php?rest_route=%2Fwp%2Fv2%2Fcomments&post=137953"}],"version-history":[{"count":6,"href":"https:\/\/www.bibula.com\/index.php?rest_route=\/wp\/v2\/posts\/137953\/revisions"}],"predecessor-version":[{"id":137959,"href":"https:\/\/www.bibula.com\/index.php?rest_route=\/wp\/v2\/posts\/137953\/revisions\/137959"}],"wp:attachment":[{"href":"https:\/\/www.bibula.com\/index.php?rest_route=%2Fwp%2Fv2%2Fmedia&parent=137953"}],"wp:term":[{"taxonomy":"category","embeddable":true,"href":"https:\/\/www.bibula.com\/index.php?rest_route=%2Fwp%2Fv2%2Fcategories&post=137953"},{"taxonomy":"post_tag","embeddable":true,"href":"https:\/\/www.bibula.com\/index.php?rest_route=%2Fwp%2Fv2%2Ftags&post=137953"}],"curies":[{"name":"wp","href":"https:\/\/api.w.org\/{rel}","templated":true}]}}