{"id":137901,"date":"2023-01-02T20:32:44","date_gmt":"2023-01-03T01:32:44","guid":{"rendered":"https:\/\/www.bibula.com\/?p=137901"},"modified":"2023-01-02T20:32:44","modified_gmt":"2023-01-03T01:32:44","slug":"na-jego-przykladzie-wyroslo-nowe-pokolenie-mer-lwowa-chwali-stepana-bandere","status":"publish","type":"post","link":"https:\/\/www.bibula.com\/?p=137901","title":{"rendered":"\u201eNa jego przyk\u0142adzie wyros\u0142o nowe pokolenie\u201d \u2013 mer Lwowa chwali Stepana Bander\u0119"},"content":{"rendered":"<div class=\"p_underline\">\r\n<p class=\"has-drop-cap\">Mer Lwowa Andrij Sadowy opublikowa\u0142 w niedziel\u0119 wpis wychwalaj\u0105cy Stepana Bander\u0119. \u201eNa jego przyk\u0142adzie wyros\u0142o nowe pokolenie\u201d \u2013 stwierdzi\u0142.<\/p>\r\n<p>Mer Lwowa, Andrij Sadowy, opublikowa\u0142 w niedziel\u0119 wpis z okazji 114. rocznicy urodzin Stepana Bandery, szefa OUN. \u201eBiografia Stepana Bandery to historia niez\u0142omno\u015bci. Wi\u0119zienia, obozy koncentracyjne, prze\u015bladowania \u2013 to wszystko by\u0142o w jego \u017cyciu. Jednak nosi\u0142 swoje przekonania z dumnie podniesion\u0105 g\u0142ow\u0105. Na przyk\u0142adzie Bandery wyros\u0142o nowe pokolenie, kt\u00f3re posz\u0142o na walk\u0119 z now\u0105 moskiewsk\u0105 hord\u0105\u201d \u2013 napisa\u0142 Sadowy.<\/p>\r\n<p>\u201ePokolenie zwyci\u0119zc\u00f3w. Chwa\u0142a Ukrainie!\u201d \u2013 zako\u0144czy\u0142 sw\u00f3j wpis.<\/p>\r\n<p>&nbsp;<\/p>\r\n<p><iframe src=\"https:\/\/www.facebook.com\/plugins\/post.php?href=https%3A%2F%2Fwww.facebook.com%2Fandriy.sadovyi%2Fposts%2Fpfbid02uT1nAwMxpkAY8hgBykowMGVQDEvjwBboPAbbx92567Zmtu9KM8e4oK3vxrNw52JHl&amp;show_text=true&amp;width=500\" scrolling=\"no\" allowfullscreen=\"allowfullscreen\" data-mce-fragment=\"1\" width=\"500\" height=\"508\" frameborder=\"0\"><\/iframe><\/p>\r\n<p>&nbsp;<\/p>\r\n<p>W niedziel\u0119 <span style=\"text-decoration: underline;\"><a href=\"https:\/\/kresy.pl\/wydarzenia\/na-ukrainie-uczczono-rocznice-urodzin-bandery\/?swcfpc=1\">na Ukrainie \u015bwi\u0119towano 114. rocznic\u0119 urodzin Stepana Bandery<\/a><\/span>. Rada Najwy\u017csza Ukrainy zamie\u015bci\u0142a wpis z tej okazji. Upami\u0119tniono go m.in. we Lwowie. Mer Lwowa Andrij Sadowy, przedstawiciele lokalnych w\u0142adz i mieszka\u0144cy miasta z\u0142o\u017cyli kwiaty pod jego pomnikiem.<\/p>\r\n<p>Przypomnijmy, \u017ce <a href=\"https:\/\/kresy.pl\/wydarzenia\/w-obchodach-urodzin-bandery-w-20-obwodach-ukrainy-wzielo-udzial-35-tys-osob-wideo-foto\/\">tak\u017ce w poprzednich latach<\/a> na Ukrainie mia\u0142y miejsce <a href=\"https:\/\/kresy.pl\/wydarzenia\/czyja-ukraina-bandery-w-kijowie-i-innych-miastach-ukrainy-uczczono-rocznice-urodzin-bandery-video-foto\/\"><span style=\"text-decoration: underline;\">obchody rocznicy urodzin szefa OUN<\/span><\/a>. Zwykle w Kijowie odbywa\u0142 si\u0119 marsz z tej okazji. Ukrai\u0144skie media podkre\u015blaj\u0105, \u017ce w tym roku by\u0142o to niemo\u017cliwe z powodu trwaj\u0105cej wojny.<\/p>\r\n<p>&nbsp;<\/p>\r\n<p>Organizacja Ukrai\u0144skich Nacjonalist\u00f3w, kt\u00f3rej przyw\u00f3dc\u0105 by\u0142 Stepan Bandera (OUN-B), wraz z jej zbrojnym ramieniem \u2013 Ukrai\u0144sk\u0105 Powsta\u0144cz\u0105 Armi\u0105 odpowiada za ludob\u00f3jstwo Polak\u00f3w na Wo\u0142yniu i w Ma\u0142opolsce Wschodniej w czasie II wojny \u015bwiatowej. W czasie rzezi wo\u0142y\u0144skiej Bandera by\u0142 przetrzymywany przez Niemc\u00f3w w obozie koncentracyjnym w Sachsenhausen, w zwi\u0105zku z czym kwestionowana jest jego odpowiedzialno\u015b\u0107 za t\u0119 zbrodni\u0119. Obro\u0144cy Bandery nie bior\u0105 pod uwag\u0119, \u017ce by\u0142 on przetrzymywany w dobrych warunkach i utrzymywa\u0142 sta\u0142y kontakt ze swoj\u0105 organizacj\u0105. Opr\u00f3cz tego Bandera odpowiada za liczne zbrodnie swojego ugrupowania pope\u0142nione w czasie przebywania na wolno\u015bci.<\/p>\r\n<p>&nbsp;<\/p>\r\n<p><a href=\"https:\/\/kresy.pl\/wydarzenia\/zelenski-chmielnicki-i-bandera-wsrod-najwybitniejszych-ukraincow-wszech-czasow-sondaz\/?swcfpc=1\"><span style=\"text-decoration: underline;\">Przypomnijmy<\/span><\/a>,&nbsp;w rankingu \u201eNarodowy TOP\u201d, maj\u0105cym wskaza\u0107&nbsp;\u201enajwybitniejszych Ukrai\u0144c\u00f3w wszech czas\u00f3w\u201d, w pierwszej pi\u0105tce znale\u017ali si\u0119 m.in. prezydent Wo\u0142odymyr Ze\u0142enski, przyw\u00f3dca powstania kozackiego Bohdan Chmielnicki oraz lider OUN, Stepan Bandera.<\/p>\r\n<p>W grudniu <a href=\"https:\/\/kresy.pl\/wydarzenia\/w-izium-bedzie-ulica-bandery\/\"><span style=\"text-decoration: underline;\">informowali\u015bmy<\/span><\/a>, \u017ce w ramach zmiany nazw ulic w mie\u015bcie Izium w obwodzie charkowskim pojawi si\u0119 tam m.in. ulica imienia lidera OUN, Stepana Bandery.<\/p>\r\n<p>Jak&nbsp;<a href=\"https:\/\/kresy.pl\/wydarzenia\/w-winnicy-zamienili-ulice-tolstoja-na-stepana-bandery\/?swcfpc=1\"><span style=\"text-decoration: underline;\">pisali\u015bmy<\/span><\/a>, pod koniec listopada ub. r. Rada Miejska Winnicy zmieni\u0142a nazw\u0119 ulicy Lwa To\u0142stoja, kt\u00f3ra odt\u0105d nosi imi\u0119 Stepana Bandery. Innej ulicy nadano imi\u0119 jednego z dow\u00f3dc\u00f3w UPA.<\/p>\r\n<p><a href=\"https:\/\/kresy.pl\/wydarzenia\/w-obwodzie-winnickim-na-ukrainie-zlikwidowano-ulice-bandery\/?swcfpc=1\"><span style=\"text-decoration: underline;\">Dodajmy<\/span><\/a>, \u017ce w listopadzie rada miejscowo\u015bci Tywr\u00f3w w obwodzie winnickim na Ukrainie postanowi\u0142a usun\u0105\u0107 nazw\u0119 ulicy imienia Stepana Bandery.<\/p>\r\n<p>Z kolei we wrze\u015bniu ub. r. Rada Miasta Dniepr postanowi\u0142a zmieni\u0107 nazw\u0119 45 ulic. Obejmuje to r\u00f3wnie\u017c przypisanie jednej z centralnych ulic miasta imienia Stepana Bandery.<\/p>\r\n<ul>\r\n\t<li>Zobacz tak\u017ce: <a title=\"fot: YouTube\" href=\"https:\/\/kresy.pl\/wydarzenia\/ukrainska-piosenkarka-opublikowala-piosenke-bandera-ponad-pol-miliona-wyswietlen-w-dwa-tygodnie\/?swcfpc=1\" rel=\"bookmark\">Ukrai\u0144ska piosenkarka opublikowa\u0142a piosenk\u0119 \u201eBandera\u201d, ponad p\u00f3\u0142 miliona wy\u015bwietle\u0144 w dwa tygodnie<\/a><\/li>\r\n\t<li>Czytaj tak\u017ce: <a href=\"https:\/\/kresy.pl\/wydarzenia\/ukrainska-szopka-bozonarodzeniowa-z-bandera-i-bidenem\/?swcfpc=1\">Ukrai\u0144ska szopka bo\u017conarodzeniowa z Bander\u0105 i Bidenem<\/a><\/li>\r\n\t<li>Zobacz tak\u017ce: <a href=\"https:\/\/kresy.pl\/wydarzenia\/jedynie-14-ukraincow-uznaje-jakakolwiek-odpowiedzialnosc-upa-za-ludobojstwo-na-polakach-sondaz\/?swcfpc=1\">Jedynie 14% Ukrai\u0144c\u00f3w uznaje jak\u0105kolwiek odpowiedzialno\u015b\u0107 UPA za ludob\u00f3jstwo na Polakach [SONDA\u017b]<\/a><\/li>\r\n\t<li>Zobacz tak\u017ce: <a href=\"https:\/\/kresy.pl\/wydarzenia\/regiony\/europa-zachodnia\/ambasador-ukrainy-broni-stepana-bandery-i-uzasadnia-zbrodnie-na-polakach-video\/?swcfpc=1\">Ambasador Ukrainy broni Stepana Bandery i uzasadnia zbrodnie na Polakach [+VIDEO]<\/a><\/li>\r\n<\/ul>\r\n<p>Kresy.pl<\/p>\r\n<\/div>","protected":false},"excerpt":{"rendered":"Mer Lwowa Andrij Sadowy opublikowa\u0142 w niedziel\u0119 wpis wychwalaj\u0105cy Stepana Bander\u0119. \u201eNa jego przyk\u0142adzie wyros\u0142o nowe pokolenie\u201d \u2013 stwierdzi\u0142. Mer Lwowa, Andrij Sadowy, opublikowa\u0142 w niedziel\u0119 wpis z okazji 114. rocznicy urodzin Stepana Bandery, szefa OUN. \u201eBiografia Stepana Bandery to historia niez\u0142omno\u015bci. Wi\u0119zienia, obozy koncentracyjne, prze\u015bladowania \u2013 to wszystko by\u0142o w jego \u017cyciu. Jednak nosi\u0142 [&hellip;]","protected":false},"author":1,"featured_media":0,"comment_status":"closed","ping_status":"closed","sticky":false,"template":"","format":"standard","meta":{"_acf_changed":false,"_monsterinsights_skip_tracking":false,"_monsterinsights_sitenote_active":false,"_monsterinsights_sitenote_note":"","_monsterinsights_sitenote_category":0,"ngg_post_thumbnail":0,"footnotes":"","_wp_rev_ctl_limit":""},"categories":[13],"tags":[29,167,17],"acf":[],"_links":{"self":[{"href":"https:\/\/www.bibula.com\/index.php?rest_route=\/wp\/v2\/posts\/137901"}],"collection":[{"href":"https:\/\/www.bibula.com\/index.php?rest_route=\/wp\/v2\/posts"}],"about":[{"href":"https:\/\/www.bibula.com\/index.php?rest_route=\/wp\/v2\/types\/post"}],"author":[{"embeddable":true,"href":"https:\/\/www.bibula.com\/index.php?rest_route=\/wp\/v2\/users\/1"}],"replies":[{"embeddable":true,"href":"https:\/\/www.bibula.com\/index.php?rest_route=%2Fwp%2Fv2%2Fcomments&post=137901"}],"version-history":[{"count":1,"href":"https:\/\/www.bibula.com\/index.php?rest_route=\/wp\/v2\/posts\/137901\/revisions"}],"predecessor-version":[{"id":137902,"href":"https:\/\/www.bibula.com\/index.php?rest_route=\/wp\/v2\/posts\/137901\/revisions\/137902"}],"wp:attachment":[{"href":"https:\/\/www.bibula.com\/index.php?rest_route=%2Fwp%2Fv2%2Fmedia&parent=137901"}],"wp:term":[{"taxonomy":"category","embeddable":true,"href":"https:\/\/www.bibula.com\/index.php?rest_route=%2Fwp%2Fv2%2Fcategories&post=137901"},{"taxonomy":"post_tag","embeddable":true,"href":"https:\/\/www.bibula.com\/index.php?rest_route=%2Fwp%2Fv2%2Ftags&post=137901"}],"curies":[{"name":"wp","href":"https:\/\/api.w.org\/{rel}","templated":true}]}}