{"id":1379,"date":"2007-11-19T22:34:58","date_gmt":"2007-11-19T22:34:58","guid":{"rendered":""},"modified":"2022-09-22T13:45:08","modified_gmt":"2022-09-22T17:45:08","slug":"david-miliband-minister-spraw-zagranicznych-wielkiej-brytanii-ma-du-rodzin-w-izraelu","status":"publish","type":"post","link":"https:\/\/www.bibula.com\/?p=1379","title":{"rendered":"David Miliband, Minister Spraw Zagranicznych Wielkiej Brytanii &#8222;ma du\u017c\u0105 rodzin\u0119 w Izraelu&#8221;"},"content":{"rendered":"<p>Minister Spraw Zagranicznych (<em>Foreign Secretary<\/em>) David Miliband, kt\u00f3ry przebywa\u0142 w Izraelu celem &#8222;organizowania mi\u0119dzynarodowych zabieg\u00f3w na nadchodz\u0105c\u0105 pokojow\u0105 konferencj\u0119 w Annapolis&#8221;, &#8222;sam jest \u017bydem i ma du\u017c\u0105 rodzin\u0119 w Izraelu&#8221; &#8211; oznajmia izraelska agencja <em>JTA<\/em>.<\/p>\r\n<p>Miri Krimolowski, korespondentka <em>Israel Radio<\/em>, &#8222;odkry\u0142a w raporcie, \u017ce sama jest kuzynk\u0105&#8221; [dok\u0142. <em>second cousin<\/em> &#8211; czyli maj\u0105 wsp\u00f3lnego pradziadka] obecnego ministra Davida Miliband. Wed\u0142ug Krimilowski, wielu krewnych ministra Miliband mieszka w kibucach na okupowanych przez Izrael terenach Zachodniego Brzegu. Brytyjska ambasada w Tel Awiwie nie skomentowa\u0142a informacji o zorganizowaniu spotkania rodzinnego ministra Miliband ze swoj\u0105 rozleg\u0142\u0105 rodzin\u0105 w Izraelu. Wed\u0142ug pisma<em> Ma\u2019ariv<\/em>, minister Miliband przes\u0142a\u0142 miesi\u0105c temu ta\u015bm\u0119 video z \u017cyczeniami &#8222;dla oko\u0142o stu swoich krewnych mieszkaj\u0105cych w Izraelu&#8221;.<\/p>\r\n<p>&nbsp;<\/p>\r\n<blockquote>\r\n<p><strong>FAKTY <em>BIBU\u0141Y<\/em>:<\/strong><\/p>\r\n<table style=\"width: 200px;\" border=\"0\" align=\"right\">\r\n<tbody>\r\n<tr>\r\n<td>&nbsp;<\/td>\r\n<td>&nbsp;<\/td>\r\n<td>&nbsp;<\/td>\r\n<\/tr>\r\n<tr>\r\n<td width=\"20\">&nbsp;<\/td>\r\n<td><img decoding=\"async\" src=\"http:\/\/www.bibula.com\/images\/David_Miliband_11_April_2007.JPG\" alt=\"\" width=\"150\"><\/td>\r\n<td>&nbsp;<\/td>\r\n<\/tr>\r\n<tr>\r\n<td width=\"20\">&nbsp;<\/td>\r\n<td class=\"content\">David Miliband &#8211; nowy Minister Spraw Zagranicznych Wielkiej Brytanii (<em>Foreign Secretary<\/em>)- wnuk Samuela Milliband, \u017byda z Warszawy, kt\u00f3ry ochotniczo zaci\u0105gn\u0105\u0142 si\u0119 do Armii Czerwonej by walczy\u0107 przeciwko Polsce w wojnie 1920 roku, i syn Adolfa &#8222;Ralpha&#8221; Miliband, komunisty, wyk\u0142adowcy marksizmu-leninizmu i dzia\u0142acza syjonistycznego.\r\n\r\n<p>&nbsp;<\/p>\r\n<p>&nbsp;<\/p>\r\n<p>&nbsp;<\/p>\r\n<p><span class=\"zrodlo\">Photo Source: wikipedia<\/span><\/p>\r\n<\/td>\r\n<td>&nbsp;<\/td>\r\n<\/tr>\r\n<\/tbody>\r\n<\/table>\r\n<p>41-letni <strong>David Miliband<\/strong>, jest wnukiem \u017byda z Warszawy i synem Ralpha Miliband (prawdziwe imi\u0119: Adolf), znanego piewcy Marksizmu i komunizmu. David Miliband obj\u0105\u0142 najwa\u017cniejsze stanowisko polityki zagranicznej w rz\u0105dzie brytyjskim jako drugi w historii najm\u0142odszy Minister SZ, pomimo braku jakiejkolwiek praktyki w s\u0142u\u017cbie zagranicznej.<br>\r\nDavid Miliband jest synem <strong>Adolfa &#8222;Ralph&#8221; Miliband<\/strong>, wyk\u0142adowcy ekonomii marksistowskiej na brytyjskich i ameryka\u0144skich uniwersytetach, wsp\u00f3\u0142tw\u00f3rcy Nowej Lewicy i wydawcy skrajnie lewicowych pism.<\/p>\r\n<p>Dziadek Davida Miliband, <strong>Samuel &#8222;Sam&#8221; Miliband<\/strong>, by\u0142 zagorza\u0142ym komunist\u0105 i wrogiem Polski. W wojnie 1920 roku zaci\u0105gn\u0105\u0142 si\u0119 dobrowolnie do Armii Czerwonej i walczy\u0142 w jej szeregach przeciwko Polsce. Wkr\u00f3tce po tym ucieka z Polski do Belgii. W Brukseli rodzi si\u0119 ojciec Davida, Adolf &#8222;Ralph&#8221; Miliband. Mieszka w Belgii do 1940 roku. Jak podaje w swojej biografii, ju\u017c w wieku 12 przy\u0142\u0105cza si\u0119 do syjonistycznej skrajnie lewicowej organizacji podburzaj\u0105cej miejscow\u0105 ludno\u015b\u0107 belgijsk\u0105. Adolf Miliband w wieku 16 lat przedostaje si\u0119 wraz z ojcem do Londynu, gdzie robi b\u0142yskawiczn\u0105 karier\u0119, zaczynaj\u0105c ju\u017c w 1941 roku presti\u017cow\u0105 <em>London School of Economics<\/em>.<br>\r\nLatem 1940 roku, czyli od razu po przybyciu do Anglii, Adolf &#8222;Ralph&#8221; Miliband nad grobem Karola Marksa na cmentarzu Highgate sk\u0142ada przysi\u0119g\u0119 dochowania wierno\u015bci ideom komunizmu.<\/p>\r\n<p>Adolf &#8222;Ralph&#8221; Miliband zadba\u0142 o odpowiedni\u0105 karier\u0119 r\u00f3wnie\u017c dla swojego drugiego syna. W rz\u0105dzie Premiera Browna m\u0142odszy brat nowego Ministra Spraw Zagranicznych, 37-letni <strong>Ed Miliband<\/strong> nadzoruje dzia\u0142anie Biura Gabinetu, czyli departamentu odpowiedzialnego za wprowadzanie w \u017cycie decyzji rz\u0105du.<br>\r\nSynowie Adolfa &#8222;Ralpha&#8221; Miliband i Marion Kozak, wychowywali si\u0119 w podlondy\u0144skim domu, kt\u00f3ry &#8211; jak wspominaj\u0105 &#8211; przesi\u0105kni\u0119ty by\u0142 lewicow\u0105 atmosfer\u0105 i cz\u0119stymi wizytami dzia\u0142aczy mi\u0119dzynarod\u00f3wki komunistycznej.<\/p>\r\n<p>Jak <a href=\"http:\/\/www.bibula.com\/?p=1379\" target=\"_blank\" rel=\"noopener\">podaje<\/a> korespondentka <em>Israel Radio<\/em>, David Miliband ma liczn\u0105 rodzin\u0119 w Izraelu, z kt\u00f3rych cz\u0119\u015b\u0107 mieszka w kibucach na Zachodnim Brzegu, czyli na okupowanych przez Izrael ziemiach Palesty\u0144skich. Wed\u0142ug pisma<em> Ma\u2019ariv<\/em>, minister David Miliband przes\u0142a\u0142 w pa\u017adzierniku 2007 r. ta\u015bm\u0119 video z \u017cyczeniami &#8222;dla oko\u0142o stu swoich krewnych mieszkaj\u0105cych w Izraelu&#8221;.<\/p>\r\n<\/blockquote>\r\n<p>&nbsp;<\/p>\r\n<blockquote>\r\n<p><strong>ZOB. R\u00d3WNIE\u017b:<\/strong><\/p>\r\n<ul>\r\n\t<li><a class=\"content_sz\" href=\"http:\/\/www.bibula.com\/?p=01087\" target=\"_blank\" rel=\"noopener\"><strong>Nominacje premiera Gordon Brown<\/strong><\/a><\/li>\r\n\t<li><a class=\"content_sz\" href=\"http:\/\/www.bibula.com\/?p=01277\"><strong>\u017bydzi stanowi\u0105 wi\u0119cej ni\u017c po\u0142ow\u0119 najbardziej wp\u0142ywowych ludzi na \u015bwiecie &#8211; stwierdza ranking pisma <em>Vanity Fair<\/em><\/strong><\/a><\/li>\r\n\t<li><a class=\"content_sz\" href=\"http:\/\/www.bibula.com\/?p=01236\">USA: Pod naciskiem grup \u017cydowskich katolicka uczelnia wycofa\u0142a zaproszenie dla Desmonda Tutu<\/a><\/li>\r\n\t<li><a class=\"content_sz\" href=\"http:\/\/www.bibula.com\/?p=01224\">Nowojorskie grupy \u017cydowskie otrzyma\u0142y wi\u0119kszo\u015b\u0107 federalnych grant\u00f3w na &#8222;zabezpieczenie przed terroryzmem&#8221;<\/a><\/li>\r\n\t<li><a class=\"content_sz\" href=\"http:\/\/www.bibula.com\/?p=01195\">Bush nominowa\u0142 ortodoksyjnego \u017byda na Prokuratora Generalnego USA<\/a><\/li>\r\n\t<li><a class=\"content_sz\" href=\"http:\/\/www.bibula.com\/?p=01340\">Gdy brakuje antysemityzmu, nale\u017cy go samemu wykreowa\u0107: \u017byd\u00f3wka sama namalowa\u0142a sobie swastyki na drzwiach<\/a><\/li>\r\n\t<li><a class=\"content_sz\" href=\"http:\/\/www.bibula.com\/?p=01265\">\u017bydowska organizacja chce uciszy\u0107 komentatork\u0119 Ann Coulter za jej uwag\u0119 o tym, \u017ce \u017bydzi powinni nawr\u00f3ci\u0107 si\u0119 na chrze\u015bcija\u0144stwo<\/a><\/li>\r\n\t<li><a class=\"content_sz\" href=\"http:\/\/www.bibula.com\/?p=01263\">Rudolf Giuliani mianowa\u0142 kolejnych trzech \u017byd\u00f3w na swoich doradc\u00f3w<\/a><\/li>\r\n\t<li><a class=\"content_sz\" href=\"http:\/\/www.bibula.com\/?p=00997\"><strong>Dalsza konsolidacja medi\u00f3w w r\u0119kach \u017cydowskich<\/strong><\/a><\/li>\r\n\t<li><a class=\"content_sz\" href=\"http:\/\/www.bibula.com\/?p=00712\"><strong>Wybory w USA: Czterokrotna nadreprezentacja \u017byd\u00f3w w Kongresie<\/strong><\/a><\/li>\r\n\t<li><a class=\"content_sz\" href=\"http:\/\/www.bibula.com\/?p=00730\" target=\"_blank\" rel=\"noopener\"><strong>Wzros\u0142a liczba \u017byd\u00f3w w parlamentach r\u00f3\u017cnych kraj\u00f3w \u015bwiata<\/strong><\/a><\/li>\r\n\t<li><a class=\"content_sz\" href=\"http:\/\/www.bibula.com\/?p=00890\">&#8222;Tropiciel antysemityzmu&#8221; mianowany nowym dyrektorem Radia Wolna Europa<\/a><\/li>\r\n\t<li><a class=\"content_sz\" href=\"http:\/\/www.bibula.com\/?p=00569\">Rudolph Giuliani najlepszym kandydatem na Prezydenta USA &#8222;z punktu widzenia interes\u00f3w Izraela&#8221;<\/a><\/li>\r\n\t<li><a class=\"content_sz\" href=\"http:\/\/www.bibula.com\/?p=01295\">Gubernator Florydy wprowadza do swojego biura praktyki \u017cydowskie<\/a><\/li>\r\n<\/ul>\r\n<\/blockquote>","protected":false},"excerpt":{"rendered":"Minister Spraw Zagranicznych (Foreign Secretary) David Miliband, kt\u00f3ry przebywa\u0142 w Izraelu celem &#8222;organizowania mi\u0119dzynarodowych zabieg\u00f3w na nadchodz\u0105c\u0105 pokojow\u0105 konferencj\u0119 w Annapolis&#8221;, &#8222;sam jest \u017bydem i ma du\u017c\u0105 rodzin\u0119 w Izraelu&#8221; &#8211; oznajmia izraelska agencja JTA. Miri Krimolowski, korespondentka Israel Radio, &#8222;odkry\u0142a w raporcie, \u017ce sama jest kuzynk\u0105&#8221; [dok\u0142. second cousin &#8211; czyli maj\u0105 wsp\u00f3lnego pradziadka] [&hellip;]","protected":false},"author":1,"featured_media":0,"comment_status":"closed","ping_status":"open","sticky":false,"template":"","format":"standard","meta":{"_acf_changed":false,"_monsterinsights_skip_tracking":false,"_monsterinsights_sitenote_active":false,"_monsterinsights_sitenote_note":"","_monsterinsights_sitenote_category":0,"ngg_post_thumbnail":0,"footnotes":"","_wp_rev_ctl_limit":""},"categories":[6],"tags":[55],"acf":[],"_links":{"self":[{"href":"https:\/\/www.bibula.com\/index.php?rest_route=\/wp\/v2\/posts\/1379"}],"collection":[{"href":"https:\/\/www.bibula.com\/index.php?rest_route=\/wp\/v2\/posts"}],"about":[{"href":"https:\/\/www.bibula.com\/index.php?rest_route=\/wp\/v2\/types\/post"}],"author":[{"embeddable":true,"href":"https:\/\/www.bibula.com\/index.php?rest_route=\/wp\/v2\/users\/1"}],"replies":[{"embeddable":true,"href":"https:\/\/www.bibula.com\/index.php?rest_route=%2Fwp%2Fv2%2Fcomments&post=1379"}],"version-history":[{"count":1,"href":"https:\/\/www.bibula.com\/index.php?rest_route=\/wp\/v2\/posts\/1379\/revisions"}],"predecessor-version":[{"id":136310,"href":"https:\/\/www.bibula.com\/index.php?rest_route=\/wp\/v2\/posts\/1379\/revisions\/136310"}],"wp:attachment":[{"href":"https:\/\/www.bibula.com\/index.php?rest_route=%2Fwp%2Fv2%2Fmedia&parent=1379"}],"wp:term":[{"taxonomy":"category","embeddable":true,"href":"https:\/\/www.bibula.com\/index.php?rest_route=%2Fwp%2Fv2%2Fcategories&post=1379"},{"taxonomy":"post_tag","embeddable":true,"href":"https:\/\/www.bibula.com\/index.php?rest_route=%2Fwp%2Fv2%2Ftags&post=1379"}],"curies":[{"name":"wp","href":"https:\/\/api.w.org\/{rel}","templated":true}]}}