{"id":137869,"date":"2023-01-02T20:31:39","date_gmt":"2023-01-03T01:31:39","guid":{"rendered":"https:\/\/www.bibula.com\/?p=137869"},"modified":"2023-01-02T20:31:39","modified_gmt":"2023-01-03T01:31:39","slug":"interpelacja-brauna-i-odpowiedz-zaryna","status":"publish","type":"post","link":"https:\/\/www.bibula.com\/?p=137869","title":{"rendered":"Interpelacja Brauna i \u201eodpowied\u017a\u201d \u017baryna"},"content":{"rendered":"<p><strong>Jednym z nielicznych pos\u0142\u00f3w, odwa\u017cnie staj\u0105cych w obronie zagro\u017conej w Polsce wolno\u015bci s\u0142owa, jest Grzegorz Braun. <\/strong><\/p>\r\n<p>Lider Konfederacji Korony Polskiej z\u0142o\u017cy\u0142 13 pa\u017adziernika br. interpelacj\u0119 poselsk\u0105 w sprawie blokowania dost\u0119pu do serwisu myslpolska.info. W interpelacji pose\u0142, d\u0105\u017c\u0105c do wyja\u015bnienia podstaw prawnych dzia\u0142ania polskiego rz\u0105du, zada\u0142 szereg szczeg\u00f3\u0142owych pyta\u0144 Ministrowi koordynatorowi s\u0142u\u017cb specjalnych.<\/p>\r\n<p>Odpowiedzi na interpelacj\u0119 udzieli\u0142 <strong>Stanis\u0142aw \u017baryn<\/strong>, Sekretarz Stanu w Kancelarii Prezesa Rady Ministr\u00f3w. <strong>Ten partyjno-rz\u0105dowy urz\u0119dnik ca\u0142kowicie zignorowa\u0142 tre\u015b\u0107 pyta\u0144 pos\u0142a.<\/strong> To kolejny popis arogancji obecnej w\u0142adzy, najwyra\u017aniej prze\u015bwiadczonej o w\u0142asnej bezkarno\u015bci.<\/p>\r\n<p>Poni\u017cej zamieszczamy pe\u0142en tekst interpelacji pos\u0142a Brauna oraz odpowiedzi Stanis\u0142awa \u017baryna.<\/p>\r\n<p><strong>Interpelacja pos\u0142a Grzegorza Brauna:<\/strong><\/p>\r\n<p>&nbsp;<\/p>\r\n<p style=\"padding-left: 40px;\"><em>Szanowny Panie Ministrze,<\/em><\/p>\r\n<p style=\"padding-left: 40px;\"><em>w marcu bie\u017c\u0105cego roku na zlecenie Agencji Bezpiecze\u0144stwa Wewn\u0119trznego dla polskich internaut\u00f3w zosta\u0142 zablokowany dost\u0119p do strony www.myslpolska.info, stanowi\u0105cej serwis internetowy tygodnika \u201eMy\u015bl Polska\u201d.<\/em><\/p>\r\n<p style=\"padding-left: 40px;\"><em>Wed\u0142ug doniesie\u0144 prasowych blokada dost\u0119pu nast\u0105pi\u0142a na podstawie art. 180 ust. 1 ustawy Prawo telekomunikacyjne, a strona www.myslpolska.info znalaz\u0142a si\u0119 w gronie portali zablokowanych ze wzgl\u0119du na szerzenie rosyjskiej dezinformacji.<\/em><\/p>\r\n<p style=\"padding-left: 40px;\"><em>Nale\u017cy przy tym odnotowa\u0107, \u017ce \u201eMy\u015bl Polska\u201d jest obecnie najstarszym polskim tygodnikiem ukazuj\u0105cym si\u0119 w spos\u00f3b ci\u0105g\u0142y. Pierwszy numer \u201eMy\u015bli Polskiej\u201d ukaza\u0142 si\u0119 20 marca 1941 r. w Londynie. Pismo powsta\u0142o jako organ emigracyjnego Stronnictwa Narodowego. W okresie stalinowskim w Polsce \u201eMy\u015bl Polska\u201d znajdowa\u0142a si\u0119 w wykazie pism zakazanych przez cenzur\u0119. Do prze\u0142omu pa\u017adziernikowego w 1956 roku za posiadanie i czytanie pisma grozi\u0142y ostre represje. W p\u00f3\u017aniejszym okresie, pocz\u0105wszy od lat 70. XX wieku, \u201eMy\u015bl Polska\u201d by\u0142a p\u00f3\u0142legalna i dost\u0119pna w czytelni bibliotek miejskich. W 1993 roku redakcja pisma zosta\u0142a przeniesiona do Polski, przy udziale m.in. Jana Tomasza Zamoyskiego.<\/em><\/p>\r\n<p style=\"padding-left: 40px;\"><em>Od pierwszego numeru do dzisiaj \u201eMy\u015bl Polska\u201d prezentuje ci\u0105g\u0142\u0105 lini\u0119 programow\u0105, b\u0119d\u0105c tygodnikiem spo\u0142eczno-politycznym o orientacji narodowo-demokratycznej. Jest zatem istotn\u0105 cz\u0119\u015bci\u0105 zas\u0142u\u017conego dla polskiej pa\u0144stwowo\u015bci obozu narodowo-demokratycznego.<\/em><\/p>\r\n<p style=\"padding-left: 40px;\"><em><strong>W zwi\u0105zku z powy\u017cszym prosz\u0119 o odpowiedzi na nast\u0119puj\u0105ce pytania:<\/strong><\/em><\/p>\r\n<ol>\r\n\t<li style=\"list-style-type: none;\">\r\n<ol>\r\n\t<li><em>Kt\u00f3ry podmiot (Policja, Biuro Nadzoru Wewn\u0119trznego, Stra\u017c Graniczna, S\u0142u\u017cba Ochrony Pa\u0144stwa, Agencja Bezpiecze\u0144stwa Wewn\u0119trznego, S\u0142u\u017cba Kontrwywiadu Wojskowego, \u017bandarmeria Wojskowa, Centralne Biuro Antykorupcyjne czy Krajowa Administracja Skarbowa) wnioskowa\u0142 o zablokowanie dost\u0119pu do strony internetowej www.myslpolska.info?<\/em><\/li>\r\n\t<li><em>Jakie konkretne fakty, publikacje lub wypowiedzi uzasadnia\u0142y zablokowanie dost\u0119pu do strony internetowej www.myslpolska.info?<\/em><\/li>\r\n\t<li><em>Kiedy te fakty, publikacje lub wypowiedzi mia\u0142y miejsce, kto by\u0142 ich autorem i jaki by\u0142 zwi\u0105zek autora z redakcj\u0105 strony internetowej www.myslpolska.info lub tygodnika \u201eMy\u015bl Polska\u201d?<\/em><\/li>\r\n\t<li><em>Na jakiej podstawie rz\u0105d uzna\u0142, \u017ce te fakty, publikacje lub wypowiedzi mog\u0105 zagra\u017ca\u0107 obronno\u015bci, bezpiecze\u0144stwu pa\u0144stwa oraz bezpiecze\u0144stwu i porz\u0105dkowi publicznemu (przes\u0142anki z art. 180 ust. 1 ustawy Prawo telekomunikacyjne)?<\/em><\/li>\r\n<\/ol>\r\n<\/li>\r\n<\/ol>\r\n<p style=\"padding-left: 40px;\"><em>Z wyrazami szacunku<\/em><\/p>\r\n<p style=\"padding-left: 40px;\"><em>Grzegorz Braun<\/em><\/p>\r\n<p>&nbsp;<\/p>\r\n<p><strong>Odpowied\u017a Stanis\u0142awa \u017baryna, Sekretarza Stanu w Kancelarii Prezesa Rady Ministr\u00f3w:<\/strong><\/p>\r\n<p style=\"padding-left: 40px;\"><em>Szanowna Pani Marsza\u0142ek,<\/em><\/p>\r\n<p style=\"padding-left: 40px;\"><em>Odpowiadaj\u0105c na interpelacj\u0119 numer K9INT36517, Pana Pos\u0142a Grzegorza Brauna, w sprawie blokowania dost\u0119pu do strony internetowej tygodnika \u201eMy\u015bl Polska\u201d, uprzejmie informuj\u0119, \u017ce s\u0142u\u017cby specjalne na bie\u017c\u0105co monitoruj\u0105 przestrze\u0144 informacyjn\u0105 Rzeczypospolitej Polskiej i dokonuj\u0105 jej analizy pod k\u0105tem pojawiaj\u0105cych si\u0119 zagro\u017ce\u0144, w tym zagro\u017ce\u0144 hybrydowych w postaci operacji dezinformacyjnych. Zgodnie z ustaw\u0105 z dnia 16 lipca 2004 r. Prawo telekomunikacyjne, je\u015bli po\u0142\u0105czenia telekomunikacyjne lub przekazy informacji mog\u0105 zagra\u017ca\u0107 obronno\u015bci, bezpiecze\u0144stwu pa\u0144stwa lub bezpiecze\u0144stwu i porz\u0105dkowi publicznemu, wskazane w ustawie podmioty s\u0105 uprawnione do \u017c\u0105dania zablokowania takich przekaz\u00f3w przez dostawc\u00f3w telekomunikacyjnych lub do dokonania takiej blokady.<\/em><\/p>\r\n<p style=\"padding-left: 40px;\"><em>Z powa\u017caniem<\/em><\/p>\r\n<p style=\"padding-left: 40px;\"><em>z upowa\u017cnienia Ministra<\/em><\/p>\r\n<p style=\"padding-left: 40px;\"><em>Stanis\u0142aw \u017baryn<\/em><\/p>\r\n<p style=\"padding-left: 40px;\"><em>Sekretarz Stanu w Kancelarii Prezesa Rady Ministr\u00f3w<\/em><\/p>\r\n<p>&nbsp;<\/p>\r\n<p>My\u015bl Polska, nr 1-2 (1-8.01.2023)<\/p>\r\n<p>&nbsp;<\/p>","protected":false},"excerpt":{"rendered":"Jednym z nielicznych pos\u0142\u00f3w, odwa\u017cnie staj\u0105cych w obronie zagro\u017conej w Polsce wolno\u015bci s\u0142owa, jest Grzegorz Braun. Lider Konfederacji Korony Polskiej z\u0142o\u017cy\u0142 13 pa\u017adziernika br. interpelacj\u0119 poselsk\u0105 w sprawie blokowania dost\u0119pu do serwisu myslpolska.info. W interpelacji pose\u0142, d\u0105\u017c\u0105c do wyja\u015bnienia podstaw prawnych dzia\u0142ania polskiego rz\u0105du, zada\u0142 szereg szczeg\u00f3\u0142owych pyta\u0144 Ministrowi koordynatorowi s\u0142u\u017cb specjalnych. Odpowiedzi na interpelacj\u0119 [&hellip;]","protected":false},"author":1,"featured_media":0,"comment_status":"closed","ping_status":"closed","sticky":false,"template":"","format":"standard","meta":{"_acf_changed":false,"_monsterinsights_skip_tracking":false,"_monsterinsights_sitenote_active":false,"_monsterinsights_sitenote_note":"","_monsterinsights_sitenote_category":0,"ngg_post_thumbnail":0,"footnotes":"","_wp_rev_ctl_limit":""},"categories":[13],"tags":[16,92],"acf":[],"_links":{"self":[{"href":"https:\/\/www.bibula.com\/index.php?rest_route=\/wp\/v2\/posts\/137869"}],"collection":[{"href":"https:\/\/www.bibula.com\/index.php?rest_route=\/wp\/v2\/posts"}],"about":[{"href":"https:\/\/www.bibula.com\/index.php?rest_route=\/wp\/v2\/types\/post"}],"author":[{"embeddable":true,"href":"https:\/\/www.bibula.com\/index.php?rest_route=\/wp\/v2\/users\/1"}],"replies":[{"embeddable":true,"href":"https:\/\/www.bibula.com\/index.php?rest_route=%2Fwp%2Fv2%2Fcomments&post=137869"}],"version-history":[{"count":1,"href":"https:\/\/www.bibula.com\/index.php?rest_route=\/wp\/v2\/posts\/137869\/revisions"}],"predecessor-version":[{"id":137871,"href":"https:\/\/www.bibula.com\/index.php?rest_route=\/wp\/v2\/posts\/137869\/revisions\/137871"}],"wp:attachment":[{"href":"https:\/\/www.bibula.com\/index.php?rest_route=%2Fwp%2Fv2%2Fmedia&parent=137869"}],"wp:term":[{"taxonomy":"category","embeddable":true,"href":"https:\/\/www.bibula.com\/index.php?rest_route=%2Fwp%2Fv2%2Fcategories&post=137869"},{"taxonomy":"post_tag","embeddable":true,"href":"https:\/\/www.bibula.com\/index.php?rest_route=%2Fwp%2Fv2%2Ftags&post=137869"}],"curies":[{"name":"wp","href":"https:\/\/api.w.org\/{rel}","templated":true}]}}