{"id":137834,"date":"2022-12-25T18:39:38","date_gmt":"2022-12-25T23:39:38","guid":{"rendered":"https:\/\/www.bibula.com\/?p=137834"},"modified":"2022-12-25T18:39:38","modified_gmt":"2022-12-25T23:39:38","slug":"spotkanie-z-dr-leszkiem-sykulskim","status":"publish","type":"post","link":"https:\/\/www.bibula.com\/?p=137834","title":{"rendered":"Spotkanie z dr. Leszkiem Sykulskim"},"content":{"rendered":"<div class=\"btArticleContentInnerInner\">\r\n<div class=\"bt_bb_wrapper\">\r\n<p><strong>16 grudnia br w Auli Centrum Edukacyjnego im. Swi\u0119tego Jana Paw\u0142a II odby\u0142o si\u0119 spotkanie otwarte z panem dr Leszkiem Sykulskim, kt\u00f3ry wyg\u0142osi\u0142 prelekcj\u0119 pod tytu\u0142em \u201eKto chce wci\u0105gn\u0105\u0107 Polsk\u0119 do wojny z Rosj\u0105\u201d. <\/strong><\/p>\r\n<p>Organizatorem spotkania by\u0142 Klub Konfederacji Korony Polskiej wraz z organizacjami Pobudka \u2013 Klucz Gliwice oraz Pod Chor\u0105gwi\u0105 Matki Bo\u017cej \u0141ysickiej. Wyk\u0142ady dr Leszka Sykulskiego niezmiennie ciesz\u0105 si\u0119 ogromnym zainteresowaniem. Dzi\u0119ki prowadzonemu przez siebie kana\u0142owi w serwisie YouTube dr Sykulski przyczyni\u0142 si\u0119 do bezprecedensowego wzrostu zainteresowania geopolityk\u0105. Nie powinien dziwi\u0107 zatem fakt, \u017ce omawiane spotkanie zaowocowa\u0142o wysok\u0105 frekwencj\u0105 widz\u00f3w. Aula zape\u0142niona by\u0142a do ostatniego miejsca. W\u015br\u00f3d s\u0142uchaczy przewa\u017cali ludzie rozczarowani aktualn\u0105 sytuacj\u0105 gospodarcz\u0105 i spo\u0142eczn\u0105 w naszym kraju, zaniepokojeni mo\u017cliwo\u015bci\u0105 zaanga\u017cowania militarnego Polski w konflikt mi\u0119dzy Ukrain\u0105 a Rosj\u0105.<\/p>\r\n<p>Swoj\u0105 prelekcj\u0119 dr Sykulski rozpocz\u0105\u0142 od om\u00f3wienia incydentu do jakiego dosz\u0142o 14 grudnia w Komendzie G\u0142\u00f3wnej Policji w Warszawie. \u201eMamy do czynienia z sytuacj\u0105 kt\u00f3ra jest ilustracj\u0105 stanu naszego Pa\u0144stwa\u201d \u2013 wspomina\u0142 dr Sykulski . \u201eMinisterstwo Spraw Wewn\u0119trznych i Administracji wyda\u0142o jak\u017ce ciekawy komunikat, w kt\u00f3rym przyzna\u0142o \u017ce dosz\u0142o do eksplozji prezentu otrzymanego od ukrai\u0144skich s\u0142u\u017cb przez przez Komendanta G\u0142\u00f3wnego Policji (\u2026) podczas jego wizyty roboczej na Ukrainie \u2013 co\u015b niewiarygodnego\u201d. Dr Sykulski wypunktowa\u0142 nieprawid\u0142owo\u015bci, w wyniku kt\u00f3rych dosz\u0142o do omawianego wydarzenia \u2013 w tym przyj\u0119cie przez wysokiego rang\u0105 oficera \u201eprezentu\u201d od obcych s\u0142u\u017cb b\u0119d\u0105cego uzbrojeniem z amunicj\u0105 oraz bezprawne przewiezienie tego przedmiotu przez granic\u0119.<br>\r\nWymieni\u0142 tak\u017ce szereg fundamentalnych pyta\u0144 jakie powsta\u0142y w zwi\u0105zku z incydentem w KGP \u2013 \u201ejak to si\u0119 dzieje \u017ce polscy funkcjonariusze publiczni s\u0105 obdarowywani bez \u017cadnej kontroli przez ukrai\u0144skie s\u0142u\u017cby; jak to si\u0119 dzieje \u017ce Agencja Bezpiecze\u0144stwa Wewn\u0119trznego, \u017ce Minister Koordynator S\u0142u\u017cb Specjalnych pan <strong>Mariusz Kami\u0144ski<\/strong>, \u017ce jego zast\u0119pca pan <strong>Stanis\u0142aw \u017baryn<\/strong> nie maj\u0105 absolutnie \u017cadnej kontroli nad tym co otrzymuj\u0105 ani co wwo\u017c\u0105 na terytorium Polski funkcjonariusze publiczni w tym wysocy rang\u0105 oficerowie s\u0142u\u017cb mundurowych. Mamy do czynienia z sytuacj\u0105 kt\u00f3ra ka\u017ce podda\u0107 w w\u0105tpliwo\u015b\u0107 system bezpiecze\u0144stwa wewn\u0119trznego Rzeczpospolitej Polskiej\u201d.<\/p>\r\n<p>Nast\u0119pnie prelegent przeszed\u0142 do zarysowania obecnych stosunk\u00f3w polsko-ukrai\u0144skich. Wspomnia\u0142 i\u017c pomimo r\u00f3\u017cnic, napi\u0119\u0107, nierozwi\u0105zanych przez ostatnie dziesi\u0119ciolecia problem\u00f3w Polska udzieli\u0142a Ukrainie, ukrai\u0144skiemu establishmentowi, ukrai\u0144skim obywatelom \u2013 nawet tym z teren\u00f3w nieobj\u0119tych bezpo\u015brednio dzia\u0142aniami wojennymi bezwarunkowej pomocy. Pomimo tego, \u017ce obecnie Polska sama znajduje si\u0119 w bardzo powa\u017cnym kryzysie jeste\u015bmy absolutnym liderem je\u017celi chodzi o pomoc Ukrainie.<br>\r\nDr Sykulski wyja\u015bni\u0142 \u017ce obecny kryzys nie jest skutkiem \u201eputinflacji\u201d czy wojny na Ukrainie, ale wprowadzanych przez dwa lata lockdown\u00f3w, niszczenia przedsi\u0119biorc\u00f3w, ich biznes\u00f3w pod fa\u0142szywym \u015bwiadectwem pandemii. Wirus nagle wyparowa\u0142 \u2013 kiedy miliony obywateli Ukrainy bez \u017cadnej kwarantanny, bez paszport\u00f3w cowidowych, bez testowania zosta\u0142o wpuszczone w granic\u0119 naszego Pa\u0144stwa. \u201eSk\u0105d pojawi\u0142y si\u0119 podw\u00f3jne standardy\u201d? \u2013 pyta dr Leszek Sykulski,<\/p>\r\n<p><strong>Przywo\u0142a\u0142 sytuacj\u0119 sytuacj\u0119 z grudnia 2021 kiedy to Ukraina, chc\u0105c wym\u00f3c na Polsce wi\u0119ksz\u0105 liczb\u0119 zezwole\u0144 przewozowych na TIRy wstrzyma\u0142a transporty kolejowe z Chin do Polski i z Polski do Chin, wskutek czego polska sp\u00f3\u0142ka PKP LHS odnios\u0142a powa\u017cne straty finansowe.<\/strong><br>\r\n\u201eZupe\u0142nie to w\u0142adzom ukrai\u0144skim nie przeszkadza\u0142o \u017ce Polska (\u2026) przez dwie dekady uwa\u017ca\u0142a si\u0119 jak to m\u00f3wi\u0142 by\u0142y prezydent RP Aleksander Kwa\u015bniewski jako adwokata Ukrainy. Doktryna Kwa\u015bniewskiego, kt\u00f3r\u0105 Aleksander Kwa\u015bniewski stworzy\u0142 w latach 1995 \u2013 2005 zasadza si\u0119 na bardzo prostym powiedzeniu \u2013 nie ma niepodleg\u0142ej Polski bez niepodleg\u0142ej Ukrainy \u2013 i Polska jest adwokatem Ukrainy zupe\u0142nie bezkrytycznie, bez wzgl\u0119du na to kto Ukrain\u0105 rz\u0105dzi\u201d. Wed\u0142ug dr Sykulskiego bez wzgl\u0119du na to kto rz\u0105dzi Polsk\u0105 doktryna Kwa\u015bniewskiego, kt\u00f3ra dominuje w polskiej polityce zagranicznej, okaza\u0142a si\u0119 dla naszego Pa\u0144stwa katastrofalna. Ukraina stawia\u0142a Polsce \u017c\u0105dania nawet pomimo koncentracji u jej granic wojsk rosyjskich. Po 24 lutego bie\u017c\u0105cego roku mamy do czynienia z festiwalem roszczeniowo\u015bci, buty i postawy pretensjonalnej wobec Pa\u0144stwa Polskiego ze strony polityk\u00f3w ukrai\u0144skich z prezydentem Ze\u0142e\u0144skim na czele. Nie wspominaj\u0105c o kwitn\u0105cym w najlepsze na Ukrainie neobanderyzmie, nadawania ulicom, stadionom nazw im. Stepana Bandery i Szuchewycza. Do dzi\u015b Ukraina wstrzymuje ekshumacje ofiar rzezi wo\u0142y\u0144skiej. Co wi\u0119cej w ostatnich tygodniach wiceszefem Spraw Zagranicznych Ukrainy zosta\u0142 cz\u0142owiek kt\u00f3rego mo\u017cna nazwa\u0107 \u201ek\u0142amc\u0105 wo\u0142y\u0144skim\u201d Andrij Melnyk \u2013 by\u0142y ambasador Ukrainy w Berlinie. Kolejnym wydarzeniem, kt\u00f3re wywo\u0142a\u0142 dr Sykulski by\u0142 incydent w Przewodowie do kt\u00f3rego dosz\u0142o 15 listopada bie\u017c\u0105cego roku. Do dzisiaj strona ukrai\u0144ska, \u201enie wyrazi\u0142a \u017cadnej skruchy, nie przeprosi\u0142a ani Pa\u0144stwa Polskiego, ani Narodu, ani tym bardziej rodzin poszkodowanych\u201d. Nikt ze strony ukrai\u0144skiej nie zobowi\u0105za\u0142 si\u0119 do wyp\u0142acenia odszkodowa\u0144 rodzinom ofiar. \u201ew kontek\u015bcie tego wszystkiego warto zada\u0107 pytanie \u2013 czy kt\u00f3rykolwiek z licz\u0105cych si\u0119 polskich polityk\u00f3w, kt\u00f3rykolwiek z licz\u0105cych si\u0119 polskich decydent\u00f3w w jakikolwiek stanowczy spos\u00f3b zareagowa\u0142 (\u2026) \u2013 nie. Mamy milczenie, mamy ignorancj\u0119 mamy pr\u00f3b\u0119 przemilczania, traktowania Polski i Polak\u00f3w z pozycji roszczeniowych, aroganckich, pretensjonalnych i agresywnych\u201d.<\/p>\r\n<p>Sykulski upatruje w tym clou problemu je\u017celi chodzi o wpychanie Polski do wojny z Rosj\u0105. Polityk\u0119 zagraniczn\u0105 oraz obronn\u0105 realizowan\u0105 przez rz\u0105d w Warszawie, pr\u00f3by usprawiedliwiania polityki prowadzonej przez Ukrain\u0119, stawianie Polski w roli \u201es\u0142ug narodu ukrai\u0144skiego\u201d, te s\u0142owami rzecznika prasowego MSZ<strong> \u0141ukasza Jasiny<\/strong> dr Sykulski nazywa zdrad\u0105 interes\u00f3w Rzeczpospolitej Polskiej. \u201eJak to si\u0119 dzieje, \u017ce S\u0105d Najwy\u017cszy Ukrainy przyznaje, \u017ce na terytorium tego pa\u0144stwa mo\u017cna absolutnie legalnie pos\u0142ugiwa\u0107 si\u0119 symbolik\u0105 SS Galitzen zbrodniczej organizacji \u2013 doskonale wiemy, \u017ce Waffen SS jako formacja paramilitarna, nazistowska, niemiecka i kolaborant\u00f3w niemieckich zosta\u0142a pot\u0119piona przez Mi\u0119dzynarodowy Trybuna\u0142 Norymberski, ta symbolika jest zakazana w wi\u0119kszo\u015bci pa\u0144stw \u015bwiata (\u2026) Dzisiaj noszenie emblemat\u00f3w tych zbrodniarzy, tych ludob\u00f3jc\u00f3w jest absolutnie legalne na Ukrainie \u2013 pytanie w czyim jest to interesie i dlaczego w Polsce jest o tym cicho\u201d.<\/p>\r\n<p>Wed\u0142ug dr Leszka Sykulskiego prawdziwy podzia\u0142 polityczny w Polsce przebiega nie wed\u0142ug podzia\u0142u na poszczeg\u00f3lne partie polityczne, prawic\u0119 czy lewic\u0119, ale na Parti\u0119 Wojny oraz Parti\u0119 Pokoju, kt\u00f3r\u0105 reprezentuj\u0105 nieliczne \u015brodowiska antywojenne. Jest podzia\u0142 fundamentalny \u2013 kto jest za wojn\u0105, kto jest za pokojem.<br>\r\nNiestety polskim decydentom nie przeszkadza brak podmiotowo\u015b\u0107 w relacjach z naszym wschodnim s\u0105siadem. Polscy politycy s\u0105 niezwykle ulegli wobec establishmentu Ukrai\u0144skiego Dla wyja\u015bnienia takiego stanu rzeczy dr Sykulski stawia kilka hipotez \u2013 po pierwsze, wykonywanie dyrektyw z Waszyngtonu czego przyczyn\u0105 jest podporz\u0105dkowanie polskiego wywiadu, jego przej\u0119cie przez CIA, do jakiego dosz\u0142o na prze\u0142omie lat 80 i 90. Zaowocowa\u0142o to z\u0142amaniem polskiego prawa, polskiej Konstytucji oraz prawa mi\u0119dzynarodowego umo\u017cliwiaj\u0105c powstanie w miejscowo\u015bci Stare Kiejkuty tajnego wi\u0119zienia CIA. Dr Sykulski nazwa\u0142 okres lat 2003 \u2013 2005 okresem ko\u0144ca demokracji, rozpocz\u0105\u0142 si\u0119 wtedy stopniowy okres przechodzenia od demokracji do demokratury. Ka\u017cdy kto nie zgadza si\u0119 z oficjaln\u0105 lini\u0105 partii jest wykluczany. Stosuje si\u0119 ostracyzm medialny, polityczny i ka\u017cdy inny.<\/p>\r\n<p>\u201eDzisiaj polska polityka zagraniczna, polska polityka bezpiecze\u0144stwa i polska polityka obronna s\u0105 bardzo silnie podporz\u0105dkowane ameryka\u0144skiej racji stanu\u201d Dla polityki Stan\u00f3w Zjednoczonych bardzo wa\u017cne jest stworzenie tzw. kordonu sanitarnego, tzw. Tr\u00f3jmorze ma za zadanie realizowa\u0107 interes ameryka\u0144ski. Amerykanie jak przyzna\u0142a Victora Nulland przekazali minimum 5 miliard\u00f3w dolar\u00f3w na zorganizowanie tzw. Kolorowej Rewolucji na Ukrainie. Amerykanie dysponuj\u0105 ok 700 bazami wojskowymi na ca\u0142ym \u015bwiecie. Jest to realizacja ameryka\u0144skiej polityki imperialnej.<\/p>\r\n<p>Pod zmy\u015blonymi pretekstami w 1999 roku dosz\u0142o do napa\u015bci Stan\u00f3w Zjednoczonych na Federaln\u0105 Republik\u0119 Jugos\u0142awii, zbombardowano obiekty infrastruktury cywilnej \u2013 elektrownie, elektrociep\u0142ownie, \u017c\u0142obki, przedszkola, \u015brodki komunikacji publicznej. Zgin\u0119\u0142o ponad 2000 cywil\u00f3w. \u201ePretekstem by\u0142a rzekoma zbrodnia w Raczaku\u201d \u2013 wyja\u015bnia dr Sykulski. \u201eAmeryka\u0144ski przedstawiciel OBWE powiedzia\u0142, \u017ce serbscy policjanci otoczyli wiosk\u0119 i wymordowali bestialsko kobiety, dzieci, dosz\u0142o do zbrodni ludob\u00f3jstwa\u201d \u2013 by\u0142 to g\u0142\u00f3wny pow\u00f3d uderzenia Amerykan\u00f3w i ich koalicjant\u00f3w. Rok p\u00f3\u017aniej czasopismo \u201eBerliner Zeitung\u201d opublikowa\u0142o wyniki \u015bledztwa bieg\u0142ych medycyny s\u0105dowej z Finlandii, kt\u00f3rzy badali ofiary owej rzekomej masowej zbrodni w Raczaku \u201eokaza\u0142o si\u0119 \u017ce podczas tej masowej zbrodni zgin\u0119\u0142o 5 cywil\u00f3w, 3 kobiety, 12-letni ch\u0142opiec i jeden starszy m\u0119\u017cczyzna \u2013 \u017caden z nich nie mia\u0142 \u015blad\u00f3w prochu na ciele czyli nie by\u0142 zabity z przy\u0142o\u017cenia (\u2026) nie wiadomo czyje kule zabi\u0142y tych ludzi, nie by\u0142a to masowa zbrodnia\u201d.<br>\r\n<strong>\u201eW wyniku ameryka\u0144skich agresji \u2013 wojen napastniczych, bombardowa\u0144 Iraku, Afganistanu, Syrii, przeprowadzenia tzw. Arabskiej Wiosny \u015bmier\u0107 ponios\u0142o 900 ty\u015b os\u00f3b\u201d.<\/strong><br>\r\nDruga hipoteza postawiona przez dr Leszka Sykulskiego zak\u0142ada posiadanie przez ukrai\u0144skie s\u0142u\u017cby specjalne wra\u017cliwych danych na temat polskich przedstawicieli politycznych tzw. afera podkarpacka. Nagrania z podkarpackich dom\u00f3w publicznych z udzia\u0142em polityk\u00f3w partii rz\u0105dz\u0105cych Polsk\u0105 oraz nieletnich ukrai\u0144skich prostytutek wed\u0142ug tej hipotezy mia\u0142y wyciec za wschodni\u0105 granic\u0119 i s\u0105 w posiadaniu ponadnarodowych grup przest\u0119pczych szanta\u017cuj\u0105cych polskich polityk\u00f3w.<\/p>\r\n<p>Dzisiaj Polska jest totalnie rozbrojona a dotychczasowe parte polityczne nie zrobi\u0142y nic aby przygotowa\u0107 Polsk\u0119 do jakiegokolwiek konfliktu zbrojnego.<br>\r\nPonadto dr Sykulski podkre\u015bla\u0142 podczas wyk\u0142adu konieczno\u015b\u0107 polityki wielowektorowej.<\/p>\r\n<p><em><strong>Tomasz Knapik<\/strong><\/em><\/p>\r\n<\/div>\r\n<\/div>","protected":false},"excerpt":{"rendered":"16 grudnia br w Auli Centrum Edukacyjnego im. Swi\u0119tego Jana Paw\u0142a II odby\u0142o si\u0119 spotkanie otwarte z panem dr Leszkiem Sykulskim, kt\u00f3ry wyg\u0142osi\u0142 prelekcj\u0119 pod tytu\u0142em \u201eKto chce wci\u0105gn\u0105\u0107 Polsk\u0119 do wojny z Rosj\u0105\u201d. Organizatorem spotkania by\u0142 Klub Konfederacji Korony Polskiej wraz z organizacjami Pobudka \u2013 Klucz Gliwice oraz Pod Chor\u0105gwi\u0105 Matki Bo\u017cej \u0141ysickiej. Wyk\u0142ady [&hellip;]","protected":false},"author":1,"featured_media":0,"comment_status":"closed","ping_status":"closed","sticky":false,"template":"","format":"standard","meta":{"_acf_changed":false,"_monsterinsights_skip_tracking":false,"ngg_post_thumbnail":0,"footnotes":"","_wp_rev_ctl_limit":""},"categories":[13],"tags":[92],"acf":[],"_links":{"self":[{"href":"https:\/\/www.bibula.com\/index.php?rest_route=\/wp\/v2\/posts\/137834"}],"collection":[{"href":"https:\/\/www.bibula.com\/index.php?rest_route=\/wp\/v2\/posts"}],"about":[{"href":"https:\/\/www.bibula.com\/index.php?rest_route=\/wp\/v2\/types\/post"}],"author":[{"embeddable":true,"href":"https:\/\/www.bibula.com\/index.php?rest_route=\/wp\/v2\/users\/1"}],"replies":[{"embeddable":true,"href":"https:\/\/www.bibula.com\/index.php?rest_route=%2Fwp%2Fv2%2Fcomments&post=137834"}],"version-history":[{"count":1,"href":"https:\/\/www.bibula.com\/index.php?rest_route=\/wp\/v2\/posts\/137834\/revisions"}],"predecessor-version":[{"id":137835,"href":"https:\/\/www.bibula.com\/index.php?rest_route=\/wp\/v2\/posts\/137834\/revisions\/137835"}],"wp:attachment":[{"href":"https:\/\/www.bibula.com\/index.php?rest_route=%2Fwp%2Fv2%2Fmedia&parent=137834"}],"wp:term":[{"taxonomy":"category","embeddable":true,"href":"https:\/\/www.bibula.com\/index.php?rest_route=%2Fwp%2Fv2%2Fcategories&post=137834"},{"taxonomy":"post_tag","embeddable":true,"href":"https:\/\/www.bibula.com\/index.php?rest_route=%2Fwp%2Fv2%2Ftags&post=137834"}],"curies":[{"name":"wp","href":"https:\/\/api.w.org\/{rel}","templated":true}]}}