{"id":137814,"date":"2022-12-25T14:57:22","date_gmt":"2022-12-25T19:57:22","guid":{"rendered":"https:\/\/www.bibula.com\/?p=137814"},"modified":"2022-12-25T14:59:42","modified_gmt":"2022-12-25T19:59:42","slug":"taka-szopke-przygotowal-watykan","status":"publish","type":"post","link":"https:\/\/www.bibula.com\/?p=137814","title":{"rendered":"Tak\u0105 szopk\u0119 przygotowa\u0142 Watykan&#8230;"},"content":{"rendered":"<div class=\"p_underline\">\r\n<p class=\"has-drop-cap\"><strong>W\u015br\u00f3d wielu os\u00f3b wci\u0105\u017c \u017cywa jest pami\u0119\u0107 bo\u017conarodzeniowej szopki, jak\u0105 dwa lata temu zaserwowa\u0142 wiernym Watykan. Instalacja wzbudzi\u0142a ogromne emocje i jednocze\u015bnie z\u0142o\u015b\u0107 w\u015br\u00f3d wszystkich przywi\u0105zanych do tradycyjnych form artystycznych zwi\u0105zanych z Bo\u017cym Narodzeniem. W\u0142oski arcybiskup Carlo Maria Vigan\u00f2 wprost stwierdzi\u0142, \u017ce to \u015bwi\u0119tokradztwo.<\/strong><\/p>\r\n<p>Papie\u017c Franciszek w 2020 roku zadecydowa\u0142 o wystawieniu nietypowej szopki, kt\u00f3r\u0105 media g\u0142\u00f3wnego nurtu nazywa\u0142y \u201edzie\u0142em sztuki wsp\u00f3\u0142czesnej\u201d.<\/p>\r\n<p>Wystawiono kilka ceramicznych rze\u017ab pochodz\u0105cych z w\u0142oskiego regionu Abruzja. Watyka\u0144scy konserwaty\u015bci byli oburzeni tak\u0105 form\u0105 bo\u017conarodzeniowej szopki. Wyraz niezadowoleniu da\u0142 m.in. abp Vigan\u00f2.<\/p>\r\n<p><em>\u2013 Kto\u015b, kto podejmuje daremn\u0105 pr\u00f3b\u0119 znalezienia czego\u015b chrze\u015bcija\u0144skiego w tych obscenicznych ceramicznych pos\u0105gach, powt\u00f3rzy b\u0142\u0105d, kt\u00f3ry ju\u017c pope\u0142niono pozwalaj\u0105c na wybebeszenie naszych ko\u015bcio\u0142\u00f3w, obna\u017cenie naszych o\u0142tarzy i zepsucie prostej i krystalicznej integralno\u015bci doktryny przez ambitne zm\u0119tnienie, kt\u00f3re jest tak typowe dla heretyk\u00f3w \u2013<\/em> ostro komentowa\u0142 abp Carlo Maria Vigan\u00f2.<\/p>\r\n<p>Arcybiskup twierdzi\u0142, \u017ce \u201enie jest zbiegiem okoliczno\u015bci, \u017ce lata, w kt\u00f3rych scenka bo\u017conarodzeniowa zosta\u0142a stworzona (rze\u017aby pochodz\u0105 z Castilli z lat 60. i 70. XX w. \u2013 red.), to te same lata, w kt\u00f3rych pojawi\u0142 si\u0119 Sob\u00f3r Watyka\u0144ski II oraz zreformowana Msza \u015bw.\u201d<\/p>\r\n<p>&nbsp;<\/p>\r\n<blockquote class=\"twitter-tweet\">\r\n<p dir=\"ltr\" lang=\"en\">This is the Vatican&#8217;s nativity scene. Not making this up <a href=\"https:\/\/t.co\/oYXNIEinqN\">pic.twitter.com\/oYXNIEinqN<\/a><\/p>\r\n\r\n\u2014 Dan Chiasson (@dchiasso) <a href=\"https:\/\/twitter.com\/dchiasso\/status\/1339980308821762050?ref_src=twsrc%5Etfw\">December 18, 2020<\/a><\/blockquote>\r\n<p><script async=\"\" src=\"https:\/\/platform.twitter.com\/widgets.js\" charset=\"utf-8\"><\/script><\/p>\r\n<p>&nbsp;<\/p>\r\n<p><em>\u2013 Powiedzmy to po prostu jasno: ta rzecz nie jest scen\u0105 Bo\u017cego Narodzenia \u2013<\/em> przekonywa\u0142 abp Vigan\u00f2<em> \u2013 poniewa\u017c gdyby by\u0142a, przedstawia\u0142aby wspania\u0142\u0105 Tajemnic\u0119 Wcielenia i narodzin Syna Bo\u017cego secundum carnem, adoruj\u0105cy podziw pasterzy i M\u0119drc\u00f3w, niesko\u0144czon\u0105 mi\u0142o\u015b\u0107 Naj\u015bwi\u0119tszej Maryi Panny do Bo\u017cego Dzieci\u0119cia oraz zdumienie stworzenia i Anio\u0142\u00f3w.<\/em><\/p>\r\n<p><em>\u2013 Jednym s\u0142owem: przedstawia\u0142aby stan naszej duszy, gdy kontempluje ona wype\u0142nienie proroctw, nasz zachwyt, gdy widzimy Syna Bo\u017cego w \u017c\u0142\u00f3bku, nasz\u0105 niegodno\u015b\u0107 wobec odkupie\u0144czego Mi\u0142osierdzia<\/em> \u2013 uwa\u017ca\u0142 duchowny.<\/p>\r\n<p>Wed\u0142ug abp Vigan\u00f2 zamiast tego ci, kt\u00f3rzy ogl\u0105daj\u0105 dzie\u0142o artyst\u00f3w z Abruzji, maj\u0105 wra\u017cenie \u201epogardy dla ludowej pobo\u017cno\u015bci, odrzucenia odwiecznego wzoru przywo\u0142uj\u0105cego na my\u015bl wieczn\u0105 niezmienno\u015b\u0107 Bo\u017cej Prawdy\u201d.<\/p>\r\n<p>Zdaniem arcybiskupa \u201eta zuchwa\u0142a ohyda jest oznak\u0105 powszechnej religii transhumanizmu, na kt\u00f3r\u0105 ma nadziej\u0119 Nowy Porz\u0105dek \u015awiata\u201d. Uwa\u017ca on tak\u017ce, \u017ce jest to \u201ewyraz apostazji, niemoralno\u015bci i wyst\u0119pk\u201d\u201d.<\/p>\r\n<p>Przypominaj\u0105c o klasycznej triadzie: Prawda \u2013 Pi\u0119kno \u2013 Prawda, abp Vigan\u00f2 zwraca uwag\u0119 na to, \u017ce \u201ebrzydota jest towarzyszk\u0105 k\u0142amstw i niegodziwo\u015bci\u201d.<\/p>\r\n<p>&nbsp;<\/p>\r\n<blockquote class=\"twitter-tweet\">\r\n<p dir=\"ltr\" lang=\"en\">This monstrosity is the Vatican\u2019s nativity scene. Nothing like ugly robot space aliens to undermine the beauty &amp; humanity of the Holy Family at Christmas time, during a pandemic when we need our timeless Church traditions more than ever. Thanks, Pope Francis! <a href=\"https:\/\/t.co\/6YMSE4TbTy\">pic.twitter.com\/6YMSE4TbTy<\/a><\/p>\r\n\r\n\u2014 Rachel Campos-Duffy (@RCamposDuffy) <a href=\"https:\/\/twitter.com\/RCamposDuffy\/status\/1337512686221996033?ref_src=twsrc%5Etfw\">December 11, 2020<\/a><\/blockquote>\r\n<p><script async=\"\" src=\"https:\/\/platform.twitter.com\/widgets.js\" charset=\"utf-8\"><\/script><\/p>\r\n<p>&nbsp;<\/p>\r\n<blockquote class=\"twitter-tweet\">\r\n<p dir=\"ltr\" lang=\"en\">Vatican\u2019s 2020 Nativity Scene \ud83e\udd74\ud83e\udd14 <a href=\"https:\/\/t.co\/iWb37Nxfno\">pic.twitter.com\/iWb37Nxfno<\/a><\/p>\r\n\r\n\u2014 Seeker (@seeker401) <a href=\"https:\/\/twitter.com\/seeker401\/status\/1338970139388071936?ref_src=twsrc%5Etfw\">December 15, 2020<\/a><\/blockquote>\r\n<p><script async=\"\" src=\"https:\/\/platform.twitter.com\/widgets.js\" charset=\"utf-8\"><\/script><\/p>\r\n<\/div>\r\n<p class=\"zrodlo\">Za: <a href=\"https:\/\/nczas.com\/2022\/12\/25\/taka-szopke-przygotowal-watykan-biskup-nie-wytrzymal-foto\/\">Najwy\u017cszy Czas! (25 grudnia 2022) &#8211; [Org. tytu\u0142: \u00abTak\u0105 szopk\u0119 przygotowa\u0142 Watykan. Biskup nie wytrzyma\u0142 [FOTO]\u00bb]<\/a><\/p>\r\n<h4>&nbsp;<\/h4>\r\n<hr style=\"background-color: #000000; border-width: 0; color: #000000; height: 2px; line-height: 0; text-align: center; width: 100%;\">\r\n<h4>&nbsp;<\/h4>\r\n<h4><em>Dla przypomnienia, zesz\u0142oroczna &#8222;szopka bo\u017conarodzeniowa&#8221; franciszka-belzebuba<\/em><\/h4>\r\n<p>&nbsp;<\/p>\r\n<h1><span style=\"color: #800000;\"><strong>Szopka w Rzymie: maseczki, paszporty kowidowe<\/strong><\/span><\/h1>\r\n<p class=\"has-drop-cap\">W staro\u017cytnej rzymskiej bazylice Naj\u015bwi\u0119tszej Maryi Panny na Zatybrzu (<i>Basilica di Santa Maria in Trastevere<\/i>) postawiono szopk\u0119 bo\u017conarodzeniow\u0105, ostatnimi laty jak zwykle politycznie poprawn\u0105.<\/p>\r\n<p>Ze zdj\u0119\u0107 opublikowanych przez szefow\u0105 biura <em>Catholic News Service<\/em> w Rzymie, Cindy Wooden, wida\u0107 szopk\u0119 z tradycyjnymi postaciami Maryi i \u015bw. J\u00f3zefa z Dzieci\u0105tkiem Jezus, lecz podr\u00f3\u017cni w gospodzie maj\u0105 maseczki na twarzach i okazuj\u0105 jedni drugim swoje &#8222;paszporty szczepionkowe&#8221;.<\/p>\r\n<p>\u201eWatykan sta\u0142 si\u0119 \u015bwiatow\u0105 stolic\u0105 autoparodii\u201d \u2013 zauwa\u017cy\u0142 jeden z u\u017cytkownik\u00f3w Twittera. My nie b\u0119dziemy komentowali dosadniej.<\/p>\r\n<p>Bazylika jest po\u0142\u0105czona ze wsp\u00f3lnot\u0105 Sant&#8217;Egidio \u2013 grup\u0105 mocno zaanga\u017cowan\u0105 w ekumeniczne spotkania modlitewne w stylu Asy\u017cu \u2013 kt\u00f3rej szopki co roku obejmuj\u0105 aktualne tematy kultury i polityki.<\/p>\r\n<p>W opisie szopki w 2019 r. zauwa\u017cono, \u017ce sceny by\u0142y pe\u0142ne postaci z \u201eperyferii \u015bwiata\u201d, cytuj\u0105c Franciszka-Bergoglio, aby przekaza\u0107, \u017ce ta tradycja kontynuowa\u0142a jego \u201erewolucj\u0119 czu\u0142o\u015bci\u201d.<\/p>\r\n<p>Poprzednie wersje szopki watyka\u0144skiej r\u00f3wnie zgorszy\u0142y katolik\u00f3w, np. w szopce z 2017 r. pojawi\u0142 si\u0119 nagi m\u0119\u017cczyzna, co doprowadzi\u0142o do pochwa\u0142 ze strony \u015brodowiska LGBT. \u201eObecno\u015b\u0107 watyka\u0144skiej szopki jest dla nas powodem do jeszcze wi\u0119kszej rado\u015bci w tym roku\u201d \u2013 powiedzia\u0142 w\u00f3wczas LifeSiteNews Antonello Sannini, przewodnicz\u0105cy grupy aktywist\u00f3w homoseksualnych Arcigay Neapol. \u201eDla spo\u0142eczno\u015bci homoseksualnej i transseksualnej w Neapolu jest to wa\u017cny symbol w\u0142\u0105czenia i integracji\u201d.<\/p>\r\n<p>Niekt\u00f3rzy snuj\u0105 ju\u017c teraz plany przysz\u0142orocznej szopki, w kt\u00f3rej sama \u015awi\u0119ta Rodzina b\u0119dzie &#8222;w pe\u0142ni zaszczepiona&#8221;, jak r\u00f3wnie\u017c i towarzysz\u0105ce zwierz\u0105tka.<\/p>\r\n<p>W pa\u017adzierniku br. na polecenie obecnego administratora Ko\u015bcio\u0142a, Watykan zacz\u0105\u0142 wdra\u017ca\u0107 system paszport\u00f3w szczepionkowych dla go\u015bci i pracownik\u00f3w, zgodny z w\u0142osk\u0105 Zielon\u0105 Przepustk\u0105. Zwolnienie od paszportowej zasady wjazdu dotyczy\u0142o uczestnik\u00f3w ceremonii liturgicznych w Watykanie, kt\u00f3rzy musieli pozosta\u0107 zamaskowani i utrzymywa\u0107 dystans spo\u0142eczny.<\/p>\r\n<p>Obecny administrator Watykanu wezwa\u0142 r\u00f3wnie\u017c do wszczepiania preparatu reklamowanego jako &#8222;szczepionka przeciwko Covid-19&#8221;, kt\u00f3ra &#8211; w ka\u017cdej wersji rozprowadzanej na tzw. Zachodzie &#8211; zosta\u0142a stworzona na bazie kom\u00f3rek dzieci zamordowanych w wyniku tzw. aborcji. Przyw\u00f3dcom i hierarchom nie przeszkadza jednak ten fakt i wzywaj\u0105 do &#8222;szczepienia&#8221; si\u0119 tymi genetycznymi niebezpiecznymi preparatami, a sam Administrator w satanistycznym cynizmie nazwa\u0142 ten proceder &#8222;aktem mi\u0142osierdzia&#8221;.<\/p>\r\n<p>&nbsp;<\/p>\r\n<blockquote class=\"twitter-tweet\">\r\n<p dir=\"ltr\" lang=\"en\">The Nativity scene at Santa Maria in Trastevere: Mary and Joseph waiting in front of a model of the church, while those nearby are masked and showing their green passes &#8211; vaccinated or COVID negative. <a href=\"https:\/\/t.co\/SjyTGyqV8u\">pic.twitter.com\/SjyTGyqV8u<\/a><\/p>\r\n\r\n\u2014 Cindy Wooden (@Cindy_Wooden) <a href=\"https:\/\/twitter.com\/Cindy_Wooden\/status\/1470812368426909705?ref_src=twsrc%5Etfw\">December 14, 2021<\/a><\/blockquote>\r\n<p><script async=\"\" src=\"https:\/\/platform.twitter.com\/widgets.js\" charset=\"utf-8\"><\/script><\/p>\r\n<p><img fetchpriority=\"high\" decoding=\"async\" class=\"aligncenter\" src=\"https:\/\/pbs.twimg.com\/media\/FGlgDHNXMAoUMRB?format=jpg&amp;name=large\" width=\"777\" height=\"1036\"><\/p>\r\n<p>&nbsp;<\/p>\r\n<p><img decoding=\"async\" class=\"aligncenter\" src=\"https:\/\/pbs.twimg.com\/media\/FGlgDH2WUAE_jdN?format=jpg&amp;name=large\" width=\"781\" height=\"1042\"><\/p>\r\n<p class=\"podpis_sz\" style=\"text-align: center;\"><em>Pics source: <a href=\"https:\/\/twitter.com\/Cindy_Wooden\/status\/1470812368426909705?s=20\">Twitter<\/a><\/em><\/p>\r\n<p class=\"zrodlo\">Oprac. www.bibula.com<br>\r\n2021-12-15<br>\r\nna podstawie <a href=\"https:\/\/www.lifesitenews.com\/news\/nativity-scene-in-roman-basilica-features-mask-wearing-figurines-holding-covid-passports\/\">Lifesitenews (Dec 15, 2021)<\/a><\/p>","protected":false},"excerpt":{"rendered":"W\u015br\u00f3d wielu os\u00f3b wci\u0105\u017c \u017cywa jest pami\u0119\u0107 bo\u017conarodzeniowej szopki, jak\u0105 dwa lata temu zaserwowa\u0142 wiernym Watykan. Instalacja wzbudzi\u0142a ogromne emocje i jednocze\u015bnie z\u0142o\u015b\u0107 w\u015br\u00f3d wszystkich przywi\u0105zanych do tradycyjnych form artystycznych zwi\u0105zanych z Bo\u017cym Narodzeniem. W\u0142oski arcybiskup Carlo Maria Vigan\u00f2 wprost stwierdzi\u0142, \u017ce to \u015bwi\u0119tokradztwo. Papie\u017c Franciszek w 2020 roku zadecydowa\u0142 o wystawieniu nietypowej szopki, kt\u00f3r\u0105 [&hellip;]","protected":false},"author":1,"featured_media":0,"comment_status":"closed","ping_status":"closed","sticky":false,"template":"","format":"standard","meta":{"_acf_changed":false,"_monsterinsights_skip_tracking":false,"ngg_post_thumbnail":0,"footnotes":"","_wp_rev_ctl_limit":""},"categories":[13],"tags":[15,301,97,79,41,33],"acf":[],"_links":{"self":[{"href":"https:\/\/www.bibula.com\/index.php?rest_route=\/wp\/v2\/posts\/137814"}],"collection":[{"href":"https:\/\/www.bibula.com\/index.php?rest_route=\/wp\/v2\/posts"}],"about":[{"href":"https:\/\/www.bibula.com\/index.php?rest_route=\/wp\/v2\/types\/post"}],"author":[{"embeddable":true,"href":"https:\/\/www.bibula.com\/index.php?rest_route=\/wp\/v2\/users\/1"}],"replies":[{"embeddable":true,"href":"https:\/\/www.bibula.com\/index.php?rest_route=%2Fwp%2Fv2%2Fcomments&post=137814"}],"version-history":[{"count":6,"href":"https:\/\/www.bibula.com\/index.php?rest_route=\/wp\/v2\/posts\/137814\/revisions"}],"predecessor-version":[{"id":137823,"href":"https:\/\/www.bibula.com\/index.php?rest_route=\/wp\/v2\/posts\/137814\/revisions\/137823"}],"wp:attachment":[{"href":"https:\/\/www.bibula.com\/index.php?rest_route=%2Fwp%2Fv2%2Fmedia&parent=137814"}],"wp:term":[{"taxonomy":"category","embeddable":true,"href":"https:\/\/www.bibula.com\/index.php?rest_route=%2Fwp%2Fv2%2Fcategories&post=137814"},{"taxonomy":"post_tag","embeddable":true,"href":"https:\/\/www.bibula.com\/index.php?rest_route=%2Fwp%2Fv2%2Ftags&post=137814"}],"curies":[{"name":"wp","href":"https:\/\/api.w.org\/{rel}","templated":true}]}}