{"id":137779,"date":"2022-12-22T21:12:48","date_gmt":"2022-12-23T02:12:48","guid":{"rendered":"https:\/\/www.bibula.com\/?p=137779"},"modified":"2022-12-22T21:12:48","modified_gmt":"2022-12-23T02:12:48","slug":"abolicja-dla-psow-wojny","status":"publish","type":"post","link":"https:\/\/www.bibula.com\/?p=137779","title":{"rendered":"Abolicja dla ps\u00f3w wojny"},"content":{"rendered":"<div class=\"p_underline\">\r\n<p class=\"has-drop-cap\"><strong>W sejmie z\u0142o\u017cono projekt ustawy o wy\u0142\u0105czeniu odpowiedzialno\u015bci karnej za podj\u0119cie po 20 lutego 2014 r. przez obywatela polskiego s\u0142u\u017cby w Si\u0142ach Zbrojnych Ukrainy bez wymaganej zgody. Pod projektem podpisali si\u0119 pos\u0142owie wszystkich klub\u00f3w i k\u00f3\u0142 parlamentarnych poza Konfederacj\u0105.<\/strong><\/p>\r\n<p>Obecne przepisy nie zezwalaj\u0105 na s\u0142u\u017cb\u0119 polskich obywateli w si\u0142ach zbrojnych innych pa\u0144stw, chyba, \u017ce za zgod\u0105 szefa MON. Zgoda ta jest przyznawana indywidualnie na wniosek zainteresowanego. Natomiast podj\u0119cie s\u0142u\u017cby w obcym wojsku, bez dope\u0142nienia wskazanego obowi\u0105zku, jest przest\u0119pstwem zagro\u017conym kar\u0105 pozbawienia wolno\u015bci od 3 miesi\u0119cy do 5 lat.<\/p>\r\n<p>Od wybuchu wojny ukrai\u0144skiej wysocy urz\u0119dnicy rz\u0105dowi nak\u0142aniali Polak\u00f3w do \u0142amania prawa w tym obszarze. \u201eZ ca\u0142\u0105 pewno\u015bci\u0105 nie b\u0119dziemy kara\u0107 ludzi, kt\u00f3rzy wiedzeni naturalnym odruchem obrony s\u0142abszych si\u0119gn\u0119li po bro\u0144; to zdrowy odruch serca \u2013 uwa\u017camy ich za bohater\u00f3w\u201d \u2013 zadeklarowa\u0142 wiceszef MON Marcin Ociepa, pytany o kwesti\u0119 polskich \u201eochotnik\u00f3w\u201d walcz\u0105cych na Ukrainie.<\/p>\r\n<p>W my\u015bl przepis\u00f3w proponowanych w projekcie, za przest\u0119pstwo nie b\u0119dzie uznane podj\u0119cie s\u0142u\u017cby przez polskiego obywatela w Si\u0142ach Zbrojnych Ukrainy bez wymaganej zgody, o ile nast\u0105pi\u0142o to po 20 lutego 2014 roku. Podobnie, za przest\u0119pstwo nie b\u0119dzie uznane prowadzenie zaci\u0105gu polskich obywateli lub przebywaj\u0105cych w Polsce cudzoziemc\u00f3w do ukrai\u0144skiego wojska. W projekcie zapisano, \u017ce \u201eprzez Si\u0142y Zbrojne Ukrainy rozumie si\u0119 wojsko lub inne formacje wojskowe podlegaj\u0105ce w\u0142adzom Ukrainy uznawanym przez Rzeczpospolit\u0105 Polsk\u0105 za prawowite\u201d. Ponadto przyj\u0119cie przez obywatela polskiego s\u0142u\u017cby w Si\u0142ach Zbrojnych Ukrainy nie b\u0119dzie rodzi\u0107 odpowiedzialno\u015bci organ\u00f3w Rzeczypospolitej Polskiej za nast\u0119pstwa podj\u0119cia tej s\u0142u\u017cby. Mamy tutaj zatem kilka ciekawych w\u0105tk\u00f3w.<\/p>\r\n<p>Po pierwsze, sama idea wy\u0142\u0105czenia odpowiedzialno\u015bci karnej dla grupy obywateli \u0142ami\u0105cych polski porz\u0105dek prawny na przestrzeni wielu lat, stoi w jaskrawej sprzeczno\u015bci z istot\u0105 pa\u0144stwa prawa. Cho\u0107by dlatego, \u017ce dyskryminuje obywateli praworz\u0105dnych. Ale tak\u017ce dlatego, \u017ce podwa\u017ca zaufanie do systemu prawnego jako ca\u0142o\u015bci. Mamy zatem do czynienia z kolejnym etapem demolowania porz\u0105dku prawnego w pa\u0144stwie. Do kt\u00f3rego demolowania zd\u0105\u017cyli\u015bmy sk\u0105din\u0105d ju\u017c nieco nawykn\u0105\u0107.<\/p>\r\n<p>Zwraca uwag\u0119 forma zg\u0142oszenia przedmiotowego projektu do laski marsza\u0142kowskiej jako projektu poselskiego. Nie tylko pozwala to zdoby\u0107 dla inkryminowanego pomys\u0142u ponadpartyjne poparcie, ale i skraca \u015bcie\u017ck\u0119 legislacyjn\u0105. Zatem pos\u0142owie nie b\u0119d\u0105 mieli okazji zapozna\u0107 si\u0119 z ocen\u0105 skutk\u00f3w proponowanej przez siebie regulacji, kt\u00f3rej w normalnych warunkach dokonaliby sejmowi prawnicy. Nie ulega dla mnie w\u0105tpliwo\u015bci, \u017ce by\u0142aby to ocena mia\u017cd\u017c\u0105ca.<\/p>\r\n<p>Interesuj\u0105ce s\u0105 ramy czasowe obowi\u0105zywania proponowanej regulacji, od 20 lutego 2014. Zatem abolicja obejmie \u201epsy wojny\u201d, \u201e\u017co\u0142nierzy fortuny\u201d itp., czyli wszlkiej ma\u015bci najemnik\u00f3w, kt\u00f3rzy fortuny i przygody szukali na niespokojnych terenach naszych wschodnich s\u0105siad\u00f3w w ci\u0105gu ostatnich 9 lat. Jako, \u017ce \u201eprzez Si\u0142y Zbrojne Ukrainy rozumie si\u0119 wojsko lub inne formacje wojskowe podlegaj\u0105ce w\u0142adzom Ukrainy uznawanym przez Rzeczpospolit\u0105 Polsk\u0105 za prawowite\u201d, abolicj\u0105 zostan\u0105 obj\u0119ci tak\u017ce ochotnicy walcz\u0105cy w neonazistowskich formacjach zbrojnych.<\/p>\r\n<p>To tyle je\u015bli chodzi o przesz\u0142o\u015b\u0107. Otwarte pozostaje pytanie o przysz\u0142o\u015b\u0107. Na przyk\u0142ad czy projektowana ustawa nie jest pr\u00f3b\u0105 otwarcia bocznej furtki do wysy\u0142ania polskiego mi\u0119sa armatniego na ukrai\u0144ski front. Tym bardziej, \u017ce od jej wej\u015bcia w \u017cycie ukrai\u0144skie s\u0142u\u017cby, i tak szarog\u0119sz\u0105ce si\u0119 w Polsce, b\u0119d\u0105 mog\u0142y dzia\u0142a\u0107 tu bezkarnie, w \u015bwietle prawa. Warto tak\u017ce postawi\u0107 pytanie jak wielka jest obecnie skala udzia\u0142u tak zwanych \u201eochotnik\u00f3w\u201d z Polski w tocz\u0105cych si\u0119 na Ukrainie walkach? I czy aby na pewno s\u0105 to tylko ochotnicy? C\u00f3\u017c, odpowiedzi na te pytania zapewne nie poznamy szybko. O ile kiedykolwiek.<\/p>\r\n<p><em><strong>Przemys\u0142aw Piasta<\/strong><\/em><\/p>\r\n<\/div>","protected":false},"excerpt":{"rendered":"W sejmie z\u0142o\u017cono projekt ustawy o wy\u0142\u0105czeniu odpowiedzialno\u015bci karnej za podj\u0119cie po 20 lutego 2014 r. przez obywatela polskiego s\u0142u\u017cby w Si\u0142ach Zbrojnych Ukrainy bez wymaganej zgody. Pod projektem podpisali si\u0119 pos\u0142owie wszystkich klub\u00f3w i k\u00f3\u0142 parlamentarnych poza Konfederacj\u0105. Obecne przepisy nie zezwalaj\u0105 na s\u0142u\u017cb\u0119 polskich obywateli w si\u0142ach zbrojnych innych pa\u0144stw, chyba, \u017ce za [&hellip;]","protected":false},"author":1,"featured_media":0,"comment_status":"closed","ping_status":"closed","sticky":false,"template":"","format":"standard","meta":{"_acf_changed":false,"_monsterinsights_skip_tracking":false,"ngg_post_thumbnail":0,"footnotes":"","_wp_rev_ctl_limit":""},"categories":[13],"tags":[92,84,169,167],"acf":[],"_links":{"self":[{"href":"https:\/\/www.bibula.com\/index.php?rest_route=\/wp\/v2\/posts\/137779"}],"collection":[{"href":"https:\/\/www.bibula.com\/index.php?rest_route=\/wp\/v2\/posts"}],"about":[{"href":"https:\/\/www.bibula.com\/index.php?rest_route=\/wp\/v2\/types\/post"}],"author":[{"embeddable":true,"href":"https:\/\/www.bibula.com\/index.php?rest_route=\/wp\/v2\/users\/1"}],"replies":[{"embeddable":true,"href":"https:\/\/www.bibula.com\/index.php?rest_route=%2Fwp%2Fv2%2Fcomments&post=137779"}],"version-history":[{"count":1,"href":"https:\/\/www.bibula.com\/index.php?rest_route=\/wp\/v2\/posts\/137779\/revisions"}],"predecessor-version":[{"id":137780,"href":"https:\/\/www.bibula.com\/index.php?rest_route=\/wp\/v2\/posts\/137779\/revisions\/137780"}],"wp:attachment":[{"href":"https:\/\/www.bibula.com\/index.php?rest_route=%2Fwp%2Fv2%2Fmedia&parent=137779"}],"wp:term":[{"taxonomy":"category","embeddable":true,"href":"https:\/\/www.bibula.com\/index.php?rest_route=%2Fwp%2Fv2%2Fcategories&post=137779"},{"taxonomy":"post_tag","embeddable":true,"href":"https:\/\/www.bibula.com\/index.php?rest_route=%2Fwp%2Fv2%2Ftags&post=137779"}],"curies":[{"name":"wp","href":"https:\/\/api.w.org\/{rel}","templated":true}]}}