{"id":137748,"date":"2022-12-21T11:41:00","date_gmt":"2022-12-21T16:41:00","guid":{"rendered":"https:\/\/www.bibula.com\/?p=137748"},"modified":"2022-12-21T11:41:00","modified_gmt":"2022-12-21T16:41:00","slug":"to-kaczynski-i-pis-zlamali-kark-kosciolowi-w-polsce","status":"publish","type":"post","link":"https:\/\/www.bibula.com\/?p=137748","title":{"rendered":"To Kaczy\u0144ski i PiS z\u0142amali kark Ko\u015bcio\u0142owi w Polsce"},"content":{"rendered":"<div class=\"p_underline\">\r\n<p class=\"has-drop-cap\">Pomnik pierwszego rektora Katolickiego Uniwersytetu Lubelskiego i zas\u0142u\u017conego dla odrodzonej Polski ksi\u0119dza Idziego Benedykta Radziszewskiego (1871-1922) zosta\u0142 zdemontowany. Jak informowa\u0142 KUL, monument mia\u0142 znale\u017a\u0107 si\u0119 na terenie kampusu uniwersyteckiego. Mieszka\u0144cy Lublina byli oburzeni tym czynem. Decyzja budzi\u0142a powszechn\u0105 i zrozumia\u0142\u0105 niech\u0119\u0107. Na szcz\u0119\u015bcie pomnik za\u0142o\u017cyciela KUL ma wr\u00f3ci\u0107 na swoje miejsce.<br>\r\nW jego miejscu mia\u0142 stan\u0105\u0107 kolejny pomnik Lecha Kaczy\u0144skiego. Wiele os\u00f3b pisa\u0142o, \u017ce przecie\u017c Kaczy\u0144ski nie mia\u0142 nic wsp\u00f3lnego z KUL-em. Nic bardziej mylnego. Ten pomnik mia\u0142 by\u0107 symbolem zarz\u0105dzania Ko\u015bcio\u0142em w Polsce przez Prawo i Sprawiedliwo\u015b\u0107.<\/p>\r\n<p>Ja doskonale pami\u0119tam spraw\u0119 arcybiskupa Stanis\u0142awa Wielgusa. Arcybiskupa, kt\u00f3ry by\u0142 rektorem KUL-u w latach 1989\u20131998. Abp. Wielgus nie by\u0142 entuzjast\u0105 Solidarno\u015bci i ca\u0142ej styropianowej narracji. Dok\u0142adnie pami\u0119tam haniebn\u0105 rol\u0119 Gazety Polskiej i w\u0142a\u015bnie Lecha Kaczy\u0144skiego.<\/p>\r\n<p>W 2006 papie\u017c Benedykt XVI przeni\u00f3s\u0142 Stanis\u0142awa Wielgusa na urz\u0105d arcybiskupa metropolity warszawskiego. Kilka dni po tym Gazeta Polska (tak si\u0119 przewrotnie nazwa\u0142a), opublikowa\u0142a tekst z kt\u00f3rego wynika\u0142o, \u017ce arcybiskup by\u0142 wsp\u00f3\u0142pracownikiem SB. Styropianowcy dostali w\u015bcieklizny i odprawiali swoje oszo\u0142omskie jase\u0142ka dzie\u0144 po dniu. W\u0142\u0105czyli si\u0119 do tego g\u0142upsi ksi\u0119\u017ca, kt\u00f3rzy nie rozumieli, kto ich rozprowadza i w jakim czyni to celu. Arcybiskup nie mia\u0142 ju\u017c si\u0142, by opiera\u0107 si\u0119 tym seansom nienawi\u015bci i k\u0142amstwa. W dniu ingresu 7 stycznia 2007 arcybiskup Stanis\u0142aw Wielgus z\u0142o\u017cy\u0142 rezygnacj\u0119 z urz\u0119du. Pami\u0119tam klaszcz\u0105cego w rytm okrzyk\u00f3w bezrozumnej t\u0142uszczy Lecha Kaczy\u0144skiego z \u017con\u0105.<\/p>\r\n<p>To by\u0142 moim zdaniem moment z\u0142amania karku przez PiS-ist\u00f3w Ko\u015bcio\u0142owi w Polsce. Nie nale\u017ca\u0142o wtedy ust\u0119powa\u0107 PiS-owskim prowokatorom. By\u0107 mo\u017ce, gdyby hierarchia mia\u0142a odwag\u0119 si\u0119 sprzeciwi\u0107 lustracyjnemu szale\u0144stwu to dzisiaj Ko\u015bci\u00f3\u0142 by\u0142by w zupe\u0142nie innym po\u0142o\u017ceniu. Od tego czasu Ko\u015bci\u00f3\u0142 jest jeszcze obficiej dokarmiany przez w\u0142adze, ale straci\u0142 zupe\u0142nie g\u0142os w sprawach istotnych dla naszego narodu. Sta\u0142 si\u0119 klientem obecnej ekipy rz\u0105dowej. Partia rz\u0105dz\u0105ca zblatowa\u0142a si\u0119 z hierarchi\u0105. Ko\u015bci\u00f3\u0142 sta\u0142 si\u0119 zale\u017cy od kaprys\u00f3w rz\u0105dz\u0105cych. \u017badnej refleksji nie wida\u0107.<\/p>\r\n<p><strong><em>\u0141ukasz Marcin Jastrz\u0119bski<\/em><\/strong><\/p>\r\n<p class=\"zrodlo\">Za: <a href=\"https:\/\/myslpolska.info\/2022\/12\/21\/to-kaczynski-i-pis-zlamali-kark-kosciolowi-w-polsce\/\">My\u015bl Polska (21-12-2022)<\/a><\/p>\r\n<\/div>\r\n<h4>&nbsp;<\/h4>\r\n<hr style=\"background-color: #000000; border-width: 0; color: #000000; height: 2px; line-height: 0; text-align: center; width: 100%;\">\r\n<h4>&nbsp;<\/h4>\r\n<blockquote>\r\n<p style=\"text-align: left;\"><strong>KOMENTARZ <em>BIBU\u0141Y<\/em><\/strong>: Niekt\u00f3re \u015brodowiska bezkrytycznie stan\u0119\u0142y po stronie abp. Stanis\u0142awa Wielgusa, ze slynnym ju\u017c i blu\u017anierczym &#8222;ukrzy\u017cowany jak Chrystus&#8221;, wypowiedzianym przez ojca Dyrektora. Nie ulega w\u0105tpliwo\u015bci, \u017ce masoneria i prosyjonistyczne si\u0142y (jak Gazeta Polska) rozp\u0119ta\u0142y nagonk\u0119, a Kaczy\u0144scy obawiaj\u0105c si\u0119 o\u015brodka ko\u015bcielnego, kt\u00f3rego nie byliby w stanie kontrolowa\u0107, nagonk\u0119 poparli.<\/p>\r\n<p>Nie zmienia to jednak w \u017cadnym stopniu faktu, \u017ce abp. Wielgus BY\u0141 zarejestrowany jako Tajny Wsp\u00f3\u0142pracownik SB (&#8222;Grey&#8221; i &#8222;Adam&#8221;), \u017ce by\u0142 WIELOLETNIM wsp\u00f3\u0142pracownikiem, cho\u0107 zdemaskowany pomniejsza\u0142 swoj\u0105 rol\u0119 &#8211; co jest oczywiste i stanowi regu\u0142\u0119 w\u015br\u00f3d przy\u0142apanych konfident\u00f3w.<\/p>\r\n<p>To, \u017ce po latach abp. Wielgus zmieni\u0142 si\u0119 nieco, staj\u0105c si\u0119 bardziej &#8222;konserwatywnym&#8221; hierarch\u0105, nie uniewa\u017cnia jego przesz\u0142o\u015bci i wcale nie stawia w jasnym \u015bwietle, bowiem w pierwszych dniach nagonki WYPIERA\u0141 si\u0119 wsp\u00f3\u0142pracy, dopiero p\u00f3\u017aniej przyznaj\u0105c si\u0119 do tego.<\/p>\r\n<p>Zajmowali\u015bmy si\u0119 tym kilkakrotnie i po raz kolejny polecamy <span style=\"text-decoration: underline;\"><a href=\"https:\/\/www.bibula.com\/?p=830\">artyku\u0142 sprzed 15 laty<\/a><\/span> i nasz <span style=\"text-decoration: underline;\"><a href=\"https:\/\/www.bibula.com\/?p=79212\">Komentarz sprzed 7 laty<\/a><\/span>.<\/p>\r\n<p>Zwalanie dzisiaj winy &#8222;na Kaczy\u0144skiego i PiS&#8221;, kt\u00f3rzy to &#8222;z\u0142amali kark Ko\u015bcio\u0142owi w Polsce&#8221; i szczeg\u00f3lnie wi\u0105zanie tego ze spraw\u0105 abp. Wielgusa, jest naci\u0105gane. Tak, bracia Kaczy\u0144scy lawirowali polityk\u0105 wp\u0119dzaj\u0105c Polsk\u0119 w \u015bmiertelne sid\u0142a syjonizmu-amerykanizmu, ale to biskupi s\u0105 odpowiedzialni za destrukcj\u0119 Ko\u015bcio\u0142a w Polsce i z\u0142amanie dusz polskich wiernych!<\/p>\r\n<p>Nie wolno w tym miejscu zapomina\u0107 o haniebnej roli Radia Maryja i Ojca Dyrektora, w eliminowaniu w\u0105tk\u00f3w tradycyjnego katolicyzmu (np. awersji do Mszy \u015bwi\u0119tej Wszech Czas\u00f3w), w promowaniu posoborowego rewolucjonisty, Jana Paw\u0142a II, w prosyjonistycznej postawie judaizuj\u0105cej polskich katolik\u00f3w, itp.<\/p>\r\n<p>W\u015br\u00f3d tych, kt\u00f3rzy sprowadzili na manowce polskie spo\u0142ecze\u0144stwo i Polsk\u0119, nale\u017cy w pierwszej kolejno\u015bci wymieni\u0107 hierarch\u00f3w Ko\u015bcio\u0142a, w\u0142adze polityczne (postkomunist\u00f3w, UW, PO, PiS), kontrolowane przez &#8222;nieistniej\u0105ce&#8221; tajne s\u0142u\u017cby prywatne telewizje oraz &#8211; niestety &#8211; Radio Maryja.<\/p>\r\n<p>Radio Maryja z pewno\u015bci\u0105 doczeka si\u0119 za kilkadziesi\u0105t lat (nie wcze\u015bniej) rzeczowej i obiektywnej analizy swojej dzia\u0142alno\u015bci i niew\u0105tpliwie b\u0105d\u0105 tam pi\u0119kne i buduj\u0105ce w\u0105tki, lecz og\u00f3lnie b\u0119dzie ocenione jako lewoskr\u0119tna si\u0142a medialna &#8211; pomimo \u0142adnie brzmi\u0105cych Godzinek i modlitw.<\/p>\r\n<p>&nbsp;<\/p>\r\n<\/blockquote>","protected":false},"excerpt":{"rendered":"Pomnik pierwszego rektora Katolickiego Uniwersytetu Lubelskiego i zas\u0142u\u017conego dla odrodzonej Polski ksi\u0119dza Idziego Benedykta Radziszewskiego (1871-1922) zosta\u0142 zdemontowany. Jak informowa\u0142 KUL, monument mia\u0142 znale\u017a\u0107 si\u0119 na terenie kampusu uniwersyteckiego. Mieszka\u0144cy Lublina byli oburzeni tym czynem. Decyzja budzi\u0142a powszechn\u0105 i zrozumia\u0142\u0105 niech\u0119\u0107. Na szcz\u0119\u015bcie pomnik za\u0142o\u017cyciela KUL ma wr\u00f3ci\u0107 na swoje miejsce. W jego miejscu mia\u0142 [&hellip;]","protected":false},"author":1,"featured_media":0,"comment_status":"closed","ping_status":"closed","sticky":false,"template":"","format":"standard","meta":{"_acf_changed":false,"_monsterinsights_skip_tracking":false,"_monsterinsights_sitenote_active":false,"_monsterinsights_sitenote_note":"","_monsterinsights_sitenote_category":0,"ngg_post_thumbnail":0,"footnotes":"","_wp_rev_ctl_limit":""},"categories":[13],"tags":[92,37,36,33],"acf":[],"_links":{"self":[{"href":"https:\/\/www.bibula.com\/index.php?rest_route=\/wp\/v2\/posts\/137748"}],"collection":[{"href":"https:\/\/www.bibula.com\/index.php?rest_route=\/wp\/v2\/posts"}],"about":[{"href":"https:\/\/www.bibula.com\/index.php?rest_route=\/wp\/v2\/types\/post"}],"author":[{"embeddable":true,"href":"https:\/\/www.bibula.com\/index.php?rest_route=\/wp\/v2\/users\/1"}],"replies":[{"embeddable":true,"href":"https:\/\/www.bibula.com\/index.php?rest_route=%2Fwp%2Fv2%2Fcomments&post=137748"}],"version-history":[{"count":2,"href":"https:\/\/www.bibula.com\/index.php?rest_route=\/wp\/v2\/posts\/137748\/revisions"}],"predecessor-version":[{"id":137751,"href":"https:\/\/www.bibula.com\/index.php?rest_route=\/wp\/v2\/posts\/137748\/revisions\/137751"}],"wp:attachment":[{"href":"https:\/\/www.bibula.com\/index.php?rest_route=%2Fwp%2Fv2%2Fmedia&parent=137748"}],"wp:term":[{"taxonomy":"category","embeddable":true,"href":"https:\/\/www.bibula.com\/index.php?rest_route=%2Fwp%2Fv2%2Fcategories&post=137748"},{"taxonomy":"post_tag","embeddable":true,"href":"https:\/\/www.bibula.com\/index.php?rest_route=%2Fwp%2Fv2%2Ftags&post=137748"}],"curies":[{"name":"wp","href":"https:\/\/api.w.org\/{rel}","templated":true}]}}