{"id":137605,"date":"2022-12-18T21:56:09","date_gmt":"2022-12-19T02:56:09","guid":{"rendered":"https:\/\/www.bibula.com\/?p=137605"},"modified":"2022-12-18T21:56:09","modified_gmt":"2022-12-19T02:56:09","slug":"zaskakujaca-cisza-stanislaw-michalkiewicz","status":"publish","type":"post","link":"https:\/\/www.bibula.com\/?p=137605","title":{"rendered":"Zaskakuj\u0105ca cisza &#8211; <em>Stanis\u0142aw Michalkiewicz<\/em>"},"content":{"rendered":"<div class=\"p_underline\">\r\n<p class=\"has-drop-cap\">Wygra\u0142 pan spraw\u0119; trzeba tylko zap\u0142aci\u0107 i odsiedzie\u0107 \u2013 mia\u0142 podobno powiedzie\u0107 swojemu klientowi pewien adwokat. Wszystko to by\u0107 mo\u017ce, chocia\u017c nie jestem pewien, czy pan premier Morawiecki zna t\u0119 histori\u0119. W\u0142a\u015bnie bowiem po raz kolejny wyemitowa\u0142 optymistyczny komunikat, \u017ce odblokowanie \u015brodk\u00f3w, przewidzianych dla Polski w ramach tzw. funduszu odbudowy, jest na najlepszej drodze. Trzeba tylko&#8230; No w\u0142a\u015bnie. O tym, \u017ceby odsiedzie\u0107, chyba nie ma mowy, bo jak\u017ce tu wpakowa\u0107 do krymina\u0142u ca\u0142e pa\u0144stwo? By\u0142oby to k\u0142opotliwe ze wzgl\u0119d\u00f3w logistycznych, nie m\u00f3wi\u0105c ju\u017c o kwestiach zwi\u0105zanych z suwerenno\u015bci\u0105 i poczuciem godno\u015bci narodowej. Inaczej z zap\u0142aceniem. W\u0142a\u015bnie niedawno Komisja Europejska potr\u0105ci\u0142a sobie 33 mln euro z jakich\u015b polskich nale\u017cno\u015bci, bo w swoim czasie Europejski Trybuna\u0142 Sprawiedliwo\u015bci skaza\u0142 nasz nieszcz\u0119\u015bliwy kraj na milion euro dziennie kary, dop\u00f3ki nie zostanie zlikwidowana Izba Dyscyplinarna S\u0105du Najwy\u017cszego. Wprawdzie od jakiego\u015b czasu Izba Dyscyplinarna zosta\u0142a zamieniona na Izb\u0119 Odpowiedzialno\u015bci Zawodowej, ale nie wiadomo, czy licznik przesta\u0142 ju\u017c codziennie dosypywa\u0107 nowy milion, czy ju\u017c nie \u2013 bo ta Izba te\u017c budzi wiele zastrze\u017ce\u0144 p\u0142omiennych szermierzy praworz\u0105dno\u015bci. Co\u015b mo\u017ce by\u0107 na rzeczy, bo z czelu\u015bci kr\u0119g\u00f3w rz\u0105dowych dobiegaj\u0105 fa\u0142szywe pog\u0142oski, jakoby Naczelnik Pa\u0144stwa, kt\u00f3ry w tej, a by\u0107 mo\u017ce r\u00f3wnie\u017c w innych sprawach, stan\u0105\u0142 murem za panem premierem Morawieckim, zamierza\u0142 przeforsowa\u0107 w Sejmie ustawy s\u0105downicze zgodne z \u017cyczeniami Brukseli, nawet wbrew nieprzejednanemu stanowisku ministra Ziobry i jego Solidarnej Polski, kt\u00f3ra ma w Sejmie 20 pos\u0142\u00f3w. By\u0142oby to mo\u017cliwe na przyk\u0142ad przy pomocy Polskiego Stronnictwa Ludowego, kt\u00f3re ma stuprocentow\u0105 zdolno\u015b\u0107 koalicyjn\u0105, a w porywach nawet wy\u017csz\u0105, a poza tym \u2013 czeg\u00f3\u017c to nie mo\u017cna zrobi\u0107 dla Polski, zw\u0142aszcza gdy chodzi o pieni\u0105dze, za kt\u00f3rymi wszyscy tak si\u0119 ju\u017c st\u0119sknili? Warto przypomnie\u0107, \u017ce w podobny spos\u00f3b, tyle, \u017ce przy pomocy klubu parlamentarnego Lewicy, Naczelnik Pa\u0144stwa, wbrew cz\u0119\u015bci swojej w\u0142asnej koalicji, przeforsowa\u0142 niedawno ratyfikacj\u0119 ustawy o zasobach w\u0142asnych UE, kt\u00f3ra wyposa\u017cy\u0142a Komisj\u0119 Europejsk\u0105 w dwa nowe uprawnienia: zaci\u0105gania zobowi\u0105za\u0144 finansowych w imieniu ca\u0142ej Unii i nak\u0142adania \u201e<i>unijnych<\/i>\u201d podatk\u00f3w. By\u0142 to milowy krok na drodze \u201e<i>pog\u0142\u0119biania integracji<\/i>\u201d, czyli budowy IV Rzeszy, kt\u00f3rej Naczelnik oficjalnie jest zdecydowanie przeciwny. Korzystaj\u0105c z tych uprawnie\u0144 Komisja Europejska zaci\u0105gn\u0119\u0142a po\u017cyczk\u0119 na stworzenie Funduszu Odbudowy, kt\u00f3r\u0105 teraz ka\u017cdy unijny bantustan b\u0119dzie musia\u0142 w odpowiedniej cz\u0119\u015bci sp\u0142aci\u0107, niezale\u017cnie od tego, czy co\u015b z tego funduszu dosta\u0142, czy nie. Tymczasem z Brukseli dobiegaj\u0105 skrzydlate wie\u015bci, \u017ce praworz\u0105dno\u015b\u0107 \u2013 owszem, to \u017arenica oka Unii Europejskiej &#8211; ale te argusowe oczy maj\u0105 wiele \u017arenic, konkretnie tyle, ile jest \u201e<i>kamieni milowych<\/i>\u201d i dop\u00f3ki chocia\u017c jeden z nich nie zostanie przez Polsk\u0119 zrealizowany, o \u017cadnym odblokowaniu forsy nie mo\u017ce by\u0107 mowy. Przekona\u0142y si\u0119 o tym niedawno W\u0119gry, kt\u00f3re zgodzi\u0142y si\u0119 na finansowe wsparcie Ukrainy w zamian za odblokowanie jakiej\u015b w\u0119gierskiej forsy, ale okaza\u0142o si\u0119, \u017ce trzeba b\u0119dzie jeszcze zap\u0142aci\u0107 i odsiedzie\u0107. Tak oto, przy pomocy szanta\u017cu finansowego, Niemcy dyscyplinuj\u0105 unijne bantustany.<\/p>\r\n<p>Tymczasem w ramach \u201e<i>operacji Ziobro<\/i>\u201d, zmierzaj\u0105cej do wysadzenia tego ministra ze stanowiska, wybuch\u0142a straszliwa awantura na posiedzeniu Komisji Sprawiedliwo\u015bci. W\u015br\u00f3d wybuchaj\u0105cego co i rusz klangoru Komisja ostatecznie nie popar\u0142a zg\u0142oszonego przez Wielce Czcigodnego pos\u0142a Pupk\u0119 z kolegami wniosku o wotum nieufno\u015bci nad kt\u00f3rym Sejm ma debatowa\u0107 13 grudnia wieczorem. Wsp\u00f3\u0142pracownicy ministra Ziobry na posiedzeniu Komisji prezentowali ostentacyjne przekonanie, \u017ce wniosek nie przejdzie \u2013 co jest mo\u017cliwe w sytuacji, gdy znowu obserwujemy osobliwe porozumienie ponad podzia\u0142ami.<\/p>\r\n<p>Oto kilka dni temu pan red. Leszek Szymowski poda\u0142 wiadomo\u015b\u0107, i\u017c pan Mateusz Morawiecki w roku 1989 zosta\u0142 zarejestrowany i to pod dwoma pseudonimami, jako tajny wsp\u00f3\u0142pracownik NRD-owskiej STASI. Pan red. Szymowski poinformowa\u0142 te\u017c, \u017ce Niemcy nie udost\u0119pnili mu teczki polskiego premiera, chocia\u017c o to wyst\u0119powa\u0142, z czego wnioskuje, \u017ce nadal jest ona utajniona. W zwi\u0105zku z tym Konfedracja zwo\u0142a\u0142a konferencj\u0119 prasow\u0105, domagaj\u0105c si\u0119 dok\u0142adnego zbadania tej sprawy tym bardziej, \u017ce po \u201e<i>upadku komunizmu<\/i>\u201d i zjednoczeniu Niemiec, aktywa STASI, z konfidentami w\u0142\u0105cznie, zosta\u0142y przej\u0119te przez BND, wi\u0119c sprawa mog\u0142a mie\u0107, a mo\u017ce nawet nadal ma, sw\u00f3j dalszy ci\u0105g. Gdyby co\u015b takiego zosta\u0142o opublikowane w normalnym pa\u0144stwie, wybuch\u0142oby polityczne trz\u0119sienie ziemi. Tymczasem, mimo up\u0142ywu czterech dni, nikt si\u0119 na ten temat nie zaj\u0105kn\u0105\u0142 ani s\u0142owem. Dotyczy to zar\u00f3wno medi\u00f3w rz\u0105dowych, co jest nawet bardziej zrozumia\u0142e, bo one jeszcze nie wiedz\u0105, co my\u015bl\u0105, ale r\u00f3wnie\u017c medi\u00f3w nierz\u0105dnych, kt\u00f3re propagandowo obs\u0142uguj\u0105 nieprzejednan\u0105 opozycj\u0119. One r\u00f3wnie\u017c uda\u0142y, \u017ce nie s\u0142ysz\u0105, podobnie jak hersztowie opozycyjnych gang\u00f3w \u2013 oczywi\u015bcie poza Konfederacj\u0105. W tej sytuacji perspektywa, \u017ce zostanie w tej sprawie wszcz\u0119te jakie\u015b post\u0119powanie, nie wydaje si\u0119 prawdopodobna. Tak by\u0142o w roku 1992, kiedy to Krzysztof Wyszkowski, \u00f3wczesny doradca premiera Olszewskiego, publicznie powiedzia\u0142, \u017ce traktat polsko-niemiecki o dobrym s\u0105siedztwie i przyjaznej wsp\u00f3\u0142pracy jest niesymetryczny na niekorzy\u015b\u0107 Polski, bo w trakcie negocjacji pan minister Krzysztof Skubiszewski by\u0142 przez stron\u0119 niemieck\u0105 szanta\u017cowany, \u017ce je\u015bli nie b\u0119dzie ust\u0119pliwy, to oni og\u0142osz\u0105, \u017ce by\u0142 tajnym wsp\u00f3\u0142pracownikiem SB o pseudonimie \u201e<i>Kosk<\/i>\u201d. Chocia\u017c by\u0142o to publiczne oskar\u017cenie urz\u0119duj\u0105cego ministra spraw zagranicznych o zdrad\u0119 stanu, wszyscy udali, \u017ce nie s\u0142ysz\u0105 i sprawa ta nie mia\u0142a \u017cadnych konsekwencji. Obecnie jest tak samo, co nasuwa podejrzenia, \u017ce wszystko nie zako\u0144czy si\u0119 nawet weso\u0142ym oberkiem, tylko w og\u00f3le si\u0119 nie zacznie. Nie m\u00f3wi si\u0119 bowiem o sznurze w domu wisielca tym bardziej, gdy do tego sznura mog\u0105 by\u0107 przywi\u0105zani r\u00f3wnie\u017c inni Umi\u0142owani Przyw\u00f3dcy. W tym miejscu musz\u0119 odwo\u0142a\u0107 si\u0119 do mojej ulubionej teorii spiskowej wed\u0142ug kt\u00f3rej \u2013 po pierwsze &#8211; u progu transformacji ustrojowej nasi bezpieczniacy przewerbowali si\u0119 na s\u0142u\u017cb\u0119 do naszych przysz\u0142ych, a obecnie \u2013 aktualnych sojusznik\u00f3w i wykonuj\u0105 w naszym nieszcz\u0119\u015bliwym kraju zadania przez nich zlecone, a po drugie \u2013 czy w zwi\u0105zku z tym mo\u017cna w og\u00f3le by\u0107 w Polsce skutecznym politykiem nie b\u0119d\u0105c niczyim agentem? Je\u015bli chodzi o pana premiera Morawieckiego, to niew\u0105tpliwie jest on politykiem skutecznym, mo\u017ce nie tyle z punktu widzenia polskich interes\u00f3w pa\u0144stwowych, co z punktu widzenia w\u0142asnej kariery, kt\u00f3rej przebieg rzeczywi\u015bcie jest imponuj\u0105cy.<\/p>\r\n<\/div>\r\n<p class=\"podpis_tekst\"><strong><em>Stanis\u0142aw Michalkiewicz<\/em><\/strong><\/p>\r\n<p>Komentarz &nbsp;<b>\u2022<\/b>&nbsp; tygodnik \u201eGoniec\u201d (Toronto) &nbsp;<b>\u2022<\/b>&nbsp; 18 grudnia 2022<\/p>","protected":false},"excerpt":{"rendered":"Wygra\u0142 pan spraw\u0119; trzeba tylko zap\u0142aci\u0107 i odsiedzie\u0107 \u2013 mia\u0142 podobno powiedzie\u0107 swojemu klientowi pewien adwokat. Wszystko to by\u0107 mo\u017ce, chocia\u017c nie jestem pewien, czy pan premier Morawiecki zna t\u0119 histori\u0119. W\u0142a\u015bnie bowiem po raz kolejny wyemitowa\u0142 optymistyczny komunikat, \u017ce odblokowanie \u015brodk\u00f3w, przewidzianych dla Polski w ramach tzw. funduszu odbudowy, jest na najlepszej drodze. Trzeba [&hellip;]","protected":false},"author":1,"featured_media":0,"comment_status":"closed","ping_status":"closed","sticky":false,"template":"","format":"standard","meta":{"_acf_changed":false,"_monsterinsights_skip_tracking":false,"_monsterinsights_sitenote_active":false,"_monsterinsights_sitenote_note":"","_monsterinsights_sitenote_category":0,"ngg_post_thumbnail":0,"footnotes":"","_wp_rev_ctl_limit":""},"categories":[13],"tags":[395,23,92,84,34],"acf":[],"_links":{"self":[{"href":"https:\/\/www.bibula.com\/index.php?rest_route=\/wp\/v2\/posts\/137605"}],"collection":[{"href":"https:\/\/www.bibula.com\/index.php?rest_route=\/wp\/v2\/posts"}],"about":[{"href":"https:\/\/www.bibula.com\/index.php?rest_route=\/wp\/v2\/types\/post"}],"author":[{"embeddable":true,"href":"https:\/\/www.bibula.com\/index.php?rest_route=\/wp\/v2\/users\/1"}],"replies":[{"embeddable":true,"href":"https:\/\/www.bibula.com\/index.php?rest_route=%2Fwp%2Fv2%2Fcomments&post=137605"}],"version-history":[{"count":1,"href":"https:\/\/www.bibula.com\/index.php?rest_route=\/wp\/v2\/posts\/137605\/revisions"}],"predecessor-version":[{"id":137606,"href":"https:\/\/www.bibula.com\/index.php?rest_route=\/wp\/v2\/posts\/137605\/revisions\/137606"}],"wp:attachment":[{"href":"https:\/\/www.bibula.com\/index.php?rest_route=%2Fwp%2Fv2%2Fmedia&parent=137605"}],"wp:term":[{"taxonomy":"category","embeddable":true,"href":"https:\/\/www.bibula.com\/index.php?rest_route=%2Fwp%2Fv2%2Fcategories&post=137605"},{"taxonomy":"post_tag","embeddable":true,"href":"https:\/\/www.bibula.com\/index.php?rest_route=%2Fwp%2Fv2%2Ftags&post=137605"}],"curies":[{"name":"wp","href":"https:\/\/api.w.org\/{rel}","templated":true}]}}