{"id":137565,"date":"2022-12-17T11:49:46","date_gmt":"2022-12-17T16:49:46","guid":{"rendered":"https:\/\/www.bibula.com\/?p=137565"},"modified":"2022-12-19T14:45:18","modified_gmt":"2022-12-19T19:45:18","slug":"rekolekcje-adwentowe","status":"publish","type":"post","link":"https:\/\/www.bibula.com\/?p=137565","title":{"rendered":"Rekolekcje adwentowe"},"content":{"rendered":"<h4 class=\"style-scope ytd-watch-metadata\">Rekolekcje Adwentowe 2022- wyk\u0142ad 1<\/h4>\r\n<p>&nbsp;<\/p>\r\n<p><iframe title=\"YouTube video player\" src=\"https:\/\/www.youtube.com\/embed\/pLgfkWk-S5I\" allowfullscreen=\"allowfullscreen\" width=\"560\" height=\"315\" frameborder=\"0\"><span style=\"display: inline-block; width: 0px; overflow: hidden; line-height: 0;\" data-mce-type=\"bookmark\" class=\"mce_SELRES_start\">\ufeff<\/span><\/iframe><\/p>\r\n<p>&nbsp;<\/p>\r\n<p>Rekolekcje przeprowadzone przez ks. Antoniego&nbsp; My\u015bli\u0144skiego, FSSPX, w ko\u015bciele pw. Niepokalanego Pocz\u0119cia Naj\u015bwi\u0119tszej Maryi Panny (Warszawa), w dniu 16 grudnia AD 2022<\/p>\r\n<p>&nbsp;<\/p>\r\n<p>&nbsp;<\/p>\r\n<h4>&nbsp;<\/h4>\r\n<hr style=\"background-color: #000000; border-width: 0; color: #000000; height: 2px; line-height: 0; text-align: center; width: 100%;\">\r\n<h4>&nbsp;<\/h4>\r\n<p>&nbsp;<\/p>\r\n<h4>Rekolekcje Adwentowe 2022 &#8211; wyk\u0142ad 2<\/h4>\r\n<p>&nbsp;<\/p>\r\n<p><iframe title=\"YouTube video player\" src=\"https:\/\/www.youtube.com\/embed\/9JNX9FGEHpo\" allowfullscreen=\"allowfullscreen\" width=\"560\" height=\"315\" frameborder=\"0\"><\/iframe><\/p>\r\n<p>&nbsp;<\/p>\r\n<p>Rekolekcje przeprowadzone przez ks. Antoniego&nbsp; My\u015bli\u0144skiego, FSSPX, w ko\u015bciele pw. Niepokalanego Pocz\u0119cia Naj\u015bwi\u0119tszej Maryi Panny (Warszawa), w dniu 17 grudnia AD 2022<\/p>\r\n<p>&nbsp;<\/p>\r\n<p>&nbsp;<\/p>\r\n<h4>&nbsp;<\/h4>\r\n<hr style=\"background-color: #000000; border-width: 0; color: #000000; height: 2px; line-height: 0; text-align: center; width: 100%;\">\r\n<h4>&nbsp;<\/h4>\r\n<p>&nbsp;<\/p>\r\n<h4>Rekolekcje Adwentowe 2022 &#8211; wyk\u0142ad 3<\/h4>\r\n<p>&nbsp;<\/p>\r\n<p><iframe title=\"YouTube video player\" src=\"https:\/\/www.youtube.com\/embed\/IiaKCCwPDIQ\" allowfullscreen=\"allowfullscreen\" width=\"560\" height=\"315\" frameborder=\"0\"><\/iframe><\/p>\r\n<p>&nbsp;<\/p>\r\n<p>Rekolekcje przeprowadzone przez ks. Antoniego&nbsp; My\u015bli\u0144skiego, FSSPX, w ko\u015bciele pw. Niepokalanego Pocz\u0119cia Naj\u015bwi\u0119tszej Maryi Panny (Warszawa), w dniu 17 grudnia AD 2022<\/p>\r\n<p>&nbsp;<\/p>\r\n<blockquote>\r\n<p style=\"text-align: center;\"><strong><span class=\"style-scope yt-formatted-string\" dir=\"auto\">Wsparcie apostolatu Bractwa Kap\u0142a\u0144skiego \u015bw. Piusa X<\/span><\/strong><\/p>\r\n<p style=\"text-align: center;\"><strong><span style=\"text-decoration: underline;\"><a class=\"yt-simple-endpoint style-scope yt-formatted-string\" dir=\"auto\" spellcheck=\"false\" href=\"https:\/\/www.youtube.com\/redirect?event=video_description&amp;redir_token=QUFFLUhqbG1sdDdPQVZicU5ETmlSY3ZMOEprcnlpbVdMd3xBQ3Jtc0tsb2doZDVCaGpxemMwR3ZEN1lDdkZxZEJKT2RiNVF1QUkzTUk0WENoR0VsZk9sNkdlTkU2Ni1nYk9jOGRqWTB4dm5DQzVFWVdSYk0yLW5NUzZiaVF2a05TN0g2bGtZcG96dGNXZW9mSFFKSDRZRWRfZw&amp;q=http%3A%2F%2Fwww.piusx.org.pl%2Fdarowizny&amp;v=9JNX9FGEHpo\" target=\"_blank\" rel=\"nofollow noopener\">http:\/\/www.piusx.org.pl\/darowizny<\/a> <\/span><\/strong><\/p>\r\n<\/blockquote>\r\n<p>&nbsp;<\/p>","protected":false},"excerpt":{"rendered":"Rekolekcje Adwentowe 2022- wyk\u0142ad 1 &nbsp; \ufeff &nbsp; Rekolekcje przeprowadzone przez ks. Antoniego&nbsp; My\u015bli\u0144skiego, FSSPX, w ko\u015bciele pw. Niepokalanego Pocz\u0119cia Naj\u015bwi\u0119tszej Maryi Panny (Warszawa), w dniu 16 grudnia AD 2022 &nbsp; &nbsp; &nbsp; &nbsp; &nbsp; Rekolekcje Adwentowe 2022 &#8211; wyk\u0142ad 2 &nbsp; &nbsp; Rekolekcje przeprowadzone przez ks. Antoniego&nbsp; My\u015bli\u0144skiego, FSSPX, w ko\u015bciele pw. Niepokalanego Pocz\u0119cia [&hellip;]","protected":false},"author":1,"featured_media":0,"comment_status":"closed","ping_status":"closed","sticky":false,"template":"","format":"standard","meta":{"_acf_changed":false,"_monsterinsights_skip_tracking":false,"_monsterinsights_sitenote_active":false,"_monsterinsights_sitenote_note":"","_monsterinsights_sitenote_category":0,"ngg_post_thumbnail":0,"footnotes":"","_wp_rev_ctl_limit":""},"categories":[13],"tags":[119,218,32],"acf":[],"_links":{"self":[{"href":"https:\/\/www.bibula.com\/index.php?rest_route=\/wp\/v2\/posts\/137565"}],"collection":[{"href":"https:\/\/www.bibula.com\/index.php?rest_route=\/wp\/v2\/posts"}],"about":[{"href":"https:\/\/www.bibula.com\/index.php?rest_route=\/wp\/v2\/types\/post"}],"author":[{"embeddable":true,"href":"https:\/\/www.bibula.com\/index.php?rest_route=\/wp\/v2\/users\/1"}],"replies":[{"embeddable":true,"href":"https:\/\/www.bibula.com\/index.php?rest_route=%2Fwp%2Fv2%2Fcomments&post=137565"}],"version-history":[{"count":6,"href":"https:\/\/www.bibula.com\/index.php?rest_route=\/wp\/v2\/posts\/137565\/revisions"}],"predecessor-version":[{"id":137652,"href":"https:\/\/www.bibula.com\/index.php?rest_route=\/wp\/v2\/posts\/137565\/revisions\/137652"}],"wp:attachment":[{"href":"https:\/\/www.bibula.com\/index.php?rest_route=%2Fwp%2Fv2%2Fmedia&parent=137565"}],"wp:term":[{"taxonomy":"category","embeddable":true,"href":"https:\/\/www.bibula.com\/index.php?rest_route=%2Fwp%2Fv2%2Fcategories&post=137565"},{"taxonomy":"post_tag","embeddable":true,"href":"https:\/\/www.bibula.com\/index.php?rest_route=%2Fwp%2Fv2%2Ftags&post=137565"}],"curies":[{"name":"wp","href":"https:\/\/api.w.org\/{rel}","templated":true}]}}