{"id":137461,"date":"2022-12-15T12:06:09","date_gmt":"2022-12-15T17:06:09","guid":{"rendered":"https:\/\/www.bibula.com\/?p=137461"},"modified":"2022-12-15T14:10:03","modified_gmt":"2022-12-15T19:10:03","slug":"w-komendzie-glownej-policji-eksplodowal-prezent-od-szefa-jednej-z-ukrainskich-sluzb-ranny-komendant-glowny","status":"publish","type":"post","link":"https:\/\/www.bibula.com\/?p=137461","title":{"rendered":"W Komendzie G\u0142\u00f3wnej Policji eksplodowa\u0142 prezent od szefa jednej z ukrai\u0144skich s\u0142u\u017cb. Ranny Komendant G\u0142\u00f3wny"},"content":{"rendered":"<div class=\"p_underline\">\r\n<h4>Eksplozja w KGP. Komendant G\u0142\u00f3wny ranny. Eksplodowa\u0142 prezent od szefa jednej z ukrai\u0144skich s\u0142u\u017cb. Tym razem Warszawa oczekuje wyja\u015bnie\u0144<\/h4>\r\n<p>&nbsp;<\/p>\r\n<p class=\"has-drop-cap\">Wczoraj mia\u0142a miejsce eksplozja w budynku Komendy G\u0142\u00f3wnej Policji. Do dzisiaj nie by\u0142o przekazywanych \u017cadnych oficjalnych wyja\u015bnie\u0144 w tej sprawie. Dzi\u015b poinformowano, \u017ce eksplodowa\u0142 prezent od szefa jednej z ukrai\u0144skich s\u0142u\u017cb, kt\u00f3ry otrzyma\u0142 Komendant G\u0142\u00f3wny Policji Jaros\u0142aw Szymczyk.<\/p>\r\n<p>MSWiA poda\u0142o, \u017ce w pomieszczeniu s\u0105siaduj\u0105cym z gabinetem Komendanta G\u0142\u00f3wnego Policji dosz\u0142o do eksplozji.<\/p>\r\n<p>\u2013 Eksplodowa\u0142 jeden z prezent\u00f3w, kt\u00f3re Komendant otrzyma\u0142 podczas swojej roboczej wizyty na Ukrainie w dn. 11-12 grudnia br., gdzie spotka\u0142 si\u0119 z kierownictwami ukrai\u0144skiej Policji i S\u0142u\u017cby ds. sytuacji nadzwyczajnych. Prezent by\u0142 podarunkiem od jednego z szef\u00f3w ukrai\u0144skich s\u0142u\u017cb \u2013 przekaza\u0142o MSWiA.<\/p>\r\n<p>\u2013 W wyniku eksplozji Komendant dozna\u0142 lekkich obra\u017ce\u0144 i od wczoraj przebywa na obserwacji w szpitalu. Lekkich obra\u017ce\u0144 nie wymagaj\u0105cych hospitalizacji dozna\u0142 te\u017c pracownik cywilny Komendy G\u0142\u00f3wnej Policji. Strona polska zwr\u00f3ci\u0142a si\u0119 do strony ukrai\u0144skiej o z\u0142o\u017cenie stosownych wyja\u015bnie\u0144. Spraw\u0105 od pocz\u0105tku zajmuje si\u0119 prokuratura i odpowiednie s\u0142u\u017cby \u2013 podkre\u015blono.<\/p>\r\n<p>Wcze\u015bniej niewiele wiadomo by\u0142o o wybuchu, kt\u00f3ry nast\u0105pi\u0142 wczoraj. S\u0142u\u017cby nie komentowa\u0142y tej sprawy. Rzecznik policji insp. Mariusz Ciarka twierdzi\u0142, \u017ce \u201ezdarzenie nie jest na tyle powa\u017cne, by organizowa\u0107 konferencj\u0119 prasow\u0105\u201d. Dzi\u015b ju\u017c mo\u017cemy si\u0119 domy\u015bla\u0107, sk\u0105d wzi\u0119\u0142o si\u0119 pocz\u0105tkowe milczenie w tej sprawie.<\/p>\r\n<p>\u2013 Jest to pomieszczenie niejawne, w kt\u00f3rym znajduj\u0105 si\u0119 urz\u0105dzenia zwi\u0105zane z zapewnieniem ochrony obiekt\u00f3w KGP. Dlatego nie mo\u017cemy udziela\u0107 \u017cadnych informacji \u2013 przekonywa\u0142 wcze\u015bniej insp. Ciarka.<\/p>\r\n<p>W wyniku eksplozji, kt\u00f3ra wydarzy\u0142a si\u0119 wczoraj oko\u0142o godz. 7.50 ukruszy\u0142 si\u0119 strop, kt\u00f3ry spad\u0142 na g\u0142owy pracuj\u0105cego wewn\u0105trz robotnika. Ten r\u00f3wnie\u017c trafi\u0142 pod opiek\u0119 lekarzy.<\/p>\r\n<p>\u2013 Tak wygl\u0105da granatnik RGW-90 kt\u00f3ry wed\u0142ug nieoficjalnych informacji przypadkowo wystrzeli\u0142 w Komendzie G\u0142\u00f3wnej Policji. Dosz\u0142o do uszkodzenia stropu a Komendant G\u0142\u00f3wny Policji Jaros\u0142aw Szymczyk na kilka kilka godzin straci\u0142 s\u0142uch i zosta\u0142 przewieziony do szpitala \u2013 napisa\u0142 na Twitterze dziennikarz TVN24 Wojciech Bojanowski, zamieszczaj\u0105c zdj\u0119cie granatnika.<\/p>\r\n<p>Z kolei Witold Tumanowicz zwr\u00f3ci\u0142 uwag\u0119, \u017ce \u201eincydent ma miejsce miesi\u0105c po wybuchu ukrai\u0144skich rakiet w Przewodowie, kt\u00f3re zabi\u0142y dw\u00f3ch Polak\u00f3w\u201d.<\/p>\r\n<p>\u2013 Mia\u0142 miejsce bardzo niebezpieczny incydent. Pytanie o procedury Policji to jedno ale wa\u017cniejsze pytanie gdzie jest prawdziwy silny polski kontrwywiad? Takie co\u015b nie ma prawa si\u0119 wydarzy\u0107 \u2013 stwierdzi\u0142 z kolei pose\u0142 Konfederacji Krzysztof Tuduj.<\/p>\r\n<p>\u2013 Wygl\u0105da na to, \u017ce po wybuchu dosz\u0142o do z\u0142amania wielu procedur post\u0119powania w&nbsp;takich sytuacjach. Reporter RMF FM&nbsp;nie uzyska\u0142 odpowiedzi na pytania, dlaczego dy\u017curny komendy nie powiadomi\u0142 o&nbsp;wybuchu stra\u017cy po\u017carnej i&nbsp;dlaczego nie wezwano inspektor\u00f3w nadzoru budowlanego, by ocenili uszkodzenia dw\u00f3ch strop\u00f3w. <strong>Nie jest te\u017c jasne,&nbsp;dlaczego wydanie tego kilkuzdaniowego komunikatu zaj\u0119\u0142o ministerstwu ponad 30 godzin<\/strong> \u2013 zwr\u00f3ci\u0142o uwag\u0119 RMF FM.<\/p>\r\n<p class=\"zrodlo\">Za: <a href=\"https:\/\/www.kontrowersje.net\/sorry-taki-mamy-klimat-trzeba-mniej-jesc-i-ocieplac-mieszkania\/\">Kontrowersje.net (14 lipca 2022)<\/a><\/p>\r\n<\/div>\r\n<p>&nbsp;<\/p>","protected":false},"excerpt":{"rendered":"Eksplozja w KGP. Komendant G\u0142\u00f3wny ranny. Eksplodowa\u0142 prezent od szefa jednej z ukrai\u0144skich s\u0142u\u017cb. Tym razem Warszawa oczekuje wyja\u015bnie\u0144 &nbsp; Wczoraj mia\u0142a miejsce eksplozja w budynku Komendy G\u0142\u00f3wnej Policji. Do dzisiaj nie by\u0142o przekazywanych \u017cadnych oficjalnych wyja\u015bnie\u0144 w tej sprawie. Dzi\u015b poinformowano, \u017ce eksplodowa\u0142 prezent od szefa jednej z ukrai\u0144skich s\u0142u\u017cb, kt\u00f3ry otrzyma\u0142 Komendant G\u0142\u00f3wny [&hellip;]","protected":false},"author":1,"featured_media":0,"comment_status":"closed","ping_status":"closed","sticky":false,"template":"","format":"standard","meta":{"_acf_changed":false,"_monsterinsights_skip_tracking":false,"_monsterinsights_sitenote_active":false,"_monsterinsights_sitenote_note":"","_monsterinsights_sitenote_category":0,"ngg_post_thumbnail":0,"footnotes":"","_wp_rev_ctl_limit":""},"categories":[13],"tags":[65,92,126,167],"acf":[],"_links":{"self":[{"href":"https:\/\/www.bibula.com\/index.php?rest_route=\/wp\/v2\/posts\/137461"}],"collection":[{"href":"https:\/\/www.bibula.com\/index.php?rest_route=\/wp\/v2\/posts"}],"about":[{"href":"https:\/\/www.bibula.com\/index.php?rest_route=\/wp\/v2\/types\/post"}],"author":[{"embeddable":true,"href":"https:\/\/www.bibula.com\/index.php?rest_route=\/wp\/v2\/users\/1"}],"replies":[{"embeddable":true,"href":"https:\/\/www.bibula.com\/index.php?rest_route=%2Fwp%2Fv2%2Fcomments&post=137461"}],"version-history":[{"count":8,"href":"https:\/\/www.bibula.com\/index.php?rest_route=\/wp\/v2\/posts\/137461\/revisions"}],"predecessor-version":[{"id":137486,"href":"https:\/\/www.bibula.com\/index.php?rest_route=\/wp\/v2\/posts\/137461\/revisions\/137486"}],"wp:attachment":[{"href":"https:\/\/www.bibula.com\/index.php?rest_route=%2Fwp%2Fv2%2Fmedia&parent=137461"}],"wp:term":[{"taxonomy":"category","embeddable":true,"href":"https:\/\/www.bibula.com\/index.php?rest_route=%2Fwp%2Fv2%2Fcategories&post=137461"},{"taxonomy":"post_tag","embeddable":true,"href":"https:\/\/www.bibula.com\/index.php?rest_route=%2Fwp%2Fv2%2Ftags&post=137461"}],"curies":[{"name":"wp","href":"https:\/\/api.w.org\/{rel}","templated":true}]}}