{"id":137447,"date":"2022-12-12T11:32:25","date_gmt":"2022-12-12T16:32:25","guid":{"rendered":"https:\/\/www.bibula.com\/?p=137447"},"modified":"2022-12-12T11:32:25","modified_gmt":"2022-12-12T16:32:25","slug":"stop-cenzurze-lekarzy-podpisz-petycje","status":"publish","type":"post","link":"https:\/\/www.bibula.com\/?p=137447","title":{"rendered":"STOP cenzurze lekarzy! &#8211; PODPISZ PETYCJ\u0118!"},"content":{"rendered":"<p><strong>Przewodnicz\u0105cy Okr\u0119gowego Sadu Lekarskiego w Krakowie<\/strong><br>\r\n<strong>Lek. Bo\u017cena Kozanecka<\/strong><br>\r\n<br>\r\n<strong>Okr\u0119gowy Rzecznik Odpowiedzialno\u015bci Zawodowej<\/strong><br>\r\n<strong>przy Okr\u0119gowej Izbie Lekarskiej w Krakowie<\/strong><br>\r\n<strong>Lek. dent. Anna Kot<\/strong><br>\r\n<br>\r\n<strong>Prezes Naczelnej Rady Lekarskiej<\/strong><br>\r\n<strong>Lek. \u0141ukasz Jankowski<\/strong><br>\r\n<br>\r\n<\/p>\r\n<p>Szanowni Pa\u0144stwo,<br>\r\n<br>\r\nWzywamy do umorzenia post\u0119powania wszcz\u0119tego przeciw doktorowi nauk medycznych Zbigniewowi Martyce, a tak\u017ce do rezygnacji z wszelkich post\u0119powa\u0144 dyscyplinarnych wobec lekarzy, kt\u00f3rych jedyn\u0105 win\u0105 jest kwestionowanie panuj\u0105cej w czasie walki z pandemi\u0105 COVID-19 narracji. Narracji, kt\u00f3ra pomimo w\u0105t\u0142ych \u2013 z czasem ca\u0142kowicie obalonych \u2013 podstaw naukowych, promowa\u0142a konkretny zestaw paramedycznych \u015brodk\u00f3w zapobiegawczych, <a href=\"http:\/\/m.in\">m.in<\/a>. stosowanie maseczek ochronnych, dezynfekcji czy izolacji, kt\u00f3rej poddawano ca\u0142e spo\u0142ecze\u0144stwa.<br>\r\n<br>\r\nOsoby, kt\u00f3re, podobnie jak dr Martyka, za pomoc\u0105 krytycznej analizy i akademickich metod usi\u0142owa\u0142y poda\u0107 w w\u0105tpliwo\u015b\u0107 wy\u017cej wymienione procedury, spotyka\u0142y si\u0119 z daleko posuni\u0119tymi szykanami, cenzur\u0105 i ostracyzmem, w szczeg\u00f3lno\u015bci, cho\u0107 nie tylko, w \u015brodowisku lekarskim. Zaznaczmy, \u017ce metody przedstawione przez aparat pa\u0144stwowy i media g\u0142\u00f3wnego nurtu jako skuteczne, moralnie s\u0142uszne i pozbawione alternatywy, mia\u0142y i nadal maj\u0105 wymierne i bardzo powa\u017cne konsekwencje dla funkcjonowania zar\u00f3wno jednostki, jak i ca\u0142ego spo\u0142ecze\u0144stwa.<br>\r\n<br>\r\nSetki tysi\u0119cy zrujnowanych przedsi\u0119biorstw, stracone roczniki w systemie edukacji, wskazywany przez psycholog\u00f3w pot\u0119\u017cny kryzys w\u015br\u00f3d dzieci i m\u0142odzie\u017cy, sparali\u017cowany system ochrony zdrowia, d\u0142ug zdrowotny, kt\u00f3ry mo\u017ce skutkowa\u0107 podwy\u017cszon\u0105 \u015bmiertelno\u015bci\u0105 w nadchodz\u0105cych latach \u2013 to jedne z najbardziej dotkliwych skutk\u00f3w polityki lockdownowej w Polsce. Polityki, kt\u00f3ra koncentrowa\u0142a si\u0119 na walce z chorob\u0105 COVID-19, po\u015bwi\u0119caj\u0105c jednak dobrobyt i zdrowie obywateli.<br>\r\n<br>\r\nWbrew oskar\u017ceniom, dr Zbigniew Martyka nigdy nie promowa\u0142 informacji fa\u0142szywych lub niesprawdzonych. Przeciwnie, formu\u0142owa\u0142 opinie ostro\u017cne i zgodne ze stanem wiedzy medycznej, nawet je\u015bli by\u0142y sprzeczne z przekazem du\u017cych medi\u00f3w i tzw. \u201eekspert\u00f3w\u201d wykorzystywanych przez rz\u0105d do wzmocnienia oddzia\u0142ywania na polskie spo\u0142ecze\u0144stwo. Domagamy si\u0119 zaprzestania cenzury w \u015brodowiskach medycznych i umorzenia bezpodstawnego post\u0119powania dyscyplinarnego, kt\u00f3re toczy si\u0119 przeciw doktorowi Zbigniewowi Martyce.<br>\r\n<br>\r\nZ powa\u017caniem,<\/p>\r\n<p><strong>PODPISZ PETYCJ\u0118<\/strong><\/p>\r\n<p>&nbsp;<\/p>\r\n<p><blockquote class=\"wp-embedded-content\" data-secret=\"xK9zWGAKJe\"><a href=\"https:\/\/stopcenzurzelekarzy.pl\/\">STOP cenzurze lekarzy! Podpisz petycj\u0119 w obronie dra Martyki!<\/a><\/blockquote><iframe class=\"wp-embedded-content\" sandbox=\"allow-scripts\" security=\"restricted\" style=\"position: absolute; clip: rect(1px, 1px, 1px, 1px);\" title=\"&#8222;STOP cenzurze lekarzy! Podpisz petycj\u0119 w obronie dra Martyki!&#8221; &#8212; STOP cenzurze lekarzy! Podpisz petycj\u0119 w obronie dra Martyki!\" src=\"https:\/\/stopcenzurzelekarzy.pl\/embed\/#?secret=8ZavuTJB5c#?secret=xK9zWGAKJe\" data-secret=\"xK9zWGAKJe\" width=\"600\" height=\"338\" frameborder=\"0\" marginwidth=\"0\" marginheight=\"0\" scrolling=\"no\"><\/iframe><\/p>\r\n<p>&nbsp;<\/p>\r\n<h2 style=\"padding-left: 40px;\"><strong>PETYCJA<\/strong><\/h2>\r\n<div class=\"p_underline\">\r\n<p class=\"has-drop-cap\" style=\"padding-left: 40px;\"><strong>Lekarze kwestionuj\u0105cy pandemiczn\u0105 narracj\u0119 wci\u0105\u017c s\u0105 represjonowani! Tymczasem autorzy lockdownu, odpowiedzialni za parali\u017c systemu ochrony zdrowia, polskiej gospodarki i normalnych wi\u0119zi spo\u0142ecznych \u2013 a w konsekwencji 200 tysi\u0119cy nadmiarowych ofiar \u015bmiertelnych \u2013 pozostaj\u0105 bezkarni na swoich stanowiskach!<\/strong><\/p>\r\n<p style=\"padding-left: 40px;\">Ju\u017c 19 grudnia \u2013 kilka dni przed \u015awi\u0119tami \u2013<strong> ma si\u0119 odby\u0107 rozprawa dyscyplinarna(!) doktora Zbigniewa Martyki<\/strong>, jednego z nielicznych lekarzy, kt\u00f3rzy pozostali niezale\u017cni i nie bali si\u0119 m\u00f3wi\u0107 prawdy o sytuacji epidemicznej. Post\u0119powanie przeciw doktorowi Martyce wpisuje si\u0119 w ramy narzuconej od 2020 roku cenzury, b\u0119d\u0105cej wyj\u0105tkowo dotkliwym narz\u0119dziem s\u0142u\u017c\u0105cym dezinformowaniu i manipulacji polskim spo\u0142ecze\u0144stwem.<br>\r\n<br>\r\n<strong>PODPISZ PETYCJ\u0118 \u2013 WZYWAMY DO UMORZENIA POST\u0118POWANIA PRZECIW DOKTOROWI ZBIGNIEWOWI MARTYCE!<\/strong><br>\r\n<br>\r\nDo \u015brodowiska lekarskiego, kt\u00f3re tak usilnie stara si\u0119 ukara\u0107 wszelkie przejawy niezale\u017cno\u015bci i krytycznego my\u015blenia, zdaj\u0105 si\u0119 nie dociera\u0107 <strong>argumenty z gruntu \u015bwiata nauki, na kt\u00f3re zawsze powo\u0142ywa\u0142 si\u0119 w swoich wyst\u0105pieniach dr Zbigniew Martyka.<\/strong> G\u0142\u00f3wne oskar\u017cenia, z kt\u00f3rymi musi si\u0119 mierzy\u0107, to negowanie skuteczno\u015bci stosowania masek ochronnych, a tak\u017ce kwestionowanie lockdownu, w szczeg\u00f3lno\u015bci lockdownu w pa\u0144stwowym systemie ochrony zdrowia \u2013 jako narz\u0119dzi zwalczania zagro\u017cenia epidemicznego.<br>\r\n<br>\r\n<strong>Dr Martyka w swoich wypowiedziach zawsze opiera\u0142 si\u0119 na sprawdzonych danych, uznanych badaniach i w\u0142asnym bogatym do\u015bwiadczeniu.<\/strong> Zwraca\u0142 uwag\u0119 <a href=\"http:\/\/m.in\">m.in<\/a>. na fakt, \u017ce liczba hospitalizowanych z powodu zaka\u017cenia SARS-CoV-2 w roku 2020 stanowi\u0142a oko\u0142o 1% wszystkich hospitalizacji \u2013 jednocze\u015bnie w tym samym roku, w wyniku lockdownu, hospitalizacji by\u0142o og\u00f3\u0142em 2 miliony mniej w ca\u0142ej Polsce.<br>\r\n<br>\r\n<strong>Pi\u0119tnowa\u0142 r\u00f3wnie\u017c antynaukowy wym\u00f3g noszenia maseczek, powo\u0142uj\u0105c si\u0119 na randomizowane badania, zgodnie z kt\u00f3rymi noszenie zawilgoconej maseczki materia\u0142owej 3-krotnie zwi\u0119ksza ryzyko zaka\u017cenia wirusami dr\u00f3g oddechowych.<\/strong> Ma\u0142o tego! Przytacza\u0142 wypowiedzi takich os\u00f3b, jak by\u0142y minister zdrowia \u0141ukasz Szumowski, czy by\u0142ego G\u0142\u00f3wnego Inspektora Sanitarnego Jaros\u0142awa Pinkasa, kt\u00f3rzy publicznie podwa\u017cali sensowno\u015b\u0107 noszenia maseczek \u2013 ostatni z pan\u00f3w zas\u0142yn\u0105\u0142 stwierdzeniem, \u017ce \u201emaseczki maj\u0105 przypomina\u0107 o pandemii\u201d.<br>\r\n<br>\r\nNietrudno zauwa\u017cy\u0107, \u017ce jednym ze skutk\u00f3w ubocznych agresji rosyjskiej na Ukrainie, a tak\u017ce kryzysu energetycznego i inflacji uderzaj\u0105cej w Polak\u00f3w by\u0142 fakt, \u017ce temat pandemii COVID-19 w roku 2022 p\u0142ynnie przeszed\u0142 na drugi plan. Trudno si\u0119 zreszt\u0105 dziwi\u0107, \u017ce po traumie lockdown\u00f3w i kuriozalnych restrykcji Polacy wol\u0105 po prostu zapomnie\u0107 o covidzie.<br>\r\n<br>\r\n<strong>Ale czy na pewno o taki koniec pandemii nam chodzi\u0142o?<\/strong> Spo\u0142ecze\u0144stwo przesz\u0142o do porz\u0105dku dziennego nad wci\u0105\u017c funkcjonuj\u0105cymi pozosta\u0142o\u015bciami bzdurnych obostrze\u0144, takimi jak pseudonaukowe maseczki w aptekach czy obowi\u0105zkowe szczepienia dla lekarzy i student\u00f3w medycyny \u2013 podczas <strong>gdy ca\u0142y \u015bwiat us\u0142ysza\u0142 z ust przedstawicielki Pfizera, \u017ce producentom nawet nie przysz\u0142o do g\u0142owy bada\u0107 wp\u0142ywu szczepie\u0144 na transmisj\u0119 wirusa.<\/strong> Co wi\u0119cej, zwolennicy re\u017cimu sanitarnego i pozbawiania obywateli ich praw<strong> t\u0119sknie patrz\u0105 na Chiny, gdzie miejscami wci\u0105\u017c panuje totalny lockdown.<\/strong><br>\r\n<br>\r\nNa czele polskiego resortu zdrowia nadal stoi cz\u0142owiek odpowiedzialny za ponad 200 tysi\u0119cy nadmiarowych zgon\u00f3w Polak\u00f3w \u2013 zgon\u00f3w, kt\u00f3rych da\u0142oby si\u0119 unikn\u0105\u0107, gdyby nie systemowy, z pe\u0142n\u0105 \u015bwiadomo\u015bci\u0105 zrealizowany parali\u017c ochrony zdrowia. <strong>Dziwnym trafem wszyscy zapomnieli te\u017c o niezliczonych aferach towarzysz\u0105cych wielomiliardowym wydatkom zwi\u0105zanym z covid-19,<\/strong> si\u0119gaj\u0105cych jeszcze czas\u00f3w ministra Szumowskiego i jego znajomego sprzedawcy maseczek.<br>\r\n<br>\r\nAparat przymusu i cenzury, cho\u0107 niezliczon\u0105 ilo\u015b\u0107 razy przy\u0142apany na perfidnych k\u0142amstwach, wci\u0105\u017c nie rezygnuje z bandyckich metod, \u017ceby m\u015bci\u0107 si\u0119 na osobach, kt\u00f3re zachowa\u0142y niezale\u017cno\u015b\u0107.<\/p>\r\n<p>&nbsp;<\/p>\r\n<p style=\"text-align: center;\"><strong>STOP CENZURZE!<\/strong><\/p>\r\n<p><blockquote class=\"wp-embedded-content\" data-secret=\"xK9zWGAKJe\"><a href=\"https:\/\/stopcenzurzelekarzy.pl\/\">STOP cenzurze lekarzy! Podpisz petycj\u0119 w obronie dra Martyki!<\/a><\/blockquote><iframe class=\"wp-embedded-content\" sandbox=\"allow-scripts\" security=\"restricted\" style=\"position: absolute; clip: rect(1px, 1px, 1px, 1px);\" title=\"&#8222;STOP cenzurze lekarzy! Podpisz petycj\u0119 w obronie dra Martyki!&#8221; &#8212; STOP cenzurze lekarzy! Podpisz petycj\u0119 w obronie dra Martyki!\" src=\"https:\/\/stopcenzurzelekarzy.pl\/embed\/#?secret=8ZavuTJB5c#?secret=xK9zWGAKJe\" data-secret=\"xK9zWGAKJe\" width=\"600\" height=\"338\" frameborder=\"0\" marginwidth=\"0\" marginheight=\"0\" scrolling=\"no\"><\/iframe><\/p>\r\n<\/div>","protected":false},"excerpt":{"rendered":"Przewodnicz\u0105cy Okr\u0119gowego Sadu Lekarskiego w Krakowie Lek. Bo\u017cena Kozanecka Okr\u0119gowy Rzecznik Odpowiedzialno\u015bci Zawodowej przy Okr\u0119gowej Izbie Lekarskiej w Krakowie Lek. dent. Anna Kot Prezes Naczelnej Rady Lekarskiej Lek. \u0141ukasz Jankowski Szanowni Pa\u0144stwo, Wzywamy do umorzenia post\u0119powania wszcz\u0119tego przeciw doktorowi nauk medycznych Zbigniewowi Martyce, a tak\u017ce do rezygnacji z wszelkich post\u0119powa\u0144 dyscyplinarnych wobec lekarzy, kt\u00f3rych jedyn\u0105 [&hellip;]","protected":false},"author":1,"featured_media":0,"comment_status":"closed","ping_status":"closed","sticky":false,"template":"","format":"standard","meta":{"_acf_changed":false,"_monsterinsights_skip_tracking":false,"_monsterinsights_sitenote_active":false,"_monsterinsights_sitenote_note":"","_monsterinsights_sitenote_category":0,"ngg_post_thumbnail":0,"footnotes":"","_wp_rev_ctl_limit":""},"categories":[13],"tags":[16,433,92,20],"acf":[],"_links":{"self":[{"href":"https:\/\/www.bibula.com\/index.php?rest_route=\/wp\/v2\/posts\/137447"}],"collection":[{"href":"https:\/\/www.bibula.com\/index.php?rest_route=\/wp\/v2\/posts"}],"about":[{"href":"https:\/\/www.bibula.com\/index.php?rest_route=\/wp\/v2\/types\/post"}],"author":[{"embeddable":true,"href":"https:\/\/www.bibula.com\/index.php?rest_route=\/wp\/v2\/users\/1"}],"replies":[{"embeddable":true,"href":"https:\/\/www.bibula.com\/index.php?rest_route=%2Fwp%2Fv2%2Fcomments&post=137447"}],"version-history":[{"count":7,"href":"https:\/\/www.bibula.com\/index.php?rest_route=\/wp\/v2\/posts\/137447\/revisions"}],"predecessor-version":[{"id":137454,"href":"https:\/\/www.bibula.com\/index.php?rest_route=\/wp\/v2\/posts\/137447\/revisions\/137454"}],"wp:attachment":[{"href":"https:\/\/www.bibula.com\/index.php?rest_route=%2Fwp%2Fv2%2Fmedia&parent=137447"}],"wp:term":[{"taxonomy":"category","embeddable":true,"href":"https:\/\/www.bibula.com\/index.php?rest_route=%2Fwp%2Fv2%2Fcategories&post=137447"},{"taxonomy":"post_tag","embeddable":true,"href":"https:\/\/www.bibula.com\/index.php?rest_route=%2Fwp%2Fv2%2Ftags&post=137447"}],"curies":[{"name":"wp","href":"https:\/\/api.w.org\/{rel}","templated":true}]}}