{"id":137206,"date":"2022-11-26T11:40:47","date_gmt":"2022-11-26T16:40:47","guid":{"rendered":"https:\/\/www.bibula.com\/?p=137206"},"modified":"2022-11-26T11:40:47","modified_gmt":"2022-11-26T16:40:47","slug":"list-otwarty-arcybiskupa-vigano-do-biskupa-novary-w-sprawie-zawieszenie-tradycyjnej-mszy-sw","status":"publish","type":"post","link":"https:\/\/www.bibula.com\/?p=137206","title":{"rendered":"LIST OTWARTY Arcybiskupa Vigan\u00f2 do biskupa Novary w sprawie zawieszenie tradycyjnej Mszy \u015aw."},"content":{"rendered":"<p>Najczcigodniejszy Ekscelencjo,<\/p>\r\n<p>Wasza niedawna decyzja o zawieszeniu celebracji Liturgii trydenckiej w ko\u015bciele w Vocogno i w kaplicy San Biagio w Dolinie Ossola (Piemont, W\u0142ochy) wywo\u0142a\u0142a wielkie rozgoryczenie u tysi\u0119cy wiernych i u kap\u0142an\u00f3w przywi\u0105zanych do Rytu Tradycyjnego. Po latach stosowania Motu Proprio <em>Summorum Pontificum<\/em>, ch\u0142\u00f3d z jakim wykonali\u015bcie zalecenie <em>Traditionis Custodes<\/em> wzbudzi\u0142 g\u0142\u0119bokie oburzenie, pomimo tego, \u017ce Kodeks Prawa Kanonicznego daje Ordynariuszom mo\u017cliwo\u015b\u0107 odst\u0105pienia od tego.<\/p>\r\n<p>Rozumiem, \u017ce Wasza rola jako biskupa i Nast\u0119pcy Aposto\u0142\u00f3w jest wystawiona na pr\u00f3b\u0119 pod presj\u0105 oczywistego autorytaryzmu stosowanego przez Rzym. Rozumiem r\u00f3wnie\u017c, \u017ce maj\u0105c do wyboru pos\u0142usze\u0144stwo wobec dyktatu Rzymu i ochron\u0119 \u015bwi\u0119tych praw wiernych, najbardziej ludzkim wyborem jest ten, kt\u00f3ry w innych czasach doprowadzi\u0142 Don Abbondio do wsp\u00f3\u0142udzia\u0142u w bezprawiu Don Rodrigo i Innominato. (<em>Arcybiskup odnosi si\u0119 tutaj do w\u0142oskiej powie\u015bci historycznej Narzeczeni &#8211; dop. t\u0142umacza. Wiecej&nbsp;&nbsp;<span style=\"text-decoration: underline;\"><a href=\"https:\/\/pl.wikipedia.org\/wiki\/Narzeczeni_(powie%C5%9B%C4%87)\">Narzeczeni (powie\u015b\u0107) \u2013 Wikipedia<\/a><\/span>.<\/em>) <em>Ta Msza nie mo\u017ce si\u0119 odby\u0107<\/em>, bo tego chc\u0105 mo\u017cni tego \u015bwiata.)<\/p>\r\n<p>&#8222;Ko\u015bci\u00f3\u0142 mi\u0142osierdzia&#8221; stosuje swoj\u0105 w\u0142adz\u0119 za pomoc\u0105&nbsp; przymusu, kt\u00f3ry zawodzi, gdy powinien by\u0107 u\u017cyty do uzdrowienia sytuacji o wiele powa\u017cniejszych czyli odchyle\u0144 teologicznych, aberracji moralnych, \u015bwi\u0119tokradztw i nierz\u0105du w liturgii. Obrazu hierarchii doskonale dope\u0142nia to stare porzekad\u0142o; silni wobec s\u0142abych, s\u0142abi wobec silnych. Jest to dok\u0142adne przeciwie\u0144stwo tego, co przyrzekali\u015bcie robi\u0107 jako biskup.<\/p>\r\n<p>Wielokrotne apele o parezj\u0119 [<em>parrhesia<\/em> &#8211; zob. <span style=\"text-decoration: underline;\"><a href=\"https:\/\/pl.wikipedia.org\/wiki\/Parezja\">Parezja &#8211; Wikipedia<\/a><\/span>] i synodalno\u015b\u0107 s\u0105 codziennie dezawuowane przez autorytarne decyzje, motywowane klerykalizmem, tak cz\u0119sto&nbsp; pot\u0119pianym w s\u0142owach. Jak\u0105\u017c to okropn\u0105 zbrodni\u0119 pope\u0142nili wierni z Vocogno i San Biagio, aby zas\u0142u\u017cy\u0107 na pozbawienie ich tradycyjnej Mszy, kt\u00f3ra zosta\u0142a uznana przez Benedykta XVI za &#8222;nigdy nie zniesion\u0105&#8221;, ale dzi\u015b jest anulowana jako przyczyna podzia\u0142\u00f3w, poniewa\u017c jest sprzeczna z eklezjologi\u0105 SW II? Gdzie podzia\u0142a si\u0119 s\u0142ynna hermeneutyka ci\u0105g\u0142o\u015bci? Gdzie jest troska o lud Bo\u017cy i ws\u0142uchiwanie si\u0119, o kt\u00f3rych tak wielu biskup\u00f3w m\u00f3wi na synodzie o synodalno\u015bci?<\/p>\r\n<p>W Credo Nicejsko-Konstantynopolita\u0144skim wyznajemy, \u017ce Ko\u015bci\u00f3\u0142 jest jeden, \u015bwi\u0119ty, katolicki i apostolski. Jest jeden nie tylko terytorialnie, ale tak\u017ce na przestrzeni czasu i wydarze\u0144. Wierny katolik jest w komunii nie tylko z Ko\u015bcio\u0142em swoich czas\u00f3w, ale koniecznie musi by\u0107 w komunii z Ko\u015bcio\u0142em wszystkich czas\u00f3w: z Ko\u015bcio\u0142em katakumb, Konstantyna, \u015awi\u0119tego Bernarda, \u015awi\u0119tego Piusa V i B\u0142ogos\u0142awionego Piusa IX.&nbsp;<\/p>\r\n<p><em>Lex credendi<\/em> &#8211; i wyra\u017caj\u0105ca go <em>lex orandi<\/em> &#8211; nie mo\u017ce by\u0107 podatne na zafa\u0142szowania podyktowane najnowszymi modami lub okoliczno\u015bciami. Je\u015bli jednak <em>lex orandi<\/em> zrodzone w modernistycznym umy\u015ble Annibale Bugniniego jest uznawane za jedyny liturgiczny wyraz &#8222;Ko\u015bcio\u0142a soborowego&#8221;, oznacza to, \u017ce wyra\u017cana przez nie doktryna jest inna &#8211; jest przeciwna &#8211; nauce naszego Pana przekazanej Aposto\u0142om, przekazywanej przez wieki i wiernie strze\u017conej przez Ko\u015bci\u00f3\u0142 katolicki. Je\u015bli to zerwanie z Tradycj\u0105 jest uznane i przyznane przez samego projektodawc\u0119 <em>Traditionis Custodes<\/em>, to stawia to &#8222;ko\u015bci\u00f3\u0142 soborowy&#8221; poza Tradycj\u0105 katolick\u0105, eliminuj\u0105c tym samym wszelk\u0105 prawowit\u0105 w\u0142adz\u0119 do promulgowania praw sprzecznych z celami, dla kt\u00f3rych Pan t\u0119 w\u0142adz\u0119 &nbsp;ustanowi\u0142.<\/p>\r\n<p>Nie wiem, czy Wasza Ekscelencja podziela t\u0119 wizj\u0119 i czy uwa\u017ca \u015awi\u0119t\u0105 Msz\u0119 trydenck\u0105 za nie do pogodzenia i obc\u0105 dla &#8222;ko\u015bcio\u0142a synodalnego&#8221;. Wydaje mi si\u0119, \u017ce Wasza decyzja, poza tym, \u017ce jest wyrazem w\u0142adzy biskupiej, kt\u00f3ra zosta\u0142a oderwana od obowi\u0105zku strze\u017cenia <em>depositum fidei<\/em>, pokazuje niepokoj\u0105ce oddalenie od Cia\u0142a Ko\u015bcielnego, jest ofiar\u0105 zmienno\u015bci i idiosynkrazji Hierarchii, kt\u00f3ra realizuje sw\u00f3j w\u0142asny program ideologiczny bez najmniejszej nawet troski o konsekwencje, jakie mo\u017ce on wywo\u0142a\u0107.<\/p>\r\n<p>W rezultacie otrzymujemy bardzo niepochlebny obraz Pasterzy, w kt\u00f3rych <em>rerum novarum cupiditas<\/em> [chciwo\u015b\u0107 nowo\u015bci] bezkarnie depcze niezmienne Magisterium Ko\u015bcio\u0142a, s\u0142uszne prawa kap\u0142an\u00f3w i duchowe potrzeby wiernych; kt\u00f3rzy, jak Wiecie, nie prosz\u0105 swego biskupa o nic innego, jak tylko o pozwolenie na swobodne korzystanie z obrz\u0105dku, kt\u00f3ry od wiek\u00f3w jest modlitewnym g\u0142osem Ko\u015bcio\u0142a i kt\u00f3rego sze\u015b\u0107dziesi\u0105t lat pora\u017cek i aberracji nie mo\u017ce uczyni\u0107 nielegalnym tylko dlatego, \u017ce wydobywa na jaw oszustwa i fa\u0142szerstwa.<\/p>\r\n<p>Zastanawiam si\u0119, jak\u0105 nauk\u0119 wyci\u0105gn\u0105 wierni diecezji Novara &#8211; a tak\u017ce miliony tradycyjnych wiernych na ca\u0142ym \u015bwiecie &#8211; z tego autorytarnego u\u017cycia w\u0142adzy przeciwko celom, z kt\u00f3rych czerpie ona swoj\u0105 legitymizacj\u0119. Niezale\u017cnie od tego, czy podporz\u0105dkuj\u0105 si\u0119 rozkazowi, kt\u00f3ry uznaj\u0105 za niesprawiedliwy, czy te\u017c sprzeciwi\u0105 si\u0119 mu w imi\u0119 pos\u0142usze\u0144stwa Bogu, a nie ludziom, autorytet pasterzy b\u0119dzie ca\u0142kowicie zdyskredytowany, poniewa\u017c to, czego wczoraj Ko\u015bci\u00f3\u0142 naucza\u0142 i co zaleca\u0142, dzi\u015b jest pogardzane i zakazane przez osoby sprawuj\u0105ce funkcje kierownicze w Ko\u015bciele, a to, co wcze\u015bniej by\u0142o uwa\u017cane za sprzeczne z nauczaniem Chrystusa, teraz jest wskazywane jako wz\u00f3r do na\u015bladowania.<\/p>\r\n<p>Jaki zarzut mo\u017cna by postawi\u0107 ksi\u0119\u017com i wiernym przywi\u0105zanym do <em>usus antiquior<\/em>, kt\u00f3rzy &#8211; prawie wszyscy bez przekonania i jedynie z konformizmu &#8211; pogodziliby si\u0119 z narzuceniem Novus Ordo? To, \u017ce pragn\u0105 adoracji Boga? Poprawno\u015bci i stosowno\u015bci w celebracji? Niezr\u00f3wnanego bogactwa tradycyjnych tekst\u00f3w liturgicznych w por\u00f3wnaniu z celow\u0105 pustk\u0105 obrz\u0105dku zreformowanego? T\u0119sknoty za tym, by zobaczy\u0107 chwa\u0142\u0119 dworu niebieskiego antycypowan\u0105 tu na ziemi? Pobo\u017cnej kontemplacji M\u0119ki Chrystusa w miejsce ha\u0142a\u015bliwej braterskiej agape, w kt\u00f3rej Pan jest tylko alibi dla celebrowania samych siebie? Co jest tak niezno\u015bnego, tak godnego po\u017ca\u0142owania w ch\u0119ci modlenia si\u0119 \u015bwi\u0119tymi s\u0142owami przekazywanymi nam przez dwa tysi\u0105ce lat Wiary?<\/p>\r\n<p>Wierni i kap\u0142ani z Vocogno, podobnie jak wszyscy katolicy rozproszeni po diecezjach na ca\u0142ym \u015bwiecie, znajd\u0105 spos\u00f3b na ucieczk\u0119 od tych dyktat\u00f3w, podobnie jak to mia\u0142o miejsce w czasach herezji aria\u0144skiej, w czasie Pseudo-Reformacji czy w czasie schizmy anglika\u0144skiej. Ich cierpienie z powodu pozbawienia niezbywalnego prawa jest testem wierno\u015bci, kt\u00f3ry czyni ich mi\u0142ymi Bogu, podobnie jak to, co robili&nbsp; duchowni w czasach Terroru we Francji. Nie wierzcie jednak, \u017ce przekonacie ich do nowego obrz\u0105dku, albo \u017ce nagniecie ich determinacj\u0119&nbsp; &nbsp;pozostania wiernymi religii ojc\u00f3w. Co najwy\u017cej b\u0119dziecie mogli przeszkodzi\u0107 im w korzystaniu z pociechy, jak\u0105 daje codzienna Msza \u015awi\u0119ta, lub z asystowania przy funkcjach liturgicznych w niedziele i \u015bwi\u0119ta, ale to wszystko nie b\u0119dzie sprzyja\u0107 ani harmonii w\u015br\u00f3d wiernych, ani ich szacunkowi dla w\u0142adzy ko\u015bcielnej.<\/p>\r\n<p>Czas poka\u017ce, \u017ce maj\u0105 racj\u0119, jak to zawsze mia\u0142o miejsce w wydarzeniach, kt\u00f3re przeciwstawia\u0142y katolick\u0105 ortodoksj\u0119 wyznawan\u0105 przez prostych ludzi, heretyckim odchyleniom narzuconym przez b\u0142\u0105dz\u0105c\u0105 lub zniewolon\u0105 w\u0142adz\u0119. S\u0105d Bo\u017cy r\u00f3wnie\u017c udowodni ich racj\u0119 i b\u0119dziesz musia\u0142 zda\u0107 przed nimi relacj\u0119 z w\u0142asnej pracy jako biskup. Nie b\u0119dzie Ci\u0119 s\u0105dzi\u0142 Sanhedryn bergoglia\u0144ski, ani Komisja Duszpasterska, ani fa\u0142szywi przyjaciele, kt\u00f3rzy wspieraj\u0105 Ci\u0119 w tej ju\u017c przegranej walce o utrzymanie w ryzach skompromitowanej narracji soborowej.<\/p>\r\n<p>Uwa\u017cam zatem, \u017ce zbawienna refleksja nad Rzeczami Ostatecznymi i Waszym wiecznym przeznaczeniem jest jak najbardziej wskazana, tak\u017ce bior\u0105c pod uwag\u0119 Wasz wiek i nieuchronno\u015b\u0107 spotkania ze S\u0119dzi\u0105 Sprawiedliwym. Je\u015bli wierzycie, \u017ce dzia\u0142ali\u015bcie i dzia\u0142acie zgodnie z wol\u0105 Bo\u017c\u0105, nie macie si\u0119 czego obawia\u0107: mo\u017cecie nadal uwa\u017ca\u0107 wiernych i kap\u0142an\u00f3w z Val d&#8217;Ossola za buntownik\u00f3w, mo\u017cecie zakaza\u0107 odprawiania tradycyjnych Mszy i zademonstrowa\u0107 ca\u0142\u0105 swoj\u0105 bezwarunkow\u0105 uleg\u0142o\u015b\u0107 wobec obecnie panuj\u0105cej w\u0142adzy. Pami\u0119tajcie jednak, \u017ce mo\u017cni tego \u015bwiata przemijaj\u0105, a ci, kt\u00f3rzy ich popieraj\u0105 i pod\u0105\u017caj\u0105 za nimi, skazani s\u0105 na zapomnienie lub bezwzgl\u0119dne pot\u0119pienie.<\/p>\r\n<p>Z nadziej\u0105, \u017ce \u015bwiadomo\u015b\u0107 czasu, jaki pozosta\u0142 Ci do zas\u0142u\u017cenia na wieczn\u0105 chwa\u0142\u0119, pobudzi Ci\u0119 do cofni\u0119cia si\u0119 i dokonania aktu prawdziwego Mi\u0142osierdzia wobec wiernych powierzonych Twojej opiece, zapewniam Wasz\u0105 Ekscelencj\u0119, \u017ce b\u0119d\u0119 o Was pami\u0119ta\u0142 w \u015awi\u0119tej Ofierze Mszy \u015awi\u0119tej (oczywi\u015bcie \u015aw. Piusa V), b\u0142agaj\u0105c Parakleta, aby o\u015bwieci\u0142 swoim darem Rady Twoj\u0105 Najczcigodniejsz\u0105 Ekscelencj\u0119, kt\u00f3rej pozostaj\u0119,<\/p>\r\n<p>Najbardziej oddany w Chrystusie<\/p>\r\n<p><strong><em>+ Carlo Maria Vigan\u00f2, Arcybiskup<\/em><\/strong><\/p>\r\n<p>&nbsp;<\/p>\r\n<p><em>Post Scriptum<\/em>: Ten list otwarty skierowany jest r\u00f3wnie\u017c do braci biskup\u00f3w i biskupa ordynariusza Brambilli oraz do wszystkich biskup\u00f3w, kt\u00f3rzy znajduj\u0105 si\u0119 pod presj\u0105 Kurii Rzymskiej, aby systematycznie niweczy\u0107 dobroczynne skutki Motu Proprio Summorum Pontificum.<\/p>\r\n<p>&nbsp;<\/p>\r\n<p><em>T\u0142um. S\u0142awomir Soja<\/em><\/p>\r\n<p class=\"zrodlo\">\u0179r\u00f3d\u0142o: <a href=\"https:\/\/remnantnewspaper.com\/web\/index.php\/articles\/item\/6252-vigano-s-open-letter-to-the-bishop-of-novara-for-suspending-the-traditional-mass\">The Remnant (November 23, 2022) &#8211; &#8222;Vigan\u00f2\u2019s OPEN LETTER to Bishop of Novara for suspending Traditional Mass&#8221;<\/a><\/p>\r\n<p>&nbsp;<\/p>","protected":false},"excerpt":{"rendered":"Najczcigodniejszy Ekscelencjo, Wasza niedawna decyzja o zawieszeniu celebracji Liturgii trydenckiej w ko\u015bciele w Vocogno i w kaplicy San Biagio w Dolinie Ossola (Piemont, W\u0142ochy) wywo\u0142a\u0142a wielkie rozgoryczenie u tysi\u0119cy wiernych i u kap\u0142an\u00f3w przywi\u0105zanych do Rytu Tradycyjnego. Po latach stosowania Motu Proprio Summorum Pontificum, ch\u0142\u00f3d z jakim wykonali\u015bcie zalecenie Traditionis Custodes wzbudzi\u0142 g\u0142\u0119bokie oburzenie, pomimo [&hellip;]","protected":false},"author":1,"featured_media":0,"comment_status":"closed","ping_status":"closed","sticky":false,"template":"","format":"standard","meta":{"_acf_changed":false,"_monsterinsights_skip_tracking":false,"_monsterinsights_sitenote_active":false,"_monsterinsights_sitenote_note":"","_monsterinsights_sitenote_category":0,"ngg_post_thumbnail":0,"footnotes":"","_wp_rev_ctl_limit":""},"categories":[13],"tags":[455,207,24,33],"acf":[],"_links":{"self":[{"href":"https:\/\/www.bibula.com\/index.php?rest_route=\/wp\/v2\/posts\/137206"}],"collection":[{"href":"https:\/\/www.bibula.com\/index.php?rest_route=\/wp\/v2\/posts"}],"about":[{"href":"https:\/\/www.bibula.com\/index.php?rest_route=\/wp\/v2\/types\/post"}],"author":[{"embeddable":true,"href":"https:\/\/www.bibula.com\/index.php?rest_route=\/wp\/v2\/users\/1"}],"replies":[{"embeddable":true,"href":"https:\/\/www.bibula.com\/index.php?rest_route=%2Fwp%2Fv2%2Fcomments&post=137206"}],"version-history":[{"count":1,"href":"https:\/\/www.bibula.com\/index.php?rest_route=\/wp\/v2\/posts\/137206\/revisions"}],"predecessor-version":[{"id":137207,"href":"https:\/\/www.bibula.com\/index.php?rest_route=\/wp\/v2\/posts\/137206\/revisions\/137207"}],"wp:attachment":[{"href":"https:\/\/www.bibula.com\/index.php?rest_route=%2Fwp%2Fv2%2Fmedia&parent=137206"}],"wp:term":[{"taxonomy":"category","embeddable":true,"href":"https:\/\/www.bibula.com\/index.php?rest_route=%2Fwp%2Fv2%2Fcategories&post=137206"},{"taxonomy":"post_tag","embeddable":true,"href":"https:\/\/www.bibula.com\/index.php?rest_route=%2Fwp%2Fv2%2Ftags&post=137206"}],"curies":[{"name":"wp","href":"https:\/\/api.w.org\/{rel}","templated":true}]}}