{"id":137198,"date":"2022-11-26T10:47:38","date_gmt":"2022-11-26T15:47:38","guid":{"rendered":"https:\/\/www.bibula.com\/?p=137198"},"modified":"2022-11-26T10:47:38","modified_gmt":"2022-11-26T15:47:38","slug":"polska-dla-polakow-krzysztof-balinski","status":"publish","type":"post","link":"https:\/\/www.bibula.com\/?p=137198","title":{"rendered":"Polska dla Polak\u00f3w &#8211; <em>Krzysztof Bali\u0144ski<\/em>"},"content":{"rendered":"<p>4 czerwca 1990 to fina\u0142 gor\u0105czkowych rewindykacji etnicznych. Po ideologicznym recyclingu i partyjnej metamorfozie (tj. wst\u0105pieniu do UD\/UW, najlepszej inwestycji Kominternu w Polsce), na rz\u0105dowych sto\u0142kach zasiada drugie, a nawet trzecie pokolenie pewnej mniejszo\u015bci. Zmiana warty udaje si\u0119 znakomicie &#8211; kosmopolityczna szajka, kt\u00f3rej&nbsp;szef dogada\u0142 si\u0119 w&nbsp;Magdalence z Kiszczakiem, znalaz\u0142a si\u0119 w pierwszym szeregu budowniczych III RP. W starych demokracjach jest czym\u015b oczywistym, \u017ce opinia publiczna ma prawo zna\u0107 przesz\u0142o\u015b\u0107 ludzi, kt\u00f3rzy w jakikolwiek spos\u00f3b decyduj\u0105 o jej losach. Prze\u015bwietlany jest ka\u017cdy. W Polsce dla sitwy, kt\u00f3ra swymi mackami omota\u0142a ca\u0142e pa\u0144stwo, wszelkie pytania i rozwa\u017cania o rodzinnych korzeniach to \u201eohydne grzebanie w \u017cyciorysach\u201d i \u201eantysemityzm\u201d.<\/p>\r\n<p>Gdy Bronis\u0142aw Geremek kompletowa\u0142 sw\u00f3j \u201ezesp\u00f3\u0142\u201d, kierowa\u0142 si\u0119 jedn\u0105 regu\u0142\u0105: niepolskie pochodzenie. \u015awiadcz\u0105 o&nbsp;tym rozliczne i namacalne dowody. \u017beby mo\u017cna by\u0142o zrobi\u0107 karier\u0119, zdobywa\u0107 zaszczytne tytu\u0142y i stanowiska przydatna by\u0142a te\u017c rekomendacja Michnika, Urbana lub Kiszczaka. Geremka (i przy okazji, siebie) zdemaskowa\u0142 W\u0142adys\u0142aw Bartoszewski w Knesecie: <strong>&nbsp;\u201e<em>Polska to ewenement. <\/em><em>Poka\u017ccie mi taki drugi kraj w Europie, w kt\u00f3rym w ci\u0105gu ostatnich dw\u00f3ch dekad &nbsp;trzech szef\u00f3w dyplomacji mia\u0142o \u017cydowskie pochodzenie, jeden by\u0142 honorowym obywatelem Izraela, a obecny ma \u017con\u0119 \u017byd\u00f3wk\u0119<\/em>\u201d<\/strong>. Wt\u00f3rowa\u0142 mu \u00f3wczesny prezydent RP, kt\u00f3ry w wywiadzie dla ukrai\u0144skiej \u201eZierka\u0142o Niedieli\u201d rzek\u0142: \u201e<em>W naszym kraju nie ma zbyt licznie reprezentowanych mniejszo\u015bci narodowych, tym bardziej je wi\u0119c wysoko cenimy<\/em>\u201d. No i mieli\u015bmy, co mieli\u015bmy. Pierwszego szefa rz\u0105du wybra\u0142a sobie mazowiecka gmina \u017cydowska, a ministrem spraw zagranicznych zosta\u0142 syn warszawskiego rabina. Po nim premierem zosta\u0142 wnuk \u017co\u0142daka Wehrmachtu, a wicepremierem i ministrem obrony cz\u0142onek w\u0142adz Zwi\u0105zku Ukrai\u0144c\u00f3w w Polsce.<\/p>\r\n<p>Bogdan Zdrojewski mia\u0142 obj\u0105\u0107 MON, ale zosta\u0142 przesuni\u0119ty na Ministerstwo Kultury, a ministrem zosta\u0142 lekarz psychiatra z Krakowa. By\u0142 on wprawdzie w\u0142a\u015bcicielem Instytutu Studi\u00f3w Strategicznych, ale ta pompatyczna nazwa myli, bo instytut zajmowa\u0142 si\u0119 takimi strategicznymi kwestiami, jak wp\u0142ywy kultury \u017cydowskiej. Ministrem finans\u00f3w mia\u0142 by\u0107 Zbigniew Chlebowskim, ale w Warszawie pojawi\u0142 si\u0119 poddany brytyjski i skarbnikiem naszej kasy zosta\u0142 nie maj\u0105cy obywatelstwa polskiego \u201eangielski ekonomista profesor Jan Vincent Rostowski\u201d. Po jakim\u015b czasie okaza\u0142o si\u0119, \u017ce minister nie jest ani ekonomist\u0105, ani angielskim, ani profesorem, tylko wyk\u0142adowc\u0105 na Uniwersytecie Sorosa w Budapeszcie, a profesorami to byli pochodz\u0105cy z Kresach jego dziadek Jakub Rofhfeld, syn Moj\u017cesza i Lei z domu Broder oraz jego kuzyn Adam Daniel Rotfeld. Spraw\u0119 mo\u017cna by te\u017c uj\u0105\u0107 innym pytaniem: <em>Gdzie jest na \u015bwiecie taki drugi kraj, w<\/em> kt\u00f3rym g\u0142\u00f3wnym ekonomist\u0105 zostaje historyk, ministrem finans\u00f3w absolwent technikum ogrodniczego, ministrem zdrowia ksi\u0119gowy, szefem BBN lekarz, ministrem obrony historyk, ministrem rozwoju i technologii filolog, ministrem przedsi\u0119biorczo\u015bci mened\u017cer kultury, a szefem najwi\u0119kszej sp\u00f3\u0142ki pa\u0144stwowej by\u0142y operator w\u00f3zka wid\u0142owego?<\/p>\r\n<p>Rostowski wydzieli\u0142 gabinet dla pracuj\u0105cego spo\u0142ecznie \u201ezewn\u0119trznego eksperta\u201d od podatk\u00f3w, pani Renaty Hayder, kt\u00f3ra okaza\u0142a si\u0119 by\u0107 spokrewniona z Rotfeldami. Podatkami zajmowa\u0142 si\u0119 przewodnicz\u0105cy sejmowej komisji \u201ePrzyjazne pa\u0144stwo\u201d, Janusz Palikot, kt\u00f3ry w mi\u0119dzyczasie wr\u00f3ci\u0142 do judaizmu i zosta\u0142 cz\u0142onkiem lo\u017cy B\u2019nai B\u2019rith. Okaza\u0142o si\u0119 te\u017c, \u017ce w\u015br\u00f3d darczy\u0144c\u00f3w na Muzeum Polin znalaz\u0142 si\u0119 Jan Kulczyk i jego po\u0142owica, kt\u00f3rzy zrobili wielki maj\u0105tek, prywatyzuj\u0105c mas\u0119 upad\u0142o\u015bciow\u0105 po PRL. Niekt\u00f3rzy m\u00f3wi\u0105, \u017ce pieni\u0119dzmi dzielili si\u0119 z WSI. Ale to niepowa\u017cne bredzenie, bo zdradzi\u0142 ich bratni oligarcha z bratniej Rosji, Borys Bieriezowski: \u201eCzasy by\u0142y takie, \u017ce ka\u017cdy bra\u0142, ile m\u00f3g\u0142 unie\u015b\u0107\u201d. Jeszcze lepiej zdiagnozowa\u0142 to J\u00f3zef Oleksy: \u201eKosmopolityczne gangi rozkrad\u0142y Polsk\u0119\u201d. Przy okazji podwa\u017cy\u0142 \u201elegalno\u015b\u0107 maj\u0105tku\u201d innego \u017cydowskiego oligarchy. I, co ciekawe, Aleksander Kwa\u015bniewski nazwa\u0142 go w rewan\u017cu zdrajc\u0105 i idiot\u0105, ale nie\u2026 \u201ek\u0142amc\u0105\u201d!<\/p>\r\n<p>Za czas\u00f3w \u201epierwszego niekomunistycznego rz\u0105du wolnej Polski\u201d, ulica m\u00f3wi\u0142a: \u201eSami \u017bydzi tylko jeden Syryjczyk\u201d (chodzi\u0142o o ministra przemys\u0142u Tadeusza Syryjczyka). Dzi\u015b mo\u017cna by zawo\u0142a\u0107: \u201eSami \u017bydzi tylko jedna Ukrainka\u201d (chodzi o wiceminister rozwoju Olg\u0119 Semeniuk). Przypomnijmy, \u017ce ministrami od pieni\u0119dzy byli: Marek Borowski, Jerzy Osiaty\u0144ski, Mateusz Jakub Morawiecki, Tadeusz Ko\u015bci\u0144ski, Leszek Balcerowicz, Marcin \u015awi\u0119cicki i Grzegorz Ko\u0142odko. Trzem ostatnim przydzielono za \u017cony: dwie urokliwe c\u00f3reczki Eugeniusza Szyra (KPP-owca, szefa frakcji \u017cydowskiej w PPR, cz\u0142onka BP PZPR) i c\u00f3rk\u0119 Maksymiliana Pohorille (KPP-owca, promotora pracy doktorskiej, rektora Wy\u017cszej Szko\u0142y Nauk Spo\u0142ecznych przy KC PZPR). \u015aledz\u0105c \u201esukcesy\u201d pomy\u015blnie o\u017cenionych, mo\u017cna pyta\u0107, czy aby na pewno byli samodzielni, i czy ministrami nie zostali dzi\u0119ki instytucji Esterki, kt\u00f3ra, w po\u0142\u0105czeniu z formu\u0142\u0105, \u017ce \u017bydem jest ka\u017cda osoba urodzona z matki \u017byd\u00f3wki, mocno modeluje zasady polityki kadrowej. Mo\u017cna te\u017c zapyta\u0107: W jakim innym kraju mo\u017cliwa by\u0142aby tak \u017celazna logika post\u0119powania i precyzja w obsadzie kluczowego stanowiska?<\/p>\r\n<p>W dzie\u0144 po aneksji Krymu kilkudziesi\u0119ciu Polak\u00f3w z Mariupola zwr\u00f3ci\u0142o si\u0119 o tymczasowe schronienie w kraju przodk\u00f3w. Postawa rz\u0105du warszawskiego wprawi\u0142a w os\u0142upienie. Wiceszef MSZ &#8211; a by\u0142 nim <strong>Rafa\u0142<\/strong> <strong>Trzaskowski<\/strong> &#8211; sprzeciwi\u0142 si\u0119 temu, publicznie dywaguj\u0105c, \u017ce mog\u0142oby to nie zosta\u0107 dobrze odebrane przez\u2026 Kij\u00f3w. \u201e<em>Sprowadzanie tych Polak\u00f3w podwa\u017ca status Ukrainy, jako pa\u0144stwa silnego i demokratycznego, st\u0105d Polsce trudno sobie na to pozwoli\u0107, poniewa\u017c&nbsp;chcemy wzmacnia\u0107 pa\u0144stwowo\u015b\u0107 ukrai\u0144sk\u0105, a \u015bci\u0105ganie Polak\u00f3w by\u0142oby przyznaniem, \u017ce Ukraina sobie nie radzi<\/em>. <em>Je\u017celi powiemy, \u017ce wszyscy Polacy z terytorium suwerennej Ukrainy mog\u0105 przyjecha\u0107 do Polski, to w pewnym sensie b\u0119dziemy podwa\u017ca\u0107 to, czy Ukraina jest silnym, demokratycznym pa\u0144stwem<\/em> &#8211; o\u015bwiadczy\u0142. <em>Co b\u0119dzie, je\u017celi z innych terytori\u00f3w Ukrainy zg\u0142osi si\u0119 mn\u00f3stwo Polak\u00f3w, kt\u00f3rzy powiedz\u0105: nie \u017cyje nam si\u0119 dobrze, chcemy by\u0107 natychmiast ewakuowani do Polski<\/em>?\u201d &#8211; podwy\u017cszy\u0142 poprzeczk\u0119. Gdy w lutym wtargn\u0119\u0142y do Polski miliony \u201euchod\u017ac\u00f3w\u201d z Dzikich P\u00f3l, w tym p\u00f3\u0142 miliona weteran\u00f3w obrony \u201esilnego, demokratycznego pa\u0144stwa\u201d przed Ruskimi, Trzaskowski sta\u0142 si\u0119 nagle zwolennikiem ich sprowadzania, i to w jak najwi\u0119kszej liczbie.<\/p>\r\n<p>Czy powodem takiego wybryku Trzaskowskiego nie jest to, \u017ce<strong> jego matk\u0105 jest Teresa z domu Arens, a ojczymem Marian Ferster, syn pu\u0142kownika UB Aleksandra i funkcjonariuszki UB W\u0142adys\u0142awy, kt\u00f3rej stryj Boles\u0142aw Drobner, by\u0142 ministrem w PKWN, prezydentem Wroc\u0142awia i, do Marca \u201968, I sekretarzem KW PZPR w Krakowie?<\/strong> Czy znaczenia nie ma to, \u017ce matka Trzaskowskiego, kt\u00f3ra w latach 50. prowadzi\u0142a bar w \u201ePiwnicy pod Baranami\u201d, jako tajna wsp\u00f3\u0142pracowniczka i donosicielka o pseudonimie Justyna, mia\u0142a kontakty z dyplomatami z konsulatu USA w Krakowie, a dzisiaj jej synalek, kt\u00f3ry patriotyzm wyssa\u0142 z mlekiem matki, ma doskona\u0142e kontakty z dyplomatami z ambasady USA i te\u017c je wykorzystuje do antypolskich cel\u00f3w? Co Trzaskowskiego najbardziej przerazi\u0142o? Perspektywa: Co<em> b\u0119dzie, je\u017celi z innych terytori\u00f3w Ukrainy zg\u0142osi si\u0119 mn\u00f3stwo Polak\u00f3w, kt\u00f3rzy powiedz\u0105<\/em>:<em> nie \u017cyje nam si\u0119 dobrze, chcemy by\u0107 natychmiast ewakuowani do Polski<\/em>. Co w tym wszystkim jeszcze przera\u017ca? Opozycja, kt\u00f3rej przeszkadza zawieszenie s\u0119dziego Tuley\u0119, a nie przeszkadza, gdy rz\u0105dz\u0105ca partia rozbraja polsk\u0105 armi\u0119 (a uzbraja po z\u0119by armi\u0119 s\u0105siada, kt\u00f3ry nas nienawidzi), gdy wyjmuje z kieszeni Polak\u00f3w 100 miliard\u00f3w i napycha kabzy oligarch\u00f3w ukrai\u0144skich, gdy na zmywak wys\u0142a\u0142a miliony Polak\u00f3w, a przyjmuje na garnuszek miliony Ukrai\u0144c\u00f3w, obdarzaj\u0105c ich nadzwyczajnymi przywilejami. I jeszcze jedno &#8211; jak wynika z&nbsp;najnowszego sonda\u017cu IBRiS, na&nbsp;czele rankingu polskich polityk\u00f3w jest prezydent Warszawy. Ufa mu 44&nbsp;proc. badanych. No i mamy, co mamy &#8211; przysz\u0142ego Prezydenta Wszystkich Polak\u00f3w.<\/p>\r\n<p>Szewach Weiss na \u0142amach \u201eRz\u201d wygada\u0142 si\u0119: <em>Kiedy \u017byd chce, by rozpozna\u0142 go jego rodak, m\u00f3wi \u201eAMCHU\u201d. Jest to tajemny kod \u017cydowski.<\/em> Niemo\u017cliwo\u015bci\u0105 jest rozpozna\u0107 ka\u017cdego \u017byda z wygl\u0105du i, jakkolwiek by to brzmia\u0142o dziwnie, po kszta\u0142cie jego nosa, ani po nazwisku. Wielu \u017byd\u00f3w zmieni\u0142o bowiem swoje rodowe nazwiska, tak\u017ce ze wzgl\u0119d\u00f3w bezpiecze\u0144stwa.&nbsp;Myli si\u0119 i wprowadza w b\u0142\u0105d innych ten, kto twierdzi, \u017ce \u017cydostwo jest tylko wiar\u0105. Nawet ci, kt\u00f3rzy odeszli od wiary moj\u017ceszowej, nawr\u00f3ceni na inne wyznanie, odczuwaj\u0105 przynale\u017cno\u015b\u0107 do swego narodu (\u2026) Solidarno\u015b\u0107 \u017cydowska istnieje r\u00f3wnie\u017c mi\u0119dzy tymi, kt\u00f3rzy przeszli na chrze\u015bcija\u0144stwo, i tymi, kt\u00f3rzy zostali \u017cydami. Ta solidarno\u015b\u0107 jest cz\u0119\u015bci\u0105 duszy \u017cydowskiej. Ten, kto porzuca\u0142 \u017cydostwo, robi\u0142 to na og\u00f3\u0142 ratuj\u0105c swoje \u017cycie, albo by\u0142 zmuszony si\u0142\u0105. \u201eAmchu\u201d umo\u017cliwi\u0142a istnienie wsp\u00f3lnoty narodu \u017cydowskiego w diasporze bez pa\u0144stwa, bez flagi, bez w\u0142adzy, bez mo\u017cliwo\u015bci samoobrony. \u201eEuropa przesz\u0142a drog\u0119 od Auschwitz do \u201eNigdy wi\u0119cej Auschwitz!\u201d. Jest mniej nacjonalistyczna. W\u0142a\u015bnie to oraz globalizacja, Internet umo\u017cliwiaj\u0105 \u017cycie \u017bydom w europejskim domu. Dla nich jest on teraz wielkim \u201esztetl\u201d. Ju\u017c nie ma potrzeby ukrywa\u0107 pochodzenia \u017cydowskiego. \u201eAmchu\u201d wychodzi z podziemia. \u017bydzi obejmuj\u0105 najwy\u017csze stanowiska w krajach diaspory, nie ukrywaj\u0105c swojej to\u017csamo\u015bci. Jest to historyczne zwyci\u0119stwo \u201eAmchu\u201d. Na koniec Szewach stwierdza: \u201eAmchu\u201d nie jest ju\u017c tajnym kodem, ale nie wolno go zgubi\u0107: \u201eWieczne, wieczyste \u201eAmchu\u201d! W wielu miejscowo\u015bciach na Warmii i Mazurach Ukrai\u0144cy wieszaj\u0105 sobie niebiesko-\u017c\u00f3\u0142te wst\u0105\u017ceczki, bo policjant Ukrainiec, jak zobaczy swojego rodaka mandatu nie da, a s\u0119dzia Ukrainiec nie wsadzi za kratki. I czy dwukolorowa wst\u0105\u017ceczek na piersi redaktora Sakiewicza, to nie takie \u201eAmchu\u201d?<\/p>\r\n<p>Politycy polscy nie wyci\u0105gaj\u0105 wniosk\u00f3w z przesz\u0142o\u015bci. Wci\u0105\u017c pope\u0142niaj\u0105 te same b\u0142\u0119dy. Dotyczy to wszystkich ekip rz\u0105dz\u0105cych krajem po 4 czerwca 1989 roku. Bez patrzenia na interes Polski poparli obalenie Wiktora Janukowycza, a Wiktor Juszczenko pluj\u0105c w twarz polskim sprzymierze\u0144com, og\u0142osi\u0142 Stepana Bander\u0119 narodowym bohaterem Ukrainy. Ale<strong> czy chodzi\u0142o tylko o \u201eb\u0142\u0119dy\u201d i czy o b\u0142\u0119dy polityk\u00f3w \u201epolskich\u201d, a nie o \u015bwiadom\u0105 dzia\u0142alno\u015b\u0107 rz\u0105dz\u0105cej w Polsce \u017cydokomuny i rz\u0105dz\u0105cych na Ukrainie \u017cydobanderowc\u00f3w<\/strong>?<\/p>\r\n<p>Rewolucja to gruntowna wymiana elit politycznych, to zdobycie w\u0142adzy przez now\u0105 klas\u0119 spo\u0142eczn\u0105 kosztem drugiej. Tymczasem nad Dnieprem wszystko pozosta\u0142o po staremu. W\u0142adza jak spoczywa\u0142a, tak spoczywa w r\u0119kach kilku oligarch\u00f3w \u017cydowskiego pochodzenia. Zwraca uwag\u0119 kompatybilno\u015b\u0107 elit znad Wis\u0142y i znad Dniepru. Gdy warszawskie oskar\u017ca\u0142y przedmajdanowego prezydenta o bycie marionetk\u0105 Putina, \u015bwiadczy\u0107 o tym mia\u0142a jego zgoda, aby teki ministr\u00f3w przypad\u0142y trzem politykom ukrai\u0144skim, kt\u00f3rzy zachowali obywatelstwo rosyjskie. Tymczasem pierwszy pomajdanowy rz\u0105d ukrai\u0144ski okaza\u0142 si\u0119 armi\u0105 pe\u0142n\u0105 zagranicznych najemnik\u00f3w, z nadanym pospiesznie ukrai\u0144skim obywatelstwem. Prezydent Petro Poroszenko uzasadni\u0142 to tak: <em>To cz\u0119\u015b\u0107 wysi\u0142k\u00f3w, aby znale\u017a\u0107 innowacyjne rozwi\u0105zania w rz\u0105dzie, z uwagi na nadzwyczajne wyzwania stoj\u0105ce przed Ukrain\u0105<\/em>. Opr\u00f3cz prezydenta, obcoplemie\u0144cami okazali si\u0119: wiceprezydent, premier, sekretarz Rady ds. Bezpiecze\u0144stwa, minister obrony, minister kultury, minister finans\u00f3w, minister administracji prezydenta i wicepremier (p\u00f3\u017aniej premier) Wo\u0142odymyr Hrojsman (kt\u00f3rego matka jest autork\u0105 terminu \u201e\u017cydobanderwoszczyzna\u201d). Nie lepiej by\u0142o w\u015br\u00f3d opozycji, \u017ceby tylko wymieni\u0107 Juli\u0119 Tymoszenko. I jeszcze jedno \u2013 nast\u0119pca Poroszenki dwa miesi\u0105ce temu rzek\u0142: \u201eJak zako\u0144czymy wojn\u0119, to ca\u0142a Ukraina b\u0119dzie wygl\u0105da\u0142a jak wielki Izrael\u201d.<\/p>\r\n<p>Znamienna by\u0142a tu diagnoza Nadii Szewczenko. W 2015 oficer lotnictwa Ukrainy zosta\u0142a zwolniona w&nbsp;ramach rosyjsko-ukrai\u0144skiej wymiany je\u0144c\u00f3w. O jej uwolnienie zabiegali prawie wszyscy politycy zachodniego \u015bwiata. Prezydent Poroszenko nada\u0142 jej tytu\u0142 bohatera narodowego. Zosta\u0142a deputowan\u0105 Rady Najwy\u017cszej. Mia\u0142a prezydenckie ambicje, a sonda\u017ce wskazywa\u0142y, \u017ce cieszy si\u0119 najwi\u0119kszym zaufaniem w\u015br\u00f3d Ukrai\u0144c\u00f3w. Tymczasem w&nbsp;marcu 2018 roku ukrai\u0144ski parlament, przyt\u0142aczaj\u0105c\u0105 wi\u0119kszo\u015bci\u0105 g\u0142os\u00f3w, uchyli\u0142 jej nietykalno\u015b\u0107 i&nbsp;zezwoli\u0142 na areszt, z oskar\u017cenia o&nbsp;planowanie zamachu stanu oraz pr\u00f3b\u0119 zamachu terrorystycznego. Co takiego wydarzy\u0142o si\u0119, \u017ce trafi\u0142a za kratki? Nic wielkiego. Powiedzia\u0142a tylko (ku wielkiemu rozczarowaniu redaktor\u00f3w naczelnych \u201eGazety Polskiej\u201d i \u201eGazety Wyborczej\u201d): \u201e\u017bydzi stanowi\u0105 2 proc. spo\u0142ecze\u0144stwa, a zajmuj\u0105 oko\u0142o 80 proc. stanowisk w rz\u0105dzie\u201d. Wymieni\u0142a premiera Wo\u0142odymyra Hrojsmana. Stwierdzi\u0142a, \u017ce Petro Poroszenko tak naprawd\u0119 ma na nazwisko \u201eWalcman\u201d. Zasugerowa\u0142a \u017cydowskie pochodzenie Julii Tymoszenko, a wcze\u015bniej w studio telewizyjnym zgodzi\u0142a si\u0119 z wypowiedzi\u0105 jednego z widz\u00f3w o \u201e\u017cydowskim jarzmie na Ukrainie\u201d.<\/p>\r\n<p>Czy \u201e\u017bydobanderowcami\u201d s\u0105 te\u017c redaktorzy \u201eGazety Wyborczej\u201d? Zastanawia bowiem os\u0142ona medialna, jak\u0105 Michnik od lat zapewnia mniejszo\u015bci ukrai\u0144skiej. Czy tym samym tropem p\u00f3j\u015b\u0107 mo\u017cna w przypadku Anne Applebaum, kt\u00f3ra na \u0142amach gazety Michnika dowodzi\u0142a: \u201eNacjonali\u015bci na Ukrainie to jedyna nadzieja tego kraju na ucieczk\u0119 od apatii, drapie\u017cnej korupcji i, w ostateczno\u015bci, rozpadu. \u017baden rozs\u0105dny bojownik o wolno\u015b\u0107 nie wyobra\u017ca\u0142 sobie utworzenia nowoczesnego pa\u0144stwa, a co dopiero demokracji, bez ruchu o nacechowaniu nacjonalistycznym\u201d. A co z redaktorami \u201eGazety Polskiej? Przecie\u017c ich te\u017c \u0142\u0105czy z Applebaum pogl\u0105d, \u017ce ka\u017cdy nacjonalista jest dobry, byle nie polski?<\/p>\r\n<p>Kto&nbsp;w Polsce bierze czynny udzia\u0142 w promowaniu banderowskich postulat\u00f3w historycznych i gloryfikuje zbrodnicz\u0105 organizacj\u0119? Od samego pocz\u0105tku istnienia III RP \u015brodowisko dawnego KOR, skupione &nbsp; wok\u00f3\u0142 \u201eGazety Wyborczej\u201d, za cel g\u0142\u00f3wny swoich dzia\u0142a\u0144 postawi\u0142o sobie lansowanie idei tzw. pojednania polsko-ukrai\u0144skiego, przez co rozumiano przyj\u0119cie wyk\u0142adni historii najnowszej \u015brodowisk probanderowskich. O\u015brodek skupiony wok\u00f3\u0142 Adama Michnika i Jacka Kuronia, tropi\u0105cy wszelkie przejawy nacjonalizmu w Polsce, &nbsp;przeszed\u0142 do porz\u0105dku dziennego nad skrajnie szowinistyczn\u0105 ideologi\u0105 OUN-UPA. Michnikowi i Kuroniowi nie przeszkadza\u0142o nawet to, \u017ce organizacja, kt\u00f3r\u0105 wzi\u0119li w obron\u0119 mia\u0142a na sumieniu \u015bmier\u0107 dziesi\u0105tk\u00f3w tysi\u0119cy \u017byd\u00f3w. &nbsp;G\u0142\u00f3wn\u0105 wyk\u0142adni\u0105 sta\u0142y si\u0119 s\u0142owa&nbsp;Jacka Kuronia: \u201eJe\u015bli Ukraina chce by\u0107 niepodleg\u0142a, nie mo\u017ce wyrzec si\u0119 pami\u0119ci o UPA. UPA by\u0142a powsta\u0144cz\u0105 armi\u0105 walcz\u0105c\u0105 o niepodleg\u0142o\u015b\u0107\u201d. Przypomnie\u0107 te\u017c warto o z\u0142o\u017conej w wywiadzie dla \u201eKuriera Galicyjskiego\u201d propozycji Adama Michnika przy\u0142\u0105czenia Polski do Ukrainy i nadanie nowemu tworowi nazwy UKR-POL. \u201eB\u0119dziemy w\u00f3wczas pa\u0144stwem, z kt\u00f3rym si\u0119 b\u0119dzie musia\u0142 liczy\u0107 ka\u017cdy i na wschodzie i na zachodzie\u201d \u2013 prorokowa\u0142, z akcentem na \u201eMY\u201d. Chocia\u017c w tym przypadku nie trudno by\u0142o odgadn\u0105\u0107, \u017ce w pomy\u015ble \u201enie chodzi\u0142o o jaki\u015b \u201eUKR-POL\u201d, tylko o stary \u017cydowski pomys\u0142 z Judeopoloni\u0105.<\/p>\r\n<p>Dlaczego pochodz\u0105cy z \u017cydokomunistycznej rodziny kresowej Pawe\u0142 Kowal, nawo\u0142uj\u0105c do wspierania neobanderowskiej Ukrainy, najch\u0119tniej w imi\u0119 interes\u00f3w i roje\u0144 polityk\u00f3w ukrai\u0144skich wypowiedzia\u0142by wojn\u0119 Rosji? Jak wyja\u015bni\u0107 jego s\u0142owa, \u017ce \u201eUkrai\u0144cy musz\u0105 dojrze\u0107 do samooceny tak, jak Polacy dojrzeli do samooceny w Jedwabnem\u201d? Dlaczego Dawid Wildstein powiedzia\u0142<em>: \u201e<\/em><em>Nierozliczenie rzezi wo\u0142y\u0144skiej nie powinno dzi\u015b by\u0107 dla Polak\u00f3w przeszkod\u0105 we wspieraniu Ukrai\u0144c\u00f3w<\/em><em>\u201d<\/em> i <em>czy nie ma znaczenia, \u017ce jego d<\/em><em>ziadek by\u0142 ubekiem, a ojciec masonem?<\/em> A mo\u017ce chodzi o co\u015b innego? Aleksander Kwa\u015bniewski, syn ukrai\u0144skiego \u017byda i oficera NKWD w sprawach Ukrainy wypowiada si\u0119 jak lobbysta ukrai\u0144ski, bo bierze pieni\u0105dze od \u017cydowskich oligarch\u00f3w.&nbsp;<\/p>\r\n<p>\u00c0 propos <em>&#8211; gdy w 1976 r. powsta\u0142 KOR Michnik pisa\u0142: \u201eMarek Edelman powiedzia\u0142 kiedy\u015b, \u017ce KOR to by\u0142o to samo, co Bund. Te same idea\u0142y, te same warto\u015bci. Dla mnie \u2013 m\u00f3wi\u0142 Marek \u2013 Bund i KOR to ci\u0105g\u0142o\u015b\u0107\u201d. Tymczasem Bund by\u0142 przedwojenn\u0105 \u017cydowsk\u0105 parti\u0105, <\/em><strong>kt\u00f3ra reprezentowa\u0142a komunistyczny ekstremizm, kt\u00f3ra manifestowa\u0142 swoj\u0105 wrogo\u015b\u0107 do pa\u0144stwa polskiego, domaga\u0142a si\u0119 pe\u0142nej autonomii dla \u017cyd\u00f3w, laickiego szkolnictwa oraz zr\u00f3wnania j\u0119zyka jidysz z j\u0119zykiem polskim, kt\u00f3r\u0105 minister spraw wewn\u0119trznych II RP uzna\u0142 za \u201eparti\u0119 kryptokomunistyczn\u0105, bo \u201ezg\u0142osi\u0142a sw\u00f3j akces do komunistycznej Mi\u0119dzynarod\u00f3wki i stoi na stanowisku wrogim naszemu pa\u0144stwu\u201d. <\/strong><strong>Sprawdzianem lojalno\u015bci KOR wobec Polski byli wy\u0142onieni liderzy, kt\u00f3rzy w sytuacji niedojrza\u0142o\u015bci ch\u0142opsko-robotniczych elit \u201eS\u201d, przej\u0119li ruch protestu, wymanewrowali hierarch\u00f3w ko\u015bcielnych, zmonopolizowali poparcie z zagranicy, zablokowali odrodzenie si\u0119 endecji, chadecji, a nawet PPS.<\/strong><\/p>\r\n<p><strong>Dlaczego wszyscy maj\u0105 pogl\u0105dy dziwnie podobne do pogl\u0105d\u00f3w lobby ukrai\u0144skiego? Co, opr\u00f3cz mi\u0142o\u015bci do banderowc\u00f3w, ich \u0142\u0105czy? Mo\u017ce nienawi\u015b\u0107 do Polak\u00f3w? I czy tylko nienawi\u015b\u0107?<\/strong> Anne Applebaum i \u017cydowska gazeta dla Polak\u00f3w szczeg\u00f3lnie uwzi\u0119\u0142a si\u0119 na Wiktora Janukowycza. I tu pytanie: Czy nie wzi\u0119\u0142o si\u0119 to z tego, \u017ce \u201eNasz Dziennik\u201d nieopatrznie ujawni\u0142: \u201eKorzenie rodziny Wiktora Janukowycza si\u0119gaj\u0105 dzisiejszej Bia\u0142orusi (\u2026) w Janukach wszyscy byli gospodarzami i pszczelarzami (\u2026) dziadek Wiktora zosta\u0142 ochrzczony w miejscowym ko\u015bciele katolickim. Ludno\u015b\u0107 tych teren\u00f3w Bia\u0142orusi \u2013 to przewa\u017cnie katolicy. To\u017c by\u0142a tu kiedy\u015b Polska. Swoistymi \u015bwiadkami tamtych czas\u00f3w s\u0105 pomniki na miejscowym cmentarzu. Na wi\u0119kszo\u015bci z nich napisy ju\u017c si\u0119 star\u0142y, a na tych, kt\u00f3re si\u0119 zachowa\u0142y, wida\u0107 napisane alfabetem \u0142aci\u0144skim nazwisko \u201eJanukowicz\u201d. I drugie pytanie: Czy nie wzi\u0119\u0142o si\u0119 to z tego, \u017ce tygodnik \u201eNasza Polska\u201d napisa\u0142: \u201e<u>Nie m\u00f3g\u0142 Polak zosta\u0107 prezydentem w Warszawie to musia\u0142 w Kijowie. Na Warszaw\u0119 jeszcze Polacy musz\u0105 poczeka\u0107<\/u>!\u201d. Na Janukowycza uwzi\u0119\u0142a si\u0119 nie tylko gazeta \u017cydowska. S\u0142owa: \u201e<em>Popieram wszystkich Ukrai\u0144c\u00f3w protestuj\u0105cych w Kijowie przeciwko rz\u0105dom postkomunistycznego bandyty<\/em>\u201d, pojawi\u0142y si\u0119 w\u2026 \u201eWarszawskiej Gazecie\u201d Pomijano przy tym i przemilczano oczywisty fakt, \u017ce przedmajdanowa ekipa w\u0142a\u00addzy w Kijowie by\u0142a po prostu propolska i \u017ce swoistej pikanterii dodawa\u0142 postulat ministra edukacji w rz\u0105dzie Janukowycza wprowadzenia j\u0119zyka polskiego jako drugiego j\u0119zyka urz\u0119dowego w zachodniej cz\u0119\u015bci Ukrainy.<\/p>\r\n<p>Polityczne zadanie usuni\u0119cia Janukowycza, postawione przed polsk\u0105 klas\u0105 polityczn\u0105 przez Sorosa, wymaga\u0142o \u201emarginalizacji konflikt\u00f3w historycznych\u201d i partnera po stronie ukrai\u0144skiej. Zostali nimi skrajni nacjonali\u015bci, kt\u00f3rym nie przeszkadza\u0142o, \u017ce Ukrain\u0105 rz\u0105dzi rosyjsko-\u017cydowska mafia i \u017ce finansowego wsparcia udziela im lider spo\u0142eczno\u015bci \u017cydowskiej, rezyduj\u0105cy w Genewie posiadacz paszportu izraelskiego Ihor Ko\u0142omojski. &nbsp;\u201eNaszych\u201d, do tej antypolskiej machinacji nie zniech\u0119ci\u0142 nawet G\u00fcnter Verheugen, kt\u00f3ry zdiagnozowa\u0142: \u201e<em>Po raz pierwszy w tym stuleciu prawdziwi faszy\u015bci z krwi i ko\u015bci zasiadaj\u0105 w rz\u0105dzie<\/em>\u201d. W tym kontek\u015bcie przypomnie\u0107 nale\u017cy, \u017ce Janukowyczowi szyto buty marionetki Moskwy, mimo \u017ce dobrze mu sz\u0142o uk\u0142adanie stosunk\u00f3w z Putinem na zasadzie \u201ejak r\u00f3wny z r\u00f3wnym\u201d, mimo \u017ce nie zgodzi\u0142 si\u0119, by Ukraina wst\u0105pi\u0142a do unii celnej z Rosj\u0105 i mimo \u017ce z wi\u0119kszym sukcesem ni\u017c \u201enasi\u201d, opar\u0142 si\u0119 szan\u00adta\u017cowi energetycznemu Putina, i to w\u00f3wczas, gdy mentalnie zrusyfikowa\u00adny polski minister podpisywa\u0142 niekorzystne kontrakty na dostawy gazu rosyjskiego.<\/p>\r\n<p>Przy okazji &#8211; co si\u0119 porobi\u0142o z PSL-owcami? Niegdy\u015b byli pierwsz\u0105 parti\u0105, kt\u00f3ra dba\u0142a o pami\u0119\u0107 pomordowanych na Wo\u0142yniu. Dzi\u015b Kosiniak-Kamysz pierwszy rzuca has\u0142o \u201eUkraPolin\u201d, a Marek Sawicki rzuca pomys\u0142, aby Pa\u0144stwo Polskie wykupi\u0142o i wyremontowa\u0142o 200 tysi\u0119cy opuszczonych ch\u0142opskich cha\u0142up i przekaza\u0142o je ukrai\u0144skim przesiedle\u0144com. <strong>\u00c0 propos &#8211; kiedy podczas kampanii wyborczej w 2015 r. kandydat PSL Adam Jarubas naruszy\u0142 \u015bwi\u0119te tabu, jakim jest bezkrytyczne popieranie Ukrainy, zosta\u0142 solidarnie zaatakowany przez ca\u0142y establishment i skutecznie wyciszony. To by\u0142 klasyczny przyk\u0142ad funkcjonowania nieformalnego uk\u0142adu PO-PiS, kiedy sp\u00f3r mi\u0119dzy \u201ezaprza\u0144cami\u201d a \u201eszczerymi patriotami\u201d nie toczy si\u0119 o interes narodowy, ale o to, kto lepiej b\u0119dzie rz\u0105dzi\u0142 Polakami w interesie kosmopolitycznego uk\u0142adu. <\/strong><\/p>\r\n<p>S\u0105 te\u017c inne podobie\u0144stwa.<strong> Tak jak pierwszy pookr\u0105g\u0142osto\u0142owy rz\u0105d Tadeusza Mazowieckiego podj\u0105\u0142 pr\u00f3b\u0119 budowy JudeoPolonii, tak pierwszy pomajdanowy rz\u0105d Petro Poroszenki podj\u0105\u0142 pr\u00f3b\u0119 budowy JudeoUkrainy<\/strong>.<strong> Z tym \u017ce nad Dnieprem to si\u0119 uda\u0142o<\/strong>,<strong> a nad Wis\u0142\u0105 projekt run\u0105\u0142<\/strong>, dzi\u0119ki\u2026 Stanowi Tymi\u0144skiemu. Przypomnijmy: w wyborach prezydenckich w 1990 roku, przedstawiany jako \u201ekandydat znik\u0105d\u201d, po bardzo intensywnej kampanii, podczas kt\u00f3rej przedstawia\u0142 si\u0119 jako jedyny \u201ecz\u0142owiek spoza uk\u0142adu\u201d, zdecydowanie kontestuj\u0105cy balcerowiczowskie reformy gospodarcze, uzyska\u0142 w I turze prawie 4 miliony g\u0142os\u00f3w, wyprzedzaj\u0105c Tadeusza Mazowieckiego (i Wo\u0142odi\u0119 Cimoszewicza). Po tej poni\u017caj\u0105cej kl\u0119sce, Mazowiecki wraz ze swym zamys\u0142em Judeopolonii ju\u017c si\u0119 nie podni\u00f3s\u0142.<\/p>\r\n<p><em>W dzisiejszej Polsce toczy si\u0119 jedna wielka wojna i mn\u00f3stwo potyczek. Fronty krzy\u017cuj\u0105 si\u0119, krzy\u017cuj\u0105 si\u0119 obce wp\u0142ywy. Na te pot\u0119\u017cne i wyrafinowane naciski wystawiona jest \u201enasza\u201d elita polityczna, nielojalna, czo\u0142obitna wobec obcych, uwik\u0142ana w agenturaln\u0105 dzia\u0142alno\u015b\u0107. <\/em><strong>Czy kraj<\/strong>,<strong> w kt\u00f3rym ministrami zostaj\u0105 przypadkowe miernoty<\/strong>,<strong> ludzie gardz\u0105cy polskimi interesami<\/strong>,<strong> kupcz\u0105cy pozycj\u0105 Polski w \u015bwiecie<\/strong>,<strong> kt\u00f3rych jedynym celem jest utrzymanie si\u0119 przy w\u0142adzy<\/strong>,<strong> i kt\u00f3rym rozkazy wydaje ma\u0142y \u017cydowski komik<\/strong>,<strong> jest zdolna do obrony polskich interes\u00f3w<\/strong><em>? <\/em><\/p>\r\n<p><strong><em>Krzysztof Bali\u0144ski<\/em><\/strong><\/p>\r\n<p><span style=\"color: #808080;\">Krzysztof Bali\u0144ski \u2013 dyplomata i politolog. W latach 1991-1995 ambasador RP w Syrii i Jordanii. Publicysta poruszaj\u0105cy zagadnienia polityki mi\u0119dzynarodowej i polskiej dyplomacji. Publikowa\u0142 w \u201eNasza Polska\u201d, \u201eTygodnik Solidarno\u015b\u0107\u201d, \u201eG\u0142os\u201d, \u201eWarszawska Gazeta\u201d, www.polishclub.org, wicipolskie.org. Autor ksi\u0105\u017cek: <em>MSZ polski czy antypolski?<\/em>, <em>Ministerstwo Spraw Obcych<\/em>, <em>Polska czy Polin? \u2013 sekrety relacji polsko-\u017cydowskich<\/em>.<\/span><\/p>\r\n<p>&nbsp;<\/p>\r\n<p>&nbsp;<\/p>","protected":false},"excerpt":{"rendered":"4 czerwca 1990 to fina\u0142 gor\u0105czkowych rewindykacji etnicznych. Po ideologicznym recyclingu i partyjnej metamorfozie (tj. wst\u0105pieniu do UD\/UW, najlepszej inwestycji Kominternu w Polsce), na rz\u0105dowych sto\u0142kach zasiada drugie, a nawet trzecie pokolenie pewnej mniejszo\u015bci. Zmiana warty udaje si\u0119 znakomicie &#8211; kosmopolityczna szajka, kt\u00f3rej&nbsp;szef dogada\u0142 si\u0119 w&nbsp;Magdalence z Kiszczakiem, znalaz\u0142a si\u0119 w pierwszym szeregu budowniczych III [&hellip;]","protected":false},"author":1,"featured_media":0,"comment_status":"closed","ping_status":"closed","sticky":false,"template":"","format":"standard","meta":{"_acf_changed":false,"_monsterinsights_skip_tracking":false,"_monsterinsights_sitenote_active":false,"_monsterinsights_sitenote_note":"","_monsterinsights_sitenote_category":0,"ngg_post_thumbnail":0,"footnotes":"","_wp_rev_ctl_limit":""},"categories":[13,9],"tags":[65,66,92,53,101,29,17],"acf":[],"_links":{"self":[{"href":"https:\/\/www.bibula.com\/index.php?rest_route=\/wp\/v2\/posts\/137198"}],"collection":[{"href":"https:\/\/www.bibula.com\/index.php?rest_route=\/wp\/v2\/posts"}],"about":[{"href":"https:\/\/www.bibula.com\/index.php?rest_route=\/wp\/v2\/types\/post"}],"author":[{"embeddable":true,"href":"https:\/\/www.bibula.com\/index.php?rest_route=\/wp\/v2\/users\/1"}],"replies":[{"embeddable":true,"href":"https:\/\/www.bibula.com\/index.php?rest_route=%2Fwp%2Fv2%2Fcomments&post=137198"}],"version-history":[{"count":3,"href":"https:\/\/www.bibula.com\/index.php?rest_route=\/wp\/v2\/posts\/137198\/revisions"}],"predecessor-version":[{"id":137205,"href":"https:\/\/www.bibula.com\/index.php?rest_route=\/wp\/v2\/posts\/137198\/revisions\/137205"}],"wp:attachment":[{"href":"https:\/\/www.bibula.com\/index.php?rest_route=%2Fwp%2Fv2%2Fmedia&parent=137198"}],"wp:term":[{"taxonomy":"category","embeddable":true,"href":"https:\/\/www.bibula.com\/index.php?rest_route=%2Fwp%2Fv2%2Fcategories&post=137198"},{"taxonomy":"post_tag","embeddable":true,"href":"https:\/\/www.bibula.com\/index.php?rest_route=%2Fwp%2Fv2%2Ftags&post=137198"}],"curies":[{"name":"wp","href":"https:\/\/api.w.org\/{rel}","templated":true}]}}