{"id":137048,"date":"2022-11-16T21:17:49","date_gmt":"2022-11-17T02:17:49","guid":{"rendered":"https:\/\/www.bibula.com\/?p=137048"},"modified":"2022-11-16T21:51:46","modified_gmt":"2022-11-17T02:51:46","slug":"sad-umorzyl-sprawe-skandalicznego-zachowania-posla-nitrasa","status":"publish","type":"post","link":"https:\/\/www.bibula.com\/?p=137048","title":{"rendered":"S\u0105d umorzy\u0142 spraw\u0119 skandalicznego zachowania pos\u0142a Nitrasa"},"content":{"rendered":"<p>S\u0105d Rejonowy Warszawa \u015ar\u00f3dmie\u015bcie umorzy\u0142 spraw\u0119 skandalicznego zachowania pos\u0142a Platformy Obywatelskiej S\u0142awomira Nitrasa. W 2018 roku obok Placu Defilad w Warszawie krzycza\u0142 do dzia\u0142aczy Fundacji Pro-Prawo do \u017cycia, \u017ce s\u0105 gnojami i band\u0105 psycholi i durniami, a tak\u017ce szturcha\u0142, popycha\u0142 i uderzy\u0142 r\u0119k\u0105 wolontariusza.<\/p>\r\n<p>S\u0105d wprawdzie podzieli\u0142 trafno\u015b\u0107 oskar\u017cenia w zakresie tego, \u017ce pose\u0142 dopu\u015bci\u0142 si\u0119 publicznego zniewa\u017cenia dzia\u0142acza oraz naruszy\u0142 jego nietykalno\u015b\u0107 cielesn\u0105, m.in. uderzaj\u0105c go, ale uzna\u0142, \u017ce szkodliwo\u015b\u0107 spo\u0142eczna czynu jest znikoma i nie ma mowy o przest\u0119pstwie.<\/p>\r\n<p>W 2019 roku pose\u0142 Nitras straci\u0142 z powodu tego wydarzenia immunitet. Za jego odebraniem g\u0142osowa\u0142o 255 pos\u0142\u00f3w, 165 by\u0142o przeciw. Wtedy w ten spos\u00f3b komentowa\u0142 zdarzenie dla \u201eGazety Wyborczej\u201d:<\/p>\r\n<p>\u201eTo absurd. Pr\u00f3buj\u0105 zbudowa\u0107 sobie jak\u0105\u015b legend\u0119 (\u2026) Nikogo nie popycha\u0142em, nie szturcha\u0142em, nie uderzy\u0142em\u201d \u2013 m\u00f3wi\u0142 mi\u0119dzy innymi pose\u0142 Nitras.<\/p>\r\n<p>\u2013 Pose\u0142 Nitras i jego towarzysze czuj\u0105 si\u0119 bezkarni. Nic dziwnego, \u017ce na ulicach dochodzi do kolejnych bandyckich napad\u00f3w ze strony lewak\u00f3w. \u2013 komentuje Mariusz Dzier\u017cawski, cz\u0142onek zarz\u0105du Fundacji Pro-Prawo do \u017cycia.<\/p>\r\n<p>Udost\u0119pniamy nagranie ze zdarzenia. Planowane jest z\u0142o\u017cenie za\u017calenia na decyzj\u0119 s\u0105du.<\/p>\r\n<p class=\"zrodlo\">Za: <a href=\"https:\/\/stronazycia.pl\/sad-umorzyl-sprawe-skandalicznego-zachowania-posla-nitrasa\/\">StronaDlaZycia.pl (16 listopada, 2022)<\/a><\/p>\r\n<h4>&nbsp;<\/h4>\r\n<hr style=\"background-color: #000000; border-width: 0; color: #000000; height: 2px; line-height: 0; text-align: center; width: 100%;\">\r\n<h4>&nbsp;<\/h4>\r\n<h2><strong>Pose\u0142 S\u0142awomir Nitras zdecydowanie r\u00f3wniejszy wobec prawa od \u201egnoj\u00f3w\u201d i \u201ebandy psycholi\u201d, kt\u00f3rych zaatakowa\u0142.<\/strong><\/h2>\r\n<p>&nbsp;<\/p>\r\n<p><strong>List od: Kinga Ma\u0142ecka-Pryby\u0142o &lt;pomagam@stopaborcji.pl&gt; do prof. Miros\u0142awa Dakowskiego<\/strong><\/p>\r\n<p><br>\r\nSzanowny Panie,<\/p>\r\n<p>s\u0105d umorzy\u0142 w\u0142a\u015bnie post\u0119powanie wobec pos\u0142a S\u0142awomira Nitrasa, kt\u00f3ry w 2018 roku&nbsp;zaatakowa\u0142 nas w trakcie ulicznej akcji informacyjnej na temat aborcji, ubli\u017caj\u0105c naszym wolontariuszom i uderzaj\u0105c jednego z naszych dzia\u0142aczy. W opinii s\u0105du, szkodliwo\u015b\u0107 spo\u0142eczna takiego czynu jest znikoma, w zwi\u0105zku z czym&nbsp;Nitras nie zostanie poci\u0105gni\u0119ty do odpowiedzialno\u015bci. Niemal w tym samym czasie zapad\u0142o&nbsp;5 kolejnych wyrok\u00f3w skazuj\u0105cych na naszego wolontariusza Adama, kt\u00f3ry zosta\u0142 skazany za ostrzeganie przed skutkami aborcji i deprawacji dzieci w przestrzeni publicznej. Przeciwko Adamowi toczy si\u0119 obecnie a\u017c 40 proces\u00f3w s\u0105dowych jednocze\u015bnie!<\/p>\r\n<p>Media informuj\u0105 w\u0142a\u015bnie o tym, \u017ce s\u0105d uniewinni\u0142 pos\u0142a S\u0142awomira Nitrasa, kt\u00f3ry w 2018 roku zaatakowa\u0142 nas w trakcie ulicznej akcji informacyjnej na temat aborcji. Nitras podszed\u0142 do naszych dzia\u0142aczy na ulicy i zacz\u0105\u0142 im ubli\u017ca\u0107, nazywaj\u0105c ich \u201egnojami\u201d i \u201eband\u0105 psycholi\u201d. Zacz\u0105\u0142 tak\u017ce uderza\u0107 jednego z naszych wolontariuszy. Sprawa toczy\u0142a si\u0119 4 lata i aby w og\u00f3le poci\u0105gn\u0105\u0107 pos\u0142a do odpowiedzialno\u015bci trzeba by\u0142o uchylenia jego immunitetu przez Sejm Teraz s\u0105d stwierdzi\u0142, \u017ce pose\u0142 Nitras faktycznie dopu\u015bci\u0142 si\u0119 publicznego zniewa\u017cenia naszego wolontariusza oraz naruszenia jego nietykalno\u015bci. Jednocze\u015bnie ten sam s\u0105d uzna\u0142, \u017ce stopie\u0144 szkodliwo\u015bci spo\u0142ecznej tego czynu jest znikomy, w zwi\u0105zku z czym umorzy\u0142 spraw\u0119 i pu\u015bci\u0142 Nitrasa wolno\u2026. Tymczasem 40 proces\u00f3w s\u0105dowych jednocze\u015bnie ma nasz wolontariusz Adam, kt\u00f3ry koordynuje dzia\u0142ania naszej Fundacji na \u015al\u0105sku. Jest prze\u015bladowany za g\u0142oszenie prawdy o aborcji i ostrzeganie przed dzia\u0142alno\u015bci\u0105 tzw. \u201eedukator\u00f3w seksualnych\u201d. Prosz\u0119 zobaczy\u0107 co spotka\u0142o go w ostatnim czasie:<\/p>\r\n<p>\u2013 17 pa\u017adziernika 2022: wyrok 1 170 z\u0142 grzywny, koszt\u00f3w i op\u0142at,<br>\r\n\u2013&nbsp;18 pa\u017adziernika 2022:&nbsp;wyrok 2 610 z\u0142 grzywny, koszt\u00f3w i op\u0142at,<br>\r\n\u2013&nbsp;19 pa\u017adziernika 2022: wyrok 2 320 z\u0142 grzywny, koszt\u00f3w i op\u0142at,<br>\r\n\u2013&nbsp;26 pa\u017adziernika 2022:&nbsp;wyrok 1 000 z\u0142 grzywny, koszt\u00f3w i op\u0142at,<br>\r\n\u2013 7 listopada 2022: wyrok 380 z\u0142 grzywny, koszt\u00f3w i op\u0142at.<\/p>\r\n<p>W sumie tylko przez ostatni miesi\u0105c Adam us\u0142ysza\u0142 5 wyrok\u00f3w na \u0142\u0105czn\u0105 kwot\u0119 ponad 7 400 z\u0142 grzywny i koszt\u00f3w s\u0105dowych. Kilkadziesi\u0105t kolejnych proces\u00f3w ma Jan, jeden z kierowc\u00f3w naszych furgonetek. Kilkana\u015bcie spraw toczy si\u0119 przeciwko Mariuszowi Dzier\u017cawskiemu, za\u0142o\u017cycielowi naszej Fundacji. W sumie przeciwko nam toczy si\u0119 obecnie ok. 150 proces\u00f3w s\u0105dowych. Funkcjonariusze policji, kt\u00f3rzy kieruj\u0105 kolejne akty oskar\u017cenia przeciwko naszym wolontariuszom, a tak\u017ce s\u0119dziowie, kt\u00f3rzy skazuj\u0105 naszych dzia\u0142aczy, ca\u0142kowicie ignoruj\u0105 postanowienia S\u0105du Najwy\u017cszego. Zarzuty, wysuwane przeciwko nam, dotycz\u0105 najcz\u0119\u015bciej rzekomego \u201ewywo\u0142ania zgorszenia w miejscu publicznym\u201d poprzez zorganizowane ulicznej akcji informacyjnej, wywieszenie wielkoformatowego billboardu lub przejazd furgonetk\u0105 oklejon\u0105 du\u017cymi plakatami. Najwy\u017cszy organ wymiaru sprawiedliwo\u015bci w Polsce ju\u017c 4 razy wypowiedzia\u0142 si\u0119 w sprawie dzia\u0142a\u0144 naszej Fundacji, za ka\u017cdym razem potwierdzaj\u0105c, \u017ce to co robimy jest w pe\u0142ni zgodne z prawem i nie stanowi \u017cadnego \u201ezgorszenia\u201d. Mundurowi i s\u0119dziowie nie przyjmuj\u0105 tego jednak do wiadomo\u015bci.<\/p>\r\n<p>Orzeczenia S\u0105du Najwy\u017cszego na temat naszej Fundacji s\u0105 lekcewa\u017cone, a do s\u0105d\u00f3w bez przerwy trafiaj\u0105 kolejne akty oskar\u017cenia dotycz\u0105ce wywo\u0142ywania przez nas rzekomego \u201ezgorszenia\u201d. Kolejne wyroki na naszych wolontariuszy zapadaj\u0105 z dok\u0142adnie tych samych paragraf\u00f3w, z kt\u00f3rych uniewinni\u0142 ich S\u0105d Najwy\u017cszy! Powy\u017csze przyk\u0142ady to nie wszystko. Z r\u00f3\u017cnego rodzaju lekcewa\u017ceniem prawa spotykamy si\u0119 niemal na ka\u017cdym kroku.<\/p>\r\n<p>W ostatnim czasie wyroki s\u0105du dw\u00f3ch instancji zignorowa\u0142 prezydent Warszawy Rafa\u0142 Trzaskowski. Podlegaj\u0105cy mu funkcjonariusze stra\u017cy miejskiej usi\u0142owali utrudni\u0107 nam organizacj\u0119 legalnego zgromadzenia publicznego, w trakcie kt\u00f3rego informowali\u015bmy mieszka\u0144c\u00f3w stolicy o powi\u0105zaniach Trzaskowskiego ze \u015brodowiskiem aktywist\u00f3w LGBT i \u201eedukator\u00f3w seksualnych\u201d, w kt\u00f3rym dosz\u0142o do brutalnego gwa\u0142tu z u\u017cyciem przemocy. Pomimo faktu, \u017ce dwukrotnie wygrali\u015bmy z Trzaskowskim w s\u0105dzie, kt\u00f3ry potwierdzi\u0142 nasze prawo do organizacji akcji, umundurowanie funkcjonariusze ustawili metalowe zapory na ulicy i blokowali wjazd naszej furgonetki na miejsce zgromadzenia. Zwolennicy aborcji i deprawacji seksualnej dzieci czuj\u0105 si\u0119 w dzisiejszej Polsce bezkarni. Nic dziwnego, \u017ce na ulicach bez przerwy dochodzi do kolejnych napad\u00f3w na naszych wolontariuszy, dynamicznie rozwija si\u0119 handel nielegalnymi pigu\u0142kami poronnymi, a deprawacja dzieci i m\u0142odzie\u017cy nabiera tempa. Gdy nasi wolontariusze wzywani s\u0105 na kolejne przes\u0142uchania i rozprawy, liderzy zorganizowanych grup przest\u0119pczych po\u015brednicz\u0105cy w handlu tabletkami aborcyjnymi publicznie chwal\u0105 si\u0119 pomocnictwem w zamordowaniu kolejnych tysi\u0119cy polskich dzieci. Nielegalne pigu\u0142ki reklamuj\u0105 nie tylko w mediach i na otwartych spotkaniach, ale tak\u017ce np. w Sejmie, gdzie jaki\u015b czas temu jedna z czo\u0142owych aktywistek aborcyjnych zareklamowa\u0142a numer kontaktowy do zamawiania tabletek z g\u0142\u00f3wnej m\u00f3wnicy. Praktyczna bezkarno\u015b\u0107 dla aborcjonist\u00f3w i deprawator\u00f3w skutkuje te\u017c tym, \u017ce wzmagaj\u0105 si\u0119 pod\u017cegania do nienawi\u015bci wobec naszych wolontariuszy. Na rozmaitych stronach, kana\u0142ach i grupach dyskusyjnych pojawia si\u0119 coraz wi\u0119cej komentarzy zach\u0119caj\u0105cych do napad\u00f3w na naszych dzia\u0142aczy, palenia naszych furgonetek i organizacji zamach\u00f3w na nasze biuro.<\/p>\r\n<p>Nie zamierzamy ugi\u0105\u0107 si\u0119 przed tymi prze\u015bladowaniami.&nbsp;W najbli\u017cszym czasie zamierzamy zorganizowa\u0107 kolejne akcje informacyjne, aby dotrze\u0107 do Polak\u00f3w z prawd\u0105 o aborcji i deprawacji dzieci. Planujemy przeprowadzenie dzia\u0142a\u0144 m.in. w: Warszawie, Krakowie, Wroc\u0142awiu, Poznaniu, Gda\u0144sku, Szczecinie, Koszalinie, Toruniu, Lublinie, Elbl\u0105gu, Radomiu, S\u0142upsku, \u0141om\u017cy i \u0141odzi. Chcemy te\u017c budowa\u0107 nasze struktury w miejscowo\u015bciach, w kt\u00f3rych do tej pory nie byli\u015bmy obecni. Potrzebujemy na ten cel&nbsp;ok. 14&nbsp;000 z\u0142.&nbsp;Zasi\u0119g naszych akcji b\u0119dzie zale\u017ca\u0142 od zaanga\u017cowania naszych wolontariuszy i wsparcia Darczy\u0144c\u00f3w.<\/p>\r\n<p>Dlatego zwracam si\u0119 do Pana z pro\u015bb\u0105 o przekazanie 35 z\u0142, 70 z\u0142, 140 z\u0142, lub dowolnej innej kwoty, aby umo\u017cliwi\u0107 organizacj\u0119 kolejnych, niezale\u017cnych akcji informacyjnych, w ramach kt\u00f3rych dotrzemy do Polak\u00f3w z prawd\u0105 o aborcji i ostrze\u017cemy nasze spo\u0142ecze\u0144stwo przed deprawatorami seksualnymi czyhaj\u0105cymi na dzieci.<\/p>\r\n<p>Numer konta:&nbsp;79 1050 1025 1000 0022 9191 4667<br>\r\nFundacja Pro \u2013 Prawo do \u017cycia<br>\r\nul. J. I. Kraszewskiego 27\/22, 05-800 Pruszk\u00f3w<br>\r\nDla przelew\u00f3w zagranicznych \u2013 Kod BIC Swift: INGBPLPW<\/p>\r\n<p>Naruszanie nietykalno\u015bci, wyzwiska, obelgi, utrudnianie przeprowadzenia legalnego zgromadzenia \u2013 to zdaniem s\u0105du nieszkodliwe wybryki, za kt\u00f3re nie powinno si\u0119 kara\u0107. Tymczasem&nbsp;pokazywanie prawdy o aborcji \u2013 to wedle wielu s\u0105d\u00f3w powa\u017cne wykroczenie, za kt\u00f3re sypi\u0105 si\u0119 grzywny na wiele tysi\u0119cy z\u0142otych. Pomimo tych prze\u015bladowa\u0144, kar finansowych, trudno\u015bci i ogranicze\u0144,&nbsp;nie zamierzamy si\u0119 podda\u0107 i zaprzesta\u0107 naszych akcji.&nbsp;Musimy g\u0142osi\u0107 prawd\u0119, gdy\u017c tylko w ten spos\u00f3b kszta\u0142tujemy \u015bwiadomo\u015b\u0107 i sumienia Polak\u00f3w, przez co ratujemy dzieci przed aborcj\u0105 i deprawacj\u0105. Gdy jeste\u015bmy atakowani ze wszystkich stron, szczeg\u00f3lnie wa\u017cna jest pomoc naszych Darczy\u0144c\u00f3w, dlatego raz jeszcze prosz\u0119 Pana o wsparcie.<\/p>\r\n<p>Serdecznie Pana pozdrawiam,<\/p>\r\n<p>Kinga Ma\u0142ecka-Pryby\u0142o<\/p>\r\n<p class=\"zrodlo\">Za: <a href=\"https:\/\/dakowski.pl\/posel-slawomir-nitras-zdecydowanie-rowniejszy-wobec-prawa-od-gnojow-i-bandy-psycholi-ktorych-zaatakowal\/\">Strona prof. Miros\u0142awa Dakowskiego<\/a><\/p>\r\n<h4>&nbsp;<\/h4>\r\n<hr style=\"background-color: #000000; border-width: 0; color: #000000; height: 2px; line-height: 0; text-align: center; width: 100%;\">\r\n<blockquote>\r\n<h4>&nbsp;<\/h4>\r\n<p><strong>KOMENTARZ <em>BIBU\u0141Y<\/em><\/strong>: Nie chcemy zajmowa\u0107 si\u0119 jakim\u015b nitrasem, bo s\u0105 wa\u017cniejsze sprawy, ale powtarzamy niemal <em>ad nauseam<\/em> aby osoby uczestnicz\u0105ce w tego rodzaju sporach &#8211; jak dzia\u0142acze pro-life &#8211; oraz dziennikarze opisuj\u0105cy zdarzenia <strong>podawali pe\u0142ne dane s\u0119dzi\u00f3w<\/strong>, bo stosowanie jakich\u015b formu\u0142ek typu &#8222;w opinii s\u0105du&#8221; czy &#8222;s\u0105d orzek\u0142&#8221;, niewiele wyja\u015bnia. Trzeba upublicznia\u0107 dane osobowe s\u0119dzi\u00f3w, m\u00f3wi\u0107 kto konkretnie wyda\u0142 decyzj\u0119, wyrok.<\/p>\r\n<p>W Stanach pro-aborcyjni krzykacze protestuj\u0105 przed prywatnymi domami s\u0119dzi\u00f3w, w tym s\u0119dzi\u00f3w S\u0105du Najwy\u017cszego, jak na przyk\u0142ad ostatnie demonstracje przed domem pani s\u0119dzi Amy Coney Barrett, kt\u00f3ra niedawno nieco prze\u015bmiewczo &#8222;podzi\u0119kowa\u0142a&#8221;na tweeterze za te chamskie wiece przed domem. Mo\u017ce si\u0119 to nie podoba\u0107, ale mo\u017cna protestowa\u0107.<\/p>\r\n<p>W Polsce, gdzie obowi\u0105zuj\u0105 jakie\u015b absurdalne przepisy RODO (kt\u00f3rych jednak jako\u015b nikt nie przestrzega\u0142 gdy \u017c\u0105dano danych np. o zaszczepieniu si\u0119) rzekomo nie pozwalaj\u0105 na podanie gdzie osoba publiczna mieszka.<\/p>\r\n<p>Kiedy\u015b, w zamierzch\u0142ych czasach strasznego PRL-u, ka\u017cdy posiadacz telefonu otrzymywa\u0142 opas\u0142\u0105 ksi\u0105\u017ck\u0119 telefoniczn\u0105, kt\u00f3ra by\u0142a r\u00f3wnie\u017c dost\u0119pna na ka\u017cdej poczcie, a nawet w budce telefonicznej. Jako\u015b nikomu nie przeszkadza\u0142o, \u017ce by\u0142y tam wydrukowane telefony i adresy nomeklatury, w tym s\u0119dzi\u00f3w, prokurator\u00f3w. (Dlaczego te ksi\u0105\u017cki nie istniej\u0105 dzisiaj &#8211; to inna sprawa, o kt\u00f3rej pisali\u015bmy kilkakrotnie; zob. nasz <span style=\"text-decoration: underline;\"><a href=\"https:\/\/www.bibula.com\/?p=130842\">Komentarz<\/a><\/span>.)<\/p>\r\n<p>Tak wi\u0119c w &#8222;wolnej Polsce&#8221; jest mniej wolno\u015bci ni\u017c w PRL-u. Podzi\u0119kujcie za to wszystkim dotychczasowym ugrupowaniom rz\u0105dz\u0105cym, ze szczeg\u00f3lnym wskazaniem na PiS, kt\u00f3ry ju\u017c w czasie pierwszej swojej ods\u0142ony pokaza\u0142 co potrafi i by\u0142 prekursorem tzw. cyfryzacji, czyli w\u0142\u0105czenia si\u0119 w globalny system inwigilacji i ucisku.<\/p>\r\n<p>Nale\u017cy prze\u0142amywa\u0107 te sztuczne rygory i w miar\u0119 mo\u017cliwo\u015bci i wiedzy pokazujmy kto i gdzie, z dok\u0142adnymi nazwiskami, zdj\u0119ciami, tak aby ka\u017cdy m\u00f3g\u0142 rozpozna\u0107 na ulicy z\u0142oczy\u0144c\u00f3w w togach.<\/p>\r\n<\/blockquote>\r\n<h4>&nbsp;<\/h4>\r\n<hr style=\"background-color: #000000; border-width: 0; color: #000000; height: 2px; line-height: 0; text-align: center; width: 100%;\">\r\n<h4>&nbsp;<\/h4>","protected":false},"excerpt":{"rendered":"S\u0105d Rejonowy Warszawa \u015ar\u00f3dmie\u015bcie umorzy\u0142 spraw\u0119 skandalicznego zachowania pos\u0142a Platformy Obywatelskiej S\u0142awomira Nitrasa. W 2018 roku obok Placu Defilad w Warszawie krzycza\u0142 do dzia\u0142aczy Fundacji Pro-Prawo do \u017cycia, \u017ce s\u0105 gnojami i band\u0105 psycholi i durniami, a tak\u017ce szturcha\u0142, popycha\u0142 i uderzy\u0142 r\u0119k\u0105 wolontariusza. S\u0105d wprawdzie podzieli\u0142 trafno\u015b\u0107 oskar\u017cenia w zakresie tego, \u017ce pose\u0142 dopu\u015bci\u0142 [&hellip;]","protected":false},"author":1,"featured_media":0,"comment_status":"closed","ping_status":"closed","sticky":false,"template":"","format":"standard","meta":{"_acf_changed":false,"_monsterinsights_skip_tracking":false,"_monsterinsights_sitenote_active":false,"_monsterinsights_sitenote_note":"","_monsterinsights_sitenote_category":0,"ngg_post_thumbnail":0,"footnotes":"","_wp_rev_ctl_limit":""},"categories":[13,8],"tags":[94,92,169],"acf":[],"_links":{"self":[{"href":"https:\/\/www.bibula.com\/index.php?rest_route=\/wp\/v2\/posts\/137048"}],"collection":[{"href":"https:\/\/www.bibula.com\/index.php?rest_route=\/wp\/v2\/posts"}],"about":[{"href":"https:\/\/www.bibula.com\/index.php?rest_route=\/wp\/v2\/types\/post"}],"author":[{"embeddable":true,"href":"https:\/\/www.bibula.com\/index.php?rest_route=\/wp\/v2\/users\/1"}],"replies":[{"embeddable":true,"href":"https:\/\/www.bibula.com\/index.php?rest_route=%2Fwp%2Fv2%2Fcomments&post=137048"}],"version-history":[{"count":10,"href":"https:\/\/www.bibula.com\/index.php?rest_route=\/wp\/v2\/posts\/137048\/revisions"}],"predecessor-version":[{"id":137074,"href":"https:\/\/www.bibula.com\/index.php?rest_route=\/wp\/v2\/posts\/137048\/revisions\/137074"}],"wp:attachment":[{"href":"https:\/\/www.bibula.com\/index.php?rest_route=%2Fwp%2Fv2%2Fmedia&parent=137048"}],"wp:term":[{"taxonomy":"category","embeddable":true,"href":"https:\/\/www.bibula.com\/index.php?rest_route=%2Fwp%2Fv2%2Fcategories&post=137048"},{"taxonomy":"post_tag","embeddable":true,"href":"https:\/\/www.bibula.com\/index.php?rest_route=%2Fwp%2Fv2%2Ftags&post=137048"}],"curies":[{"name":"wp","href":"https:\/\/api.w.org\/{rel}","templated":true}]}}