{"id":1369,"date":"2007-11-16T15:11:23","date_gmt":"2007-11-16T15:11:23","guid":{"rendered":"https:\/\/www.bibula.com\/?p=1369"},"modified":"2020-09-20T15:16:01","modified_gmt":"2020-09-20T19:16:01","slug":"judaizantes","status":"publish","type":"post","link":"https:\/\/www.bibula.com\/?p=1369","title":{"rendered":"<em>Judaizantes<\/em>"},"content":{"rendered":"<p>Ks. Romuald Jakub Weksler-Waszkinel urodzi\u0142 si\u0119 w \u017cydowskiej rodzinie w 1943 roku. Wojn\u0119 przetrwa\u0142 w rodzinie chrze\u015bcija\u0144skiej, kt\u00f3ra wychowa\u0142a go w wierze katolickiej jako w\u0142asne dziecko. O swoim \u017cydowskim pochodzeniu dowiedzia\u0142 si\u0119, gdy mia\u0142 35 lat i by\u0142 ju\u017c ksi\u0119dzem katolickim od 12 lat. Przyj\u0105\u0142 swoje prawdziwe \u017cydowskie nazwisko i zacz\u0105\u0142 nosi\u0107 na szyi krucyfiks oraz gwiazd\u0119 Dawida. Jest zaanga\u017cowany w dialog mi\u0119dzy chrze\u015bcijanami a \u017bydami. <b>Bez w\u0105tpliwo\u015bci mo\u017cna go uzna\u0107 za jednego z g\u0142\u00f3wnych g\u0142osicieli staro\u017cytnej herezji judaizantes (\u017cyduj\u0105cych), pot\u0119pionej ju\u017c na Soborze w Jerozolimie, w kt\u00f3rym wzi\u0119li udzia\u0142 Aposto\u0142owie.<\/b> Oto ma\u0142a pr\u00f3bka jego oryginalnych pogl\u0105d\u00f3w:<\/p>\r\n<p>&#8222;Ot\u00f3\u017c taka modlitwa [o nawr\u00f3cenie \u017byd\u00f3w] dawno zosta\u0142a w Ko\u015bciele katolickim z liturgii usuni\u0119ta i nikt (w Ko\u015bciele katolickim) nie modli si\u0119 ju\u017c o nawr\u00f3cenie \u017byd\u00f3w. Nie ma r\u00f3wnie\u017c miejsca na tak\u0105 modlitw\u0119 w rycie trydenckim. Powr\u00f3t rytu &#8211; sposobu sprawowania liturgii &#8211; nie oznacza podwa\u017cania nauczania ostatniego Soboru. W liturgii Wielkiego Pi\u0105tku &#8211; r\u00f3wnie\u017c sprawowanej w rycie trydenckim &#8211; modlitwa za \u017byd\u00f3w b\u0119dzie mia\u0142a tak\u0105 formu\u0142\u0119 jak w liturgii posoborowej. Modelow\u0105 modlitw\u0105 w intencji \u017byd\u00f3w pozostawi\u0142 sam Jan Pawe\u0142 II, to jest ta, kt\u00f3r\u0105 napisa\u0142 specjalnie na II Dzie\u0144 Judaizmu w Polsce. Nie ma tam nawet wzmianki o jakimkolwiek nawracaniu \u017byd\u00f3w.&#8221;<\/p>\r\n<p class=\"content_sz\">Win\u0119 ponosz\u0105 katoliccy biskupi, <a class=\"content_sz\" href=\"http:\/\/www.rp.pl\/artykul\/69653.html\">Rzeczpospolita, 16.11.2007.<\/a><\/p>\r\n<p>&#8222;&#8230;czy gdyby ksi\u0105dz dowiedzia\u0142 si\u0119 o swoim pochodzeniu przed przyj\u0119ciem \u015bwi\u0119ce\u0144 kap\u0142a\u0144skich, czy r\u00f3wnie\u017c wtedy zosta\u0142by ksi\u0119dzem.<\/p>\r\n<p>&#8211; Obawiam si\u0119, \u017ce w\u00f3wczas mog\u0142oby si\u0119 to sko\u0144czy\u0107 po prostu jak\u0105\u015b chorob\u0105 psychiczn\u0105.&#8221;<\/p>\r\n<p>&#8222;Tymczasem nie wiem dlaczego nie mo\u017cna w Polsce zrobi\u0107 rzeczy elementarnej &#8211; powyrzuca\u0107 tytu\u0142y akapit\u00f3w z Biblii Tysi\u0105clecia, w rodzaju: \u201eJezus odrzucony przez sw\u00f3j nar\u00f3d\u201d, \u201eOdrzucenie \u017byd\u00f3w\u201d albo przypis, kt\u00f3ry m\u00f3wi: \u201eusch\u0142a figa reprezentuje bezp\u0142odny Izrael\u201d. Na mi\u0142o\u015b\u0107 Bosk\u0105: 6 milion\u00f3w wymordowanych ludzi, p\u00f3\u0142tora miliona wymordowanych dzieci Biblia Tysi\u0105clecia nazywa \u201ebezp\u0142odnym Izraelem\u201d!<\/p>\r\n<p>Jan Pawe\u0142 II, podczas jednej z audiencji, bodaj\u017ce w 1990 r., wspominaj\u0105c \u017byd\u00f3w mordowanych na polskiej ziemi, powiedzia\u0142:<\/p>\r\n<p>\u201eMordercy czynili to na naszej ziemi &#8211; mo\u017ce po to, by j\u0105 zha\u0144bi\u0107. Nie mo\u017cna zha\u0144bi\u0107 ziemi \u015bmierci\u0105 niewinnych ofiar. Przez tak\u0105 \u015bmier\u0107, ziemia staje si\u0119 \u015bwi\u0119t\u0105 relikwi\u0105\u201d. Ale dla Redaktor\u00f3w Biblii Tysi\u0105clecia owe ofiary, to wci\u0105\u017c \u201ebezp\u0142odny Izrael\u201d.<\/p>\r\n<p>Inny przyk\u0142ad: \u015bw. Pawe\u0142, w Li\u015bcie do Rzymian pisze, \u017ce kiedy wejdzie do Ko\u015bcio\u0142a pe\u0142nia pogan, \u201eca\u0142y Izrael b\u0119dzie zbawiony.\u201d Ale w Biblii Tysi\u0105clecia znajdziemy w tym miejscu tytu\u0142 akapitu: \u201eCa\u0142kowite nawr\u00f3cenie \u017byd\u00f3w\u201d. Redaktorzy Biblii Tysi\u0105clecia wiedz\u0105 lepiej od \u015bw. Paw\u0142a.<\/p>\r\n<p>Tego rodzaju narzut interpretacyjny zosta\u0142 ukszta\u0142towany przez Ojc\u00f3w Ko\u015bcio\u0142a. Dzi\u015b problem polega na tym, \u017ceby naprawi\u0107 b\u0142\u0119dy, \u017ceby zmieni\u0107 spos\u00f3b my\u015blenia, \u017ceby\u015bmy si\u0119 nawr\u00f3cili, do czego wzywa\u0142 \u015bw. Jan Chrzciciel. Tymczasem my m\u00f3wimy wci\u0105\u017c o nawr\u00f3ceniu \u017byd\u00f3w. To my mamy si\u0119 nawr\u00f3ci\u0107, uzna\u0107 \u015bwi\u0119to\u015b\u0107 \u201ekorzenia\u201d. Ale do tego potrzebne jest wi\u0119ksze zdecydowanie ze strony tych, kt\u00f3rzy s\u0105 z urz\u0119du odpowiedzialni za nauczanie Ko\u015bcio\u0142a.&#8221;<\/p>\r\n<p class=\"content_sz\"><a class=\"content_sz\" href=\"http:\/\/www.forum-znak.org.pl\/index.php?t=ludzie&amp;id=93\">Rozmowy<\/a> o \u017cydowskich korzeniach chrze\u015bcija\u0144stwa, PAP 25.04.2006.<\/p>\r\n<p class=\"content\">Napisa\u0142 <strong><em>Wiedhold<\/em><\/strong> dnia 16.11.07<\/p>\r\n<p class=\"zrodlo\">Za: <a class=\"content_sz\" href=\"http:\/\/breviarium.blogspot.com\/2007\/11\/judaizantes.html\">Kronika Novus Ordo<\/a><\/p>\r\n<h4>\u00a0<\/h4>\r\n<hr style=\"background-color: #000000; border-width: 0; color: #000000; height: 2px; line-height: 0; text-align: center; width: 100%;\" \/>\r\n<h4>\u00a0<\/h4>","protected":false},"excerpt":{"rendered":"Ks. Romuald Jakub Weksler-Waszkinel urodzi\u0142 si\u0119 w \u017cydowskiej rodzinie w 1943 roku. Wojn\u0119 przetrwa\u0142 w rodzinie chrze\u015bcija\u0144skiej, kt\u00f3ra wychowa\u0142a go w wierze katolickiej jako w\u0142asne dziecko. O swoim \u017cydowskim pochodzeniu dowiedzia\u0142 si\u0119, gdy mia\u0142 35 lat i by\u0142 ju\u017c ksi\u0119dzem katolickim od 12 lat. Przyj\u0105\u0142 swoje prawdziwe \u017cydowskie nazwisko i zacz\u0105\u0142 nosi\u0107 na szyi krucyfiks [&hellip;]","protected":false},"author":1,"featured_media":0,"comment_status":"closed","ping_status":"open","sticky":false,"template":"","format":"standard","meta":{"_acf_changed":false,"_monsterinsights_skip_tracking":false,"_monsterinsights_sitenote_active":false,"_monsterinsights_sitenote_note":"","_monsterinsights_sitenote_category":0,"ngg_post_thumbnail":0,"footnotes":"","_wp_rev_ctl_limit":""},"categories":[5],"tags":[53,101,33],"acf":[],"_links":{"self":[{"href":"https:\/\/www.bibula.com\/index.php?rest_route=\/wp\/v2\/posts\/1369"}],"collection":[{"href":"https:\/\/www.bibula.com\/index.php?rest_route=\/wp\/v2\/posts"}],"about":[{"href":"https:\/\/www.bibula.com\/index.php?rest_route=\/wp\/v2\/types\/post"}],"author":[{"embeddable":true,"href":"https:\/\/www.bibula.com\/index.php?rest_route=\/wp\/v2\/users\/1"}],"replies":[{"embeddable":true,"href":"https:\/\/www.bibula.com\/index.php?rest_route=%2Fwp%2Fv2%2Fcomments&post=1369"}],"version-history":[{"count":2,"href":"https:\/\/www.bibula.com\/index.php?rest_route=\/wp\/v2\/posts\/1369\/revisions"}],"predecessor-version":[{"id":118483,"href":"https:\/\/www.bibula.com\/index.php?rest_route=\/wp\/v2\/posts\/1369\/revisions\/118483"}],"wp:attachment":[{"href":"https:\/\/www.bibula.com\/index.php?rest_route=%2Fwp%2Fv2%2Fmedia&parent=1369"}],"wp:term":[{"taxonomy":"category","embeddable":true,"href":"https:\/\/www.bibula.com\/index.php?rest_route=%2Fwp%2Fv2%2Fcategories&post=1369"},{"taxonomy":"post_tag","embeddable":true,"href":"https:\/\/www.bibula.com\/index.php?rest_route=%2Fwp%2Fv2%2Ftags&post=1369"}],"curies":[{"name":"wp","href":"https:\/\/api.w.org\/{rel}","templated":true}]}}