{"id":136892,"date":"2022-10-27T12:36:27","date_gmt":"2022-10-27T16:36:27","guid":{"rendered":"https:\/\/www.bibula.com\/?p=136892"},"modified":"2022-10-27T12:36:27","modified_gmt":"2022-10-27T16:36:27","slug":"w-pogoni-za-uluda-wladzy-stanislaw-michalkiewicz","status":"publish","type":"post","link":"https:\/\/www.bibula.com\/?p=136892","title":{"rendered":"W pogoni za \u201eu\u0142ud\u0105 w\u0142adzy\u201d &#8211; <em>Stanis\u0142aw Michalkiewicz<\/em>"},"content":{"rendered":"<div class=\"p_underline\">\r\n<p class=\"has-drop-cap\">W ramach przygotowania do przysz\u0142orocznych Dni M\u0142odzie\u017cy w Lizbonie, w Krakowie odbywa si\u0119 sympozjon, w kt\u00f3rych bior\u0105 udzia\u0142 biskupi z 30 pa\u0144stw europejskich. Pot\u0119pili wojn\u0119 na Ukrainie, stwierdzaj\u0105c, \u017ce doprowadzi\u0142a do niej \u201e<i>u\u0142uda w\u0142adzy i chciwo\u015b\u0107 nielicznych<\/i>\u201d, ale przezornie nie precyzuj\u0105c, czyja \u201e<i>u\u0142uda<\/i>\u201d do tego doprowadzi\u0142a, ani kim s\u0105 ci \u201e<i>nieliczni<\/i>\u201d, kt\u00f3rzy tak dokazuj\u0105. Je\u015bli chodzi o \u201e<i>u\u0142ud\u0119<\/i>\u201d to warto przypomnie\u0107 spostrze\u017cenie XVII-wiecznego francuskiego aforysty, \u017ce \u201e<i>trudniej jest nie da\u0107 rz\u0105dzi\u0107 sob\u0105, ni\u017c rz\u0105dzi\u0107 innymi<\/i>\u201d &#8211; ale ka\u017cdy chce si\u0119 o tym przekona\u0107 osobi\u015bcie, tak samo, jak o trafno\u015bci spostrze\u017cenia, \u017ce pieni\u0105dze nie daj\u0105 szcz\u0119\u015bcia. Na pierwszy rzut oka mo\u017cna si\u0119 domy\u015bla\u0107, \u017ce chodzi o zimnego ruskiego czekist\u0119 Putina, ale on jest tylko jeden, a przecie\u017c wprawdzie chodzi o \u201e<i>nielicznych<\/i>\u201d, ale jednak tworz\u0105cych grup\u0119. Kto w takim razie poza Putinem odczuwa \u201e<i>u\u0142ud\u0119 w\u0142adzy<\/i>\u201d? My\u015bl\u0119, \u017ce Ksi\u0119\u017ca Biskupi oceniaj\u0105 sytuacj\u0119 pod tym wzgl\u0119dem nazbyt optymistycznie, bo ludzie odczuwaj\u0105cy t\u0119 u\u0142ud\u0119 wcale nie s\u0105 tacy nieliczni \u2013 o czym \u015bwiadcz\u0105 nie tylko ogromne liczby kandydat\u00f3w staj\u0105cych do demokratycznych wybor\u00f3w w ka\u017cdym nieszcz\u0119\u015bliwym kraju, ale r\u00f3wnie\u017c k\u0142y i pazury nagminnie u\u017cywane w walce politycznej. W odr\u00f3\u017cnieniu od innych kraj\u00f3w, na przyk\u0142ad \u2013 od Ukrainy \u2013 gdzie walce o w\u0142adz\u0119 w roku 2014 towarzyszy\u0142a strzelanina, Polska wydaje si\u0119 miejscem safandulskim, co mo\u017ce wynika\u0107 z wielu przyczyn. Na przyk\u0142ad st\u0105d, \u017ce \u2013 w odr\u00f3\u017cnieniu od Ukrainy \u2013 Stany Zjednoczone nie wy\u0142o\u017cy\u0142y 5 mld dolar\u00f3w na przeprowadzenie zmiany ekipy rz\u0105dz\u0105cej \u2013 bo gdyby wy\u0142o\u017cy\u0142y, to kto wie, jakby to wszystko w 2015 roku wygl\u0105da\u0142o. Tymczasem u nas zmiana na pozycji lidera sceny politycznej dokona\u0142a si\u0119 dzi\u0119ki straszliwemu spiskowi kelner\u00f3w pod kierownictwem pana Marka Falenty, kt\u00f3ry \u2013 jak s\u0105dz\u0119 \u2013 wprawdzie musia\u0142 korzysta\u0107 z pomocy pierwszorz\u0119dnych fachowc\u00f3w pragn\u0105cych zachowa\u0107 anonimowo\u015b\u0107, ale ju\u017c o pieni\u0105dze musia\u0142 stara\u0107 si\u0119 na w\u0142asn\u0105 r\u0119k\u0119, sprzedaj\u0105c materia\u0142y pods\u0142uchowe Putinowi \u2013 o czym poinformowa\u0142 nas jego wsp\u00f3lnik, za\u017cywaj\u0105cy statusu \u201e<i>ma\u0142ego \u015bwiadka koronnego<\/i>\u201d. Jak tam naprawd\u0119 by\u0142o \u2013 tak tam by\u0142o \u2013 i nie o to chodzi, by\u015bmy takie kwestie tu rozstrzygali, bo przecie\u017c zastanawiamy si\u0119, dlaczego u nas zmiany ekipy trzymaj\u0105cej w\u0142adz\u0119 przebiegaj\u0105 tak \u0142agodnie, \u017ce nie tylko trup si\u0119 nie \u015bciele, ale nawet nikogo nie wsadzaj\u0105 do turmy. Wprawdzie Donald Tusk si\u0119 odgra\u017ca, \u017ce wszystkich powsadza i w og\u00f3le \u2013 b\u0119dzie ich dusi\u0142 go\u0142ymi r\u0119kami &#8211; \u201e<i>ale my wiemy, \u017ce to bajki i \u017ce to tylko niecny zw\u00f3d<\/i>\u201d &#8211; jak g\u0142osi\u0142a piosenka popularna za moich czas\u00f3w w ko\u0142ach wojskowych. S\u0119k bowiem w tym, \u017ce bezpieczniacy, kt\u00f3rzy w Magdalence przygotowali transformacj\u0119 ustrojow\u0105, ustanowili jednocze\u015bnie niepisan\u0105 zasad\u0119 konstytuuj\u0105c\u0105 III Rzeczpospolit\u0105: \u201e<i>my nie ruszamy waszych \u2013 wy nie ruszacie naszych<\/i>\u201d. Dzi\u0119ki temu, w naszej, podszytej bezpieczniakami m\u0142odej demokracji, widowisko przekomarzania \u2013 bo przecie\u017c jaka\u015b \u201e<i>walka<\/i>\u201d musi dla oka si\u0119 odbywa\u0107 \u2013 przebiega \u0142agodnie i w rezultacie wszystko ko\u0144czy si\u0119 weso\u0142ym oberkiem, bez wzgl\u0119du na to, czy do steru dorywa si\u0119 ob\u00f3z zdrady i zaprza\u0144stwa, czy te\u017c ob\u00f3z p\u0142omiennych dzier\u017cawc\u00f3w monopolu na patriotyzm.<\/p>\r\n<p>Wr\u00f3\u0107my jednak do wojny, kt\u00f3rej wszyscy si\u0119 sprzeciwiaj\u0105, chocia\u017c opinie na temat przyczyn, jakie j\u0105 wywo\u0142a\u0142y, s\u0105 podzielone. Na przyk\u0142ad papie\u017c Franciszek wyrazi\u0142 przekonanie, \u017ce przyczyn\u0105 tego konfliktu by\u0142o \u201e<i>szczekanie NATO pod drzwiami Rosji<\/i>\u201d &#8211; za co zosta\u0142 pryncypialnie skrytykowany przez pana red. Terlikowskiego, pilnuj\u0105cego linii wyznaczonej przez Pana Naszego z Waszyngtonu. Co prawda \u2013 o czym ju\u017c wspomina\u0142em \u2013 ten konflikt przypomina kryzys karaibski z roku 1962. Jak pami\u0119tamy wszystko zacz\u0119\u0142o si\u0119 od tego, \u017ce w roku 1959 Fidel Castro obali\u0142 kuba\u0144skiego prezydenta Fulgencio Batist\u0119, obj\u0105\u0142 w\u0142adz\u0119 i na dzie\u0144dobry znacjonalizowa\u0142 wszystkie ameryka\u0144skie przedsi\u0119biorstwa, robi\u0105ce na Kubie kokosowe interesy. Tote\u017c John Kennedy, kt\u00f3ry w 1961 roku wygra\u0142 wybory prezydenckie w USA, pozwoli\u0142 CIA na przeprowadzenie tajnej operacji, w celu przywr\u00f3cenia na Kubie prawa i porz\u0105dku. Ta operacja przybra\u0142a posta\u0107 inwazji w Zatoce \u015awi\u0144, kt\u00f3ra si\u0119 nie uda\u0142a. Ale Fidel si\u0119 wystraszy\u0142, \u017ce nast\u0119pna mo\u017ce si\u0119 uda\u0107, wi\u0119c na wszelki wypadek zacie\u015bni\u0142 stosunki z Sowietami, co Chruszczow wykorzysta\u0142 do zainstalowania na Kubie, 90 mil od USA, sowieckich rakiet z g\u0142owicami atomowymi. Kuba by\u0142a pa\u0144stwem suwerennym, podobnie, jak Ukraina, wi\u0119c mog\u0142a si\u0119 przyja\u017ani\u0107, z kim tylko chcia\u0142a i na swoim w\u0142asnym terytorium mog\u0142a sobie instalowa\u0107 taka bro\u0144, jaka jej si\u0119 podoba\u0142a \u2013 ale prezydent Kennedy, kt\u00f3rego z tego powodu nikt nawet nie podejrzewa o to, \u017ce by\u0142 zbrodniarzem wojennym, zarz\u0105dzi\u0142 morsk\u0105 blokad\u0119 Kuby, wskutek czego \u015bwiat stan\u0105\u0142 na kraw\u0119dzie wojny nuklearnej. Wszystko na szcz\u0119\u015bcie sko\u0144czy\u0142o si\u0119 weso\u0142ym oberkiem, wi\u0119c je\u015bli to przypominam, to tylko dlatego, \u017ceby w pryncypialnych ocenach moralnych r\u00f3wnie\u017c zachowywa\u0107 pewien umiar, bo pryncypialno\u015b\u0107 \u2013 owszem \u2013 ale jednak w granicach przyzwoito\u015bci.<\/p>\r\n<p>Warto o tym pomy\u015ble\u0107 w\u0142a\u015bnie teraz, kiedy za spraw\u0105 nowego ruskiego genera\u0142a, kt\u00f3ry przej\u0105\u0142 na Ukrainie dowodzenie, Rosja przyj\u0119\u0142a strategi\u0119 zmierzaj\u0105c\u0105 do pozbawienia Ukrainy zdolno\u015bci nie tylko do prowadzenia wojny, ale w og\u00f3le \u2013 do jakiegokolwiek normalnego funkcjonowania. Najwyra\u017aniej \u201e<i>si\u0142owiki<\/i>\u201d, kt\u00f3re i wcze\u015bniej krytykowa\u0142y Putina, \u017ce na Ukrainie tylko bawi si\u0119 w wojn\u0119, zamiast prowadzi\u0107 j\u0105 naprawd\u0119, zaczynaj\u0105 przejmowa\u0107 inicjatyw\u0119. W zwi\u0105zku z tym pani Urszula von der Layen, kt\u00f3ra obecnie kontynuuje wojn\u0119 hybrydow\u0105 przeciwko Polsce og\u0142osi\u0142a, \u017ce Ukraina potrzebuje co najmniej 4 mld euro miesi\u0119cznie. Unia gotowa jest wy\u0142o\u017cy\u0107 1,5 mld euro \u2013 a reszt\u0119 kto? Przypomina\u0107 to zaczyna sytuacj\u0119, gdy grupa przyjaci\u00f3\u0142 bankietuje w restauracji; jedz\u0105, pij\u0105 lulki pal\u0105 \u2013 a\u017c o 11 zjawia si\u0119 kelner z rachunkiem. Wtedy gwar cichnie, \u015bmiech zamiera i ka\u017cdy z niepokojem spogl\u0105da na innych.<\/p>\r\n<p>Tote\u017c media przynios\u0142y wiadomo\u015b\u0107 o zagadkowych rozmowach, jakie przeprowadzi\u0142 ameryka\u0144ski sekretarz obrony Lloyd Austin z ruskim ministrem obrony Sergiuszem Szojgu. O czym rozmawiali \u2013 tego oczywi\u015bcie nie wiem, ale pami\u0119tam, jak sekretarz Austin m\u00f3wi\u0142 w Kijowie, \u017ce celem tej wojny jest \u201e<i>os\u0142abienie Rosji<\/i>\u201d &#8211; a my, jak gdyby nigdy nic, nadal piel\u0119gnujemy \u201e<i>u\u0142ud\u0119<\/i>\u201d, \u017ce chodzi o dobro wkr\u0119conej w maszynk\u0119 do mi\u0119sa Ukrainy. Co m\u00f3g\u0142 m\u00f3wi\u0107 Szojgu, te\u017c mo\u017cemy si\u0119 domy\u015bli\u0107, bo ju\u017c na pocz\u0105tku wojny Putin powiedzia\u0142, \u017ce jednym z jej dw\u00f3ch cel\u00f3w jest \u201e<i>demilitaryzacja<\/i>\u201d Ukrainy, to znaczy o gwarancja, \u017ce nie zostanie ona przyj\u0119ta do NATO. W dodatku teraz zbli\u017caj\u0105 si\u0119 w Ameryce wybory do Izby Reprezentant\u00f3w, w kt\u00f3rych o \u201e<i>u\u0142ud\u0119 w\u0142adzy<\/i>\u201d ubiegaj\u0105 si\u0119 liczni ambicjonerzy z Partii Komu&#8230;, to znaczy, pardon \u2013 oczywi\u015bcie Demokratycznej i z Partii Republika\u0144skiej, kt\u00f3ra opowiada si\u0119 za ograniczeniem pomocy dla Ukrainy. Gdyby w tych wyborach zwyci\u0119\u017cyli Republikanie, to kwestia, kto zap\u0142aci 4 mld euro miesi\u0119cznie sta\u0142aby si\u0119 jeszcze bardziej pal\u0105ca, a w tej sytuacji pojawia si\u0119 na horyzoncie mo\u017cliwo\u015b\u0107 \u201e<i>zamro\u017cenia<\/i>\u201d konfliktu \u2013 o czym ju\u017c przed kilkoma miesi\u0105cami wspomina\u0142a ambasadoressa USA przy NATO. Czy Ksi\u0119\u017ca Biskupi te\u017c tak sobie pomy\u015bleli, wychodz\u0105c ze swoim \u201e<i>pot\u0119pieniem<\/i>\u201d wojny? W ko\u0144cu ka\u017cda wojna toczy si\u0119 o pok\u00f3j, wi\u0119c i ta nie jest wyj\u0105tkiem.<\/p>\r\n<\/div>\r\n<p class=\"podpis_tekst\"><strong><em>Stanis\u0142aw Michalkiewicz<\/em><\/strong><\/p>\r\n<p class=\"informacje_tekst\">Felieton &nbsp;<b>\u2022<\/b>&nbsp; serwis \u201ePrawy.pl\u201d (prawy.pl) &nbsp;<b>\u2022<\/b>&nbsp; 27 pa\u017adziernika 2022<\/p>","protected":false},"excerpt":{"rendered":"W ramach przygotowania do przysz\u0142orocznych Dni M\u0142odzie\u017cy w Lizbonie, w Krakowie odbywa si\u0119 sympozjon, w kt\u00f3rych bior\u0105 udzia\u0142 biskupi z 30 pa\u0144stw europejskich. Pot\u0119pili wojn\u0119 na Ukrainie, stwierdzaj\u0105c, \u017ce doprowadzi\u0142a do niej \u201eu\u0142uda w\u0142adzy i chciwo\u015b\u0107 nielicznych\u201d, ale przezornie nie precyzuj\u0105c, czyja \u201eu\u0142uda\u201d do tego doprowadzi\u0142a, ani kim s\u0105 ci \u201enieliczni\u201d, kt\u00f3rzy tak dokazuj\u0105. Je\u015bli [&hellip;]","protected":false},"author":1,"featured_media":0,"comment_status":"closed","ping_status":"closed","sticky":false,"template":"","format":"standard","meta":{"_acf_changed":false,"_monsterinsights_skip_tracking":false,"_monsterinsights_sitenote_active":false,"_monsterinsights_sitenote_note":"","_monsterinsights_sitenote_category":0,"ngg_post_thumbnail":0,"footnotes":"","_wp_rev_ctl_limit":""},"categories":[13,9],"tags":[23,92,84,34,141,167,221],"acf":[],"_links":{"self":[{"href":"https:\/\/www.bibula.com\/index.php?rest_route=\/wp\/v2\/posts\/136892"}],"collection":[{"href":"https:\/\/www.bibula.com\/index.php?rest_route=\/wp\/v2\/posts"}],"about":[{"href":"https:\/\/www.bibula.com\/index.php?rest_route=\/wp\/v2\/types\/post"}],"author":[{"embeddable":true,"href":"https:\/\/www.bibula.com\/index.php?rest_route=\/wp\/v2\/users\/1"}],"replies":[{"embeddable":true,"href":"https:\/\/www.bibula.com\/index.php?rest_route=%2Fwp%2Fv2%2Fcomments&post=136892"}],"version-history":[{"count":2,"href":"https:\/\/www.bibula.com\/index.php?rest_route=\/wp\/v2\/posts\/136892\/revisions"}],"predecessor-version":[{"id":136894,"href":"https:\/\/www.bibula.com\/index.php?rest_route=\/wp\/v2\/posts\/136892\/revisions\/136894"}],"wp:attachment":[{"href":"https:\/\/www.bibula.com\/index.php?rest_route=%2Fwp%2Fv2%2Fmedia&parent=136892"}],"wp:term":[{"taxonomy":"category","embeddable":true,"href":"https:\/\/www.bibula.com\/index.php?rest_route=%2Fwp%2Fv2%2Fcategories&post=136892"},{"taxonomy":"post_tag","embeddable":true,"href":"https:\/\/www.bibula.com\/index.php?rest_route=%2Fwp%2Fv2%2Ftags&post=136892"}],"curies":[{"name":"wp","href":"https:\/\/api.w.org\/{rel}","templated":true}]}}