{"id":136862,"date":"2022-10-25T12:08:48","date_gmt":"2022-10-25T16:08:48","guid":{"rendered":"https:\/\/www.bibula.com\/?p=136862"},"modified":"2022-10-25T14:32:56","modified_gmt":"2022-10-25T18:32:56","slug":"postepujaca-judaizacja-kosciola-zydowskie-centrum-na-kul-u","status":"publish","type":"post","link":"https:\/\/www.bibula.com\/?p=136862","title":{"rendered":"Post\u0119puj\u0105ca judaizacja Ko\u015bcio\u0142a &#8211; \u017cydowskie Centrum na KUL-u"},"content":{"rendered":"<p><strong><em>Dla formalno\u015bci i z obrzydzeniem umieszczamy List Przewodnicz\u0105cego KEP-u o utworzeniu \u017cydowskiego Centrum na KUL-u.<\/em><\/strong><\/p>\r\n<p><strong><em>Zdradliwi aparatczycy wraz z agentami \u017cydowskimi, zagnie\u017cd\u017ceni w strukturach ko\u015bcielnych i judaizuj\u0105cy od kilkudziesi\u0119ciu lat Ko\u015bci\u00f3\u0142, dzisiaj nie wstydz\u0105 si\u0119 nawet tego &#8211; ba, chlubi\u0105 si\u0119 tym &#8211; \u017ce rewolucyjna deklaracja soborowa Nostra aetate to dzie\u0142o \u017cydowskich autor\u00f3w, a posoborowy G\u0142\u00f3wny Burzyciel &#8211; Jan Pawe\u0142 II &#8211; sta\u0142 si\u0119 &#8222;wzorem do na\u015bladowania w dialogu katolicko-\u017cydowskim&#8221;. <br>\r\n<\/em><\/strong><\/p>\r\n<p><strong><em>Ob\u017cydliwe jest podst\u0119pne dzia\u0142anie rzydostwa.<\/em><\/strong><\/p>\r\n<p>Red.<\/p>\r\n<p>&nbsp;<\/p>\r\n<h2>&nbsp;<\/h2>\r\n<h2><strong>List Przewodnicz\u0105cego KEP z okazji inauguracji Centrum im. Abrahama J. Heschela na KUL<\/strong><\/h2>\r\n<p>&nbsp;<\/p>\r\n<p><strong>Powstanie Centrum Relacji Katolicko-\u017bydowskich KUL im. Abrahama J. Heschela jest realizacj\u0105 deklaracji soborowej <i>Nostra aetate<\/i> i nauczania Ko\u015bcio\u0142a wyra\u017conego przez kolejnych Papie\u017cy \u2013 napisa\u0142 abp Stanis\u0142aw G\u0105decki, przewodnicz\u0105cy Konferencji Episkopatu Polski w li\u015bcie z okazji inauguracji Centrum im. Abrahama J. Heschela na Katolickim Uniwersytecie Lubelskim im. Jana Paw\u0142a II.&nbsp;&nbsp;<\/strong><\/p>\r\n<p>Przewodnicz\u0105cy Episkopatu w li\u015bcie przes\u0142anym na r\u0119ce rektora KUL ks. prof. Miros\u0142awa Kalinowskiego podkre\u015bli\u0142, \u017ce inauguracja Centrum im. Abrahama J. Heschela w pa\u017adzierniku 2022 roku, gdy obchodzimy 60-lecie otwarcia Soboru Watyka\u0144skiego II, ma znaczenie symboliczne. Przypomnia\u0142, \u017ce to w\u0142a\u015bnie na tym Soborze zosta\u0142a wydana deklaracja <i>Nostra aetate<\/i>, kt\u00f3ra \u201edo dzi\u015b jest jednym z najwa\u017cniejszych punkt\u00f3w odniesienia w kszta\u0142towaniu relacji katolicko-\u017cydowskich\u201d. Przewodnicz\u0105cy Episkopatu podkre\u015bli\u0142 w li\u015bcie m.in. wa\u017cn\u0105 rol\u0119 rabina Abrahama Joshuy Heschela, patrona Centrum, jak\u0105 odegra\u0142 podczas obrad Soboru Watyka\u0144skiego II i jego&nbsp; wk\u0142ad w zapisy deklaracji <i>Nostra aetate<\/i>. \u201eDeklaracja soborowa <i>Nostra aetate<\/i> wiele zawdzi\u0119cza otwarciu na dialog profesora Heschela oraz jego m\u0105dro\u015bci\u201d \u2013 czytamy w li\u015bcie.<\/p>\r\n<p>Zaznaczy\u0142 te\u017c, \u017ce Centrum Relacji Katolicko-\u017bydowskich im. Abrahama J. Heschela zosta\u0142o powo\u0142ane na uniwersytecie, kt\u00f3ry w swojej nazwie przywo\u0142uje Jana Paw\u0142a II \u2013 niezwykle wa\u017cn\u0105 posta\u0107 w dialogu katolicko-\u017cydowskim. \u201eTo w\u0142a\u015bnie \u015bw. Jan Pawe\u0142 II wni\u00f3s\u0142 do Ko\u015bcio\u0142a szczeg\u00f3ln\u0105 wra\u017cliwo\u015b\u0107 na problematyk\u0119 \u017cydowsk\u0105. Papie\u017c Polak jest do dzi\u015b wzorem do na\u015bladowania w dialogu katolicko-\u017cydowskim\u201d \u2013 napisa\u0142 Przewodnicz\u0105cy Episkopatu, przywo\u0142uj\u0105c m.in. fakt, \u017ce Jan Pawe\u0142 II by\u0142 pierwszym papie\u017cem, kt\u00f3ry modli\u0142 si\u0119 razem z rabinem o pok\u00f3j oraz pierwszym papie\u017cem, kt\u00f3ry wszed\u0142 do synagogi i kt\u00f3ry odwiedzi\u0142 niemiecki nazistowski ob\u00f3z koncentracyjny Auschwitz-Birkenau. \u201eTo w\u0142a\u015bnie \u015bw. Jan Pawe\u0142 II \u2013 w czasie, gdy przygotowywali\u015bmy Pierwszy Dzie\u0144 Judaizmu w Polsce w 1998 roku \u2013 zdecydowa\u0142, aby jego has\u0142o brzmia\u0142o: &gt;&gt;Kto spotyka Jezusa, spotyka judaizm&lt;&lt;\u201d \u2013 doda\u0142 abp G\u0105decki.<\/p>\r\n<p>Przewodnicz\u0105cy Episkopatu podkre\u015bli\u0142 te\u017c, \u017ce w ostatnim czasie r\u00f3wnie\u017c Benedykt XVI i Papie\u017c Franciszek \u201ebardzo rozwin\u0119li relacje katolicko-\u017cydowskie, co stanowi przyk\u0142ad dla ca\u0142ej wsp\u00f3lnoty Ko\u015bcio\u0142a katolickiego\u201d.<\/p>\r\n<p>W imieniu Konferencji Episkopatu Polski abp G\u0105decki podzi\u0119kowa\u0142 rektorowi KUL za powo\u0142anie do istnienia Centrum Relacji Katolicko-\u017bydowskich oraz \u017cyczy\u0142, aby dzia\u0142alno\u015b\u0107 Centrum Heschela zaowocowa\u0142a \u201ebudowaniem i pog\u0142\u0119bianiem dobrych relacji katolicko-\u017cydowskich na p\u0142aszczy\u017anie nauki, edukacji i kultury w wymiarze mi\u0119dzynarodowym\u201d. \u201eNiech wybitni Patronowie, Rabin Abraham Joshua Heschel i Papie\u017c Jan Pawe\u0142 II b\u0119d\u0105 przewodnikami na tej wsp\u00f3lnej drodze katolicko-\u017cydowskiej\u201d \u2013 doda\u0142.<\/p>\r\n<p>BP KEP<\/p>\r\n<p>&nbsp;<\/p>\r\n<p>Publikujemy pe\u0142ny tekst listu:<\/p>\r\n<p>&nbsp;<\/p>\r\n<blockquote>\r\n<p>Warszawa, dnia 17 pa\u017adziernika 2022 roku<\/p>\r\n<p>Magnificencjo,<br>\r\nCzcigodny Ksi\u0119\u017ce Rektorze,<\/p>\r\n<p><b>&nbsp;<\/b>Z rado\u015bci\u0105 przyj\u0105\u0142em przedstawion\u0105 mi przed rokiem inicjatyw\u0119 utworzenia o\u015brodka naukowo-edukacyjnego po\u015bwi\u0119conego relacjom katolicko-\u017cydowskim na Katolickim Uniwersytecie Lubelskim Jana Paw\u0142a II. Ciesz\u0119 si\u0119, \u017ce ta inicjatywa ma ju\u017c sw\u00f3j konkretny wyraz w postaci Centrum Relacji Katolicko-\u017bydowskich im. Abrahama J. Heschela na KUL.<\/p>\r\n<p>Mo\u017cna powiedzie\u0107, \u017ce inauguracja Centrum im. Abrahama J. Heschela w pa\u017adzierniku 2022 roku, gdy obchodzimy 60-lecie otwarcia Soboru Watyka\u0144skiego II, ma znaczenie symboliczne. To w\u0142a\u015bnie na tym Soborze zosta\u0142a wydana deklaracja&nbsp;<i>Nostra aetate<\/i>, kt\u00f3ra do dzi\u015b jest jednym z najwa\u017cniejszych punkt\u00f3w odniesienia w kszta\u0142towaniu relacji katolicko-\u017cydowskich. Deklaracja ta przypomina, \u017ce z \u017cadn\u0105 inn\u0105 religi\u0105 Ko\u015bci\u00f3\u0142 katolicki nie pozostaje w tak bliskiej relacji, ani z \u017cadnym innym narodem nie \u0142\u0105czy go tak \u015bcis\u0142a wi\u0119\u017a, jak z judaizmem. \u201eKo\u015bci\u00f3\u0142 Chrystusowy uznaje, \u017ce pocz\u0105tki jego wiary i wybrania znajduj\u0105 si\u0119 wed\u0142ug Bo\u017cej tajemnicy zbawienia ju\u017c u Patriarch\u00f3w, Moj\u017cesza i Prorok\u00f3w\u201d (<i>Nostra aetate<\/i>, 4). W\u0142a\u015bnie te wi\u0119zy duchowe mi\u0119dzy katolikami i wyznawcami judaizmu zobowi\u0105zuj\u0105 do wzajemnego poznawania si\u0119, tak\u017ce w wymiarze akademickim, i braterskich relacji (por. Tam\u017ce).<\/p>\r\n<p>Chcia\u0142bym w tym miejscu podkre\u015bli\u0107 bardzo wa\u017cn\u0105 rol\u0119 Rabina Profesora Abrahama Joshuy Heschela, Patrona Centrum, jak\u0105 odegra\u0142 podczas obrad Soboru Watyka\u0144skiego II i jego istotny wk\u0142ad w zapisy deklaracji&nbsp;<i>Nostra aetate<\/i>. Jego wieloletnia wsp\u00f3\u0142praca ze katolikami w Europie i Stanach Zjednoczonych, spotkania z Papie\u017cem Paw\u0142em VI, liczne kontakty z kardyna\u0142em Augustynem Be\u0105 zaowocowa\u0142y ogromnym zaanga\u017cowaniem Rabina w tworzenie dokumentu. Deklaracja soborowa&nbsp;<i>Nostra aetate<\/i>&nbsp;wiele zawdzi\u0119cza otwarciu na dialog profesora Heschela oraz jego m\u0105dro\u015bci.<\/p>\r\n<p>Pragn\u0119 zaznaczy\u0107 jednocze\u015bnie, \u017ce Centrum Relacji Katolicko-\u017bydowskich im. Abrahama J. Heschela zosta\u0142o powo\u0142ane na uniwersytecie, kt\u00f3ry w swojej nazwie przywo\u0142uje inn\u0105 niezwykle wa\u017cn\u0105 posta\u0107 w dialogu katolicko-\u017cydowskim. Katolicki Uniwersytet Lubelski Jana Paw\u0142a II, otwieraj\u0105c Centrum, podejmuje tak\u017ce spu\u015bcizn\u0119 duchow\u0105 swego dawnego Profesora i Patrona. To w\u0142a\u015bnie \u015bw. Jan Pawe\u0142 II wni\u00f3s\u0142 do Ko\u015bcio\u0142a szczeg\u00f3ln\u0105 wra\u017cliwo\u015b\u0107 na problematyk\u0119 \u017cydowsk\u0105. Papie\u017c Polak jest do dzi\u015b wzorem do na\u015bladowania w dialogu katolicko-\u017cydowskim. By\u0142 pierwszym papie\u017cem, kt\u00f3ry modli\u0142 si\u0119 razem z rabinem o pok\u00f3j, pierwszym papie\u017cem, kt\u00f3ry wszed\u0142 do synagogi i kt\u00f3ry odwiedzi\u0142 niemiecki nazistowski ob\u00f3z koncentracyjny Auschwitz-Birkenau. Jan Pawe\u0142 II jako pierwszy papie\u017c modli\u0142 si\u0119 pod Murem P\u0142aczu, prosz\u0105c Boga o wybaczenie i wzajemne braterstwo. Podkre\u015bla\u0142 r\u00f3wnie\u017c, \u017ce antysemityzm jest grzechem. To w\u0142a\u015bnie \u015bw. Jan Pawe\u0142 II \u2013 w czasie, gdy przygotowywali\u015bmy Pierwszy Dzie\u0144 Judaizmu w Polsce w 1998 roku \u2013 zdecydowa\u0142, aby jego has\u0142o brzmia\u0142o: \u201eKto spotyka Jezusa, spotyka judaizm\u201d.<\/p>\r\n<p>Postawa Papie\u017ca Polaka i jego konsekwentne nauczanie w procesie zbli\u017cenia mi\u0119dzy naszymi dwoma religiami i narodami nie mia\u0142o sobie r\u00f3wnych w dotychczasowej historii i sta\u0142o si\u0119 inspiracj\u0105 dla Ko\u015bcio\u0142a w Polsce. W ostatnim za\u015b czasie Benedykt XVI i Papie\u017c Franciszek bardzo rozwin\u0119li relacje katolicko-\u017cydowskie, co stanowi przyk\u0142ad dla ca\u0142ej wsp\u00f3lnoty Ko\u015bcio\u0142a katolickiego. Powstanie Centrum Relacji Katolicko-\u017bydowskich KUL im. Abrahama J. Heschela jest wi\u0119c realizacj\u0105 deklaracji soborowej <i>Nostra aetate<\/i>&nbsp;i nauczania Ko\u015bcio\u0142a wyra\u017conego przez kolejnych Papie\u017cy.<\/p>\r\n<p>W imieniu Konferencji Episkopatu Polski dzi\u0119kuj\u0119 ks. prof. Miros\u0142awowi Kalinowskiemu, Rektorowi KUL za powo\u0142anie do istnienia Centrum Relacji Katolicko-\u017bydowskich im. Abrahama J. Heschela na Katolickim Uniwersytecie Lubelskim Jana Paw\u0142a II. \u017bycz\u0119 Ksi\u0119dzu Rektorowi, Pracownikom Centrum i Wsp\u00f3lnocie Akademickiej, aby dzia\u0142alno\u015b\u0107 Centrum Heschela zaowocowa\u0142a budowaniem i pog\u0142\u0119bianiem dobrych relacji katolicko-\u017cydowskich na p\u0142aszczy\u017anie nauki, edukacji i kultury w wymiarze mi\u0119dzynarodowym. Niech wybitni Patronowie, Rabin Abraham Joshua Heschel i Papie\u017c Jan Pawe\u0142 II b\u0119d\u0105 przewodnikami na tej wsp\u00f3lnej drodze katolicko-\u017cydowskiej.<\/p>\r\n<p>Ad multos annos! Szalom!<\/p>\r\n<p>+Stanis\u0142aw G\u0105decki<br>\r\n<em>Arcybiskup Metropolita Pozna\u0144ski<br>\r\n<\/em><em>Przewodnicz\u0105cy Konferencji Episkopatu Polski<\/em><\/p>\r\n<p>_____________________<br>\r\nJego Magnificencja<br>\r\nKsi\u0105dz prof. Miros\u0142aw&nbsp;KALINOWSKI<br>\r\n<i>Rektor Katolickiego Uniwersytetu Lubelskiego Jana Paw\u0142a II<\/i><\/p>\r\n<\/blockquote>","protected":false},"excerpt":{"rendered":"Dla formalno\u015bci i z obrzydzeniem umieszczamy List Przewodnicz\u0105cego KEP-u o utworzeniu \u017cydowskiego Centrum na KUL-u. Zdradliwi aparatczycy wraz z agentami \u017cydowskimi, zagnie\u017cd\u017ceni w strukturach ko\u015bcielnych i judaizuj\u0105cy od kilkudziesi\u0119ciu lat Ko\u015bci\u00f3\u0142, dzisiaj nie wstydz\u0105 si\u0119 nawet tego &#8211; ba, chlubi\u0105 si\u0119 tym &#8211; \u017ce rewolucyjna deklaracja soborowa Nostra aetate to dzie\u0142o \u017cydowskich autor\u00f3w, a posoborowy [&hellip;]","protected":false},"author":1,"featured_media":0,"comment_status":"closed","ping_status":"closed","sticky":false,"template":"","format":"standard","meta":{"_acf_changed":false,"_monsterinsights_skip_tracking":false,"_monsterinsights_sitenote_active":false,"_monsterinsights_sitenote_note":"","_monsterinsights_sitenote_category":0,"ngg_post_thumbnail":0,"footnotes":"","_wp_rev_ctl_limit":""},"categories":[13,5],"tags":[98,53,51,101,55,33],"acf":[],"_links":{"self":[{"href":"https:\/\/www.bibula.com\/index.php?rest_route=\/wp\/v2\/posts\/136862"}],"collection":[{"href":"https:\/\/www.bibula.com\/index.php?rest_route=\/wp\/v2\/posts"}],"about":[{"href":"https:\/\/www.bibula.com\/index.php?rest_route=\/wp\/v2\/types\/post"}],"author":[{"embeddable":true,"href":"https:\/\/www.bibula.com\/index.php?rest_route=\/wp\/v2\/users\/1"}],"replies":[{"embeddable":true,"href":"https:\/\/www.bibula.com\/index.php?rest_route=%2Fwp%2Fv2%2Fcomments&post=136862"}],"version-history":[{"count":5,"href":"https:\/\/www.bibula.com\/index.php?rest_route=\/wp\/v2\/posts\/136862\/revisions"}],"predecessor-version":[{"id":136882,"href":"https:\/\/www.bibula.com\/index.php?rest_route=\/wp\/v2\/posts\/136862\/revisions\/136882"}],"wp:attachment":[{"href":"https:\/\/www.bibula.com\/index.php?rest_route=%2Fwp%2Fv2%2Fmedia&parent=136862"}],"wp:term":[{"taxonomy":"category","embeddable":true,"href":"https:\/\/www.bibula.com\/index.php?rest_route=%2Fwp%2Fv2%2Fcategories&post=136862"},{"taxonomy":"post_tag","embeddable":true,"href":"https:\/\/www.bibula.com\/index.php?rest_route=%2Fwp%2Fv2%2Ftags&post=136862"}],"curies":[{"name":"wp","href":"https:\/\/api.w.org\/{rel}","templated":true}]}}