{"id":136813,"date":"2022-10-23T20:36:11","date_gmt":"2022-10-24T00:36:11","guid":{"rendered":"https:\/\/www.bibula.com\/?p=136813"},"modified":"2022-10-23T20:36:11","modified_gmt":"2022-10-24T00:36:11","slug":"jak-ukraincy-przejmuja-resorty-silowe-w-polsce","status":"publish","type":"post","link":"https:\/\/www.bibula.com\/?p=136813","title":{"rendered":"Jak Ukrai\u0144cy przejmuj\u0105 resorty si\u0142owe w Polsce"},"content":{"rendered":"<div class=\"p_underline\">\r\n<p class=\"has-drop-cap\">Polskich granic, szczeg\u00f3lnie na ich p\u00f3\u0142nocno &#8211; wschodnich rubie\u017cach strzeg\u0105 Ukrai\u0144cy, a Polacy s\u0105 tutaj w mniejszo\u015bci &#8211; ustali\u0142a Polska Bez Cenzury. Tak twierdz\u0105 funkcjonariusze Stra\u017cy Granicznej w rozmowach z dziennikarzami ,,PBC&#8221;. Pose\u0142 Bartosz J\u00f3\u017awiak z Kukiz 15 z\u0142o\u017cy\u0142 w tej sprawie nawet interpelacj\u0119 w Sejmie. Z odpwoedzi Ministerstwa Spraw Wewn\u0119trznych i Administracji wynika, \u017ce oficjalnie&#8230; problem nie istnieje, bo tylko 50 funkcjonariuszy Stra\u017cy Granicznej deklaruje inn\u0105 narodowo\u015b\u0107, ni\u017c Polska. W\u015br\u00f3d nich 28 to Ukrai\u0144cy, 15 Bia\u0142orusini, 6 Litwini i Chorwat.<\/p>\r\n<p>Stra\u017cnicy Graniczni maj\u0105 jednak inne zdanie &#8211; Tu powsta\u0142a sitwa. Mieszkamy na terenach, gdzie jest du\u017co Ukrai\u0144c\u00f3w przesiedlonych na teren Warmii i Mazur w Akcji Wis\u0142a. Oni de facto rz\u0105dz\u0105 tu Stra\u017c\u0105 Graniczn\u0105 &#8211; m\u00f3wi prosz\u0105c o anonimowo\u015b\u0107, jeden z funkcjonariuszy obs\u0142uguj\u0105cych granic\u0119 polsko &#8211; rosyjsk\u0105. Jego zdaniem w\u0142a\u015bnie narodowo\u015b\u0107 ukrai\u0144ska jest przepustk\u0105 do zatrudnienia w Stra\u017cy Granicznej na p\u00f3\u0142nocnych rubie\u017cach Polski. Nas Polak\u00f3w zosta\u0142o tu dos\u0142ownie kilku. To nie jest problem obywatelstwa, ale \u015bwiadomo\u015b\u0107 przynale\u017cno\u015bci do narodu. Oni uwa\u017caj\u0105 si\u0119 za Ukrai\u0144c\u00f3w i tworz\u0105 w\u0142asn\u0105 sitw\u0119 &#8211; twierdzi stra\u017cnik.<\/p>\r\n<p>Trzeba najzwyczajniej w \u015bwiecie zrobi\u0107 ankiet\u0119, dotycz\u0105c\u0105 narodowo\u015bci. To jedyny spos\u00f3b, \u017ceby pa\u0144stwo mia\u0142o kontrol\u0119 nad tym jak wygl\u0105da struktura zatrudnienia w Stra\u017cy Granej.<\/p>\r\n<p>W sprawie nieproporcjonalnego udzia\u0142u obywateli innej, ni\u017c polska w Stra\u017cy Granicznej na Warmii i Mazurach, m\u00f3wi pose\u0142 Bartosz J\u00f3\u017awiak. Wiele os\u00f3b zwraca mi uwag\u0119 na ten problem. Rozmawia\u0142em z funkcjonariuszami ze stra\u017cy, wi\u0119c pozna\u0142em to niepokoj\u0105ce zjawisko z bliska &#8211; dodaje Piotr Lisiecki, pe\u0142nomocnik Ruchu Narodowego na Warmii i Mazurach.<\/p>\r\n<p>Problemu nie widzi jednak sama Stra\u017c Graniczna. Postulat przeprowadzenia w\u015br\u00f3d stra\u017cnik\u00f3w granicznych ankiety, dotycz\u0105cej narodowo\u015bci jest tu uwa\u017cany za&#8230;niepotrzebny! Informacja dotycz\u0105ca narodowo\u015bci funkcjonariuszy Warmi\u0144sko &#8211; Mazurskiego Oddzia\u0142u Stra\u017cy Granicznej jest nieprawdziwa. Nie docieraj\u0105 do nas informacje na temat dyskryminacji funkcjonariuszy ze wzgl\u0119du na ich pochodzenie. Nie jest te\u017c planowana ankieta zawieraj\u0105ca pytanie o narodowo\u015b\u0107 &#8211; lapidarnie porucznik SG Miros\u0142awa Aleksandrowicz, rzecznik prasowy Warmi\u0144sko &#8211; Mazurskiego Oddzia\u0142u Stra\u017cy Granicznej.<\/p>\r\n<p>Z informacji jednak od samej Stra\u017cy Granicznej wynika jednak, \u017ce to Ukrai\u0144cy staraj\u0105 si\u0119 najcz\u0119\u015bciej przekracza\u0107 Polsk\u0105 granic\u0119 na fa\u0142szywych dokumentach. Najcz\u0119\u015bciej s\u0105 to podrabiane piecz\u0105tki wizowe, ale tak\u017ce fa\u0142szywe paszporty. Tylko w ostatnim czasie by\u0142o kilkaset takich przypadk\u00f3w. Pytanie, jakie si\u0119 w tym momencie nasuwa brzmi: Czy jest rzecz\u0105 rozs\u0105dn\u0105, aby kontrolowali ich dumni ze swego pochodzenia rodacy w mundurach&#8230; Polskiej Stra\u017cy Granicznej?<\/p>\r\n<p>Od siebie dodam, \u017ce jeszcze bardziej arcywa\u017cn\u0105 kwesti\u0105 pozostaje z punktu widzenia polskiej racji stanu, czy polsk\u0105 granic\u0119, na po\u0142udniowo &#8211; wschodnich rubie\u017cach naszej Ojczyzny z Ukrain\u0105, powinni kontrolowa\u0107 stra\u017cnicy graniczni pochodzenia ukrai\u0144skiego, wiedz\u0105c i\u017c od wielu ju\u017c lat, a konkretnie od banderowskiego Majdanu z lat 2013 &#8211; 2014, trwa nieprzerwany przemyt na terytorium Polski, wszelkiego rodzaju broni i amunicji. Komu i czemu ma ona pos\u0142u\u017cy\u0107 w narastaj\u0105cym coraz bardziej napi\u0119ciu geopolitycznym, w kt\u00f3rego centrum znajduje si\u0119 Polska? Przeciwko komu na terytorium naszego kraju zostanie ona u\u017cyta, gdy kto\u015b wznieci wreszcie iskr\u0119 wojny na naszych polskich ziemiach, kt\u00f3rej nikt z nas tutaj nie chce, a do kt\u00f3rego to, ostatecznego rozwi\u0105zania kwestii polskiej, spychaj\u0105 nas Polak\u00f3w, coraz bardziej nasi anglosascy ,,sojusznicy&#8221;?<\/p>\r\n<p>To pytanie z mojej strony jest chyba czysto retoryczne, na kt\u00f3re nawet nie oczekuj\u0119 odpowiedzi, kt\u00f3r\u0105 i tak zna doskonale, ka\u017cdy \u015bwiadomy Polak, wiedz\u0105c dobrze, przeciwko komu zostanie ona ostatecznie u\u017cyta, gdy ,,nasi&#8221; politycy swoimi nieodpowiedzialnymi dzia\u0142aniami, kt\u00f3rych jeste\u015bmy obecnie \u015bwiadkami, doprowadz\u0105 w ko\u0144cu, do czego s\u0105 zreszt\u0105, za ich w\u0142asn\u0105 aprobat\u0105, nieustannie popychani, aby w ko\u0144cu przekroczyli ten Rubikon, kt\u00f3rego nigdy, przekracza\u0107 nie powinni pod \u017cadnym pozorem.<\/p>\r\n<p>&nbsp;<\/p>\r\n<p>Wracaj\u0105c jeszcze do sprawy wchodzenia ukrai\u0144skich szowinist\u00f3w w struktury polskich resort\u00f3w si\u0142owych, nie jest to bynajmniej sprawa nowa. Nasycanie np. Milicji, ORMO przez cz\u0142onk\u00f3w band OUN &#8211; UPA i ich potomk\u00f3w, zacz\u0119\u0142o si\u0119 i to na skal\u0119 masow\u0105 od 1964 roku, kiedy ministrem MSW w rz\u0105dzie Cyrankiewicza, zosta\u0142 niejaki Mykola Demko, bardziej znany jako Mieczys\u0142aw Moczar. Cho\u0107 pr\u00f3by wej\u015bcia cz\u0142onk\u00f3w OUN, mia\u0142y miejsce znacznie wcze\u015bniej, jednak ko\u0144czy\u0142y si\u0119 przed rokiem 1964 niewielkimi sukcesami. By\u0142e rezuny UPA przechodzi\u0142y wtedy wr\u0119cz b\u0142yskawiczn\u0105 \u015bcie\u017ck\u0119 kariery s\u0142u\u017cbowej w tej formacji, awansuj\u0105c w bardzo wielu przypadkach, w tempie wr\u0119cz expresowym na funkcje komendant\u00f3w miejskich, powiatowych, a za czas\u00f3w Edwarda Gierka, jeden z nich doszed\u0142 nawet do funkcji komendanta Wojew\u00f3dzkiego MO. Ale mimo wszystko S\u0142u\u017cba Bezpiecze\u0144stwa i Kontrwywiad Wojskowy zachowa\u0142y pe\u0142n\u0105 czujno\u015b\u0107 i rozpoznanie tego \u015brodowiska, trzymaj\u0105c ich kr\u00f3tko za mord\u0119, a\u017c do przewrotu w 1989 roku. Ale obecnie, zw\u0142aszcza od czas\u00f3w rz\u0105d\u00f3w ekipy Tuska, kt\u00f3ry w 2012 roku nakaza\u0142 powymienia\u0107 komendant\u00f3w powiatowych, miejskich i wojew\u00f3dzkich policji z Polak\u00f3w na Ukrai\u0144c\u00f3w doprowadzaj\u0105c w pe\u0142ni \u015bwiadomie do nadreprezentacji tego \u015brodowiska, na samym szczycie decyzyjnym polskiej policji pa\u0144stwowej. A PiS podtrzymuje to do dzi\u015b, a nawet rozszerza zakres ich awans\u00f3w i to zar\u00f3wno w strukturach policyjnych, jak i wojskowych, co ju\u017c doprowadzi\u0142o do niemal ca\u0142kowitego wyrugowania Polak\u00f3w z najwy\u017cszych szczebli dow\u00f3dczych policji, s\u0142u\u017cb specjalnych oraz wszystkich rodzaj\u00f3w si\u0142 zbrojnych<\/p>\r\n<p>Np. w Wy\u017cszej Szkole Policji w Szczytnie, spo\u015br\u00f3d wyk\u0142adowc\u00f3w, wi\u0119kszo\u015b\u0107 stanowi\u0105 obywatele polscy, pochodzenia ukrai\u0144skiego, tak jak i s\u0142uchacze tej Alma Mater.<\/p>\r\n<p>Ponadto, szko\u0142a ta wsp\u00f3\u0142pracuje z policj\u0105 ukrai\u0144sk\u0105 w zakresie szkolenia, wymiany kadr i do\u015bwiadcze\u0144. Jak r\u00f3wnie\u017c z ukrai\u0144sk\u0105 SBU. G\u0142\u00f3wn\u0105 ide\u0105 tych projekt\u00f3w by\u0142a wymiana do\u015bwiadcze\u0144 i rozw\u00f3j wsp\u00f3\u0142pracy w zakresie podnoszenia kwalifikacji kadr Lwowskiego Pa\u0144stwowego Uniwersytetu Spraw Wewn\u0119trznych Ukrainy w dziedzinie walki z przest\u0119pczo\u015bci\u0105 zorganizowan\u0105, zapewnienia porz\u0105dku publicznego, ochrony praw i wolno\u015bci obywateli.<\/p>\r\n<p>To s\u0105 fakty, kt\u00f3rym nie da si\u0119 zaprzeczy\u0107, o kt\u00f3rych rzecznik prasowy tej uczelni, m\u00f3wi\u0142 zupe\u0142nie otwarcie trzy lata temu w wywiadzie udzielonym, dzi\u015b ju\u017c \u015bp. redaktorowi naczelnemu portalu <span style=\"text-decoration: underline;\"><a href=\"http:\/\/nwk.pl,\/\">nwk24.pl<\/a><\/span>, Micha\u0142owi \u017bulikowskiemu.<\/p>\r\n<p>&nbsp;<\/p>\r\n<p>A teraz przyjrzyjmy si\u0119 dyrektywie Organizacji Ukrai\u0144skich Nacjonalist\u00f3w, dotycz\u0105cych przenikania cz\u0142onk\u00f3w organizacji i sprawdzonych ideowo innych Ukrai\u0144c\u00f3w, do struktur milicyjno &#8211; wojskowych po 1945 roku.<\/p>\r\n<p style=\"padding-left: 40px;\">,,Przyw\u00f3dztwo OUN zaleca\u0142o m\u0142odzie\u017cy ukrai\u0144skiej wst\u0119powanie w szeregi Wojska Polskiego, aby tam zdoby\u0107 odpowiednie, potrzebne do walki z Polsk\u0105, wyszkolenie. Tym ,,chwytem&#8221; powiela\u0142o swoje przedwojenne decyzje. Przecie\u017c prowodyrami UPA by\u0142y przecie\u017c osoby, kt\u00f3re szlify oficerskie uzyska\u0142y w polskich podchor\u0105\u017c\u00f3wkach. Armia &#8211; g\u0142osi\u0142a instrukcja &#8211; wszyscy powo\u0142ani, nieukrywaj\u0105cy si\u0119 mog\u0105 i\u015b\u0107 do wojska. Tam maj\u0105 si\u0119 stara\u0107, by otrzyma\u0107 dobr\u0105 wiedz\u0119 wojskow\u0105 i postara\u0107 si\u0119, by zdoby\u0107 zaufanie prze\u0142o\u017conych. W polskich \u015brodowiskach przy okazji&#8230; upowszechnia\u0107 nasze idee.A o ile zaistnieje niebezpiecze\u0144stwo wys\u0142ania zmobilizowanych na front, jako mi\u0119so armatnie, w\u00f3wczas m\u0142odzie\u017c powinna stara\u0107 si\u0119 pozosta\u0107 na swojej ziemi, inaczej m\u00f3wi\u0105c po prostu zdezerterowa\u0107. Nie bojkotowa\u0107 te\u017c administracji terenowej, ale do niej wchodzi\u0107, wiedzie\u0107 o niej wszystko i pracowa\u0107 dla dobra Ukrai\u0144c\u00f3w, a nie Polak\u00f3w. Innymi s\u0142owy administracja ta ma by\u0107 nasycona banderowsk\u0105 agentur\u0105.<\/p>\r\n<p style=\"padding-left: 40px;\">Pozosta\u0142a jeszcze milicja, kt\u00f3rej banderowcy nie mogli pomija\u0107 w swoich planach infiltracyjnych. Dlatego w dalszej cz\u0119\u015bci instrukcja g\u0142osi\u0142a: Milicja: w niekt\u00f3rych przypadkach Ukrai\u0144cy prawi, niczym nie skompromitowani, mog\u0105 pracowa\u0107 r\u00f3wnie\u017c w milicji. Nie maj\u0105 prawa s\u0142u\u017cy\u0107 w celu rozpoznania i prze\u015bladowania ludno\u015bci, a powinni wykorzystywa\u0107 swoje stanowisko do ochrony i pomocy ludno\u015bci ukrai\u0144skiej. Do pracy w milicji odnosi\u0107 si\u0119 z rezerw\u0105. Nale\u017cy pami\u0119ta\u0107, \u017ce jest to jeden ze sposob\u00f3w rekrutowania agent\u00f3w, oraz o tym ,\u017ce milicjant\u00f3w cz\u0119sto aresztuj\u0105. Jednak w pojedynczych przypadkach mo\u017cna do pracy w milicji dopuszcza\u0107. Nasz\u0105 organizacyjn\u0105, polityczn\u0105 i wojskow\u0105 prac\u0119 b\u0119dziemy kontynuowa\u0107 z pewnym zaanga\u017cowaniem, ale silnie zakonspirowan\u0105 i w g\u0142\u0119bokim podziemiu. S\u0142awa Ukrainii.&#8221;<\/p>\r\n<p>&nbsp;<\/p>\r\n<p>Na koniec, pozwol\u0119 sobie przytoczy\u0107 fragment wyznania pewnej Ukrainki, wzi\u0119ty z ,,Listu Otwartego&#8221;, skierowanego do arcybiskupa Jana Martyniaka, metropolity bizantyjsko &#8211; ukrai\u0144skiego w Polsce. List ten przes\u0142a\u0142 na Jego r\u0119ce Komitet Obchod\u00f3w 55 rocznicy Zbrodni Ukrai\u0144skich Nacjonalist\u00f3w na Ludno\u015bci Polskiej. Czytamy w nim ,,jacy to niewinni&#8221; Ukrai\u0144cy byli w Jaworznie. Pos\u0142u\u017cmy si\u0119 przyk\u0142adem nauczycielki, kt\u00f3ra przed wojn\u0105 uko\u0144czy\u0142a Seminarium Nauczycielskie i uczy\u0142a w polskiej szkole. Nie spodoba\u0142o si\u0119 to p\u00f3\u017aniej banderowcom, wi\u0119c \u017ceby zaskarbi\u0107 sobie ich zaufanie, dobija\u0142a swoich nie dor\u017cni\u0119tych polskich uczni\u00f3w, po napadzie sotni UPA na wie\u015b, specjalnie zaostrzonym drutem. P\u00f3\u017aniej by\u0142a w UPA, w obecnej Polsce, morduj\u0105c spo\u0142em ze swoimi druhami. Z\u0142apana pow\u0119drowa\u0142a do Jaworzna, wypuszczona na wolno\u015b\u0107, wysz\u0142a za m\u0105\u017c za&#8230; oficera milicji &#8211; Ukrai\u0144ca! Potem nadal uczy\u0142a w polskiej szkole&#8230; i wyst\u0105pi\u0142a o uprawnienia kombatanckie, jako&#8230; ofiara komunizmu!&#8221;<\/p>\r\n<p>I czego tu jeszcze nie rozumiecie, moi drodzy rodacy? Mo\u017ce wydaje si\u0119 wam, \u017ce ci ludzie dochowaj\u0105 jednak wierno\u015bci Najja\u015bniejszej Rzeczypospolitej? Bez \u017cart\u00f3w. Przy pierwszej, nadarzaj\u0105cej si\u0119 okazji, zrobi\u0105 nam powt\u00f3rk\u0119 z przesz\u0142o\u015bci, tyle, \u017ce na naszym w\u0142asnym podw\u00f3rku i na jeszcze wi\u0119ksz\u0105 skal\u0119, ni\u017c uczynili to na Wo\u0142yniu i Ma\u0142opolsce Wschodniej w latach 1939 &#8211; 1945.<\/p>\r\n<p>Banderowska Ukraina zdycha obecnie w konwulsjach nad Dnieprem, ale dzi\u0119ki naszej g\u0142upocie, kr\u00f3tkowzroczno\u015bci, braku wyobra\u017ani i jakiej\u015b niepoj\u0119tej, samob\u00f3jczej bierno\u015bci, odradza si\u0119 nad Wis\u0142\u0105, za nasz\u0105 w\u0142asn\u0105 aprobat\u0105, co przyniesie nam i to ju\u017c wkr\u00f3tce, naprawd\u0119 tragiczne owoce. I wtedy nie b\u0119dzie ju\u017c dla nas, \u017cadnej drogi odwrotu, ani ratunku przed zag\u0142ad\u0105.<\/p>\r\n<p><strong><em>Jacek Boki<\/em><\/strong><br>\r\n21 Pa\u017adziernik 2022 r.<\/p>\r\n<p>&nbsp;<\/p>\r\n<p><strong>\u0179r\u00f3d\u0142a:<\/strong><\/p>\r\n<ul>\r\n\t<li><span style=\"text-decoration: underline;\"><a href=\"https:\/\/www.policja.pl\/pol\/aktualnosci\/14009,Zagraniczne-projekty-Wyzszej-Szkoly-Policji.html\">Zagraniczne projekty Wy\u017cszej Szko\u0142y Policji<\/a><\/span><\/li>\r\n\t<li><a href=\"https:\/\/radioolsztyn.pl\/wyzsza-szkola-policji-nawiaze-wspolprace-z-ukrainskim-uniwersytetem-w-szczytnie-goscil-andrii-fomenko\/01379113\"><span style=\"text-decoration: underline;\">Wy\u017csza Szko\u0142a Policji nawi\u0105\u017ce wsp\u00f3\u0142prac\u0119 z ukrai\u0144skim Uniwersytetem? W Szczytnie go\u015bci\u0142 Andrii Fomenko<\/span><\/a><\/li>\r\n\t<li>Prof dr hab. Edward Prus &#8211; Operacja Wis\u0142a &#8211; Fakty &#8211; Dokumenty &#8211; Wydawnictwo Nortom 2010 r. &#8211; str 85, 86, 214.<\/li>\r\n<\/ul>\r\n<p>&nbsp;<\/p>\r\n<\/div>\r\n<p><a href=\"https:\/\/blogger.googleusercontent.com\/img\/b\/R29vZ2xl\/AVvXsEjvBR4Xn7m0D4ANo56abz2gYdoFkTPPHXcAOKm3irR4UhkI63MR_UjS8k8lBPsNgDC_2qz-Lt9-CuMG-Nm7dUiImtprpyOgB9dt3T1GiWNxsJuugdqssYS1bJG5N8v00R2iqIMYZz_16dYFK3rnd1-dZdaD7D6P7iJ4gZYvgd5B6_BshlwtlumxMKQ6\/w748-h1037\/ukrainskasg.jpg\"><img fetchpriority=\"high\" decoding=\"async\" class=\"aligncenter\" src=\"https:\/\/blogger.googleusercontent.com\/img\/b\/R29vZ2xl\/AVvXsEjvBR4Xn7m0D4ANo56abz2gYdoFkTPPHXcAOKm3irR4UhkI63MR_UjS8k8lBPsNgDC_2qz-Lt9-CuMG-Nm7dUiImtprpyOgB9dt3T1GiWNxsJuugdqssYS1bJG5N8v00R2iqIMYZz_16dYFK3rnd1-dZdaD7D6P7iJ4gZYvgd5B6_BshlwtlumxMKQ6\/w748-h1037\/ukrainskasg.jpg\" width=\"779\" height=\"1080\"><\/a><\/p>\r\n<p>&nbsp;<\/p>\r\n<p>&nbsp;<\/p>\r\n<div class=\"p_underline\">\r\n<p>***<\/p>\r\n<h2><strong>Ukrai\u0144cy w polskiej policji<\/strong><\/h2>\r\n<p><a href=\"https:\/\/www.klubinteligencjipolskiej.pl\/2015\/02\/ukraincy-w-polskiej-policji\/\" target=\"_blank\" rel=\"noopener\">https:\/\/www.klubinteligencjipolskiej.pl\/2015\/02\/ukraincy-w-polskiej-policji\/&nbsp;<\/a><\/p>\r\n<p><a href=\"https:\/\/wiernipolsce1.wordpress.com\/2015\/02\/14\/ukraincy-w-polskiej-policji\/\">https:\/\/wiernipolsce1.wordpress.com\/2015\/02\/14\/ukraincy-w-polskiej-policji\/<\/a><\/p>\r\n<p>&nbsp;<\/p>\r\n<p>UKRAI\u0143CY zamieszkali w Polsce s\u0105 <strong>NAJLICZNIEJSZ\u0104<\/strong> grup\u0105 z po\u015br\u00f3d student\u00f3w Wy\u017cszej Szko\u0142y Policji w Szczytnie, jedynej uczelni w kraju, kt\u00f3ra kszta\u0142ci kadry oficerskie policji.<\/p>\r\n<p>W okolicach Szczytna, Elbl\u0105ga, Gi\u017cycka, Olsztyna mieszka bardzo liczna mniejszo\u015b\u0107 ukrai\u0144ska, przesiedlona tam 1947 roku, z tradycjami banderowskimi UPA, kt\u00f3ra biologicznie nienawidzi Polak\u00f3w i m\u015bci si\u0119 na Polakach. Oczywi\u015bcie w Wy\u017cszej Szkole Policji w Szczytnie w kadrze dydaktycznej i administracji szko\u0142y te\u017c jest wielu Ukrai\u0144c\u00f3w.<\/p>\r\n<p>Sta\u0142o si\u0119 to ju\u017c tradycj\u0105, \u017ce to w\u0142a\u015bnie Ukrai\u0144cy s\u0105 adeptami Szko\u0142y Policji w Szczytnie ale tak\u017ce Szk\u00f3\u0142 Policji w S\u0142upsku i Katowicach. W okolicach S\u0142upska na Pomorzu te\u017c jest bardzo liczna mniejszo\u015b\u0107 ukrai\u0144ska, kt\u00f3ra ch\u0119tnie wst\u0119puje do lokalnej szko\u0142y policji, bo szczeg\u00f3lnie upodobali sobie zaw\u00f3d policjanta w Polsce. By\u0107 mo\u017ce do podejmowania tego zawodu nak\u0142ania ich bardzo aktywny i agresywnie dzia\u0142aj\u0105cy Zwi\u0105zek Ukrai\u0144c\u00f3w w Polsce.<\/p>\r\n<p><strong>Ci ukrai\u0144scy studenci z polskim obywatelstwem w szko\u0142ach policji w Polsce nawet pos\u0142uguj\u0105 si\u0119 w prywatnych rozmowach mi\u0119dzy sob\u0105 j\u0119zykiem ukrai\u0144skim.<\/strong><\/p>\r\n<p><strong>Faktycznie w obecnej \u201epolskiej\u201d POlicji rz\u0105dz\u0105 Ukrai\u0144cy po czystce zrobionej w resorcie policji w 2012 roku przez gang PO Tuska.<\/strong><\/p>\r\n<p>Dzi\u0119ki temu generalnie Ukrai\u0144cy s\u0105 bardzo wp\u0142ywowi w III RP\/PRLbis. To ci teoretycznie \u201epolscy POlicjanci\u201d ale faktycznie Ukrai\u0144cy tak bardzo nienawidz\u0105 polskiej bia\u0142o-czerwonej flagi i zwalczaj\u0105 zajadle \u015bwi\u0119towanie przez Polak\u00f3w \u015awi\u0119ta Odzyskania Niepodleg\u0142o\u015bci Polski 11 listopada.<\/p>\r\n<p>Prawdopodobnie to dlatego ci niby \u201epolscy policjanci\u201d, a faktycznie Ukrai\u0144cy ubrani w kominiarki tak ochoczo pa\u0142uj\u0105, kopi\u0105 a nawet strzelaj\u0105 do Polak\u00f3w na Marszach Niepodleg\u0142o\u015bci w Warszawie i innych miastach III RP, lub oczerniaj\u0105 zarzutami o \u201efaszyzm\u201d M\u0142odzie\u017c Wszechpolsk\u0105, czy ONR.<\/p>\r\n<p>Nie mo\u017ce by\u0107 dla nikogo zaskoczeniem, \u017ce w\u0142a\u015bnie w regionie wojew\u00f3dztwa Olszty\u0144skiego, Podlasia i Rzeszowszczyzny, gdzie reprezentacja Ukrai\u0144c\u00f3w w lokalnych w\u0142adzach jest bardzo du\u017ca, tam szczeg\u00f3lnie s\u0105 prze\u015bladowani cz\u0142onkowie polskiego ruchu narodowego \u2013 poddawani rewizjom na ulicach oraz systematycznie nachodzeni przez funkcjonariuszy CB\u015aP we w\u0142asnych domostwach z nakazami przeszukania przez lokaln\u0105 policj\u0119. O tych sprawach publicznie informowa\u0142 wielokrotnie Przemys\u0142aw Holocher, dzia\u0142acz Ruchu Narodowego:<\/p>\r\n<p>http:\/\/www.prawy.pl\/z-kraju\/7407-cbs-neka-uczestnikow-marszu-1-niepodleglos<\/p>\r\n<p>&nbsp;<\/p>\r\n<p><strong>Obecnie nadinspektorzy policji w Warszawie i wojew\u00f3dzcy prawie w ca\u0142ej III RP to UKRAI\u0143CY!<\/strong><\/p>\r\n<p>Ca\u0142a masa bardzo wysokiego szczebla policjant\u00f3w, inspektor\u00f3w, nadinspektor\u00f3w i genera\u0142\u00f3w policji w III RP\/PRL bis jest w du\u017cej cz\u0119\u015bci pochodzenia ukrai\u0144skiego, a \u0142\u0105czy ich banderowska ideologia oraz spu\u015bcizna w kontaktach prywatnych. Nienawidz\u0105 Polak\u00f3w \u2013 o co w\u0142a\u015bnie chodzi\u0142o Tuskowi, Komorowskiemu, Kopacz, Kaczy\u0144skiemu i temu ca\u0142emu antypolskiemu gangowi PO-PiS-PSL-SLD\/PZPR.<\/p>\r\n<p>&nbsp;<\/p>\r\n<p style=\"text-align: center;\">***<\/p>\r\n<p>&nbsp;<\/p>\r\n<p>Zesp\u00f3\u0142 stworzono gdy Miron Sycz &#8211; by\u0142 Marsza\u0142kiem wojew\u00f3dztwa Warmi\u0144sko &#8211; Mazurskiego &#8211; a potem by\u0142o pot\u0119pienie Akcji &#8222;Wis\u0142a&#8221; przez Sejmik wojew\u00f3dztwa (Pierwszy i chyba dot\u0105d jedyny w Polsce)<\/p>\r\n<p><strong>Rozdzia\u0142 Historia Najnowsza<\/strong><\/p>\r\n<p>cytat&#8230; By jeszcze bardziej wyj\u015b\u0107 naprzeciw zapotrzebowaniu zawodowemu, jednocze\u015bnie maj\u0105c na uwadze to, i\u017c na terenie powiatu znajduje si\u0119 zak\u0142ad karny, areszt \u015bledczy, jednostka wojskowa, stra\u017c graniczna, dyrekcja szko\u0142y oraz nauczyciele postanowili umo\u017cliwi\u0107 m\u0142odzie\u017cy lepsze przygotowanie do procesu rekrutacyjnego i samej pracy, tworz\u0105c pierwsz\u0105 w powiecie klas\u0119 o profilu mundurowym.<\/p>\r\n<p><strong><em>Klasa Mundurowa<\/em><\/strong><\/p>\r\n<p>Z dniem 01.09.2010 roku, 26 uczni\u00f3w przyst\u0105pi\u0142o do realizacji zada\u0144 w ramach innowacji pedagogicznej. Zadania podzielono na trzy etapy (zwi\u0105zane z cyklem kszta\u0142cenia w LO}&#8230;&#8230;.<\/p>\r\n<p>[m\u00f3j osobisty przypis &#8211; <strong>to czyli przysz\u0142e dow\u00f3dztwo ??????<\/strong>]<\/p>\r\n<p>&nbsp;<\/p>\r\n<p>Etap I to czas na przybli\u017canie i zapoznanie uczni\u00f3w ze specyfik\u0105 funkcjonowania Stra\u017cy Granicznej. &#8230;&#8230;.<\/p>\r\n<p>Dnia 23.wrze\u015bnia 2010r odby\u0142 si\u0119 pierwszy klasowy wyjazd do jednostki Stra\u017cy Granicznej w K\u0119trzynie, Centrum Szkolenia Stra\u017cy Granicznej&#8230;..<\/p>\r\n<p>&#8230;.W roku szkolnym 2010\/2011 uczniowie klasy mundurowej zapoznali si\u0119 z prac\u0105, a tak\u017ce zapleczem technicznym miejscowej plac\u00f3wki Stra\u017cy Granicznej&#8230;&#8230;<\/p>\r\n<p>&#8230;.Uczniowie klasy pierwszej odwiedzili te\u017c JW 1106 w Olsztynie&#8230; podczas tego spotkania zdobywali wiedz\u0119 m.in na temat struktur Wojska Polskiego, zarobk\u00f3w w jednostce (sic!}&#8230;.<\/p>\r\n<p>&#8230;Powo\u0142anie klasy mundurowej okaza\u0142o si\u0119 dobrym pomys\u0142em, wzros\u0142o zainteresowanie tym profilem w\u015br\u00f3d m\u0142odzie\u017cy gimnazjalnej, dlatego w roku szkolnym 2011\/2012 powsta\u0142a kolejna, klasa mundurowa, kt\u00f3rej wychowawczyni\u0105 zosta\u0142a Krystyna Zawadzka. Od tego czasu obie klasy wsp\u00f3lnie kontynuuj\u0105 realizacj\u0119 za\u0142o\u017ce\u0144 innowacji pedagogicznej, a dzi\u0119ki nawi\u0105zaniu wsp\u00f3\u0142pracy z 20 Brygad\u0105 Zmechanizowan\u0105 &#8222;mundurowi&#8221; pod okiem wojskowych specjalist\u00f3w \u0107wicz\u0105 musztr\u0119 i ucz\u0105 si\u0119 podstaw samoobrony&#8230;&#8230; .<\/p>\r\n<p>&nbsp;<\/p>\r\n<p>PS.<\/p>\r\n<p>Areszt \u015aledczy w Bartoszycach nie istnieje od paru lat, ale niekt\u00f3rym wsp\u00f3\u0142pracownikom z Las\u00f3w Pa\u0144stwowych, oczywi\u015bcie Ukrai\u0144com dzi\u0119ki koneksjom &#8222;przyjaci\u00f3\u0142 Mirona Sycza trafi\u0142o jeszcze pd komend\u0119 Pana Jacka A. szefa nieistniej\u0105cego ju\u017c aresztu,<\/p>\r\n<p>Wsp\u00f3\u0142pracuj\u0105cy w tym przedsi\u0119wzi\u0119ciu dow\u00f3dcy z 20 Brygady Zmechanizowanej trafili potem do sztabu generalnego (mo\u017cna by\u0142o ich obejrze\u0107 w owym czasie w tzw. wiadomo\u015bciach telewizyjnych), a r\u00f3wnie\u017c na szczeble dow\u00f3dc\u00f3w kluczowych zwi\u0105zk\u00f3w Taktycznych.<\/p>\r\n<p>Teraz \u0142atwo policzy\u0107 2 klasy mundurowe przez okres 12 lat, czyli LO 4 lata , przyjmuj\u0105c wst\u0119pnie 26 uczni\u00f3w, to 150 stanowisk i zazwyczaj szybkie awanse w kluczowych ogniwach bezpiecze\u0144stwa oraz aparatu ucisku ( je\u015bli chodzi o Polak\u00f3w narodowo\u015bci polskiej ).<\/p>\r\n<p>&nbsp;<\/p>\r\n<p>I co Pan na to Panie ministrze i wiceministrze obrony. ( Nie wiem, historia posz\u0142a w las, CZY zwyk\u0142a PONOWNA ZDRADA- CZY \u015aLEPOTA ?<\/p>\r\n<p>Proponuj\u0119 te\u017c, obejrze\u0107 emitowany 21.07.2022 roku ( ubieg\u0142y czwartek) dokument pt. ,,Ch\u0142ani\u00f3w 44&#8221;. Jest tam mowa do jakich s\u0142u\u017cb w PRL i PRL Bis trafili rezuni Ukrai\u0144skiego Legionu Samoobrony, kt\u00f3rzy mordowali na Lubelszczy\u017anie. (ich potomkowie, te\u017c pewnie kontynuuj\u0105 prac\u0119 w s\u0142u\u017cbach, niby wolnej Polski.)<\/p>\r\n<p>I Panowie twierdz\u0105, \u017ce tworz\u0105 tzw. siln\u0105 Polsk\u0119 &#8211; historia ju\u017c si\u0119 powtarza Panie wiceministrze, wspomina\u0142em ju\u017c Panu o tym, jak ponownie wicemarsza\u0142kiem wybrano Pana Mirona S. &#8211; syna O\u0142eksandra ( Pan Senator z Solidarnej Polski m\u00f3wi\u0142 o tym panu z tzw. m\u00f3wnicy sejmowej &#8211; owego czasu. Pan wtedy te\u017c, by\u0142 pos\u0142em.<\/p>\r\n<p>A.J. &#8211; Bartoszyce 24.7.2022r.<\/p>\r\n<p>&nbsp;<\/p>\r\n<p>\u0179r\u00f3d\u0142o:<\/p>\r\n<p>60 lat Liceum Og\u00f3lnokszta\u0142c\u0105cego w G\u00f3rowie I\u0142aweckim-wydanie 2012r. &#8211; Wydawca Liceum Og\u00f3lnokszta\u0142c\u0105ce w Zespole Szk\u00f3\u0142 w G\u00f3rowie I\u0142aweckim<\/p>\r\n<\/div>\r\n<p>&nbsp;<\/p>\r\n<div class=\"p_underline\">\r\n<p><span style=\"color: #808080;\">Prowadzenie tego bloga to moja pasja ale tak\u017ce wielogodzinna praca. Je\u015bli uwa\u017casz, \u017ce to co robi\u0119 ma sens to mo\u017cesz wesprze\u0107 mnie w tym co robi\u0119, za co serca ju\u017c teraz dzi\u0119kuj\u0119.<\/span><\/p>\r\n<p><span style=\"color: #808080;\">PKO BP SA Numer konta: 44 1020 1752 0000 0402 0095 7431<\/span><\/p>\r\n<p><span style=\"color: #808080;\"><em>Jacek Boki<\/em><\/span><\/p>\r\n<p class=\"zrodlo\">Za: <a href=\"http:\/\/kresywekrwi.blogspot.com\/2022\/10\/jak-ukraincy-przejmuja-resorty-siowe-w.html?m=0\">Kresy we krwi (21 pa\u017adziernika 2022)<\/a><\/p>\r\n<\/div>\r\n<h4>&nbsp;<\/h4>\r\n<hr style=\"background-color: #000000; border-width: 0; color: #000000; height: 2px; line-height: 0; text-align: center; width: 100%;\">\r\n<h4>&nbsp;<\/h4>","protected":false},"excerpt":{"rendered":"Polskich granic, szczeg\u00f3lnie na ich p\u00f3\u0142nocno &#8211; wschodnich rubie\u017cach strzeg\u0105 Ukrai\u0144cy, a Polacy s\u0105 tutaj w mniejszo\u015bci &#8211; ustali\u0142a Polska Bez Cenzury. Tak twierdz\u0105 funkcjonariusze Stra\u017cy Granicznej w rozmowach z dziennikarzami ,,PBC&#8221;. Pose\u0142 Bartosz J\u00f3\u017awiak z Kukiz 15 z\u0142o\u017cy\u0142 w tej sprawie nawet interpelacj\u0119 w Sejmie. Z odpwoedzi Ministerstwa Spraw Wewn\u0119trznych i Administracji wynika, \u017ce [&hellip;]","protected":false},"author":1,"featured_media":0,"comment_status":"closed","ping_status":"closed","sticky":false,"template":"","format":"standard","meta":{"_acf_changed":false,"_monsterinsights_skip_tracking":false,"_monsterinsights_sitenote_active":false,"_monsterinsights_sitenote_note":"","_monsterinsights_sitenote_category":0,"ngg_post_thumbnail":0,"footnotes":"","_wp_rev_ctl_limit":""},"categories":[13,8],"tags":[98,167],"acf":[],"_links":{"self":[{"href":"https:\/\/www.bibula.com\/index.php?rest_route=\/wp\/v2\/posts\/136813"}],"collection":[{"href":"https:\/\/www.bibula.com\/index.php?rest_route=\/wp\/v2\/posts"}],"about":[{"href":"https:\/\/www.bibula.com\/index.php?rest_route=\/wp\/v2\/types\/post"}],"author":[{"embeddable":true,"href":"https:\/\/www.bibula.com\/index.php?rest_route=\/wp\/v2\/users\/1"}],"replies":[{"embeddable":true,"href":"https:\/\/www.bibula.com\/index.php?rest_route=%2Fwp%2Fv2%2Fcomments&post=136813"}],"version-history":[{"count":4,"href":"https:\/\/www.bibula.com\/index.php?rest_route=\/wp\/v2\/posts\/136813\/revisions"}],"predecessor-version":[{"id":136817,"href":"https:\/\/www.bibula.com\/index.php?rest_route=\/wp\/v2\/posts\/136813\/revisions\/136817"}],"wp:attachment":[{"href":"https:\/\/www.bibula.com\/index.php?rest_route=%2Fwp%2Fv2%2Fmedia&parent=136813"}],"wp:term":[{"taxonomy":"category","embeddable":true,"href":"https:\/\/www.bibula.com\/index.php?rest_route=%2Fwp%2Fv2%2Fcategories&post=136813"},{"taxonomy":"post_tag","embeddable":true,"href":"https:\/\/www.bibula.com\/index.php?rest_route=%2Fwp%2Fv2%2Ftags&post=136813"}],"curies":[{"name":"wp","href":"https:\/\/api.w.org\/{rel}","templated":true}]}}