{"id":136797,"date":"2022-10-23T20:36:06","date_gmt":"2022-10-24T00:36:06","guid":{"rendered":"https:\/\/www.bibula.com\/?p=136797"},"modified":"2022-10-24T12:07:05","modified_gmt":"2022-10-24T16:07:05","slug":"europejczycy-winni-biskup-ryszard-williamson","status":"publish","type":"post","link":"https:\/\/www.bibula.com\/?p=136797","title":{"rendered":"Europejczycy winni &#8211; <em>Biskup Ryszard Williamson<\/em>"},"content":{"rendered":"<div class=\"p_underline\">\r\n<p class=\"has-drop-cap\">Jest stare dobre przys\u0142owie, by\u0107 mo\u017ce chi\u0144skie, kt\u00f3re m\u00f3wi: \u201eM\u0105dry cz\u0142owiek obwinia siebie, g\u0142upiec obwinia innych\u201d. Nie oznacza to, \u017ce inni nigdy nie s\u0105 winni, ale kiedy uznam, \u017ce ponosz\u0119 cho\u0107by cz\u0119\u015b\u0107 winy, to mog\u0119 sam by\u0107 zdolny zrobi\u0107 przynajmniej co\u015b w tej sprawie, podczas gdy cz\u0119sto ryzykuj\u0119, \u017ce b\u0119d\u0119 bezsilny, pr\u00f3buj\u0105c nak\u0142oni\u0107 tych, kt\u00f3rych chc\u0119 obwini\u0107, do zrobienia czegokolwiek. Na przyk\u0142ad w dzisiejszym p\u0119dzie ku potencjalnej katastrofalnej trzeciej wojnie \u015bwiatowej niekt\u00f3rzy Europejczycy ulegaj\u0105 pokusie obwiniania Stan\u00f3w Zjednoczonych lub \u017byd\u00f3w stoj\u0105cych za Stanami Zjednoczonymi za samob\u00f3jcz\u0105 \u015blepot\u0119 narod\u00f3w europejskich, zachowuj\u0105cych si\u0119 jak marionetki Stan\u00f3w Zjednoczonych. Ale w szerszej perspektywie Europejczycy byliby m\u0105drzejsi, gdyby obwiniali samych siebie.<\/p>\r\n<p>To prawda, \u017ce \u017bydzi sprawuj\u0105 ogromn\u0105 w\u0142adz\u0119 w Stanach Zjednoczonych, tak \u017ce wed\u0142ug doniesie\u0144 czterech z pi\u0119ciu cz\u0142onk\u00f3w gabinetu, przy pomocy kt\u00f3rego prezydent Biden rz\u0105dzi krajem, to \u017bydzi, co bez w\u0105tpienia jest jednym z powod\u00f3w, dla kt\u00f3rych zyska\u0142 on przydomek \u201ePrezydent Bidenstein\u201d. Ale kt\u00f3\u017c jest odpowiedzialny za wyb\u00f3r prezydenta Bidena, lub przynajmniej za to, \u017ce nie wyst\u0105pi\u0142 przeciwko totalnemu oszustwu jego \u201ewyboru\u201d w 2020 roku, je\u015bli nie nar\u00f3d ameryka\u0144ski jako ca\u0142o\u015b\u0107?&nbsp; A je\u015bli Europejczycy chc\u0105 obwinia\u0107 Amerykan\u00f3w jako ca\u0142o\u015b\u0107, to kim s\u0105 Amerykanie, je\u015bli nie zasadniczo potomkami Europejczyk\u00f3w, kt\u00f3rzy wyemigrowali za Atlantyk od czas\u00f3w reformacji? Czy\u017c odpowied\u017a Charlesa Coulombe\u2019a na pytanie, kto jest kluczow\u0105 postaci\u0105 w historii USA, cho\u0107 zaskakuj\u0105ca na pierwszy rzut oka, i\u017c jest ni\u0105 Anglik \u2013 kr\u00f3l Henryk VIII, nie jest w rzeczywisto\u015bci bardzo s\u0142uszna?&nbsp; Coulombe nazwa\u0142 swoj\u0105 histori\u0119 Stan\u00f3w Zjednoczonych \u201ePost\u0119pem Purytan\u00f3w\u201d. Religia ma tu bowiem decyduj\u0105ce znaczenie.<\/p>\r\n<p>Bli\u017cej naszych czas\u00f3w, kto inny, jak nie Europejczyk, podpisa\u0142 Deklaracj\u0119 Balfoura, obiecuj\u0105c\u0105 \u017bydom Ziemi\u0119 \u015awi\u0119t\u0105, je\u015bli wci\u0105gn\u0105 USA w I wojn\u0119 \u015bwiatow\u0105 po stronie Anglii i Francji? I kto, je\u015bli nie Europejczycy, dla osi\u0105gni\u0119cia tego samego celu, zaaran\u017cowali podst\u0119pne zatopienie \u201eLusitanii\u201d ?&nbsp; Kto, je\u015bli nie Europejczycy, by\u0142 odpowiedzialny za to, \u017ce ameryka\u0144scy \u017co\u0142nierze przechylili szal\u0119 wojny na niekorzy\u015b\u0107 Niemiec w 1918 roku, zapewniaj\u0105c tym samym, \u017ce ameryka\u0144scy dyplomaci, z ich prezydentem Wilsonem, odegraj\u0105 r\u00f3wnie\u017c zdecydowan\u0105 rol\u0119 w kszta\u0142towaniu Traktatu Wersalskiego w 1919 roku, kt\u00f3ry mia\u0142 doprowadzi\u0107 do wybuchu II wojny \u015bwiatowej?&nbsp; A kiedy wybuch\u0142a w 1939 roku, A kiedy wybuch\u0142a w 1939 roku, co sta\u0142o si\u0119 wielk\u0105 nadziej\u0105 Europy, by przeciwstawi\u0107 si\u0119 pot\u0119dze militarnej odrodzonych Niemiec, je\u015bli nie ponowne sprowadzenie na pomoc Stan\u00f3w Zjednoczonych, co te\u017c prezydent Roosevelt osi\u0105gn\u0105\u0142 podst\u0119pem w Pearl Harbour w 1941 roku?&nbsp; A po II wojnie \u015bwiatowej, kto, je\u015bli nie Europejczycy, polega\u0142 na Stanach Zjednoczonych, aby utworzy\u0107 i w du\u017cej mierze zap\u0142aci\u0107 za sojusz obronny NATO, aby chroni\u0107 Europ\u0119 Zachodni\u0105 przed gro\u017ab\u0105 inwazji Armii Czerwonej ZSRR? Czy mo\u017cna wini\u0107 prezydenta Trumpa za to, \u017ce chcia\u0142, aby Europa p\u0142aci\u0142a za swoj\u0105 w\u0142asn\u0105 obron\u0119?<\/p>\r\n<p>Ale dlaczego Amerykanie mieliby racj\u0119 uwa\u017caj\u0105c Europejczyk\u00f3w, wtedy i teraz, za zbyt tch\u00f3rzliwych i zniewie\u015bcia\u0142ych, by byli w stanie sami broni\u0107 \u201eZachodu\u201d? Poniewa\u017c, jak powiedzia\u0142 Hilaire Belloc: \u201eWiara to Europa, a Europa to wiara\u201d. Tymczasem Europa stale traci Wiar\u0119, w szczeg\u00f3lno\u015bci od czasu reformacji, kt\u00f3ra otworzy\u0142a drog\u0119 judeomasonerii do rozpocz\u0119cia przekszta\u0142cania \u201echrze\u015bcija\u0144stwa\u201d w \u201ecywilizacj\u0119 zachodni\u0105\u201d, poprzez proces dekadencji, kt\u00f3ry osi\u0105gn\u0105\u0142 swoje apogeum wraz z Soborem Watyka\u0144skim II (1962-1965). To nie Potomac, rzeka Waszyngtonu, stolicy USA, ale cztery kraje Renu, kt\u00f3re wpad\u0142y do rzymskiego Tybru: Francja, Niemcy, Holandia i Belgia.<\/p>\r\n<p>Europejczycy mog\u0105 zarzuci\u0107 Soborowi Watyka\u0144skiemu II \u201eamerykanizacj\u0119\u201d Ko\u015bcio\u0142a, i jest w tym sporo racji. Ameryka\u0144scy kardyna\u0142owie i biskupi na Soborze energicznie promowali przyj\u0119cie przez Ko\u015bci\u00f3\u0142 Katolicki idea\u0142u \u201ewolno\u015bci religijnej\u201d z ich w\u0142asnego kraju, nie mieli oni jednak wi\u0119kszo\u015bci g\u0142os\u00f3w na forum Soboru. Kto mia\u0142?&nbsp; Francuzi, Niemcy, Holendrzy i Belgowie.&nbsp; To w\u0142a\u015bnie oni doprowadzili do chwilowego zwyci\u0119stwa liberalizmu nad Ko\u015bcio\u0142em katolickim, ale miejmy cierpliwo\u015b\u0107.&nbsp; Wszechmog\u0105cy B\u00f3g nie powiedzia\u0142 jeszcze ostatniego s\u0142owa.<\/p>\r\n<p>Kyrie eleison.<\/p>\r\n<p><strong><em>Biskup Ryszard Williamson<\/em><\/strong><\/p>\r\n<p>Komentarz Eleison nr DCCXCVI (796)<\/p>\r\n<p>15 pa\u017adziernika 2022<\/p>\r\n<p>&nbsp;<\/p>\r\n<\/div>","protected":false},"excerpt":{"rendered":"Jest stare dobre przys\u0142owie, by\u0107 mo\u017ce chi\u0144skie, kt\u00f3re m\u00f3wi: \u201eM\u0105dry cz\u0142owiek obwinia siebie, g\u0142upiec obwinia innych\u201d. Nie oznacza to, \u017ce inni nigdy nie s\u0105 winni, ale kiedy uznam, \u017ce ponosz\u0119 cho\u0107by cz\u0119\u015b\u0107 winy, to mog\u0119 sam by\u0107 zdolny zrobi\u0107 przynajmniej co\u015b w tej sprawie, podczas gdy cz\u0119sto ryzykuj\u0119, \u017ce b\u0119d\u0119 bezsilny, pr\u00f3buj\u0105c nak\u0142oni\u0107 tych, kt\u00f3rych [&hellip;]","protected":false},"author":1,"featured_media":0,"comment_status":"closed","ping_status":"closed","sticky":false,"template":"","format":"standard","meta":{"_acf_changed":false,"_monsterinsights_skip_tracking":false,"_monsterinsights_sitenote_active":false,"_monsterinsights_sitenote_note":"","_monsterinsights_sitenote_category":0,"ngg_post_thumbnail":0,"footnotes":"","_wp_rev_ctl_limit":""},"categories":[13,3],"tags":[293,53,221],"acf":[],"_links":{"self":[{"href":"https:\/\/www.bibula.com\/index.php?rest_route=\/wp\/v2\/posts\/136797"}],"collection":[{"href":"https:\/\/www.bibula.com\/index.php?rest_route=\/wp\/v2\/posts"}],"about":[{"href":"https:\/\/www.bibula.com\/index.php?rest_route=\/wp\/v2\/types\/post"}],"author":[{"embeddable":true,"href":"https:\/\/www.bibula.com\/index.php?rest_route=\/wp\/v2\/users\/1"}],"replies":[{"embeddable":true,"href":"https:\/\/www.bibula.com\/index.php?rest_route=%2Fwp%2Fv2%2Fcomments&post=136797"}],"version-history":[{"count":2,"href":"https:\/\/www.bibula.com\/index.php?rest_route=\/wp\/v2\/posts\/136797\/revisions"}],"predecessor-version":[{"id":136846,"href":"https:\/\/www.bibula.com\/index.php?rest_route=\/wp\/v2\/posts\/136797\/revisions\/136846"}],"wp:attachment":[{"href":"https:\/\/www.bibula.com\/index.php?rest_route=%2Fwp%2Fv2%2Fmedia&parent=136797"}],"wp:term":[{"taxonomy":"category","embeddable":true,"href":"https:\/\/www.bibula.com\/index.php?rest_route=%2Fwp%2Fv2%2Fcategories&post=136797"},{"taxonomy":"post_tag","embeddable":true,"href":"https:\/\/www.bibula.com\/index.php?rest_route=%2Fwp%2Fv2%2Ftags&post=136797"}],"curies":[{"name":"wp","href":"https:\/\/api.w.org\/{rel}","templated":true}]}}