{"id":136773,"date":"2022-10-23T14:07:37","date_gmt":"2022-10-23T18:07:37","guid":{"rendered":"https:\/\/www.bibula.com\/?p=136773"},"modified":"2022-10-23T14:21:59","modified_gmt":"2022-10-23T18:21:59","slug":"liga-przeciwko-znieslawieniu-adl-apeluje-do-firmy-adidas-o-zastosowanie-biznesowej-cenzury","status":"publish","type":"post","link":"https:\/\/www.bibula.com\/?p=136773","title":{"rendered":"Liga Przeciwko Znies\u0142awieniu (ADL) apeluje do firmy Adidas o zastosowanie biznesowej cenzury"},"content":{"rendered":"<div class=\"p_underline\">\r\n<p class=\"has-drop-cap\">Syjonistyczna, maso\u0144ska &#8222;Liga Antydefamacyjna&#8221; (<em>Anti-Defamation League<\/em> &#8211; ADL) wystosowa\u0142a apel do kierownictwa firmy Adidas aby zerwa\u0142a wszelk\u0105 kooperacj\u0119 z Kanye Westem, znanym raperem, miliarderem i w\u0142a\u015bcicielem markowych produkt\u00f3w.<\/p>\r\n<p>Szef ADL, Jonathan Greenblatt wyra\u017ca konsternacj\u0119, \u017ce firma Adidas jeszcze oficjalnie nie odci\u0119\u0142a si\u0119 od Kanye Westa, kt\u00f3ry pozwoli\u0142 sobie na kilka trze\u017awych wypowiedzi o sile \u017cydowstwa na \u015bwiecie, a szczeg\u00f3lnie w Ameryce.<\/p>\r\n<p>&#8222;Nalegamy, aby Adidas ponownie rozwa\u017cy\u0142 wspieranie linii produkt\u00f3w Ye i wyda\u0142 o\u015bwiadczenie, w kt\u00f3rym wyra\u017anie zaznaczy, \u017ce firma i spo\u0142eczno\u015b\u0107 Adidasa nie ma \u017cadnej tolerancji dla antysemityzmu&#8221; &#8211; napisa\u0142 Greenblatt, kt\u00f3ry sw\u00f3j apel zaczyna s\u0142owami:<\/p>\r\n<p>&#8222;W \u015bwietle coraz ostrzejszych antysemickich uwag Kanye Westa w ci\u0105gu ostatnich kilku tygodni, byli\u015bmy zaniepokojeni dowiaduj\u0105c si\u0119, \u017ce Adidas planuje nadal wypuszcza\u0107 nowe produkty z jego mark\u0105 Yeezy, bez \u017cadnego pozornego uznania kontrowersji wok\u00f3\u0142 jego ostatnich uwag. Dwa tygodnie temu, po tym jak nosi\u0142 koszulk\u0119 White Lives Matter, Adidas powiedzia\u0142, \u017ce przygl\u0105da si\u0119 sprawie. W tym momencie, co wi\u0119cej potrzeba do taktego przegl\u0105du? Szczeg\u00f3lnie zaniepokoi\u0142o nas to, \u017ce marka Adidas zamierza wypu\u015bci\u0107 nowe produkty z linii Yeezy, w tym Yeezy Boost 350, w okresie poprzedzaj\u0105cym rocznic\u0119 masakry w synagodze w Pittsburghu 27 pa\u017adziernika &#8211; najbardziej brutalnego ataku antysemickiego w historii USA.<\/p>\r\n<p>Jak zapewne wiecie, Ye, znany wcze\u015bniej jako Kanye West, wykorzystywa\u0142 ostatnio swoj\u0105 obecno\u015b\u0107 w mediach i wp\u0142ywy spo\u0142eczne do g\u0142oszenia antysemickich tez o \u017cydowskim zastraszaniu, w\u0142adzy i kontroli. W\u015br\u00f3d innych antysemickich wypowiedzi, Ye obwinia\u0142 &#8222;\u017cydowskie media&#8221; i &#8222;\u017cydowskich syjonist\u00f3w&#8221; za liczne domniemane przewinienia, twierdz\u0105c, \u017ce &#8222;\u017bydzi kontroluj\u0105 [posiadaj\u0105] g\u0142os czarnej spo\u0142eczno\u015bci&#8221; i \u017ce &#8222;spo\u0142eczno\u015b\u0107 \u017cydowska, zw\u0142aszcza w przemy\u015ble muzycznym, we\u017amie nas i b\u0119dzie doi\u0107 a\u017c do \u015bmierci&#8221;. Takie wyobra\u017cenia s\u0105 g\u0142\u0119boko osadzone w odwiecznych antysemickich mitach o \u017cydowskiej chciwo\u015bci i w\u0142adzy oraz kontroli przemys\u0142u rozrywkowego.&#8221;<\/p>\r\n<p>Jak wida\u0107, organizacj\u0119 ADL dra\u017cni to, \u017ce kto\u015b o\u015bmiela si\u0119 np. nosi\u0107 koszulk\u0119 z napisem &#8222;\u017bycie osoby bia\u0142osk\u00f3rej ma znaczenie&#8221; (<em>White Lives Matter<\/em>), gdy\u017c walcz\u0105ca z cywilizacj\u0105 zachodni\u0105 organizacja wspiera rasistowski i anarchistyczny ruch &#8222;<em>Black Lives Matter<\/em>\u201d (BLM). Szermuj\u0105c has\u0142ami &#8222;antysemityzmu&#8221;, organizacja ADL popar\u0142a w 2020 roku ruch BLM, lecz nie wypowiedzia\u0142a si\u0119 na temat prawdziwie antysemickich atak\u00f3w tego ruchu na synagogi w Los Angeles i Kenosha &#8211; przypomina serwis informacyjny <a href=\"https:\/\/www.breitbart.com\/faith\/2020\/09\/04\/blue-state-blues-liberal-jewish-leaders-bend-the-knee-to-antisemitism\/\"><span style=\"text-decoration: underline;\">Breitbart<\/span><\/a>. Organizacja ADL skupia si\u0119 bowiem na takim kontrolowaniu oddolnych ruch\u00f3w kolorowych obywateli i takim kontrolowaniu przyw\u00f3dc\u00f3w tych ruch\u00f3w, aby s\u0142u\u017cyli oni interesom \u017cydowskim, a szczeg\u00f3lnie samej ADL.<\/p>\r\n<\/div>\r\n<div class=\"p_underline\">\r\n<p>S\u0142owa Westa nie odbiegaj\u0105 od tego co m\u00f3wi\u0105 r\u00f3wnie\u017c \u017bydzi, krytycznie nastawieni do wszechw\u0142adzy elity \u017cydowskiej w mediach, systemie finansowym, systemie wymiaru &#8222;sprawiedliwo\u015bci&#8221;, nomenklaturze zarz\u0105dzaj\u0105cej najwi\u0119kszymi korporacjami oraz oczywi\u015bcie steruj\u0105cymi polityk\u0105 ameryka\u0144sk\u0105.<\/p>\r\n<p>Niszcz\u0105ca zachodni\u0105 kultur\u0119 i walcz\u0105ca z chrze\u015bcija\u0144stwem, a szczeg\u00f3lnie z katolicyzmem maso\u0144ska \u017cydowska organizacja ADL, przyczyni\u0142a si\u0119 w swej historii do narzucania cenzury, rozszerzenia inwigilacji Amerykan\u00f3w i wykorzystuje narz\u0119dzia szkalowania posi\u0142kuj\u0105c si\u0119 brudnymi metodami walki oraz propagand\u0105 podpieraj\u0105c\u0105 si\u0119 narracj\u0105 &#8222;antysemityzmu&#8221; w ka\u017cdej sytuacji, kt\u00f3r\u0105 ADL uwa\u017ca za stosowne dla swoich prywatnych interes\u00f3w.<\/p>\r\n<p>Wi\u0119cej na temat organizacji ADL, terroryzuj\u0105cej od niemal 110 lat ameryka\u0144skie spo\u0142ecze\u0144stwo, o jej dzia\u0142aniu i kontroli, o jej walce z prawd\u0105 i narzucaniu k\u0142amstw historycznych, mo\u017cna dowiedzie\u0107 si\u0119 w opracowaniu <span style=\"text-decoration: underline;\"><a href=\"https:\/\/www.bibula.com\/?p=72680\">&#8222;Liga Przeciwko Znies\u0142awieniu (ADL) a \u017cydowska kultura inwigilacji Ameryki&#8221;<\/a><\/span>.<\/p>\r\n<p class=\"zrodlo\">Oprac. www.bibula.com<br>\r\n2022-10-23<\/p>\r\n<\/div>","protected":false},"excerpt":{"rendered":"Syjonistyczna, maso\u0144ska &#8222;Liga Antydefamacyjna&#8221; (Anti-Defamation League &#8211; ADL) wystosowa\u0142a apel do kierownictwa firmy Adidas aby zerwa\u0142a wszelk\u0105 kooperacj\u0119 z Kanye Westem, znanym raperem, miliarderem i w\u0142a\u015bcicielem markowych produkt\u00f3w. Szef ADL, Jonathan Greenblatt wyra\u017ca konsternacj\u0119, \u017ce firma Adidas jeszcze oficjalnie nie odci\u0119\u0142a si\u0119 od Kanye Westa, kt\u00f3ry pozwoli\u0142 sobie na kilka trze\u017awych wypowiedzi o sile \u017cydowstwa [&hellip;]","protected":false},"author":1,"featured_media":0,"comment_status":"closed","ping_status":"closed","sticky":false,"template":"","format":"standard","meta":{"_acf_changed":false,"_monsterinsights_skip_tracking":false,"_monsterinsights_sitenote_active":false,"_monsterinsights_sitenote_note":"","_monsterinsights_sitenote_category":0,"ngg_post_thumbnail":0,"footnotes":"","_wp_rev_ctl_limit":""},"categories":[13,7],"tags":[48,75,16,53,31,221],"acf":[],"_links":{"self":[{"href":"https:\/\/www.bibula.com\/index.php?rest_route=\/wp\/v2\/posts\/136773"}],"collection":[{"href":"https:\/\/www.bibula.com\/index.php?rest_route=\/wp\/v2\/posts"}],"about":[{"href":"https:\/\/www.bibula.com\/index.php?rest_route=\/wp\/v2\/types\/post"}],"author":[{"embeddable":true,"href":"https:\/\/www.bibula.com\/index.php?rest_route=\/wp\/v2\/users\/1"}],"replies":[{"embeddable":true,"href":"https:\/\/www.bibula.com\/index.php?rest_route=%2Fwp%2Fv2%2Fcomments&post=136773"}],"version-history":[{"count":10,"href":"https:\/\/www.bibula.com\/index.php?rest_route=\/wp\/v2\/posts\/136773\/revisions"}],"predecessor-version":[{"id":136796,"href":"https:\/\/www.bibula.com\/index.php?rest_route=\/wp\/v2\/posts\/136773\/revisions\/136796"}],"wp:attachment":[{"href":"https:\/\/www.bibula.com\/index.php?rest_route=%2Fwp%2Fv2%2Fmedia&parent=136773"}],"wp:term":[{"taxonomy":"category","embeddable":true,"href":"https:\/\/www.bibula.com\/index.php?rest_route=%2Fwp%2Fv2%2Fcategories&post=136773"},{"taxonomy":"post_tag","embeddable":true,"href":"https:\/\/www.bibula.com\/index.php?rest_route=%2Fwp%2Fv2%2Ftags&post=136773"}],"curies":[{"name":"wp","href":"https:\/\/api.w.org\/{rel}","templated":true}]}}