{"id":136691,"date":"2022-10-11T15:47:47","date_gmt":"2022-10-11T19:47:47","guid":{"rendered":"https:\/\/www.bibula.com\/?p=136691"},"modified":"2022-10-11T16:17:48","modified_gmt":"2022-10-11T20:17:48","slug":"ukraincy-w-polsce-sylwia-gorlicka","status":"publish","type":"post","link":"https:\/\/www.bibula.com\/?p=136691","title":{"rendered":"Ukrai\u0144cy w Polsce &#8211; <em>Sylwia Gorlicka<\/em>"},"content":{"rendered":"<div class=\"p_underline\">\r\n<p class=\"has-drop-cap\">Inteligencja cz\u0142owieka to w istocie umiej\u0119tno\u015b\u0107 przystosowania si\u0119 do aktualnej sytuacji. Niezale\u017cnie od tego w jakiej si\u0119 on znalaz\u0142, musi post\u0119powa\u0107 w taki spos\u00f3b, aby prze\u017cy\u0107 i w miar\u0119 w\u0142asnych mo\u017cliwo\u015bci czy zdolno\u015bci odnale\u017a\u0107 si\u0119 oraz urz\u0105dzi\u0107 sw\u00f3j los jak najbardziej korzystnie dla samego siebie. Nie musi to oznacza\u0107 tzw. \u201eurz\u0105dzania si\u0119 w dolnej cz\u0119\u015bci plec\u00f3w\u201d. Taki te\u017c wyd\u017awi\u0119k ma mie\u0107 niniejszy artyku\u0142.<\/p>\r\n<p>&nbsp;<\/p>\r\n<h4>Zostan\u0105 ju\u017c tutaj<\/h4>\r\n<p>Nasza aktualna sytuacja polityczna, zar\u00f3wno wewn\u0119trzna, jak i zewn\u0119trzna, jest szczeg\u00f3lnie z\u0142o\u017cona w por\u00f3wnaniu cho\u0107by z czasami lat 90. XX wieku. Rzeczywisto\u015b\u0107 wygl\u0105da w istocie w ten spos\u00f3b, i\u017c mamy do czynienia z nap\u0142ywem stosunkowo licznej imigracji jednego, mo\u017cna rzec wr\u0119cz jednolitego etnicznie narodu. Z owym narodem dzieli nas przede wszystkim nie rozwi\u0105zana cho\u0107by drog\u0105 dyplomatyczn\u0105 kwestia rzezi wo\u0142y\u0144skiej, jak r\u00f3wnie\u017c fakt, i\u017c podejmowane s\u0105 odg\u00f3rnie przez rz\u0105d ukrai\u0144ski pr\u00f3by zaszczepienia w Ukrai\u0144cach ideologii neobanderowskiej. Jako przyjmuj\u0105cy migrant\u00f3w ukrai\u0144skich, \u017cywimy oczywi\u015bcie nadziej\u0119, i\u017c takie niebezpieczne i wrogie nam tendencje nie b\u0119d\u0105 rozwija\u0142y si\u0119 na naszym terytorium. Niestety si\u0142a oddzia\u0142ywania medi\u00f3w spo\u0142eczno\u015bciowych sprzyja programowaniu w takim oto modelu ideologicznym r\u00f3wnie\u017c naszych nowych mieszka\u0144c\u00f3w.<\/p>\r\n<p>Nale\u017cy uzmys\u0142owi\u0107 sobie przede wszystkim, \u017ce niemo\u017cliwym jest natychmiastowa eksmisja wielu milion\u00f3w os\u00f3b gdziekolwiek indziej. Mo\u017cna za\u0142o\u017cy\u0107, i\u017c nawet je\u015bli jaka\u015b cz\u0119\u015b\u0107 migrant\u00f3w wyjedzie czy to do innych kraj\u00f3w, czy te\u017c zdecyduje si\u0119 na trwa\u0142y powr\u00f3t do swej ojczyzny, znaczna wi\u0119kszo\u015b\u0107 z nich po prostu pozostanie w Polsce. B\u0119dziemy zmuszeni zatem do \u017cycia w dwuetnicznym pa\u0144stwie, gdzie Ukrai\u0144cy stanowi\u0107 b\u0119d\u0105 istotnie potencjaln\u0105 si\u0142\u0119 oddzia\u0142ywania polityczno-spo\u0142ecznego, cho\u0107by uwzgl\u0119dniaj\u0105c fakt, i\u017c otrzymuj\u0105 oni numery PESEL takie jak posiadaj\u0105 obywatele polscy, maj\u0105cy po osi\u0105gni\u0119ciu pe\u0142noletno\u015bci prawa wyborcze bierne i czynne. Mo\u017cna ponadto mniema\u0107, i\u017c plany polskiego rz\u0105du zwi\u0105zane z od\u0142o\u017ceniem organizacji wybor\u00f3w w dalszym czasie ma zwi\u0105zek w\u0142a\u015bnie z owym nadawaniem numeru, kt\u00f3ry podajemy w niemal ka\u017cdej oficjalnej sytuacji, tj. od pobierania us\u0142ug medycznych, przez wykupywanie recept w aptekach, po uczestnictwo w procesach politycznych w naszym kraju.<\/p>\r\n<p>&nbsp;<\/p>\r\n<h4>Rozmowy i obserwacje<\/h4>\r\n<p>Z punktu widzenia Polski nale\u017ca\u0142oby obmy\u015bli\u0107 pewien plan czy te\u017c model dobrego post\u0119powania w \u015bwietle zaistnia\u0142ej sytuacji, aby nie rozwija\u0142y si\u0119 istniej\u0105ce ju\u017c problemy, jak r\u00f3wnie\u017c zapobiega\u0107 powstawaniu nowych. Zmuszona jestem zaznaczy\u0107 na wst\u0119pie, i\u017c moje propozycje, kt\u00f3re pojawi\u0142y si\u0119 w niniejszym artykule s\u0105 jedynie mo\u017cliwo\u015bci\u0105, pewnym idea\u0142em, do kt\u00f3rego nale\u017ca\u0142oby d\u0105\u017cy\u0107, lecz licz\u0119 si\u0119 z faktem, i\u017c mo\u017ce by\u0107 on trudny do realizacji ze wzgl\u0119du na fakt, i\u017c nasze pa\u0144stwo kierowane jest przez elity i\u015bcie kompradorskie, wykonuj\u0105ce wy\u0142\u0105cznie polecenia zewn\u0119trznych podmiot\u00f3w, kt\u00f3rym nie zale\u017cy ani na naszym dobru ani nawet na tym, aby Polska istnia\u0142a jako normalny, rozwijaj\u0105cy si\u0119 kraj. Niemniej podejm\u0119 pr\u00f3b\u0119 przedstawienia zarysu mojej idei.<\/p>\r\n<p>Sp\u0119dzaj\u0105c czas z wieloma Ukrai\u0144cami, w szczeg\u00f3lno\u015bci takimi, kt\u00f3rzy nie posiedli jeszcze dostatecznej umiej\u0119tno\u015bci pos\u0142ugiwania si\u0119 j\u0119zykiem polskim, a zatem z takimi, kt\u00f3rzy przybyli do nas niedawno, na kanwie wojny tocz\u0105cej si\u0119 we wschodniej Ukrainie, ze zrozumieniem oraz wra\u017cliwo\u015bci\u0105 naukowej natury dosz\u0142am do pewnych wniosk\u00f3w. Spotkania te nie ogranicza\u0142y si\u0119 jedynie do przejazd\u00f3w autami wsp\u00f3\u0142pracuj\u0105cymi z korporacjami taks\u00f3wkarskimi, lecz uda\u0142o mi si\u0119 sp\u0119dza\u0107 czas wolny z osobami w r\u00f3\u017cnym wieku, z rozmaitym do\u015bwiadczeniem \u017cyciowym, edukacyjnym, z\u0142o\u017conymi sytuacjami rodzinnymi oraz socjalnymi. Nie zamierza\u0142am bowiem pisa\u0107 tekstu, kt\u00f3ry by\u0142by jedynie odzwierciedleniem kontakt\u00f3w z braci\u0105 studenck\u0105 czy doktoranck\u0105, kt\u00f3ra ze wzgl\u0119du na swoj\u0105 specyfik\u0119 oraz jednolito\u015b\u0107 mog\u0142aby zniekszta\u0142ci\u0107 rzeczywisty obraz sytuacji.<\/p>\r\n<p>&nbsp;<\/p>\r\n<h4>Gettoizacja<\/h4>\r\n<p>Ot\u00f3\u017c maj\u0105c \u015bwiadomo\u015b\u0107, i\u017c w nast\u0119pnych latach, a mo\u017ce nawet dziesi\u0119cioleciach b\u0119dziemy zmuszeni do dzielenia naszej ojczyzny z obcym \u017cywio\u0142em, powinni\u015bmy wdro\u017cy\u0107 (pr\u00f3bowa\u0107 mo\u017cna nawet oddolnie) szereg rozwi\u0105za\u0144, wynikaj\u0105cych z naszych za\u0142o\u017ce\u0144 oraz prognoz dotycz\u0105cych tego, z czym mamy do czynienia na co dzie\u0144. Nasze z\u0142e do\u015bwiadczenia z budowaniem wielonarodowego pa\u0144stwa, zar\u00f3wno I RP, jak r\u00f3wnie\u017c II RP, wynikaj\u0105 przede wszystkim z negatywnej dzia\u0142alno\u015bci \u201enie-Polak\u00f3w\u201d. Jednocze\u015bnie mo\u017cna zastanowi\u0107 si\u0119, czy uczynili\u015bmy wszystko, co w naszej mocy, aby po prostu nie dopu\u015bci\u0107 do owych nadzwyczaj nieprzyjemnych wydarze\u0144, jakie mia\u0142y miejsce w obu przypadkach. Wszak wsp\u00f3\u0142czesna to\u017csamo\u015b\u0107 narodowa Ukrai\u0144c\u00f3w tworzona jest w\u0142a\u015bnie na fundamencie wrogo\u015bci i rywalizacji z narodami, kt\u00f3re uznaj\u0105 oni za traktuj\u0105ce ich za pomoc\u0105 organ\u00f3w pa\u0144stwowych protekcjonalnie, nier\u00f3wno, dyskryminuj\u0105co czy krzywdz\u0105co. Polacy maj\u0105 niestety wpojone podej\u015bcie, i\u017c s\u0105 narodem prymordialnie uczciwym, dobrym, go\u015bcinnym, sprawiedliwym i nigdy \u017cadnemu innemu narodowi nie uczynili niczego z\u0142ego. Podej\u015bcie tego typu jest niekorzystne nawet dla nas samych, gdy\u017c nie pozwala na przepracowanie ca\u0142ej masy wra\u017cliwych kwestii jak r\u00f3wnie\u017c nie daje mo\u017cliwo\u015bci wyci\u0105gania jakichkolwiek wniosk\u00f3w w celu zapobie\u017cenia pope\u0142niania wci\u0105\u017c tych samych b\u0142\u0119d\u00f3w. Nie mo\u017cna bowiem czyni\u0105c ci\u0105gle to samo, oczekiwa\u0107 odmiennych rezultat\u00f3w.<\/p>\r\n<p>Dostrzec mo\u017cna, i\u017c wi\u0119kszo\u015b\u0107 Ukrai\u0144c\u00f3w umieszczanych jest w przypadku cho\u0107by Warszawy w dzielnicach depresyjnych, tj. znanych z tego, i\u017c nasilona jest w nich dzia\u0142alno\u015b\u0107 przest\u0119pcza, wykazywana jest w statystykach policyjnych aktywno\u015b\u0107 rozmaitych grup przest\u0119pczych, czy te\u017c zamieszkiwana jest przez zubo\u017ca\u0142\u0105 cz\u0119\u015b\u0107 naszych rodak\u00f3w, kt\u00f3rzy szukaj\u0105c rozwi\u0105za\u0144 dla swojej trudnej sytuacji materialnej, uciekaj\u0105 si\u0119 do nielegalnych dzia\u0142a\u0144. W zwi\u0105zku z powy\u017cszym mo\u017cna mniema\u0107, i\u017c ich oddzia\u0142ywanie na przybyszy z Ukrainy mo\u017ce nie\u015b\u0107 ze sob\u0105 negatywne skutki. Nie chodzi bowiem o to, \u017ce sami Ukrai\u0144cy powinni czu\u0107 si\u0119 zagro\u017ceni lecz mog\u0105 oni nabywa\u0107 niekorzystne cechy a nawet integrowa\u0107 si\u0119 z osobami z tzw. p\u00f3\u0142\u015bwiatka i z nimi wsp\u00f3\u0142pracowa\u0107. Objawy tego typu zachowa\u0144 ju\u017c mo\u017cemy obserwowa\u0107 na podstawie doniesie\u0144 medialnych. Stopniowo w rzeczy samej dokonuje si\u0119 swego rodzaju ukrywania etniczno\u015bci przest\u0119pc\u00f3w, aby nie kojarzono samych Ukrai\u0144c\u00f3w z dzia\u0142alno\u015bci\u0105 przest\u0119pcz\u0105, jednak\u017ce brak informacji r\u00f3wnie\u017c jest informacj\u0105. Sami Polacy doskonale zaczynaj\u0105 dostrzega\u0107, i\u017c eksces\u00f3w z udzia\u0142em migrant\u00f3w jest w naszym kraju coraz wi\u0119cej. Nie wynika to jednak\u017ce z tego, i\u017c jakoby nar\u00f3d ukrai\u0144ski mia\u0142 przyrodzon\u0105 tendencj\u0119 do dokonywania czyn\u00f3w zabronionych, lecz w wi\u0119kszo\u015bci przypadk\u00f3w mo\u017ce mie\u0107 to zwi\u0105zek z ich miejscem zamieszkiwania. Dodatkowym problemem jest oczywi\u015bcie tworzenie si\u0119 tzw. gett monoetnicznych, w kt\u00f3rych wszelkie radykalizmy maj\u0105 znakomite pod\u0142o\u017ce do rozwijania si\u0119, gdy\u017c s\u0105 w istocie rodzajem ba\u0144ki informacyjnej. Obracanie si\u0119 w jednym i tym samym towarzystwie sprzyja zatem powstawaniu ca\u0142ego szeregu problem\u00f3w, kt\u00f3rych rozwi\u0105zanie b\u0119dzie trudne o ile niemo\u017cliwe.<\/p>\r\n<p>&nbsp;<\/p>\r\n<h4>Model asymilacji<\/h4>\r\n<p>Kolejn\u0105 kwesti\u0105 jest model asymilacji, kt\u00f3ry winien by\u0107 wzi\u0119ty pod uwag\u0119. Skoro nie mamy wp\u0142ywu na to, i\u017c b\u0119dziemy dzieli\u0107 nasz kraj z Ukrai\u0144cami, mo\u017cemy si\u0119gn\u0105\u0107 po takie \u015brodki, kt\u00f3re b\u0119d\u0105 korzystne dla nas, a jednocze\u015bnie nie b\u0119d\u0105 krzywdz\u0105ce dla samych migrant\u00f3w. Ot\u00f3\u017c proces asymilacji jest w swej naturze roz\u0142o\u017cony w czasie, na wiele pokole\u0144 i nie zawsze w og\u00f3le do niego dochodzi. Asymilacja nie mo\u017ce mie\u0107 charakteru w \u017cadnym wypadku si\u0142owego. Je\u015bli mieliby\u015bmy rozpocz\u0105\u0107 go, nale\u017ca\u0142oby pierwszorz\u0119dnie u\u017cy\u0107 takich \u015brodk\u00f3w, kt\u00f3re sprawi\u0142yby, i\u017c statystyczny migrant z Ukrainy nie tyle poczu\u0142by si\u0119 nagle Polakiem (jest to bowiem nierealne), lecz uzna\u0142 pa\u0144stwo polskie jako takie, wobec kt\u00f3rego ma by\u0107 lojalny. Mo\u017cliwym jest to do wdro\u017cenia ze wzgl\u0119du na fakt, i\u017c mo\u017cna z pewno\u015bci\u0105 dostrzec do\u015b\u0107 zaawansowany stopie\u0144 proces\u00f3w adaptacyjnych u naszych nowych przybyszy, tj. Ukrai\u0144cy przystosowali si\u0119 ju\u017c w stopniu cho\u0107by minimalnym do prze\u017cycia w nowym spo\u0142ecze\u0144stwie. Adaptacja jest bowiem najmniej zaawansowanym stopniem \u201ewchodzenia\u201d imigrant\u00f3w w spo\u0142eczno\u015b\u0107 gospodarzy. Nale\u017cy uzna\u0107, i\u017c ten w\u0142a\u015bnie etap mamy aktualnie zako\u0144czony. Zatem obecnie mamy raczej do czynienia z kolejnym etapem \u201ezanurzania si\u0119\u201d w narodzie polskim czyli integracj\u0105. Powsta\u0142o bowiem wiele organizacji, zaj\u0119\u0107 dla dzieci i m\u0142odzie\u017cy, inicjatyw zar\u00f3wno pa\u0144stwowych jak r\u00f3wnie\u017c oddolnych, kt\u00f3re ow\u0105 integracj\u0119 rzeczywi\u015bcie wspomagaj\u0105. Na tym etapie nadal migranci spotykaj\u0105 si\u0119 z sytuacjami, gdzie odczuwaj\u0105 swoj\u0105 inno\u015b\u0107 czy odr\u0119bno\u015b\u0107 od gospodarzy, niemniej koniec ko\u0144c\u00f3w z coraz wi\u0119kszym entuzjazmem uczestnicz\u0105 w wymienionych przedsi\u0119wzi\u0119ciach a nawet zaczynaj\u0105 za ich po\u015brednictwem, mimowolnie zawiera\u0107 bli\u017csze i dalsze relacje z pojedynczymi cz\u0142onkami grupy gospodarzy. Tendencja taka jak najbardziej sprzyja wej\u015bciu w proces asymilacyjny, kt\u00f3ry jest ni mniej ni wi\u0119cej koronnym etapem \u201erozp\u0142ywania si\u0119\u201d obcego \u017cywio\u0142u w tubylczym.<\/p>\r\n<p>Asymilacja jest niczym innym jak (zgodnie z etymologi\u0105 poj\u0119cia) procesem \u201eupodabniania si\u0119\u201d. W przypadku Polak\u00f3w i Ukrai\u0144c\u00f3w przeszkadza\u0107 mog\u0105 dalej w wielu sytuacjach tocz\u0105cy si\u0119 etap izolacyjny wielu Ukrai\u0144c\u00f3w, nie oznacza to jednak\u017ce tego, i\u017c nie nale\u017cy podejmowa\u0107 usilnie pr\u00f3b przechodzenia przez kolejne \u201ebramy\u201d prowadz\u0105ce do umieszczenia migrant\u00f3w w stanie, kt\u00f3ry uczyni\u0142by ich w pierwszych pokoleniach lojalnymi s\u0105siadami, nieodczuwaj\u0105cymi potrzeby konkurowania czy wr\u0119cz okazywania otwartej wrogo\u015bci. Wszak chodzi nam o to, aby nie dosz\u0142o (ku uciesze naszych wrog\u00f3w) do konfliktu etnicznego. Nale\u017cy zatem uczyni\u0107 jak najwi\u0119cej w celu zintegrowania Ukrai\u0144c\u00f3w w wymiarze ekonomicznym, spo\u0142ecznym i\u2026 legislacyjno-ustrojowym, tj. sprawi\u0107 aby niezasymilowani z nami kulturowo i to\u017csamo\u015bciowo migranci, uznali zasadno\u015b\u0107 przestrzegania polskiego prawa, regu\u0142 spo\u0142ecznych i obywatelskich. Nabyli umiej\u0119tno\u015b\u0107 partycypowania w sensie gospodarczo-spo\u0142ecznym z uwzgl\u0119dnieniem z naszej strony ich odr\u0119bno\u015bci kulturowej, ale w postaci oraz postawach niekrzywdz\u0105cych naszych uczu\u0107 narodowych.<\/p>\r\n<p>&nbsp;<\/p>\r\n<h4>Autonomia kulturowa<\/h4>\r\n<p>Rozwi\u0105zaniem dobrym moim zdaniem (wdro\u017conym m.in. w Federacji Rosyjskiej) jest wprowadzenie rodzaju autonomii kulturowej. Nie daje to mo\u017cliwo\u015bci uzyskania przez obcy \u017cywio\u0142 w\u0142asnego podmiotu politycznego, np. autonomicznej republiki, lecz umo\u017cliwia im swobodn\u0105 ekspresj\u0119 kulturow\u0105 i obyczajow\u0105. Jednocze\u015bnie bez uznania owej ukrai\u0144sko\u015bci jako nadrz\u0119dnej wobec kultury polskiej, naszej rodzimej, kt\u00f3ra mia\u0142aby by\u0107 spoiwem oraz czo\u0142ow\u0105, przewodni\u0105 wobec ka\u017cdej innej funkcjonuj\u0105cej na naszym obszarze. Nie ma bowiem niczego z\u0142ego w utworzeniu teatru ukrai\u0144skiego, do kt\u00f3rego ucz\u0119szczaliby r\u00f3wnie\u017c \u201egospodarze\u201d czy organizowanie festiwali, imprez kultury ukrai\u0144skiej lecz wedle modelu podobnych wydarze\u0144 zwi\u0105zanych np. z polskimi Tatarami czy Kaszubami. Tymczasem aktualnie Polacy s\u0105 wr\u0119cz atakowani zewsz\u0105d ukrai\u0144sko\u015bci\u0105 do tego stopnia, \u017ce uwa\u017caj\u0105 za zasadne organizowanie akcji typu \u201eStop ukrainizacji Polski\u201d. Reakcja taka jest niestety ca\u0142kowicie zasadna i potrzebna, bowiem inicjatywy takie s\u0105 ni mniej ni wi\u0119cej jak pr\u00f3b\u0105 ochrony nadrz\u0119dnej roli polsko\u015bci w naszym kraju. Wszak jeste\u015bmy Polakami i pragniemy ow\u0105 polsko\u015b\u0107 prze\u017cywa\u0107 bez przeszk\u00f3d oraz demonstrowa\u0107 j\u0105 swobodnie bez przymusu schlebiania gustom obcym narodom przy ca\u0142ym wsp\u00f3\u0142czuciu dla ich sytuacji. Ujmuj\u0105c w skr\u00f3cie: swoboda dla ekspresji kulturowej Ukrai\u0144c\u00f3w (wraz z poszanowaniem naszych uczu\u0107 narodowych) przy akceptacji zasady nadrz\u0119dno\u015bci i priorytetowo\u015bci kultury polskiej.<\/p>\r\n<p>&nbsp;<\/p>\r\n<h4>Rachunki historyczne<\/h4>\r\n<p>Ostatni\u0105 kwesti\u0105 nie mniej istotn\u0105 by\u0142aby potrzeba zado\u015b\u0107uczynienia dyplomatycznego i werbalnego za zbrodni\u0119 wo\u0142y\u0144sk\u0105, jakiej dopu\u015bcili si\u0119 Ukrai\u0144cy na niewinnych Polakach. W przeciwie\u0144stwie do zbrodni katy\u0144skiej, za kt\u00f3r\u0105 przepraszali wszyscy prezydenci Federacji Rosyjskiej, okazuj\u0105c w spos\u00f3b czytelny ch\u0119\u0107 pojednania z Polakami na owym fundamencie, ze strony Ukrai\u0144c\u00f3w nadal nie otrzymali\u015bmy ustami ich prezydenta przeprosin i pro\u015bby o przyj\u0119cie skruchy za akt bestialstwa maj\u0105cy miejsce w 1943 roku i dalej. Bez wyra\u017anej deklaracji oraz rezygnacji z eksponowania banderyzmu oraz programowania w tym kierunku migrant\u00f3w ukrai\u0144skich w naszym kraju niezwykle trudnym b\u0119dzie przekonanie Polak\u00f3w, i\u017c mog\u0105 czu\u0107 si\u0119 bezpiecznie oraz sk\u0142onienie nas do wdra\u017cania rozwi\u0105za\u0144, kt\u00f3re zaproponowa\u0142am wy\u017cej. Niemo\u017cliwym jest wprawdzie przywr\u00f3cenie \u017cy\u0107 tragicznie, wr\u0119cz w spos\u00f3b obrzydliwy i bestialski wymordowanych kobiet, dzieci i starc\u00f3w, ani usuni\u0119cie \u017calu z serc ich bliskich oraz rodzin, lecz pro\u015bba o wybaczenie, skrucha i gest pojednania jest wr\u0119cz niezb\u0119dnym aktem wobec naszego narodu.<\/p>\r\n<h4>***<\/h4>\r\n<p>Integracja wok\u00f3\u0142 lojalno\u015bci wobec pa\u0144stwa oraz narodu polskiego przynie\u015b\u0107 mog\u0142aby korzy\u015bci r\u00f3wnie\u017c polityczne. Bowiem wszelkie z\u0142e decyzje rz\u0105du polskiego, nak\u0142adanie kolejnych obci\u0105\u017ce\u0144 finansowych, zaostrzanie kar za najdrobniejsze wykroczenia, wr\u0119cz ciemi\u0119\u017cenie nas, zuba\u017canie a w rezultacie przep\u0119dzanie milion\u00f3w naszych obywateli poza granice ojczyzny mog\u0142yby trafi\u0107 na zdecydowany op\u00f3r Polak\u00f3w i Ukrai\u0144c\u00f3w, kt\u00f3rych ostatecznie los b\u0119dzie podobny. B\u0119dziemy \u017cy\u0107 razem w koszmarnie zarz\u0105dzanym pa\u0144stwie, wsp\u00f3lnie mierzy\u0107 si\u0119 z kolejnymi problemami autorstwa polskich elit w\u0142adzy, podzieleni, sk\u0142\u00f3ceni nie tylko pod\u0142ug linii politycznej ale teraz dodatkowo wedle kryterium narodowo\u015bciowego. To doskona\u0142e warunki do dalszego rozpasania i braku poczucia jakiejkolwiek odpowiedzialno\u015bci naszego rz\u0105du. Tymczasem mamy w r\u0119ce potencjaln\u0105 tarcz\u0119, kt\u00f3r\u0105 mo\u017cemy si\u0119 broni\u0107. Mo\u017ce w\u0142a\u015bnie z Ukrai\u0144cami?<\/p>\r\n<p><strong><em>Sylwia Gorlicka<\/em><\/strong><\/p>\r\n<p class=\"zrodlo\">Za: <a href=\"https:\/\/myslpolska.info\/2022\/10\/11\/gorlicka-ukraincy-w-polsce\/\">Mysl Polska &#8211; myslpolska.info (11-10-2022)<\/a><\/p>\r\n<\/div>\r\n<h4>&nbsp;<\/h4>\r\n<hr style=\"background-color: #000000; border-width: 0; color: #000000; height: 2px; line-height: 0; text-align: center; width: 100%;\">\r\n<h4>&nbsp;<\/h4>\r\n<blockquote>\r\n<p><strong>KOMENTARZ <em>BIBU\u0141Y<\/em><\/strong>: Uwa\u017camy, \u017ce o wiele lepszym rozwi\u0105zaniem &#8211; zamiast rozwa\u017ca\u0144 o integracji czy &#8222;autonomii kulturowej&#8221; &#8211;&nbsp; by\u0142oby d\u0105\u017cenie do polityczno-spo\u0142ecznych nacisk\u00f3w, nawet z dodaniem ekonomicznych zach\u0119t, do opuszczenia Kraju przez obce nap\u0142ywowe jednostki. Bowiem gdy do tego nie dojdzie, niestety jest tylko kwesti\u0105 czasu aby te jednostki po\u0142\u0105czy\u0142y si\u0119 w znacz\u0105ce si\u0142y, kt\u00f3rych cele nie b\u0119d\u0105 zbie\u017cne z dobrem Narodu Polskiego. Ale&#8230; czy ten\u017ce &#8222;nar\u00f3d polski&#8221; jeszcze istnieje?&#8230;<\/p>\r\n<\/blockquote>\r\n<h4>&nbsp;<\/h4>\r\n<hr style=\"background-color: #000000; border-width: 0; color: #000000; height: 2px; line-height: 0; text-align: center; width: 100%;\">\r\n<h4>&nbsp;<\/h4>","protected":false},"excerpt":{"rendered":"Inteligencja cz\u0142owieka to w istocie umiej\u0119tno\u015b\u0107 przystosowania si\u0119 do aktualnej sytuacji. Niezale\u017cnie od tego w jakiej si\u0119 on znalaz\u0142, musi post\u0119powa\u0107 w taki spos\u00f3b, aby prze\u017cy\u0107 i w miar\u0119 w\u0142asnych mo\u017cliwo\u015bci czy zdolno\u015bci odnale\u017a\u0107 si\u0119 oraz urz\u0105dzi\u0107 sw\u00f3j los jak najbardziej korzystnie dla samego siebie. Nie musi to oznacza\u0107 tzw. \u201eurz\u0105dzania si\u0119 w dolnej cz\u0119\u015bci [&hellip;]","protected":false},"author":1,"featured_media":0,"comment_status":"closed","ping_status":"closed","sticky":false,"template":"","format":"standard","meta":{"_acf_changed":false,"_monsterinsights_skip_tracking":false,"_monsterinsights_sitenote_active":false,"_monsterinsights_sitenote_note":"","_monsterinsights_sitenote_category":0,"ngg_post_thumbnail":0,"footnotes":"","_wp_rev_ctl_limit":""},"categories":[13,9],"tags":[98,167],"acf":[],"_links":{"self":[{"href":"https:\/\/www.bibula.com\/index.php?rest_route=\/wp\/v2\/posts\/136691"}],"collection":[{"href":"https:\/\/www.bibula.com\/index.php?rest_route=\/wp\/v2\/posts"}],"about":[{"href":"https:\/\/www.bibula.com\/index.php?rest_route=\/wp\/v2\/types\/post"}],"author":[{"embeddable":true,"href":"https:\/\/www.bibula.com\/index.php?rest_route=\/wp\/v2\/users\/1"}],"replies":[{"embeddable":true,"href":"https:\/\/www.bibula.com\/index.php?rest_route=%2Fwp%2Fv2%2Fcomments&post=136691"}],"version-history":[{"count":3,"href":"https:\/\/www.bibula.com\/index.php?rest_route=\/wp\/v2\/posts\/136691\/revisions"}],"predecessor-version":[{"id":136703,"href":"https:\/\/www.bibula.com\/index.php?rest_route=\/wp\/v2\/posts\/136691\/revisions\/136703"}],"wp:attachment":[{"href":"https:\/\/www.bibula.com\/index.php?rest_route=%2Fwp%2Fv2%2Fmedia&parent=136691"}],"wp:term":[{"taxonomy":"category","embeddable":true,"href":"https:\/\/www.bibula.com\/index.php?rest_route=%2Fwp%2Fv2%2Fcategories&post=136691"},{"taxonomy":"post_tag","embeddable":true,"href":"https:\/\/www.bibula.com\/index.php?rest_route=%2Fwp%2Fv2%2Ftags&post=136691"}],"curies":[{"name":"wp","href":"https:\/\/api.w.org\/{rel}","templated":true}]}}