{"id":136688,"date":"2022-10-11T15:47:33","date_gmt":"2022-10-11T19:47:33","guid":{"rendered":"https:\/\/www.bibula.com\/?p=136688"},"modified":"2022-10-26T10:31:32","modified_gmt":"2022-10-26T14:31:32","slug":"kolejny-kaplan-bedzie-odprawial-msze-swieta-w-rycie-rzymskim-wylacznie-dozywotnio-i-nieodwolalnie","status":"publish","type":"post","link":"https:\/\/www.bibula.com\/?p=136688","title":{"rendered":"Kolejny kap\u0142an b\u0119dzie odprawia\u0142 Msz\u0119 \u015awi\u0119t\u0105 w rycie rzymskim &#8211; &#8222;wy\u0142\u0105cznie, do\u017cywotnio i nieodwo\u0142alnie&#8221;"},"content":{"rendered":"<p>Ksi\u0105dz Jacek Ba\u0142emba SDB, prowadz\u0105cy <em>Sacerdos Hyacinthus<\/em> ~ blog kap\u0142ana rzymskokatolickiego, poinformowa\u0142, \u017ce \u201craz w miesi\u0105cu, zawsze w \u015brod\u0119 przed pierwsz\u0105 sobot\u0105 miesi\u0105ca spowiada\u0142 b\u0119dzie <strong>Ks. Dariusz Kowalczyk SDB<\/strong>. Ks. Dariusz jest jednym z katolickich kap\u0142an\u00f3w, kt\u00f3rzy wobec Boga podj\u0119li decyzj\u0119 odprawiania Mszy \u015awi\u0119tej w rycie rzymskim \u2013 <strong><em>wy\u0142\u0105cznie, do\u017cywotnio i nieodwo\u0142alnie<\/em><\/strong>. Jest te\u017c jednym z trzech kap\u0142an\u00f3w, kt\u00f3rzy 16 maja br. przyj\u0119li z r\u0105k Bp. Richarda Williamsona \u015bwi\u0119cenia kap\u0142a\u0144skie sub conditione w tradycyjnym rycie.\u201d<\/p>\r\n<p>Niestety, ze stron internetowych trudno jest dotrze\u0107 do informacji co do <em>aktualnego miejsca<\/em> odprawiania Mszy \u015awi\u0119tej.<\/p>\r\n<p>Wed\u0142ug <span style=\"text-decoration: underline;\"><a href=\"https:\/\/actualia.blog\/2020\/03\/23\/sluzba-boza\/\">informacji<\/a><\/span> z bloga:<\/p>\r\n<p>&#8222;Dnia 20 lipca Roku Pa\u0144skiego 2021 uniemo\u017cliwiono mi dost\u0119p do kluczy od ko\u015bcio\u0142a [pw. \u015aw. J\u00f3zefa Rzemie\u015blnika, 56-513 Mi\u0119dzyb\u00f3rz, ul. Ko\u015bcielna 8] oznajmiaj\u0105c, \u017ce to koniec Mszy trydenckiej w tym ko\u015bciele.<\/p>\r\n<p>20 lipca Roku Pa\u0144skiego 2021, rano nie mog\u0142em odprawi\u0107 Mszy \u015awi\u0119tej w ko\u015bciele w Mi\u0119dzyborzu, na kt\u00f3r\u0105 przyjecha\u0142o kilka os\u00f3b, m.in. mama z trzema synami, w\u015br\u00f3d kt\u00f3rych najm\u0142odszy w ubieg\u0142\u0105 niedziel\u0119 przyst\u0105pi\u0142 do 1. Komunii \u015awi\u0119tej. Pod nieobecno\u015b\u0107 proboszcza ks. Zbigniewa Por\u0119bskiego SDB, ks. Franciszek Steblecki SDB poinformowa\u0142 mnie, \u017ce klucze od ko\u015bcio\u0142a b\u0119d\u0105 u niego, nie b\u0119d\u0105 ju\u017c dost\u0119pne. Wyszed\u0142 do wiernych i zakomunikowa\u0142, \u017ce to koniec z Msz\u0105 trydenck\u0105 w tym ko\u015bciele.<\/p>\r\n<p>W zwi\u0105zku z tym od 20 lipca 2021 codzienna Msza \u015awi\u0119ta w rycie rzymskim jest celebrowana w innym miejscu \u2013 w kaplicy Bractwa \u015aw. Piusa X we Wroc\u0142awiu.<\/p>\r\n<p>27 maja 2022 nakazano nam odda\u0107 klucze i opu\u015bci\u0107 kaplic\u0119 \u201ew trybie natychmiastowym\u201d. Ks. Karl Stehlin FSSPX zakomunikowa\u0142 mi, \u017ce zabrania mi odprawiania Mszy \u015awi\u0119tej we wszystkich kaplicach Bractwa.&#8221;<\/p>\r\n<p>&nbsp;<\/p>\r\n<p>Nie znaj\u0105c szczeg\u00f3\u0142\u00f3w zatarg\u00f3w i trudno\u015bci, nie wyci\u0105gamy \u017cadnych wniosk\u00f3w, ciesz\u0105c si\u0119 jednak, \u017ce do grona kap\u0142an\u00f3w odprawiaj\u0105cych <em>wy\u0142\u0105cznie, do\u017cywotnio i nieodwo\u0142alnie<\/em>, do\u0142\u0105czy\u0142 kolejny ksi\u0105dz.<\/p>\r\n<p>&nbsp;<\/p>\r\n<p>Oto sylwetka ks. Jacka Ba\u0142emba, SDB ze strony <span style=\"text-decoration: underline;\"><a href=\"https:\/\/actualia.blog\/2019\/10\/12\/actualia\/\">Actualia<\/a><\/span>:<\/p>\r\n<p><strong>Ks. Jacek Ba\u0142emba SDB<\/strong>, kap\u0142an katolicki<br>\r\nur. 4 VIII 1962 Wroc\u0142aw<br>\r\n\u015awi\u0119cenia kap\u0142a\u0144skie: 12 VI 1990 Krak\u00f3w, + Bp Albin Ma\u0142ysiak CM<br>\r\n\u015awi\u0119cenia kap\u0142a\u0144skie <em>sub conditione<\/em> w tradycyjnym rycie: 16 V 2022, + Bp Richard Williamson<\/p>\r\n<p>Od 6 lutego Roku Pa\u0144skiego 2014 odprawia tradycyjn\u0105 Msz\u0119 \u015awi\u0119t\u0105 w rycie rzymskim.<br>\r\n17 pa\u017adziernika Roku Pa\u0144skiego 2016 z\u0142o\u017cy\u0142 Panu Bogu obietnic\u0119 do\u017cywotniego celebrowania Mszy \u015awi\u0119tej i innych Sakrament\u00f3w \u015awi\u0119tych wy\u0142\u0105cznie w rycie tradycyjnym.<\/p>\r\n<p>&nbsp;<\/p>\r\n<p>Strony prowadzone przez ks. Jacka Ba\u0142emba SDB:<\/p>\r\n<ul>\r\n\t<li><a href=\"https:\/\/sacerdoshyacinthus.com\" target=\"_blank\" rel=\"noopener\"><span style=\"text-decoration: underline;\">Sac\u00e9rdos Hyac\u00ednthus<\/span><\/a><\/li>\r\n\t<li><a href=\"https:\/\/verbumcatholicum.com\" target=\"_blank\" rel=\"noopener\"><span style=\"text-decoration: underline;\">V\u00e9rbum cath\u00f3licum<\/span><\/a><\/li>\r\n\t<li><span style=\"text-decoration: underline;\"><a href=\"https:\/\/actualia.blog\/\">Actualia<\/a><\/span><\/li>\r\n<\/ul>\r\n<p>&nbsp;<\/p>\r\n<p class=\"zrodlo\">Oprac. www.bibula.com<br>\r\n2022-10-11<\/p>\r\n<h4>&nbsp;<\/h4>\r\n<hr style=\"background-color: #000000; border-width: 0; color: #000000; height: 2px; line-height: 0; text-align: center; width: 100%;\">\r\n<h4>&nbsp;<\/h4>\r\n<h4>UZUPE\u0141NIENIE (26 pa\u017adziernika 2022 r.)<\/h4>\r\n<p>Zamieszczamy aktualizacj\u0119 dot. pos\u0142ugi ks. Dariusza Kowalczyka, kt\u00f3r\u0105 podzieli\u0142 si\u0119 jeden z Czytelnik\u00f3w:<\/p>\r\n<p>&#8222;Aktualizacja dot. pos\u0142ugi Ksi\u0119dza Dariusza Kowalczyka.<\/p>\r\n<p>Jako wierny ucz\u0119szczaj\u0105cy swego czasu na msze \u015bw. Ksi\u0119dza Jacka Ba\u0142emby jak r\u00f3wnie\u017c Ksi\u0119dza Dariusza Kowalczyka chcia\u0142bym poinformowa\u0107, \u017ce Ksi\u0105dz Dariusz Kowalczyk odprawia Msz\u0119 \u015awi\u0119t\u0105 wy\u0142\u0105cznie w rycie rzymskim ju\u017c od 7.12.2019 roku.<br>\r\nhttps:\/\/sacerdoshyacinthus.com\/2019\/12\/08\/obietnica-2\/<br>\r\nDo dnia 31 lipca 2022, czyli do dnia jego przeniesienia do Sosnowca, odprawi\u0142 takich mszy blisko tysi\u0105c g\u0142\u00f3wnie w ko\u015bciele parafialnym p.w. Wniebowzi\u0119cia Naj\u015bwi\u0119tszej Marii Panny lub ko\u015bciele filialnym p.w. Chrystusa Kr\u00f3la w Cieszkowie ko\u0142o Krotoszyna.<br>\r\nNie jest mi znane obecne miejsce jego pos\u0142ugi, ale znaj\u0105c Ksi\u0119dza Dariusza pozostaje on wierny Mszy \u015awi\u0119tej w rycie rzymskim.<\/p>\r\n<p>J.W.&#8221;<\/p>\r\n<p><em>Deo Gratias!<\/em><\/p>\r\n<p>&nbsp;<\/p>\r\n<p>&nbsp;<\/p>","protected":false},"excerpt":{"rendered":"Ksi\u0105dz Jacek Ba\u0142emba SDB, prowadz\u0105cy Sacerdos Hyacinthus ~ blog kap\u0142ana rzymskokatolickiego, poinformowa\u0142, \u017ce \u201craz w miesi\u0105cu, zawsze w \u015brod\u0119 przed pierwsz\u0105 sobot\u0105 miesi\u0105ca spowiada\u0142 b\u0119dzie Ks. Dariusz Kowalczyk SDB. Ks. Dariusz jest jednym z katolickich kap\u0142an\u00f3w, kt\u00f3rzy wobec Boga podj\u0119li decyzj\u0119 odprawiania Mszy \u015awi\u0119tej w rycie rzymskim \u2013 wy\u0142\u0105cznie, do\u017cywotnio i nieodwo\u0142alnie. Jest te\u017c jednym [&hellip;]","protected":false},"author":1,"featured_media":0,"comment_status":"closed","ping_status":"closed","sticky":false,"template":"","format":"standard","meta":{"_acf_changed":false,"_monsterinsights_skip_tracking":false,"_monsterinsights_sitenote_active":false,"_monsterinsights_sitenote_note":"","_monsterinsights_sitenote_category":0,"ngg_post_thumbnail":0,"footnotes":"","_wp_rev_ctl_limit":""},"categories":[13,3],"tags":[293,32,98,24],"acf":[],"_links":{"self":[{"href":"https:\/\/www.bibula.com\/index.php?rest_route=\/wp\/v2\/posts\/136688"}],"collection":[{"href":"https:\/\/www.bibula.com\/index.php?rest_route=\/wp\/v2\/posts"}],"about":[{"href":"https:\/\/www.bibula.com\/index.php?rest_route=\/wp\/v2\/types\/post"}],"author":[{"embeddable":true,"href":"https:\/\/www.bibula.com\/index.php?rest_route=\/wp\/v2\/users\/1"}],"replies":[{"embeddable":true,"href":"https:\/\/www.bibula.com\/index.php?rest_route=%2Fwp%2Fv2%2Fcomments&post=136688"}],"version-history":[{"count":5,"href":"https:\/\/www.bibula.com\/index.php?rest_route=\/wp\/v2\/posts\/136688\/revisions"}],"predecessor-version":[{"id":136885,"href":"https:\/\/www.bibula.com\/index.php?rest_route=\/wp\/v2\/posts\/136688\/revisions\/136885"}],"wp:attachment":[{"href":"https:\/\/www.bibula.com\/index.php?rest_route=%2Fwp%2Fv2%2Fmedia&parent=136688"}],"wp:term":[{"taxonomy":"category","embeddable":true,"href":"https:\/\/www.bibula.com\/index.php?rest_route=%2Fwp%2Fv2%2Fcategories&post=136688"},{"taxonomy":"post_tag","embeddable":true,"href":"https:\/\/www.bibula.com\/index.php?rest_route=%2Fwp%2Fv2%2Ftags&post=136688"}],"curies":[{"name":"wp","href":"https:\/\/api.w.org\/{rel}","templated":true}]}}